{"id":417997,"date":"2026-03-22T22:30:00","date_gmt":"2026-03-23T01:30:00","guid":{"rendered":"https:\/\/portaltela.pt\/noticias\/2026\/03\/22\/alunos-na-rua-pedem-ensino-superior-gratuito\/"},"modified":"2026-03-22T22:30:00","modified_gmt":"2026-03-23T01:30:00","slug":"alunos-na-rua-pedem-ensino-superior-gratuito","status":"publish","type":"post","link":"https:\/\/portaltela.pt\/sociedade\/2026\/03\/22\/alunos-na-rua-pedem-ensino-superior-gratuito\/","title":{"rendered":"Alunos na rua pedem ensino superior gratuito"},"content":{"rendered":"<p>Estudantes do ensino superior de norte a sul v\u00e3o \u00e0 rua no Dia Nacional do Estudante para exigir pol\u00edticas que tornem o ensino superior gratuito, alojamento p\u00fablico a pre\u00e7os acess\u00edveis e maior democracia nas institui\u00e7\u00f5es. A marcha parte do Rossio, em Lisboa, e terminar\u00e1 junto \u00e0 Assembleia da Rep\u00fablica.<\/p>\n<p>A a\u00e7\u00e3o re\u00fane estudantes de v\u00e1rias regi\u00f5es, incluindo associa\u00e7\u00f5es acad\u00e9micas de Coimbra, Beira Interior, Minho, Aveiro, Tr\u00e1s-os-Montes e Alto Douro, Algarve, Madeira e \u00c9vora. O objetivo central \u00e9 reduzir obst\u00e1culos \u00e0 entrada no ensino superior, com foco na propina.<\/p>\n<p>A dirigente da AEFCSH, a Associa\u00e7\u00e3o de Estudantes da Faculdade de Ci\u00eancias Sociais e Humanas da Universidade Nova de Lisboa, afirma que as propostas j\u00e1 foram apresentadas ao Minist\u00e9rio da Educa\u00e7\u00e3o, Ci\u00eancia e Inova\u00e7\u00e3o. O alojamento estudantil j\u00e1 mereceu resposta, mas persiste a press\u00e3o sobre a quest\u00e3o da propina.<\/p>\n<h3>Participa\u00e7\u00e3o de diversas associa\u00e7\u00f5es acad\u00e9micas<\/h3>\n<p>A previs\u00e3o \u00e9 de que mais studenti se juntem ao protesto em compara\u00e7\u00e3o com o ano passado, com n\u00fameros estimados acima de cinco mil. A marcha est\u00e1 marcada para as 14h30, com in\u00edcio no Rossio e objetivo final na Assembleia da Rep\u00fablica. A organiza\u00e7\u00e3o indica que este \u00e9 um dia para marcar posi\u00e7\u00e3o sobre estas mat\u00e9rias.<\/p>\n","protected":false},"excerpt":{"rendered":"<ul>\n<li>Dia Nacional do Estudante, marcha de Lisboa come\u00e7a \u00e0s 14h30 no Rossio e termina na Assembleia da Rep\u00fablica, levando estudantes de norte a sul.<\/li>\n<li>Reivindica\u00e7\u00e3o central: gratuitidade do ensino superior, alojamento p\u00fablico a pre\u00e7os acess\u00edveis e maior democracia nas institui\u00e7\u00f5es; Am\u00e9lia Saraiva, presidente da Associa\u00e7\u00e3o de Estudantes da Faculdade de Ci\u00eancias Sociais e Humanas (AEFCSH) destaca a necessidade de maior representatividade.<\/li>\n<li>AEFCSH informou que os pedidos j\u00e1 foram enviados ao Minist\u00e9rio da Educa\u00e7\u00e3o, Ci\u00eancia e Inova\u00e7\u00e3o; a prioridade continua a ser a propina, considerada entrave \u00e0 entrada no ensino superior, apesar de ter havido resposta sobre alojamento estudantil.<\/li>\n<li>Participa\u00e7\u00e3o prevista de associa\u00e7\u00f5es acad\u00e9micas de v\u00e1rias regi\u00f5es: Coimbra, Beira Interior, Minho, Aveiro, Tr\u00e1s-os-Montes e Alto Douro, Algarve, Madeira e \u00c9vora.<\/li>\n<li>O objetivo \u00e9 superar os cinco mil estudantes do ano passado, com planeamento mais cedo e a inten\u00e7\u00e3o de demonstrar publicamente as quest\u00f5es em torno do ensino superior.<\/li>\n<\/ul>\n","protected":false},"author":2,"featured_media":418005,"comment_status":"closed","ping_status":"closed","sticky":false,"template":"","format":"standard","meta":{"footnotes":""},"categories":[1,6871],"tags":[163,2443,6623,5139,1010,3391],"class_list":["post-417997","post","type-post","status-publish","format-standard","has-post-thumbnail","hentry","category-noticias","category-sociedade","tag-educacao","tag-educacao-publica","tag-ensino-superior","tag-estudantes","tag-habitacao-publica","tag-propinas"],"yoast_head":"<!-- This site is optimized with the Yoast SEO plugin v27.2 - https:\/\/yoast.com\/product\/yoast-seo-wordpress\/ -->\n<title>Alunos na rua pedem ensino superior gratuito - Portal Tela Portugal<\/title>\n<meta name=\"robots\" content=\"index, follow, max-snippet:-1, max-image-preview:large, max-video-preview:-1\" \/>\n<meta property=\"og:locale\" content=\"pt_PT\" \/>\n<meta property=\"og:type\" content=\"article\" \/>\n<meta property=\"og:title\" content=\"Alunos na rua pedem ensino superior gratuito - Portal Tela Portugal\" \/>\n<meta property=\"og:description\" content=\"Dia Nacional do Estudante, marcha de Lisboa come\u00e7a \u00e0s 14h30 no Rossio e termina na Assembleia da Rep\u00fablica, levando estudantes de norte a sul. Reivindica\u00e7\u00e3o central: gratuitidade do ensino superior, alojamento p\u00fablico a pre\u00e7os acess\u00edveis e maior democracia nas institui\u00e7\u00f5es; Am\u00e9lia Saraiva, presidente da Associa\u00e7\u00e3o de Estudantes da Faculdade de Ci\u00eancias Sociais e Humanas (AEFCSH) destaca a necessidade de maior representatividade. AEFCSH informou que os pedidos j\u00e1 foram enviados ao Minist\u00e9rio da Educa\u00e7\u00e3o, Ci\u00eancia e Inova\u00e7\u00e3o; a prioridade continua a ser a propina, considerada entrave \u00e0 entrada no ensino superior, apesar de ter havido resposta sobre alojamento estudantil. Participa\u00e7\u00e3o prevista de associa\u00e7\u00f5es acad\u00e9micas de v\u00e1rias regi\u00f5es: Coimbra, Beira Interior, Minho, Aveiro, Tr\u00e1s-os-Montes e Alto Douro, Algarve, Madeira e \u00c9vora. O objetivo \u00e9 superar os cinco mil estudantes do ano passado, com planeamento mais cedo e a inten\u00e7\u00e3o de demonstrar publicamente as quest\u00f5es em torno do ensino superior.\" \/>\n<meta property=\"og:url\" content=\"https:\/\/portaltela.pt\/noticias\/2026\/03\/22\/alunos-na-rua-pedem-ensino-superior-gratuito\/\" \/>\n<meta property=\"og:site_name\" content=\"Portal Tela Portugal\" \/>\n<meta property=\"article:published_time\" content=\"2026-03-23T01:30:00+00:00\" \/>\n<meta name=\"author\" content=\"Telinha\" \/>\n<meta name=\"twitter:card\" content=\"summary_large_image\" \/>\n<meta name=\"twitter:label1\" content=\"Escrito por\" \/>\n\t<meta name=\"twitter:data1\" content=\"Telinha\" \/>\n\t<meta name=\"twitter:label2\" content=\"Tempo estimado de leitura\" \/>\n\t<meta name=\"twitter:data2\" content=\"1 minuto\" \/>\n<script type=\"application\/ld+json\" class=\"yoast-schema-graph\">{\"@context\":\"https:\/\/schema.org\",\"@graph\":[{\"@type\":\"Article\",\"@id\":\"https:\/\/portaltela.pt\/noticias\/2026\/03\/22\/alunos-na-rua-pedem-ensino-superior-gratuito\/#article\",\"isPartOf\":{\"@id\":\"https:\/\/portaltela.pt\/noticias\/2026\/03\/22\/alunos-na-rua-pedem-ensino-superior-gratuito\/\"},\"author\":{\"name\":\"Telinha\",\"@id\":\"https:\/\/portaltela.pt\/#\/schema\/person\/c4278d4a6028830caff9ee44b42d32ed\"},\"headline\":\"Alunos na rua pedem ensino superior gratuito\",\"datePublished\":\"2026-03-23T01:30:00+00:00\",\"mainEntityOfPage\":{\"@id\":\"https:\/\/portaltela.pt\/noticias\/2026\/03\/22\/alunos-na-rua-pedem-ensino-superior-gratuito\/\"},\"wordCount\":233,\"image\":{\"@id\":\"https:\/\/portaltela.pt\/noticias\/2026\/03\/22\/alunos-na-rua-pedem-ensino-superior-gratuito\/#primaryimage\"},\"thumbnailUrl\":\"https:\/\/portaltela.pt\/s.01k8rhncp4jt1\/2026\/03\/img_1280x721uu2026-03-20-12-36-22-2273666.jpg\",\"keywords\":[\"educa\u00e7\u00e3o\",\"educa\u00e7\u00e3o p\u00fablica\",\"Ensino Superior\",\"estudantes\",\"habita\u00e7\u00e3o p\u00fablica\",\"propinas\"],\"articleSection\":[\"Not\u00edcias\",\"Sociedade\"],\"inLanguage\":\"pt-PT\"},{\"@type\":\"WebPage\",\"@id\":\"https:\/\/portaltela.pt\/noticias\/2026\/03\/22\/alunos-na-rua-pedem-ensino-superior-gratuito\/\",\"url\":\"https:\/\/portaltela.pt\/noticias\/2026\/03\/22\/alunos-na-rua-pedem-ensino-superior-gratuito\/\",\"name\":\"Alunos na rua pedem ensino superior gratuito - Portal Tela Portugal\",\"isPartOf\":{\"@id\":\"https:\/\/portaltela.pt\/#website\"},\"primaryImageOfPage\":{\"@id\":\"https:\/\/portaltela.pt\/noticias\/2026\/03\/22\/alunos-na-rua-pedem-ensino-superior-gratuito\/#primaryimage\"},\"image\":{\"@id\":\"https:\/\/portaltela.pt\/noticias\/2026\/03\/22\/alunos-na-rua-pedem-ensino-superior-gratuito\/#primaryimage\"},\"thumbnailUrl\":\"https:\/\/portaltela.pt\/s.01k8rhncp4jt1\/2026\/03\/img_1280x721uu2026-03-20-12-36-22-2273666.jpg\",\"datePublished\":\"2026-03-23T01:30:00+00:00\",\"author\":{\"@id\":\"https:\/\/portaltela.pt\/#\/schema\/person\/c4278d4a6028830caff9ee44b42d32ed\"},\"breadcrumb\":{\"@id\":\"https:\/\/portaltela.pt\/noticias\/2026\/03\/22\/alunos-na-rua-pedem-ensino-superior-gratuito\/#breadcrumb\"},\"inLanguage\":\"pt-PT\",\"potentialAction\":[{\"@type\":\"ReadAction\",\"target\":[\"https:\/\/portaltela.pt\/noticias\/2026\/03\/22\/alunos-na-rua-pedem-ensino-superior-gratuito\/\"]}]},{\"@type\":\"ImageObject\",\"inLanguage\":\"pt-PT\",\"@id\":\"https:\/\/portaltela.pt\/noticias\/2026\/03\/22\/alunos-na-rua-pedem-ensino-superior-gratuito\/#primaryimage\",\"url\":\"https:\/\/portaltela.pt\/s.01k8rhncp4jt1\/2026\/03\/img_1280x721uu2026-03-20-12-36-22-2273666.jpg\",\"contentUrl\":\"https:\/\/portaltela.pt\/s.01k8rhncp4jt1\/2026\/03\/img_1280x721uu2026-03-20-12-36-22-2273666.jpg\",\"width\":796,\"height\":448,\"caption\":\"Estudantes em luta por resid\u00eancias, reprografias e psic\u00f3logos\"},{\"@type\":\"BreadcrumbList\",\"@id\":\"https:\/\/portaltela.pt\/noticias\/2026\/03\/22\/alunos-na-rua-pedem-ensino-superior-gratuito\/#breadcrumb\",\"itemListElement\":[{\"@type\":\"ListItem\",\"position\":1,\"name\":\"In\u00edcio\",\"item\":\"https:\/\/portaltela.pt\/\"},{\"@type\":\"ListItem\",\"position\":2,\"name\":\"Alunos na rua pedem ensino superior gratuito\"}]},{\"@type\":\"WebSite\",\"@id\":\"https:\/\/portaltela.pt\/#website\",\"url\":\"https:\/\/portaltela.pt\/\",\"name\":\"Portal Tela Portugal\",\"description\":\"\",\"potentialAction\":[{\"@type\":\"SearchAction\",\"target\":{\"@type\":\"EntryPoint\",\"urlTemplate\":\"https:\/\/portaltela.pt\/?s={search_term_string}\"},\"query-input\":{\"@type\":\"PropertyValueSpecification\",\"valueRequired\":true,\"valueName\":\"search_term_string\"}}],\"inLanguage\":\"pt-PT\"},{\"@type\":\"Person\",\"@id\":\"https:\/\/portaltela.pt\/#\/schema\/person\/c4278d4a6028830caff9ee44b42d32ed\",\"name\":\"Telinha\",\"image\":{\"@type\":\"ImageObject\",\"inLanguage\":\"pt-PT\",\"@id\":\"https:\/\/portaltela.pt\/s.01k8rhncp4jt1\/2025\/11\/talking-bot-125x125.png\",\"url\":\"https:\/\/portaltela.pt\/s.01k8rhncp4jt1\/2025\/11\/talking-bot-125x125.png\",\"contentUrl\":\"https:\/\/portaltela.pt\/s.01k8rhncp4jt1\/2025\/11\/talking-bot-125x125.png\",\"caption\":\"Telinha\"},\"sameAs\":[\"https:\/\/portaltela.pt\/\"],\"url\":\"https:\/\/portaltela.pt\/por\/367410592786\/\"}]}<\/script>\n<!-- \/ Yoast SEO plugin. -->","yoast_head_json":{"title":"Alunos na rua pedem ensino superior gratuito - Portal Tela Portugal","robots":{"index":"index","follow":"follow","max-snippet":"max-snippet:-1","max-image-preview":"max-image-preview:large","max-video-preview":"max-video-preview:-1"},"og_locale":"pt_PT","og_type":"article","og_title":"Alunos na rua pedem ensino superior gratuito - Portal Tela Portugal","og_description":"Dia Nacional do Estudante, marcha de Lisboa come\u00e7a \u00e0s 14h30 no Rossio e termina na Assembleia da Rep\u00fablica, levando estudantes de norte a sul. Reivindica\u00e7\u00e3o central: gratuitidade do ensino superior, alojamento p\u00fablico a pre\u00e7os acess\u00edveis e maior democracia nas institui\u00e7\u00f5es; Am\u00e9lia Saraiva, presidente da Associa\u00e7\u00e3o de Estudantes da Faculdade de Ci\u00eancias Sociais e Humanas (AEFCSH) destaca a necessidade de maior representatividade. AEFCSH informou que os pedidos j\u00e1 foram enviados ao Minist\u00e9rio da Educa\u00e7\u00e3o, Ci\u00eancia e Inova\u00e7\u00e3o; a prioridade continua a ser a propina, considerada entrave \u00e0 entrada no ensino superior, apesar de ter havido resposta sobre alojamento estudantil. Participa\u00e7\u00e3o prevista de associa\u00e7\u00f5es acad\u00e9micas de v\u00e1rias regi\u00f5es: Coimbra, Beira Interior, Minho, Aveiro, Tr\u00e1s-os-Montes e Alto Douro, Algarve, Madeira e \u00c9vora. O objetivo \u00e9 superar os cinco mil estudantes do ano passado, com planeamento mais cedo e a inten\u00e7\u00e3o de demonstrar publicamente as quest\u00f5es em torno do ensino superior.","og_url":"https:\/\/portaltela.pt\/noticias\/2026\/03\/22\/alunos-na-rua-pedem-ensino-superior-gratuito\/","og_site_name":"Portal Tela Portugal","article_published_time":"2026-03-23T01:30:00+00:00","author":"Telinha","twitter_card":"summary_large_image","twitter_misc":{"Escrito por":"Telinha","Tempo estimado de leitura":"1 minuto"},"schema":{"@context":"https:\/\/schema.org","@graph":[{"@type":"Article","@id":"https:\/\/portaltela.pt\/noticias\/2026\/03\/22\/alunos-na-rua-pedem-ensino-superior-gratuito\/#article","isPartOf":{"@id":"https:\/\/portaltela.pt\/noticias\/2026\/03\/22\/alunos-na-rua-pedem-ensino-superior-gratuito\/"},"author":{"name":"Telinha","@id":"https:\/\/portaltela.pt\/#\/schema\/person\/c4278d4a6028830caff9ee44b42d32ed"},"headline":"Alunos na rua pedem ensino superior gratuito","datePublished":"2026-03-23T01:30:00+00:00","mainEntityOfPage":{"@id":"https:\/\/portaltela.pt\/noticias\/2026\/03\/22\/alunos-na-rua-pedem-ensino-superior-gratuito\/"},"wordCount":233,"image":{"@id":"https:\/\/portaltela.pt\/noticias\/2026\/03\/22\/alunos-na-rua-pedem-ensino-superior-gratuito\/#primaryimage"},"thumbnailUrl":"https:\/\/portaltela.pt\/s.01k8rhncp4jt1\/2026\/03\/img_1280x721uu2026-03-20-12-36-22-2273666.jpg","keywords":["educa\u00e7\u00e3o","educa\u00e7\u00e3o p\u00fablica","Ensino Superior","estudantes","habita\u00e7\u00e3o p\u00fablica","propinas"],"articleSection":["Not\u00edcias","Sociedade"],"inLanguage":"pt-PT"},{"@type":"WebPage","@id":"https:\/\/portaltela.pt\/noticias\/2026\/03\/22\/alunos-na-rua-pedem-ensino-superior-gratuito\/","url":"https:\/\/portaltela.pt\/noticias\/2026\/03\/22\/alunos-na-rua-pedem-ensino-superior-gratuito\/","name":"Alunos na rua pedem ensino superior gratuito - Portal Tela Portugal","isPartOf":{"@id":"https:\/\/portaltela.pt\/#website"},"primaryImageOfPage":{"@id":"https:\/\/portaltela.pt\/noticias\/2026\/03\/22\/alunos-na-rua-pedem-ensino-superior-gratuito\/#primaryimage"},"image":{"@id":"https:\/\/portaltela.pt\/noticias\/2026\/03\/22\/alunos-na-rua-pedem-ensino-superior-gratuito\/#primaryimage"},"thumbnailUrl":"https:\/\/portaltela.pt\/s.01k8rhncp4jt1\/2026\/03\/img_1280x721uu2026-03-20-12-36-22-2273666.jpg","datePublished":"2026-03-23T01:30:00+00:00","author":{"@id":"https:\/\/portaltela.pt\/#\/schema\/person\/c4278d4a6028830caff9ee44b42d32ed"},"breadcrumb":{"@id":"https:\/\/portaltela.pt\/noticias\/2026\/03\/22\/alunos-na-rua-pedem-ensino-superior-gratuito\/#breadcrumb"},"inLanguage":"pt-PT","potentialAction":[{"@type":"ReadAction","target":["https:\/\/portaltela.pt\/noticias\/2026\/03\/22\/alunos-na-rua-pedem-ensino-superior-gratuito\/"]}]},{"@type":"ImageObject","inLanguage":"pt-PT","@id":"https:\/\/portaltela.pt\/noticias\/2026\/03\/22\/alunos-na-rua-pedem-ensino-superior-gratuito\/#primaryimage","url":"https:\/\/portaltela.pt\/s.01k8rhncp4jt1\/2026\/03\/img_1280x721uu2026-03-20-12-36-22-2273666.jpg","contentUrl":"https:\/\/portaltela.pt\/s.01k8rhncp4jt1\/2026\/03\/img_1280x721uu2026-03-20-12-36-22-2273666.jpg","width":796,"height":448,"caption":"Estudantes em luta por resid\u00eancias, reprografias e psic\u00f3logos"},{"@type":"BreadcrumbList","@id":"https:\/\/portaltela.pt\/noticias\/2026\/03\/22\/alunos-na-rua-pedem-ensino-superior-gratuito\/#breadcrumb","itemListElement":[{"@type":"ListItem","position":1,"name":"In\u00edcio","item":"https:\/\/portaltela.pt\/"},{"@type":"ListItem","position":2,"name":"Alunos na rua pedem ensino superior gratuito"}]},{"@type":"WebSite","@id":"https:\/\/portaltela.pt\/#website","url":"https:\/\/portaltela.pt\/","name":"Portal Tela Portugal","description":"","potentialAction":[{"@type":"SearchAction","target":{"@type":"EntryPoint","urlTemplate":"https:\/\/portaltela.pt\/?s={search_term_string}"},"query-input":{"@type":"PropertyValueSpecification","valueRequired":true,"valueName":"search_term_string"}}],"inLanguage":"pt-PT"},{"@type":"Person","@id":"https:\/\/portaltela.pt\/#\/schema\/person\/c4278d4a6028830caff9ee44b42d32ed","name":"Telinha","image":{"@type":"ImageObject","inLanguage":"pt-PT","@id":"https:\/\/portaltela.pt\/s.01k8rhncp4jt1\/2025\/11\/talking-bot-125x125.png","url":"https:\/\/portaltela.pt\/s.01k8rhncp4jt1\/2025\/11\/talking-bot-125x125.png","contentUrl":"https:\/\/portaltela.pt\/s.01k8rhncp4jt1\/2025\/11\/talking-bot-125x125.png","caption":"Telinha"},"sameAs":["https:\/\/portaltela.pt\/"],"url":"https:\/\/portaltela.pt\/por\/367410592786\/"}]}},"_links":{"self":[{"href":"https:\/\/portaltela.pt\/api\/wp\/v2\/posts\/417997","targetHints":{"allow":["GET"]}}],"collection":[{"href":"https:\/\/portaltela.pt\/api\/wp\/v2\/posts"}],"about":[{"href":"https:\/\/portaltela.pt\/api\/wp\/v2\/types\/post"}],"author":[{"embeddable":true,"href":"https:\/\/portaltela.pt\/api\/wp\/v2\/users\/2"}],"replies":[{"embeddable":true,"href":"https:\/\/portaltela.pt\/api\/wp\/v2\/comments?post=417997"}],"version-history":[{"count":0,"href":"https:\/\/portaltela.pt\/api\/wp\/v2\/posts\/417997\/revisions"}],"wp:featuredmedia":[{"embeddable":true,"href":"https:\/\/portaltela.pt\/api\/wp\/v2\/media\/418005"}],"wp:attachment":[{"href":"https:\/\/portaltela.pt\/api\/wp\/v2\/media?parent=417997"}],"wp:term":[{"taxonomy":"category","embeddable":true,"href":"https:\/\/portaltela.pt\/api\/wp\/v2\/categories?post=417997"},{"taxonomy":"post_tag","embeddable":true,"href":"https:\/\/portaltela.pt\/api\/wp\/v2\/tags?post=417997"}],"curies":[{"name":"wp","href":"https:\/\/api.w.org\/{rel}","templated":true}]}}