{"id":417981,"date":"2026-03-22T22:30:00","date_gmt":"2026-03-23T01:30:00","guid":{"rendered":"https:\/\/portaltela.pt\/noticias\/2026\/03\/22\/polemicas-agravam-o-estado-de-saude-da-princesa-mette-marit\/"},"modified":"2026-03-22T22:30:00","modified_gmt":"2026-03-23T01:30:00","slug":"polemicas-agravam-o-estado-de-saude-da-princesa-mette-marit","status":"publish","type":"post","link":"https:\/\/portaltela.pt\/celebridades\/2026\/03\/22\/polemicas-agravam-o-estado-de-saude-da-princesa-mette-marit\/","title":{"rendered":"Pol\u00e9micas agravam o estado de sa\u00fade da princesa Mette-Marit"},"content":{"rendered":"<p>A princesa herdeira da Noruega, Mette-Marit, enfrenta um agravamento da sa\u00fade que a levou a afastar-se da vida p\u00fablica. A situa\u00e7\u00e3o ocorre numa altura em que enfrenta liga\u00e7\u00f5es medi\u00e1ticas controversas relacionadas a Jeffrey Epstein e o caso do filho, Marius Borg, que est\u00e1 em pris\u00e3o preventiva.<\/p>\n<p>O Pal\u00e1cio de Oslo confirmou que a princesa n\u00e3o far\u00e1 parte da visita de Estado que decorre entre 24 e 26 de maio, na qual participam o rei Harald V, a rainha Sonja e os monarcas belgas Filipe e Mathilde. O herdeiro Haakon ficar\u00e1 com a agenda oficial, incluindo compromissos em Oslo e Stavanger.<\/p>\n<p>A sa\u00fade de Mette-Marit, diagnosticada com fibrose pulmonar cr\u00f3nica em 2018, continua a exigir monitoriza\u00e7\u00e3o m\u00e9dica, com a expectativa de um transplante de pulm\u00e3o. O pal\u00e1cio esclarece que a deteriora\u00e7\u00e3o f\u00edsica motivou a aus\u00eancia da visita, mantendo o foco nas responsabilidades reais que Haakon assume.<\/p>\n<h3>Estado de sa\u00fade<\/h3>\n<p>A fam\u00edlia real n\u00e3o detalha pormenores cl\u00ednicos, mas refor\u00e7a que a prioridade \u00e9 a melhoria da condi\u00e7\u00e3o da princesa. Seguidores reais observaram uma redu\u00e7\u00e3o da atividade p\u00fablica nos \u00faltimos meses, em resposta ao estado de sa\u00fade.<\/p>\n<h3>Participa\u00e7\u00e3o na visita de Estado<\/h3>\n<p>Nesta circunst\u00e2ncia, Haakon participar\u00e1 sozinho nos compromissos oficiais da visita, com desloca\u00e7\u00f5es previstas a Oslo e Stavanger. A comitiva belga, representada pelos monarcas Filipe e Mathilde, mant\u00e9m a agenda em conjunto com a delega\u00e7\u00e3o norueguesa.<\/p>\n<p>A comunica\u00e7\u00e3o oficial sublinha que a decis\u00e3o n\u00e3o compromete a rela\u00e7\u00e3o entre Noruega e B\u00e9lgica, mantendo o foco institucional nos atos programados, sem que haja altera\u00e7\u00e3o na programa\u00e7\u00e3o dos demais membros da comitiva.<\/p>\n","protected":false},"excerpt":{"rendered":"<ul>\n<li>A princesa herdeira Mette-Marit, de 52 anos, n\u00e3o ir\u00e1 acompanhar a visita de Estado marcada entre os dias 24 e 26, devido ao seu agravamento de sa\u00fade.<\/li>\n<li>O pal\u00e1cio confirmou que o pr\u00edncipe Haakon vai cumprir sozinho a agenda oficial, com eventos em Oslo e Stavanger; os monarcas belgas Filipe e Mathilde estar\u00e3o presentes.<\/li>\n<li>A porta-voz Guri Varpe explicou que a sa\u00fade da princesa deteriorou-se e, por esse motivo, n\u00e3o consta do programa da visita.<\/li>\n<li>Mette-Marit sofre de fibrose pulmonar cr\u00f3nica, diagnosticada em 2018, e aguarda um transplante de pulm\u00e3o.<\/li>\n<li>O caso envolve ainda o filho da princesa, Marius Borg, de 25 anos, que est\u00e1 em pris\u00e3o preventiva ap\u00f3s declarar-se culpado em 38 acusa\u00e7\u00f5es, incluindo dez crimes sexuais, com a senten\u00e7a prevista para maio.<\/li>\n<\/ul>\n","protected":false},"author":2,"featured_media":417983,"comment_status":"closed","ping_status":"closed","sticky":false,"template":"","format":"standard","meta":{"footnotes":""},"categories":[6675],"tags":[5514,2125,5661,44,27,172],"class_list":["post-417981","post","type-post","status-publish","format-standard","has-post-thumbnail","hentry","category-celebridades","tag-escandalos","tag-noruega","tag-pessoas-publicas","tag-polemicas","tag-relacoes-internacionais","tag-saude"],"yoast_head":"<!-- This site is optimized with the Yoast SEO plugin v27.2 - https:\/\/yoast.com\/product\/yoast-seo-wordpress\/ -->\n<title>Pol\u00e9micas agravam o estado de sa\u00fade da princesa Mette-Marit - Portal Tela Portugal<\/title>\n<meta name=\"robots\" content=\"index, follow, max-snippet:-1, max-image-preview:large, max-video-preview:-1\" \/>\n<meta property=\"og:locale\" content=\"pt_PT\" \/>\n<meta property=\"og:type\" content=\"article\" \/>\n<meta property=\"og:title\" content=\"Pol\u00e9micas agravam o estado de sa\u00fade da princesa Mette-Marit - Portal Tela Portugal\" \/>\n<meta property=\"og:description\" content=\"A princesa herdeira Mette-Marit, de 52 anos, n\u00e3o ir\u00e1 acompanhar a visita de Estado marcada entre os dias 24 e 26, devido ao seu agravamento de sa\u00fade. O pal\u00e1cio confirmou que o pr\u00edncipe Haakon vai cumprir sozinho a agenda oficial, com eventos em Oslo e Stavanger; os monarcas belgas Filipe e Mathilde estar\u00e3o presentes. A porta-voz Guri Varpe explicou que a sa\u00fade da princesa deteriorou-se e, por esse motivo, n\u00e3o consta do programa da visita. Mette-Marit sofre de fibrose pulmonar cr\u00f3nica, diagnosticada em 2018, e aguarda um transplante de pulm\u00e3o. O caso envolve ainda o filho da princesa, Marius Borg, de 25 anos, que est\u00e1 em pris\u00e3o preventiva ap\u00f3s declarar-se culpado em 38 acusa\u00e7\u00f5es, incluindo dez crimes sexuais, com a senten\u00e7a prevista para maio.\" \/>\n<meta property=\"og:url\" content=\"https:\/\/portaltela.pt\/noticias\/2026\/03\/22\/polemicas-agravam-o-estado-de-saude-da-princesa-mette-marit\/\" \/>\n<meta property=\"og:site_name\" content=\"Portal Tela Portugal\" \/>\n<meta property=\"article:published_time\" content=\"2026-03-23T01:30:00+00:00\" \/>\n<meta name=\"author\" content=\"Telinha\" \/>\n<meta name=\"twitter:card\" content=\"summary_large_image\" \/>\n<meta name=\"twitter:label1\" content=\"Escrito por\" \/>\n\t<meta name=\"twitter:data1\" content=\"Telinha\" \/>\n\t<meta name=\"twitter:label2\" content=\"Tempo estimado de leitura\" \/>\n\t<meta name=\"twitter:data2\" content=\"1 minuto\" \/>\n<script type=\"application\/ld+json\" class=\"yoast-schema-graph\">{\"@context\":\"https:\/\/schema.org\",\"@graph\":[{\"@type\":\"Article\",\"@id\":\"https:\/\/portaltela.pt\/noticias\/2026\/03\/22\/polemicas-agravam-o-estado-de-saude-da-princesa-mette-marit\/#article\",\"isPartOf\":{\"@id\":\"https:\/\/portaltela.pt\/noticias\/2026\/03\/22\/polemicas-agravam-o-estado-de-saude-da-princesa-mette-marit\/\"},\"author\":{\"name\":\"Telinha\",\"@id\":\"https:\/\/portaltela.pt\/#\/schema\/person\/c4278d4a6028830caff9ee44b42d32ed\"},\"headline\":\"Pol\u00e9micas agravam o estado de sa\u00fade da princesa Mette-Marit\",\"datePublished\":\"2026-03-23T01:30:00+00:00\",\"mainEntityOfPage\":{\"@id\":\"https:\/\/portaltela.pt\/noticias\/2026\/03\/22\/polemicas-agravam-o-estado-de-saude-da-princesa-mette-marit\/\"},\"wordCount\":302,\"image\":{\"@id\":\"https:\/\/portaltela.pt\/noticias\/2026\/03\/22\/polemicas-agravam-o-estado-de-saude-da-princesa-mette-marit\/#primaryimage\"},\"thumbnailUrl\":\"https:\/\/portaltela.pt\/s.01k8rhncp4jt1\/2026\/03\/img_1500x1000uu2018-10-25-14-45-18-791329-im-639098045311111598.jpg\",\"keywords\":[\"esc\u00e2ndalos\",\"Noruega\",\"pessoas p\u00fablicas\",\"pol\u00eamicas\",\"rela\u00e7\u00f5es internacionais\",\"sa\u00fade\"],\"articleSection\":[\"Celebridades\"],\"inLanguage\":\"pt-PT\"},{\"@type\":\"WebPage\",\"@id\":\"https:\/\/portaltela.pt\/noticias\/2026\/03\/22\/polemicas-agravam-o-estado-de-saude-da-princesa-mette-marit\/\",\"url\":\"https:\/\/portaltela.pt\/noticias\/2026\/03\/22\/polemicas-agravam-o-estado-de-saude-da-princesa-mette-marit\/\",\"name\":\"Pol\u00e9micas agravam o estado de sa\u00fade da princesa Mette-Marit - Portal Tela Portugal\",\"isPartOf\":{\"@id\":\"https:\/\/portaltela.pt\/#website\"},\"primaryImageOfPage\":{\"@id\":\"https:\/\/portaltela.pt\/noticias\/2026\/03\/22\/polemicas-agravam-o-estado-de-saude-da-princesa-mette-marit\/#primaryimage\"},\"image\":{\"@id\":\"https:\/\/portaltela.pt\/noticias\/2026\/03\/22\/polemicas-agravam-o-estado-de-saude-da-princesa-mette-marit\/#primaryimage\"},\"thumbnailUrl\":\"https:\/\/portaltela.pt\/s.01k8rhncp4jt1\/2026\/03\/img_1500x1000uu2018-10-25-14-45-18-791329-im-639098045311111598.jpg\",\"datePublished\":\"2026-03-23T01:30:00+00:00\",\"author\":{\"@id\":\"https:\/\/portaltela.pt\/#\/schema\/person\/c4278d4a6028830caff9ee44b42d32ed\"},\"breadcrumb\":{\"@id\":\"https:\/\/portaltela.pt\/noticias\/2026\/03\/22\/polemicas-agravam-o-estado-de-saude-da-princesa-mette-marit\/#breadcrumb\"},\"inLanguage\":\"pt-PT\",\"potentialAction\":[{\"@type\":\"ReadAction\",\"target\":[\"https:\/\/portaltela.pt\/noticias\/2026\/03\/22\/polemicas-agravam-o-estado-de-saude-da-princesa-mette-marit\/\"]}]},{\"@type\":\"ImageObject\",\"inLanguage\":\"pt-PT\",\"@id\":\"https:\/\/portaltela.pt\/noticias\/2026\/03\/22\/polemicas-agravam-o-estado-de-saude-da-princesa-mette-marit\/#primaryimage\",\"url\":\"https:\/\/portaltela.pt\/s.01k8rhncp4jt1\/2026\/03\/img_1500x1000uu2018-10-25-14-45-18-791329-im-639098045311111598.jpg\",\"contentUrl\":\"https:\/\/portaltela.pt\/s.01k8rhncp4jt1\/2026\/03\/img_1500x1000uu2018-10-25-14-45-18-791329-im-639098045311111598.jpg\",\"width\":796,\"height\":448,\"caption\":\"Princesa Mette-Marit da Noruega sofre de fibrose pulmonar\"},{\"@type\":\"BreadcrumbList\",\"@id\":\"https:\/\/portaltela.pt\/noticias\/2026\/03\/22\/polemicas-agravam-o-estado-de-saude-da-princesa-mette-marit\/#breadcrumb\",\"itemListElement\":[{\"@type\":\"ListItem\",\"position\":1,\"name\":\"In\u00edcio\",\"item\":\"https:\/\/portaltela.pt\/\"},{\"@type\":\"ListItem\",\"position\":2,\"name\":\"Pol\u00e9micas agravam o estado de sa\u00fade da princesa Mette-Marit\"}]},{\"@type\":\"WebSite\",\"@id\":\"https:\/\/portaltela.pt\/#website\",\"url\":\"https:\/\/portaltela.pt\/\",\"name\":\"Portal Tela Portugal\",\"description\":\"\",\"potentialAction\":[{\"@type\":\"SearchAction\",\"target\":{\"@type\":\"EntryPoint\",\"urlTemplate\":\"https:\/\/portaltela.pt\/?s={search_term_string}\"},\"query-input\":{\"@type\":\"PropertyValueSpecification\",\"valueRequired\":true,\"valueName\":\"search_term_string\"}}],\"inLanguage\":\"pt-PT\"},{\"@type\":\"Person\",\"@id\":\"https:\/\/portaltela.pt\/#\/schema\/person\/c4278d4a6028830caff9ee44b42d32ed\",\"name\":\"Telinha\",\"image\":{\"@type\":\"ImageObject\",\"inLanguage\":\"pt-PT\",\"@id\":\"https:\/\/portaltela.pt\/s.01k8rhncp4jt1\/2025\/11\/talking-bot-125x125.png\",\"url\":\"https:\/\/portaltela.pt\/s.01k8rhncp4jt1\/2025\/11\/talking-bot-125x125.png\",\"contentUrl\":\"https:\/\/portaltela.pt\/s.01k8rhncp4jt1\/2025\/11\/talking-bot-125x125.png\",\"caption\":\"Telinha\"},\"sameAs\":[\"https:\/\/portaltela.pt\/\"],\"url\":\"https:\/\/portaltela.pt\/por\/367410592786\/\"}]}<\/script>\n<!-- \/ Yoast SEO plugin. -->","yoast_head_json":{"title":"Pol\u00e9micas agravam o estado de sa\u00fade da princesa Mette-Marit - Portal Tela Portugal","robots":{"index":"index","follow":"follow","max-snippet":"max-snippet:-1","max-image-preview":"max-image-preview:large","max-video-preview":"max-video-preview:-1"},"og_locale":"pt_PT","og_type":"article","og_title":"Pol\u00e9micas agravam o estado de sa\u00fade da princesa Mette-Marit - Portal Tela Portugal","og_description":"A princesa herdeira Mette-Marit, de 52 anos, n\u00e3o ir\u00e1 acompanhar a visita de Estado marcada entre os dias 24 e 26, devido ao seu agravamento de sa\u00fade. O pal\u00e1cio confirmou que o pr\u00edncipe Haakon vai cumprir sozinho a agenda oficial, com eventos em Oslo e Stavanger; os monarcas belgas Filipe e Mathilde estar\u00e3o presentes. A porta-voz Guri Varpe explicou que a sa\u00fade da princesa deteriorou-se e, por esse motivo, n\u00e3o consta do programa da visita. Mette-Marit sofre de fibrose pulmonar cr\u00f3nica, diagnosticada em 2018, e aguarda um transplante de pulm\u00e3o. O caso envolve ainda o filho da princesa, Marius Borg, de 25 anos, que est\u00e1 em pris\u00e3o preventiva ap\u00f3s declarar-se culpado em 38 acusa\u00e7\u00f5es, incluindo dez crimes sexuais, com a senten\u00e7a prevista para maio.","og_url":"https:\/\/portaltela.pt\/noticias\/2026\/03\/22\/polemicas-agravam-o-estado-de-saude-da-princesa-mette-marit\/","og_site_name":"Portal Tela Portugal","article_published_time":"2026-03-23T01:30:00+00:00","author":"Telinha","twitter_card":"summary_large_image","twitter_misc":{"Escrito por":"Telinha","Tempo estimado de leitura":"1 minuto"},"schema":{"@context":"https:\/\/schema.org","@graph":[{"@type":"Article","@id":"https:\/\/portaltela.pt\/noticias\/2026\/03\/22\/polemicas-agravam-o-estado-de-saude-da-princesa-mette-marit\/#article","isPartOf":{"@id":"https:\/\/portaltela.pt\/noticias\/2026\/03\/22\/polemicas-agravam-o-estado-de-saude-da-princesa-mette-marit\/"},"author":{"name":"Telinha","@id":"https:\/\/portaltela.pt\/#\/schema\/person\/c4278d4a6028830caff9ee44b42d32ed"},"headline":"Pol\u00e9micas agravam o estado de sa\u00fade da princesa Mette-Marit","datePublished":"2026-03-23T01:30:00+00:00","mainEntityOfPage":{"@id":"https:\/\/portaltela.pt\/noticias\/2026\/03\/22\/polemicas-agravam-o-estado-de-saude-da-princesa-mette-marit\/"},"wordCount":302,"image":{"@id":"https:\/\/portaltela.pt\/noticias\/2026\/03\/22\/polemicas-agravam-o-estado-de-saude-da-princesa-mette-marit\/#primaryimage"},"thumbnailUrl":"https:\/\/portaltela.pt\/s.01k8rhncp4jt1\/2026\/03\/img_1500x1000uu2018-10-25-14-45-18-791329-im-639098045311111598.jpg","keywords":["esc\u00e2ndalos","Noruega","pessoas p\u00fablicas","pol\u00eamicas","rela\u00e7\u00f5es internacionais","sa\u00fade"],"articleSection":["Celebridades"],"inLanguage":"pt-PT"},{"@type":"WebPage","@id":"https:\/\/portaltela.pt\/noticias\/2026\/03\/22\/polemicas-agravam-o-estado-de-saude-da-princesa-mette-marit\/","url":"https:\/\/portaltela.pt\/noticias\/2026\/03\/22\/polemicas-agravam-o-estado-de-saude-da-princesa-mette-marit\/","name":"Pol\u00e9micas agravam o estado de sa\u00fade da princesa Mette-Marit - Portal Tela Portugal","isPartOf":{"@id":"https:\/\/portaltela.pt\/#website"},"primaryImageOfPage":{"@id":"https:\/\/portaltela.pt\/noticias\/2026\/03\/22\/polemicas-agravam-o-estado-de-saude-da-princesa-mette-marit\/#primaryimage"},"image":{"@id":"https:\/\/portaltela.pt\/noticias\/2026\/03\/22\/polemicas-agravam-o-estado-de-saude-da-princesa-mette-marit\/#primaryimage"},"thumbnailUrl":"https:\/\/portaltela.pt\/s.01k8rhncp4jt1\/2026\/03\/img_1500x1000uu2018-10-25-14-45-18-791329-im-639098045311111598.jpg","datePublished":"2026-03-23T01:30:00+00:00","author":{"@id":"https:\/\/portaltela.pt\/#\/schema\/person\/c4278d4a6028830caff9ee44b42d32ed"},"breadcrumb":{"@id":"https:\/\/portaltela.pt\/noticias\/2026\/03\/22\/polemicas-agravam-o-estado-de-saude-da-princesa-mette-marit\/#breadcrumb"},"inLanguage":"pt-PT","potentialAction":[{"@type":"ReadAction","target":["https:\/\/portaltela.pt\/noticias\/2026\/03\/22\/polemicas-agravam-o-estado-de-saude-da-princesa-mette-marit\/"]}]},{"@type":"ImageObject","inLanguage":"pt-PT","@id":"https:\/\/portaltela.pt\/noticias\/2026\/03\/22\/polemicas-agravam-o-estado-de-saude-da-princesa-mette-marit\/#primaryimage","url":"https:\/\/portaltela.pt\/s.01k8rhncp4jt1\/2026\/03\/img_1500x1000uu2018-10-25-14-45-18-791329-im-639098045311111598.jpg","contentUrl":"https:\/\/portaltela.pt\/s.01k8rhncp4jt1\/2026\/03\/img_1500x1000uu2018-10-25-14-45-18-791329-im-639098045311111598.jpg","width":796,"height":448,"caption":"Princesa Mette-Marit da Noruega sofre de fibrose pulmonar"},{"@type":"BreadcrumbList","@id":"https:\/\/portaltela.pt\/noticias\/2026\/03\/22\/polemicas-agravam-o-estado-de-saude-da-princesa-mette-marit\/#breadcrumb","itemListElement":[{"@type":"ListItem","position":1,"name":"In\u00edcio","item":"https:\/\/portaltela.pt\/"},{"@type":"ListItem","position":2,"name":"Pol\u00e9micas agravam o estado de sa\u00fade da princesa Mette-Marit"}]},{"@type":"WebSite","@id":"https:\/\/portaltela.pt\/#website","url":"https:\/\/portaltela.pt\/","name":"Portal Tela Portugal","description":"","potentialAction":[{"@type":"SearchAction","target":{"@type":"EntryPoint","urlTemplate":"https:\/\/portaltela.pt\/?s={search_term_string}"},"query-input":{"@type":"PropertyValueSpecification","valueRequired":true,"valueName":"search_term_string"}}],"inLanguage":"pt-PT"},{"@type":"Person","@id":"https:\/\/portaltela.pt\/#\/schema\/person\/c4278d4a6028830caff9ee44b42d32ed","name":"Telinha","image":{"@type":"ImageObject","inLanguage":"pt-PT","@id":"https:\/\/portaltela.pt\/s.01k8rhncp4jt1\/2025\/11\/talking-bot-125x125.png","url":"https:\/\/portaltela.pt\/s.01k8rhncp4jt1\/2025\/11\/talking-bot-125x125.png","contentUrl":"https:\/\/portaltela.pt\/s.01k8rhncp4jt1\/2025\/11\/talking-bot-125x125.png","caption":"Telinha"},"sameAs":["https:\/\/portaltela.pt\/"],"url":"https:\/\/portaltela.pt\/por\/367410592786\/"}]}},"_links":{"self":[{"href":"https:\/\/portaltela.pt\/api\/wp\/v2\/posts\/417981","targetHints":{"allow":["GET"]}}],"collection":[{"href":"https:\/\/portaltela.pt\/api\/wp\/v2\/posts"}],"about":[{"href":"https:\/\/portaltela.pt\/api\/wp\/v2\/types\/post"}],"author":[{"embeddable":true,"href":"https:\/\/portaltela.pt\/api\/wp\/v2\/users\/2"}],"replies":[{"embeddable":true,"href":"https:\/\/portaltela.pt\/api\/wp\/v2\/comments?post=417981"}],"version-history":[{"count":0,"href":"https:\/\/portaltela.pt\/api\/wp\/v2\/posts\/417981\/revisions"}],"wp:featuredmedia":[{"embeddable":true,"href":"https:\/\/portaltela.pt\/api\/wp\/v2\/media\/417983"}],"wp:attachment":[{"href":"https:\/\/portaltela.pt\/api\/wp\/v2\/media?parent=417981"}],"wp:term":[{"taxonomy":"category","embeddable":true,"href":"https:\/\/portaltela.pt\/api\/wp\/v2\/categories?post=417981"},{"taxonomy":"post_tag","embeddable":true,"href":"https:\/\/portaltela.pt\/api\/wp\/v2\/tags?post=417981"}],"curies":[{"name":"wp","href":"https:\/\/api.w.org\/{rel}","templated":true}]}}