{"id":417977,"date":"2026-03-22T22:30:00","date_gmt":"2026-03-23T01:30:00","guid":{"rendered":"https:\/\/portaltela.pt\/noticias\/2026\/03\/22\/esquerda-mantem-as-maiores-cidades-de-franca\/"},"modified":"2026-03-22T22:30:00","modified_gmt":"2026-03-23T01:30:00","slug":"esquerda-mantem-as-maiores-cidades-de-franca","status":"publish","type":"post","link":"https:\/\/portaltela.pt\/noticias\/internacional\/2026\/03\/22\/esquerda-mantem-as-maiores-cidades-de-franca\/","title":{"rendered":"Esquerda mant\u00e9m as maiores cidades de Fran\u00e7a"},"content":{"rendered":"<p>A esquerda garantiu a continuidade de governan\u00e7a nas maiores cidades de Fran\u00e7a, segundo resultados provis\u00f3rios da segunda volta das elei\u00e7\u00f5es municipais realizadas neste domingo. Em Paris, Emmanuel Gr\u00e9goire, tamb\u00e9m do Partido Socialista, venceu a corrida \u00e0 sucess\u00e3o de Anne Hidalgo com cerca de 50% dos votos, frente a Rashida Dati (40%) e Sophia Chikirou (10%).<\/p>\n<p>Em Marseille, o atual presidente da C\u00e2mara cessante, Beno\u00eet Payan, da alian\u00e7a de esquerda, foi reeleito com 54,6% dos votos, derrotando Franck Allisio, da Uni\u00e3o Nacional (extrema-direita), que recebeu 39,1%, e Martine Vassal, com 6,3%. Em Lyon, Gr\u00e9gory Doucet, da coliga\u00e7\u00e3o de esquerda e presidente da c\u00e2mara cessante, liderou com 53,1%, frente a Jean-Michel Aulas, do centro-direita, com 46,9%.<\/p>\n<h3>Resultados em destaque<\/h3>\n<p>Le Havre registou a reelei\u00e7\u00e3o de \u00c9douard Philippe, ex-primeiro-ministro, fortalecendo-se como prov\u00e1vel candidato centrista \u00e0s elei\u00e7\u00f5es presidenciais de 2027. A lideran\u00e7a da Uni\u00e3o Nacional, Marine Le Pen, celebrou v\u00e1rias vit\u00f3rias do seu partido, incluindo Nice, onde o candidato apoiado por Ciotti, \u00c9ric Ciotti, derrubou o hist\u00f3rico Christian Estrosi.<\/p>\n<h3>Outros desenvolvimentos<\/h3>\n<p>Em Paris, o escrut\u00ednio de domingo consolidou a continuidade socialista na capital, ap\u00f3s uma disputa entre tr\u00eas candidatos. Os resultados parciais indicam uma lideran\u00e7a est\u00e1vel para o bloco de esquerda nas maiores urbes do pa\u00eds, com repercuss\u00f5es pol\u00edticas para o cen\u00e1rio nacional.<\/p>\n","protected":false},"excerpt":{"rendered":"<ul>\n<li>A esquerda vai manter as maiores cidades de Fran\u00e7a segundo resultados provis\u00f3rios da segunda volta das elei\u00e7\u00f5es municipais deste domingo.<\/li>\n<li>Em Paris, Emmanuel Gr\u00e9goire venceu com cerca de 50% dos votos, Rashida Dati ficou com 40% e Sophia Chikirou teve 10%.<\/li>\n<li>Em Marselha, Beno\u00eet Payan foi reeleito com 54,6% dos votos, frente a Franck Allisio com 39,1% e Martine Vassal com 6,3%.<\/li>\n<li>Em Lyon, Gr\u00e9gory Doucet liderava a contagem com 53,1%, seguem-se Jean-Michel Aulas com 46,9%.<\/li>\n<li>Em Le Havre, \u00c9douard Philippe foi reeleito; Marine Le Pen elogiou as vit\u00f3rias do seu partido, incluindo Nice, onde \u00c9ric Ciotti derrotou Christian Estrosi.<\/li>\n<\/ul>\n","protected":false},"author":2,"featured_media":417978,"comment_status":"closed","ping_status":"closed","sticky":false,"template":"","format":"standard","meta":{"footnotes":""},"categories":[4,7127],"tags":[68,1856,2571,3163,3676,2832],"class_list":["post-417977","post","type-post","status-publish","format-standard","has-post-thumbnail","hentry","category-internacional","category-politica-internacional","tag-eleicoes","tag-franca","tag-marine-le-pen","tag-paris","tag-partido-socialista","tag-politica"],"yoast_head":"<!-- This site is optimized with the Yoast SEO plugin v27.2 - https:\/\/yoast.com\/product\/yoast-seo-wordpress\/ -->\n<title>Esquerda mant\u00e9m as maiores cidades de Fran\u00e7a - Portal Tela Portugal<\/title>\n<meta name=\"robots\" content=\"index, follow, max-snippet:-1, max-image-preview:large, max-video-preview:-1\" \/>\n<meta property=\"og:locale\" content=\"pt_PT\" \/>\n<meta property=\"og:type\" content=\"article\" \/>\n<meta property=\"og:title\" content=\"Esquerda mant\u00e9m as maiores cidades de Fran\u00e7a - Portal Tela Portugal\" \/>\n<meta property=\"og:description\" content=\"A esquerda vai manter as maiores cidades de Fran\u00e7a segundo resultados provis\u00f3rios da segunda volta das elei\u00e7\u00f5es municipais deste domingo. Em Paris, Emmanuel Gr\u00e9goire venceu com cerca de 50% dos votos, Rashida Dati ficou com 40% e Sophia Chikirou teve 10%. Em Marselha, Beno\u00eet Payan foi reeleito com 54,6% dos votos, frente a Franck Allisio com 39,1% e Martine Vassal com 6,3%. Em Lyon, Gr\u00e9gory Doucet liderava a contagem com 53,1%, seguem-se Jean-Michel Aulas com 46,9%. Em Le Havre, \u00c9douard Philippe foi reeleito; Marine Le Pen elogiou as vit\u00f3rias do seu partido, incluindo Nice, onde \u00c9ric Ciotti derrotou Christian Estrosi.\" \/>\n<meta property=\"og:url\" content=\"https:\/\/portaltela.pt\/noticias\/2026\/03\/22\/esquerda-mantem-as-maiores-cidades-de-franca\/\" \/>\n<meta property=\"og:site_name\" content=\"Portal Tela Portugal\" \/>\n<meta property=\"article:published_time\" content=\"2026-03-23T01:30:00+00:00\" \/>\n<meta name=\"author\" content=\"Telinha\" \/>\n<meta name=\"twitter:card\" content=\"summary_large_image\" \/>\n<meta name=\"twitter:label1\" content=\"Escrito por\" \/>\n\t<meta name=\"twitter:data1\" content=\"Telinha\" \/>\n\t<meta name=\"twitter:label2\" content=\"Tempo estimado de leitura\" \/>\n\t<meta name=\"twitter:data2\" content=\"1 minuto\" \/>\n<script type=\"application\/ld+json\" class=\"yoast-schema-graph\">{\"@context\":\"https:\/\/schema.org\",\"@graph\":[{\"@type\":\"Article\",\"@id\":\"https:\/\/portaltela.pt\/noticias\/2026\/03\/22\/esquerda-mantem-as-maiores-cidades-de-franca\/#article\",\"isPartOf\":{\"@id\":\"https:\/\/portaltela.pt\/noticias\/2026\/03\/22\/esquerda-mantem-as-maiores-cidades-de-franca\/\"},\"author\":{\"name\":\"Telinha\",\"@id\":\"https:\/\/portaltela.pt\/#\/schema\/person\/c4278d4a6028830caff9ee44b42d32ed\"},\"headline\":\"Esquerda mant\u00e9m as maiores cidades de Fran\u00e7a\",\"datePublished\":\"2026-03-23T01:30:00+00:00\",\"mainEntityOfPage\":{\"@id\":\"https:\/\/portaltela.pt\/noticias\/2026\/03\/22\/esquerda-mantem-as-maiores-cidades-de-franca\/\"},\"wordCount\":239,\"image\":{\"@id\":\"https:\/\/portaltela.pt\/noticias\/2026\/03\/22\/esquerda-mantem-as-maiores-cidades-de-franca\/#primaryimage\"},\"thumbnailUrl\":\"https:\/\/portaltela.pt\/s.01k8rhncp4jt1\/2026\/03\/img_1280x721uu2026-03-22-21-34-18-2274213.jpg\",\"keywords\":[\"elei\u00e7\u00f5es\",\"Fran\u00e7a\",\"Marine Le Pen\",\"Paris\",\"Partido Socialista\",\"pol\u00edtica\"],\"articleSection\":[\"Internacional\",\"Pol\u00edtica Internacional\"],\"inLanguage\":\"pt-PT\"},{\"@type\":\"WebPage\",\"@id\":\"https:\/\/portaltela.pt\/noticias\/2026\/03\/22\/esquerda-mantem-as-maiores-cidades-de-franca\/\",\"url\":\"https:\/\/portaltela.pt\/noticias\/2026\/03\/22\/esquerda-mantem-as-maiores-cidades-de-franca\/\",\"name\":\"Esquerda mant\u00e9m as maiores cidades de Fran\u00e7a - Portal Tela Portugal\",\"isPartOf\":{\"@id\":\"https:\/\/portaltela.pt\/#website\"},\"primaryImageOfPage\":{\"@id\":\"https:\/\/portaltela.pt\/noticias\/2026\/03\/22\/esquerda-mantem-as-maiores-cidades-de-franca\/#primaryimage\"},\"image\":{\"@id\":\"https:\/\/portaltela.pt\/noticias\/2026\/03\/22\/esquerda-mantem-as-maiores-cidades-de-franca\/#primaryimage\"},\"thumbnailUrl\":\"https:\/\/portaltela.pt\/s.01k8rhncp4jt1\/2026\/03\/img_1280x721uu2026-03-22-21-34-18-2274213.jpg\",\"datePublished\":\"2026-03-23T01:30:00+00:00\",\"author\":{\"@id\":\"https:\/\/portaltela.pt\/#\/schema\/person\/c4278d4a6028830caff9ee44b42d32ed\"},\"breadcrumb\":{\"@id\":\"https:\/\/portaltela.pt\/noticias\/2026\/03\/22\/esquerda-mantem-as-maiores-cidades-de-franca\/#breadcrumb\"},\"inLanguage\":\"pt-PT\",\"potentialAction\":[{\"@type\":\"ReadAction\",\"target\":[\"https:\/\/portaltela.pt\/noticias\/2026\/03\/22\/esquerda-mantem-as-maiores-cidades-de-franca\/\"]}]},{\"@type\":\"ImageObject\",\"inLanguage\":\"pt-PT\",\"@id\":\"https:\/\/portaltela.pt\/noticias\/2026\/03\/22\/esquerda-mantem-as-maiores-cidades-de-franca\/#primaryimage\",\"url\":\"https:\/\/portaltela.pt\/s.01k8rhncp4jt1\/2026\/03\/img_1280x721uu2026-03-22-21-34-18-2274213.jpg\",\"contentUrl\":\"https:\/\/portaltela.pt\/s.01k8rhncp4jt1\/2026\/03\/img_1280x721uu2026-03-22-21-34-18-2274213.jpg\",\"width\":796,\"height\":448,\"caption\":\"Socialista Emmanuel Gr\u00e9goire\"},{\"@type\":\"BreadcrumbList\",\"@id\":\"https:\/\/portaltela.pt\/noticias\/2026\/03\/22\/esquerda-mantem-as-maiores-cidades-de-franca\/#breadcrumb\",\"itemListElement\":[{\"@type\":\"ListItem\",\"position\":1,\"name\":\"In\u00edcio\",\"item\":\"https:\/\/portaltela.pt\/\"},{\"@type\":\"ListItem\",\"position\":2,\"name\":\"Esquerda mant\u00e9m as maiores cidades de Fran\u00e7a\"}]},{\"@type\":\"WebSite\",\"@id\":\"https:\/\/portaltela.pt\/#website\",\"url\":\"https:\/\/portaltela.pt\/\",\"name\":\"Portal Tela Portugal\",\"description\":\"\",\"potentialAction\":[{\"@type\":\"SearchAction\",\"target\":{\"@type\":\"EntryPoint\",\"urlTemplate\":\"https:\/\/portaltela.pt\/?s={search_term_string}\"},\"query-input\":{\"@type\":\"PropertyValueSpecification\",\"valueRequired\":true,\"valueName\":\"search_term_string\"}}],\"inLanguage\":\"pt-PT\"},{\"@type\":\"Person\",\"@id\":\"https:\/\/portaltela.pt\/#\/schema\/person\/c4278d4a6028830caff9ee44b42d32ed\",\"name\":\"Telinha\",\"image\":{\"@type\":\"ImageObject\",\"inLanguage\":\"pt-PT\",\"@id\":\"https:\/\/portaltela.pt\/s.01k8rhncp4jt1\/2025\/11\/talking-bot-125x125.png\",\"url\":\"https:\/\/portaltela.pt\/s.01k8rhncp4jt1\/2025\/11\/talking-bot-125x125.png\",\"contentUrl\":\"https:\/\/portaltela.pt\/s.01k8rhncp4jt1\/2025\/11\/talking-bot-125x125.png\",\"caption\":\"Telinha\"},\"sameAs\":[\"https:\/\/portaltela.pt\/\"],\"url\":\"https:\/\/portaltela.pt\/por\/367410592786\/\"}]}<\/script>\n<!-- \/ Yoast SEO plugin. -->","yoast_head_json":{"title":"Esquerda mant\u00e9m as maiores cidades de Fran\u00e7a - Portal Tela Portugal","robots":{"index":"index","follow":"follow","max-snippet":"max-snippet:-1","max-image-preview":"max-image-preview:large","max-video-preview":"max-video-preview:-1"},"og_locale":"pt_PT","og_type":"article","og_title":"Esquerda mant\u00e9m as maiores cidades de Fran\u00e7a - Portal Tela Portugal","og_description":"A esquerda vai manter as maiores cidades de Fran\u00e7a segundo resultados provis\u00f3rios da segunda volta das elei\u00e7\u00f5es municipais deste domingo. Em Paris, Emmanuel Gr\u00e9goire venceu com cerca de 50% dos votos, Rashida Dati ficou com 40% e Sophia Chikirou teve 10%. Em Marselha, Beno\u00eet Payan foi reeleito com 54,6% dos votos, frente a Franck Allisio com 39,1% e Martine Vassal com 6,3%. Em Lyon, Gr\u00e9gory Doucet liderava a contagem com 53,1%, seguem-se Jean-Michel Aulas com 46,9%. Em Le Havre, \u00c9douard Philippe foi reeleito; Marine Le Pen elogiou as vit\u00f3rias do seu partido, incluindo Nice, onde \u00c9ric Ciotti derrotou Christian Estrosi.","og_url":"https:\/\/portaltela.pt\/noticias\/2026\/03\/22\/esquerda-mantem-as-maiores-cidades-de-franca\/","og_site_name":"Portal Tela Portugal","article_published_time":"2026-03-23T01:30:00+00:00","author":"Telinha","twitter_card":"summary_large_image","twitter_misc":{"Escrito por":"Telinha","Tempo estimado de leitura":"1 minuto"},"schema":{"@context":"https:\/\/schema.org","@graph":[{"@type":"Article","@id":"https:\/\/portaltela.pt\/noticias\/2026\/03\/22\/esquerda-mantem-as-maiores-cidades-de-franca\/#article","isPartOf":{"@id":"https:\/\/portaltela.pt\/noticias\/2026\/03\/22\/esquerda-mantem-as-maiores-cidades-de-franca\/"},"author":{"name":"Telinha","@id":"https:\/\/portaltela.pt\/#\/schema\/person\/c4278d4a6028830caff9ee44b42d32ed"},"headline":"Esquerda mant\u00e9m as maiores cidades de Fran\u00e7a","datePublished":"2026-03-23T01:30:00+00:00","mainEntityOfPage":{"@id":"https:\/\/portaltela.pt\/noticias\/2026\/03\/22\/esquerda-mantem-as-maiores-cidades-de-franca\/"},"wordCount":239,"image":{"@id":"https:\/\/portaltela.pt\/noticias\/2026\/03\/22\/esquerda-mantem-as-maiores-cidades-de-franca\/#primaryimage"},"thumbnailUrl":"https:\/\/portaltela.pt\/s.01k8rhncp4jt1\/2026\/03\/img_1280x721uu2026-03-22-21-34-18-2274213.jpg","keywords":["elei\u00e7\u00f5es","Fran\u00e7a","Marine Le Pen","Paris","Partido Socialista","pol\u00edtica"],"articleSection":["Internacional","Pol\u00edtica Internacional"],"inLanguage":"pt-PT"},{"@type":"WebPage","@id":"https:\/\/portaltela.pt\/noticias\/2026\/03\/22\/esquerda-mantem-as-maiores-cidades-de-franca\/","url":"https:\/\/portaltela.pt\/noticias\/2026\/03\/22\/esquerda-mantem-as-maiores-cidades-de-franca\/","name":"Esquerda mant\u00e9m as maiores cidades de Fran\u00e7a - Portal Tela Portugal","isPartOf":{"@id":"https:\/\/portaltela.pt\/#website"},"primaryImageOfPage":{"@id":"https:\/\/portaltela.pt\/noticias\/2026\/03\/22\/esquerda-mantem-as-maiores-cidades-de-franca\/#primaryimage"},"image":{"@id":"https:\/\/portaltela.pt\/noticias\/2026\/03\/22\/esquerda-mantem-as-maiores-cidades-de-franca\/#primaryimage"},"thumbnailUrl":"https:\/\/portaltela.pt\/s.01k8rhncp4jt1\/2026\/03\/img_1280x721uu2026-03-22-21-34-18-2274213.jpg","datePublished":"2026-03-23T01:30:00+00:00","author":{"@id":"https:\/\/portaltela.pt\/#\/schema\/person\/c4278d4a6028830caff9ee44b42d32ed"},"breadcrumb":{"@id":"https:\/\/portaltela.pt\/noticias\/2026\/03\/22\/esquerda-mantem-as-maiores-cidades-de-franca\/#breadcrumb"},"inLanguage":"pt-PT","potentialAction":[{"@type":"ReadAction","target":["https:\/\/portaltela.pt\/noticias\/2026\/03\/22\/esquerda-mantem-as-maiores-cidades-de-franca\/"]}]},{"@type":"ImageObject","inLanguage":"pt-PT","@id":"https:\/\/portaltela.pt\/noticias\/2026\/03\/22\/esquerda-mantem-as-maiores-cidades-de-franca\/#primaryimage","url":"https:\/\/portaltela.pt\/s.01k8rhncp4jt1\/2026\/03\/img_1280x721uu2026-03-22-21-34-18-2274213.jpg","contentUrl":"https:\/\/portaltela.pt\/s.01k8rhncp4jt1\/2026\/03\/img_1280x721uu2026-03-22-21-34-18-2274213.jpg","width":796,"height":448,"caption":"Socialista Emmanuel Gr\u00e9goire"},{"@type":"BreadcrumbList","@id":"https:\/\/portaltela.pt\/noticias\/2026\/03\/22\/esquerda-mantem-as-maiores-cidades-de-franca\/#breadcrumb","itemListElement":[{"@type":"ListItem","position":1,"name":"In\u00edcio","item":"https:\/\/portaltela.pt\/"},{"@type":"ListItem","position":2,"name":"Esquerda mant\u00e9m as maiores cidades de Fran\u00e7a"}]},{"@type":"WebSite","@id":"https:\/\/portaltela.pt\/#website","url":"https:\/\/portaltela.pt\/","name":"Portal Tela Portugal","description":"","potentialAction":[{"@type":"SearchAction","target":{"@type":"EntryPoint","urlTemplate":"https:\/\/portaltela.pt\/?s={search_term_string}"},"query-input":{"@type":"PropertyValueSpecification","valueRequired":true,"valueName":"search_term_string"}}],"inLanguage":"pt-PT"},{"@type":"Person","@id":"https:\/\/portaltela.pt\/#\/schema\/person\/c4278d4a6028830caff9ee44b42d32ed","name":"Telinha","image":{"@type":"ImageObject","inLanguage":"pt-PT","@id":"https:\/\/portaltela.pt\/s.01k8rhncp4jt1\/2025\/11\/talking-bot-125x125.png","url":"https:\/\/portaltela.pt\/s.01k8rhncp4jt1\/2025\/11\/talking-bot-125x125.png","contentUrl":"https:\/\/portaltela.pt\/s.01k8rhncp4jt1\/2025\/11\/talking-bot-125x125.png","caption":"Telinha"},"sameAs":["https:\/\/portaltela.pt\/"],"url":"https:\/\/portaltela.pt\/por\/367410592786\/"}]}},"_links":{"self":[{"href":"https:\/\/portaltela.pt\/api\/wp\/v2\/posts\/417977","targetHints":{"allow":["GET"]}}],"collection":[{"href":"https:\/\/portaltela.pt\/api\/wp\/v2\/posts"}],"about":[{"href":"https:\/\/portaltela.pt\/api\/wp\/v2\/types\/post"}],"author":[{"embeddable":true,"href":"https:\/\/portaltela.pt\/api\/wp\/v2\/users\/2"}],"replies":[{"embeddable":true,"href":"https:\/\/portaltela.pt\/api\/wp\/v2\/comments?post=417977"}],"version-history":[{"count":0,"href":"https:\/\/portaltela.pt\/api\/wp\/v2\/posts\/417977\/revisions"}],"wp:featuredmedia":[{"embeddable":true,"href":"https:\/\/portaltela.pt\/api\/wp\/v2\/media\/417978"}],"wp:attachment":[{"href":"https:\/\/portaltela.pt\/api\/wp\/v2\/media?parent=417977"}],"wp:term":[{"taxonomy":"category","embeddable":true,"href":"https:\/\/portaltela.pt\/api\/wp\/v2\/categories?post=417977"},{"taxonomy":"post_tag","embeddable":true,"href":"https:\/\/portaltela.pt\/api\/wp\/v2\/tags?post=417977"}],"curies":[{"name":"wp","href":"https:\/\/api.w.org\/{rel}","templated":true}]}}