{"id":417975,"date":"2026-03-22T22:30:00","date_gmt":"2026-03-23T01:30:00","guid":{"rendered":"https:\/\/portaltela.pt\/noticias\/2026\/03\/22\/diretores-de-escolas-solicitam-aumentos-salariais-e-formacao-para-novas-funcoes\/"},"modified":"2026-03-22T22:30:00","modified_gmt":"2026-03-23T01:30:00","slug":"diretores-de-escolas-solicitam-aumentos-salariais-e-formacao-para-novas-funcoes","status":"publish","type":"post","link":"https:\/\/portaltela.pt\/sociedade\/2026\/03\/22\/diretores-de-escolas-solicitam-aumentos-salariais-e-formacao-para-novas-funcoes\/","title":{"rendered":"Diretores de escolas solicitam aumentos salariais e forma\u00e7\u00e3o para novas fun\u00e7\u00f5es"},"content":{"rendered":"<p>Os diretores de escola v\u00e3o receber novas compet\u00eancias com a reforma org\u00e2nica do Minist\u00e9rio da Educa\u00e7\u00e3o, Ci\u00eancia e Inova\u00e7\u00e3o (MECI). As mudan\u00e7as visam transferir poderes antes da DGAE e da Dgeste para os respons\u00e1veis escolares, com o objetivo de simplificar a gest\u00e3o educativa.<\/p>\n<p>A Associa\u00e7\u00e3o Nacional de Diretores de Agrupamentos e Escolas P\u00fablicas (Andaep) alerta para a falta de um estatuto do diretor e para o atraso na atualiza\u00e7\u00e3o do suplemento remunerat\u00f3rio. O grupo defende forma\u00e7\u00e3o espec\u00edfica para acompanhar as novas fun\u00e7\u00f5es.<\/p>\n<p>Segundo o MECI, os diretores passam a qualificar acidentes de servi\u00e7o e ganham poderes em transfer\u00eancias internas e externas, bem como em matr\u00edculas, protocolos e acordos com entidades externas. A medida inclui ainda autoriza\u00e7\u00e3o de acumula\u00e7\u00e3o de fun\u00e7\u00f5es de docentes e n\u00e3o docentes.<\/p>\n<p>Tal como anunciado, h\u00e1 mudan\u00e7as tamb\u00e9m em atividades de visitas de estudo, permutas entre docentes e equipara\u00e7\u00e3o de bolseiros para efeitos de investiga\u00e7\u00e3o. O objetivo \u00e9 melhorar a autonomia das escolas na gest\u00e3o cotidiana.<\/p>\n<h3>Novo enquadramento remunerat\u00f3rio<\/h3>\n<p>O suplemento dos diretores n\u00e3o \u00e9 alterado desde 2010. Mant\u00e9m-se entre 200\u20ac para agrupamentos com menos de 300 alunos, 650\u20ac para 900-1200 alunos e 750\u20ac para mais de 1800 alunos. Autores alertam que o refor\u00e7o \u00e9 essencial com o aumento de fun\u00e7\u00f5es.<\/p>\n","protected":false},"excerpt":{"rendered":"<ul>\n<li>A reforma org\u00e2nica do Minist\u00e9rio da Educa\u00e7\u00e3o, Ci\u00eancia e Inova\u00e7\u00e3o (MECI) est\u00e1 a transferir novas compet\u00eancias para os diretores de escola, incluindo atos de matr\u00edcula, celebra\u00e7\u00e3o de protocolos e coopera\u00e7\u00e3o com entidades externas.<\/li>\n<li>Os diretores exigem forma\u00e7\u00e3o para estas novas fun\u00e7\u00f5es e o reconhecimento do trabalho acrescido, sob o risco de gerar mal-estar se a forma\u00e7\u00e3o n\u00e3o ocorrer.<\/li>\n<li>O MECI j\u00e1 publicou dois diplomas com estas transfer\u00eancias de compet\u00eancias, incluindo qualifica\u00e7\u00e3o de acidentes de servi\u00e7o e autoriza\u00e7\u00f5es de acumula\u00e7\u00e3o de fun\u00e7\u00f5es do pessoal docente e n\u00e3o docente.<\/li>\n<li>H\u00e1 ainda pedidos para mais forma\u00e7\u00e3o antes de exercer as novas tarefas, como as relacionadas com transfer\u00eancias internas e externas e visitas de estudo em Portugal ou no estrangeiro.<\/li>\n<li>O suplemento remunerat\u00f3rio dos diretores, que n\u00e3o \u00e9 alterado desde 2010, varia entre 200 euros (agrupamentos abaixo de tr\u00eascentos alunos) e 750 euros (mais de dezoito centenas de alunos), com o teto no limite m\u00e1ximo.<\/li>\n<\/ul>\n","protected":false},"author":2,"featured_media":417976,"comment_status":"closed","ping_status":"closed","sticky":false,"template":"","format":"standard","meta":{"footnotes":""},"categories":[1,6871],"tags":[168,163,2443,97,2818,6645],"class_list":["post-417975","post","type-post","status-publish","format-standard","has-post-thumbnail","hentry","category-noticias","category-sociedade","tag-administracao-publica","tag-educacao","tag-educacao-publica","tag-professores","tag-remuneracoes","tag-salarios"],"yoast_head":"<!-- This site is optimized with the Yoast SEO plugin v27.2 - https:\/\/yoast.com\/product\/yoast-seo-wordpress\/ -->\n<title>Diretores de escolas solicitam aumentos salariais e forma\u00e7\u00e3o para novas fun\u00e7\u00f5es - Portal Tela Portugal<\/title>\n<meta name=\"robots\" content=\"index, follow, max-snippet:-1, max-image-preview:large, max-video-preview:-1\" \/>\n<meta property=\"og:locale\" content=\"pt_PT\" \/>\n<meta property=\"og:type\" content=\"article\" \/>\n<meta property=\"og:title\" content=\"Diretores de escolas solicitam aumentos salariais e forma\u00e7\u00e3o para novas fun\u00e7\u00f5es - Portal Tela Portugal\" \/>\n<meta property=\"og:description\" content=\"A reforma org\u00e2nica do Minist\u00e9rio da Educa\u00e7\u00e3o, Ci\u00eancia e Inova\u00e7\u00e3o (MECI) est\u00e1 a transferir novas compet\u00eancias para os diretores de escola, incluindo atos de matr\u00edcula, celebra\u00e7\u00e3o de protocolos e coopera\u00e7\u00e3o com entidades externas. Os diretores exigem forma\u00e7\u00e3o para estas novas fun\u00e7\u00f5es e o reconhecimento do trabalho acrescido, sob o risco de gerar mal-estar se a forma\u00e7\u00e3o n\u00e3o ocorrer. O MECI j\u00e1 publicou dois diplomas com estas transfer\u00eancias de compet\u00eancias, incluindo qualifica\u00e7\u00e3o de acidentes de servi\u00e7o e autoriza\u00e7\u00f5es de acumula\u00e7\u00e3o de fun\u00e7\u00f5es do pessoal docente e n\u00e3o docente. H\u00e1 ainda pedidos para mais forma\u00e7\u00e3o antes de exercer as novas tarefas, como as relacionadas com transfer\u00eancias internas e externas e visitas de estudo em Portugal ou no estrangeiro. O suplemento remunerat\u00f3rio dos diretores, que n\u00e3o \u00e9 alterado desde 2010, varia entre 200 euros (agrupamentos abaixo de tr\u00eascentos alunos) e 750 euros (mais de dezoito centenas de alunos), com o teto no limite m\u00e1ximo.\" \/>\n<meta property=\"og:url\" content=\"https:\/\/portaltela.pt\/noticias\/2026\/03\/22\/diretores-de-escolas-solicitam-aumentos-salariais-e-formacao-para-novas-funcoes\/\" \/>\n<meta property=\"og:site_name\" content=\"Portal Tela Portugal\" \/>\n<meta property=\"article:published_time\" content=\"2026-03-23T01:30:00+00:00\" \/>\n<meta name=\"author\" content=\"Telinha\" \/>\n<meta name=\"twitter:card\" content=\"summary_large_image\" \/>\n<meta name=\"twitter:label1\" content=\"Escrito por\" \/>\n\t<meta name=\"twitter:data1\" content=\"Telinha\" \/>\n\t<meta name=\"twitter:label2\" content=\"Tempo estimado de leitura\" \/>\n\t<meta name=\"twitter:data2\" content=\"1 minuto\" \/>\n<script type=\"application\/ld+json\" class=\"yoast-schema-graph\">{\"@context\":\"https:\/\/schema.org\",\"@graph\":[{\"@type\":\"Article\",\"@id\":\"https:\/\/portaltela.pt\/noticias\/2026\/03\/22\/diretores-de-escolas-solicitam-aumentos-salariais-e-formacao-para-novas-funcoes\/#article\",\"isPartOf\":{\"@id\":\"https:\/\/portaltela.pt\/noticias\/2026\/03\/22\/diretores-de-escolas-solicitam-aumentos-salariais-e-formacao-para-novas-funcoes\/\"},\"author\":{\"name\":\"Telinha\",\"@id\":\"https:\/\/portaltela.pt\/#\/schema\/person\/c4278d4a6028830caff9ee44b42d32ed\"},\"headline\":\"Diretores de escolas solicitam aumentos salariais e forma\u00e7\u00e3o para novas fun\u00e7\u00f5es\",\"datePublished\":\"2026-03-23T01:30:00+00:00\",\"mainEntityOfPage\":{\"@id\":\"https:\/\/portaltela.pt\/noticias\/2026\/03\/22\/diretores-de-escolas-solicitam-aumentos-salariais-e-formacao-para-novas-funcoes\/\"},\"wordCount\":242,\"image\":{\"@id\":\"https:\/\/portaltela.pt\/noticias\/2026\/03\/22\/diretores-de-escolas-solicitam-aumentos-salariais-e-formacao-para-novas-funcoes\/#primaryimage\"},\"thumbnailUrl\":\"https:\/\/portaltela.pt\/s.01k8rhncp4jt1\/2026\/03\/img_1280x721uu2017-07-24-01-03-00-651823.jpg\",\"keywords\":[\"administra\u00e7\u00e3o p\u00fablica\",\"educa\u00e7\u00e3o\",\"educa\u00e7\u00e3o p\u00fablica\",\"professores\",\"Remunera\u00e7\u00f5es\",\"sal\u00e1rios\"],\"articleSection\":[\"Not\u00edcias\",\"Sociedade\"],\"inLanguage\":\"pt-PT\"},{\"@type\":\"WebPage\",\"@id\":\"https:\/\/portaltela.pt\/noticias\/2026\/03\/22\/diretores-de-escolas-solicitam-aumentos-salariais-e-formacao-para-novas-funcoes\/\",\"url\":\"https:\/\/portaltela.pt\/noticias\/2026\/03\/22\/diretores-de-escolas-solicitam-aumentos-salariais-e-formacao-para-novas-funcoes\/\",\"name\":\"Diretores de escolas solicitam aumentos salariais e forma\u00e7\u00e3o para novas fun\u00e7\u00f5es - Portal Tela Portugal\",\"isPartOf\":{\"@id\":\"https:\/\/portaltela.pt\/#website\"},\"primaryImageOfPage\":{\"@id\":\"https:\/\/portaltela.pt\/noticias\/2026\/03\/22\/diretores-de-escolas-solicitam-aumentos-salariais-e-formacao-para-novas-funcoes\/#primaryimage\"},\"image\":{\"@id\":\"https:\/\/portaltela.pt\/noticias\/2026\/03\/22\/diretores-de-escolas-solicitam-aumentos-salariais-e-formacao-para-novas-funcoes\/#primaryimage\"},\"thumbnailUrl\":\"https:\/\/portaltela.pt\/s.01k8rhncp4jt1\/2026\/03\/img_1280x721uu2017-07-24-01-03-00-651823.jpg\",\"datePublished\":\"2026-03-23T01:30:00+00:00\",\"author\":{\"@id\":\"https:\/\/portaltela.pt\/#\/schema\/person\/c4278d4a6028830caff9ee44b42d32ed\"},\"breadcrumb\":{\"@id\":\"https:\/\/portaltela.pt\/noticias\/2026\/03\/22\/diretores-de-escolas-solicitam-aumentos-salariais-e-formacao-para-novas-funcoes\/#breadcrumb\"},\"inLanguage\":\"pt-PT\",\"potentialAction\":[{\"@type\":\"ReadAction\",\"target\":[\"https:\/\/portaltela.pt\/noticias\/2026\/03\/22\/diretores-de-escolas-solicitam-aumentos-salariais-e-formacao-para-novas-funcoes\/\"]}]},{\"@type\":\"ImageObject\",\"inLanguage\":\"pt-PT\",\"@id\":\"https:\/\/portaltela.pt\/noticias\/2026\/03\/22\/diretores-de-escolas-solicitam-aumentos-salariais-e-formacao-para-novas-funcoes\/#primaryimage\",\"url\":\"https:\/\/portaltela.pt\/s.01k8rhncp4jt1\/2026\/03\/img_1280x721uu2017-07-24-01-03-00-651823.jpg\",\"contentUrl\":\"https:\/\/portaltela.pt\/s.01k8rhncp4jt1\/2026\/03\/img_1280x721uu2017-07-24-01-03-00-651823.jpg\",\"width\":796,\"height\":448,\"caption\":\"Compet\u00eancias dos diretores foram alargadas\"},{\"@type\":\"BreadcrumbList\",\"@id\":\"https:\/\/portaltela.pt\/noticias\/2026\/03\/22\/diretores-de-escolas-solicitam-aumentos-salariais-e-formacao-para-novas-funcoes\/#breadcrumb\",\"itemListElement\":[{\"@type\":\"ListItem\",\"position\":1,\"name\":\"In\u00edcio\",\"item\":\"https:\/\/portaltela.pt\/\"},{\"@type\":\"ListItem\",\"position\":2,\"name\":\"Diretores de escolas solicitam aumentos salariais e forma\u00e7\u00e3o para novas fun\u00e7\u00f5es\"}]},{\"@type\":\"WebSite\",\"@id\":\"https:\/\/portaltela.pt\/#website\",\"url\":\"https:\/\/portaltela.pt\/\",\"name\":\"Portal Tela Portugal\",\"description\":\"\",\"potentialAction\":[{\"@type\":\"SearchAction\",\"target\":{\"@type\":\"EntryPoint\",\"urlTemplate\":\"https:\/\/portaltela.pt\/?s={search_term_string}\"},\"query-input\":{\"@type\":\"PropertyValueSpecification\",\"valueRequired\":true,\"valueName\":\"search_term_string\"}}],\"inLanguage\":\"pt-PT\"},{\"@type\":\"Person\",\"@id\":\"https:\/\/portaltela.pt\/#\/schema\/person\/c4278d4a6028830caff9ee44b42d32ed\",\"name\":\"Telinha\",\"image\":{\"@type\":\"ImageObject\",\"inLanguage\":\"pt-PT\",\"@id\":\"https:\/\/portaltela.pt\/s.01k8rhncp4jt1\/2025\/11\/talking-bot-125x125.png\",\"url\":\"https:\/\/portaltela.pt\/s.01k8rhncp4jt1\/2025\/11\/talking-bot-125x125.png\",\"contentUrl\":\"https:\/\/portaltela.pt\/s.01k8rhncp4jt1\/2025\/11\/talking-bot-125x125.png\",\"caption\":\"Telinha\"},\"sameAs\":[\"https:\/\/portaltela.pt\/\"],\"url\":\"https:\/\/portaltela.pt\/por\/367410592786\/\"}]}<\/script>\n<!-- \/ Yoast SEO plugin. -->","yoast_head_json":{"title":"Diretores de escolas solicitam aumentos salariais e forma\u00e7\u00e3o para novas fun\u00e7\u00f5es - Portal Tela Portugal","robots":{"index":"index","follow":"follow","max-snippet":"max-snippet:-1","max-image-preview":"max-image-preview:large","max-video-preview":"max-video-preview:-1"},"og_locale":"pt_PT","og_type":"article","og_title":"Diretores de escolas solicitam aumentos salariais e forma\u00e7\u00e3o para novas fun\u00e7\u00f5es - Portal Tela Portugal","og_description":"A reforma org\u00e2nica do Minist\u00e9rio da Educa\u00e7\u00e3o, Ci\u00eancia e Inova\u00e7\u00e3o (MECI) est\u00e1 a transferir novas compet\u00eancias para os diretores de escola, incluindo atos de matr\u00edcula, celebra\u00e7\u00e3o de protocolos e coopera\u00e7\u00e3o com entidades externas. Os diretores exigem forma\u00e7\u00e3o para estas novas fun\u00e7\u00f5es e o reconhecimento do trabalho acrescido, sob o risco de gerar mal-estar se a forma\u00e7\u00e3o n\u00e3o ocorrer. O MECI j\u00e1 publicou dois diplomas com estas transfer\u00eancias de compet\u00eancias, incluindo qualifica\u00e7\u00e3o de acidentes de servi\u00e7o e autoriza\u00e7\u00f5es de acumula\u00e7\u00e3o de fun\u00e7\u00f5es do pessoal docente e n\u00e3o docente. H\u00e1 ainda pedidos para mais forma\u00e7\u00e3o antes de exercer as novas tarefas, como as relacionadas com transfer\u00eancias internas e externas e visitas de estudo em Portugal ou no estrangeiro. O suplemento remunerat\u00f3rio dos diretores, que n\u00e3o \u00e9 alterado desde 2010, varia entre 200 euros (agrupamentos abaixo de tr\u00eascentos alunos) e 750 euros (mais de dezoito centenas de alunos), com o teto no limite m\u00e1ximo.","og_url":"https:\/\/portaltela.pt\/noticias\/2026\/03\/22\/diretores-de-escolas-solicitam-aumentos-salariais-e-formacao-para-novas-funcoes\/","og_site_name":"Portal Tela Portugal","article_published_time":"2026-03-23T01:30:00+00:00","author":"Telinha","twitter_card":"summary_large_image","twitter_misc":{"Escrito por":"Telinha","Tempo estimado de leitura":"1 minuto"},"schema":{"@context":"https:\/\/schema.org","@graph":[{"@type":"Article","@id":"https:\/\/portaltela.pt\/noticias\/2026\/03\/22\/diretores-de-escolas-solicitam-aumentos-salariais-e-formacao-para-novas-funcoes\/#article","isPartOf":{"@id":"https:\/\/portaltela.pt\/noticias\/2026\/03\/22\/diretores-de-escolas-solicitam-aumentos-salariais-e-formacao-para-novas-funcoes\/"},"author":{"name":"Telinha","@id":"https:\/\/portaltela.pt\/#\/schema\/person\/c4278d4a6028830caff9ee44b42d32ed"},"headline":"Diretores de escolas solicitam aumentos salariais e forma\u00e7\u00e3o para novas fun\u00e7\u00f5es","datePublished":"2026-03-23T01:30:00+00:00","mainEntityOfPage":{"@id":"https:\/\/portaltela.pt\/noticias\/2026\/03\/22\/diretores-de-escolas-solicitam-aumentos-salariais-e-formacao-para-novas-funcoes\/"},"wordCount":242,"image":{"@id":"https:\/\/portaltela.pt\/noticias\/2026\/03\/22\/diretores-de-escolas-solicitam-aumentos-salariais-e-formacao-para-novas-funcoes\/#primaryimage"},"thumbnailUrl":"https:\/\/portaltela.pt\/s.01k8rhncp4jt1\/2026\/03\/img_1280x721uu2017-07-24-01-03-00-651823.jpg","keywords":["administra\u00e7\u00e3o p\u00fablica","educa\u00e7\u00e3o","educa\u00e7\u00e3o p\u00fablica","professores","Remunera\u00e7\u00f5es","sal\u00e1rios"],"articleSection":["Not\u00edcias","Sociedade"],"inLanguage":"pt-PT"},{"@type":"WebPage","@id":"https:\/\/portaltela.pt\/noticias\/2026\/03\/22\/diretores-de-escolas-solicitam-aumentos-salariais-e-formacao-para-novas-funcoes\/","url":"https:\/\/portaltela.pt\/noticias\/2026\/03\/22\/diretores-de-escolas-solicitam-aumentos-salariais-e-formacao-para-novas-funcoes\/","name":"Diretores de escolas solicitam aumentos salariais e forma\u00e7\u00e3o para novas fun\u00e7\u00f5es - Portal Tela Portugal","isPartOf":{"@id":"https:\/\/portaltela.pt\/#website"},"primaryImageOfPage":{"@id":"https:\/\/portaltela.pt\/noticias\/2026\/03\/22\/diretores-de-escolas-solicitam-aumentos-salariais-e-formacao-para-novas-funcoes\/#primaryimage"},"image":{"@id":"https:\/\/portaltela.pt\/noticias\/2026\/03\/22\/diretores-de-escolas-solicitam-aumentos-salariais-e-formacao-para-novas-funcoes\/#primaryimage"},"thumbnailUrl":"https:\/\/portaltela.pt\/s.01k8rhncp4jt1\/2026\/03\/img_1280x721uu2017-07-24-01-03-00-651823.jpg","datePublished":"2026-03-23T01:30:00+00:00","author":{"@id":"https:\/\/portaltela.pt\/#\/schema\/person\/c4278d4a6028830caff9ee44b42d32ed"},"breadcrumb":{"@id":"https:\/\/portaltela.pt\/noticias\/2026\/03\/22\/diretores-de-escolas-solicitam-aumentos-salariais-e-formacao-para-novas-funcoes\/#breadcrumb"},"inLanguage":"pt-PT","potentialAction":[{"@type":"ReadAction","target":["https:\/\/portaltela.pt\/noticias\/2026\/03\/22\/diretores-de-escolas-solicitam-aumentos-salariais-e-formacao-para-novas-funcoes\/"]}]},{"@type":"ImageObject","inLanguage":"pt-PT","@id":"https:\/\/portaltela.pt\/noticias\/2026\/03\/22\/diretores-de-escolas-solicitam-aumentos-salariais-e-formacao-para-novas-funcoes\/#primaryimage","url":"https:\/\/portaltela.pt\/s.01k8rhncp4jt1\/2026\/03\/img_1280x721uu2017-07-24-01-03-00-651823.jpg","contentUrl":"https:\/\/portaltela.pt\/s.01k8rhncp4jt1\/2026\/03\/img_1280x721uu2017-07-24-01-03-00-651823.jpg","width":796,"height":448,"caption":"Compet\u00eancias dos diretores foram alargadas"},{"@type":"BreadcrumbList","@id":"https:\/\/portaltela.pt\/noticias\/2026\/03\/22\/diretores-de-escolas-solicitam-aumentos-salariais-e-formacao-para-novas-funcoes\/#breadcrumb","itemListElement":[{"@type":"ListItem","position":1,"name":"In\u00edcio","item":"https:\/\/portaltela.pt\/"},{"@type":"ListItem","position":2,"name":"Diretores de escolas solicitam aumentos salariais e forma\u00e7\u00e3o para novas fun\u00e7\u00f5es"}]},{"@type":"WebSite","@id":"https:\/\/portaltela.pt\/#website","url":"https:\/\/portaltela.pt\/","name":"Portal Tela Portugal","description":"","potentialAction":[{"@type":"SearchAction","target":{"@type":"EntryPoint","urlTemplate":"https:\/\/portaltela.pt\/?s={search_term_string}"},"query-input":{"@type":"PropertyValueSpecification","valueRequired":true,"valueName":"search_term_string"}}],"inLanguage":"pt-PT"},{"@type":"Person","@id":"https:\/\/portaltela.pt\/#\/schema\/person\/c4278d4a6028830caff9ee44b42d32ed","name":"Telinha","image":{"@type":"ImageObject","inLanguage":"pt-PT","@id":"https:\/\/portaltela.pt\/s.01k8rhncp4jt1\/2025\/11\/talking-bot-125x125.png","url":"https:\/\/portaltela.pt\/s.01k8rhncp4jt1\/2025\/11\/talking-bot-125x125.png","contentUrl":"https:\/\/portaltela.pt\/s.01k8rhncp4jt1\/2025\/11\/talking-bot-125x125.png","caption":"Telinha"},"sameAs":["https:\/\/portaltela.pt\/"],"url":"https:\/\/portaltela.pt\/por\/367410592786\/"}]}},"_links":{"self":[{"href":"https:\/\/portaltela.pt\/api\/wp\/v2\/posts\/417975","targetHints":{"allow":["GET"]}}],"collection":[{"href":"https:\/\/portaltela.pt\/api\/wp\/v2\/posts"}],"about":[{"href":"https:\/\/portaltela.pt\/api\/wp\/v2\/types\/post"}],"author":[{"embeddable":true,"href":"https:\/\/portaltela.pt\/api\/wp\/v2\/users\/2"}],"replies":[{"embeddable":true,"href":"https:\/\/portaltela.pt\/api\/wp\/v2\/comments?post=417975"}],"version-history":[{"count":0,"href":"https:\/\/portaltela.pt\/api\/wp\/v2\/posts\/417975\/revisions"}],"wp:featuredmedia":[{"embeddable":true,"href":"https:\/\/portaltela.pt\/api\/wp\/v2\/media\/417976"}],"wp:attachment":[{"href":"https:\/\/portaltela.pt\/api\/wp\/v2\/media?parent=417975"}],"wp:term":[{"taxonomy":"category","embeddable":true,"href":"https:\/\/portaltela.pt\/api\/wp\/v2\/categories?post=417975"},{"taxonomy":"post_tag","embeddable":true,"href":"https:\/\/portaltela.pt\/api\/wp\/v2\/tags?post=417975"}],"curies":[{"name":"wp","href":"https:\/\/api.w.org\/{rel}","templated":true}]}}