{"id":417963,"date":"2026-03-22T21:30:00","date_gmt":"2026-03-23T00:30:00","guid":{"rendered":"https:\/\/portaltela.pt\/noticias\/2026\/03\/22\/ratos-triunfam-num-estudo\/"},"modified":"2026-03-22T21:30:00","modified_gmt":"2026-03-23T00:30:00","slug":"ratos-triunfam-num-estudo","status":"publish","type":"post","link":"https:\/\/portaltela.pt\/noticias\/2026\/03\/22\/ratos-triunfam-num-estudo\/","title":{"rendered":"Ratos triunfam num estudo"},"content":{"rendered":"<p>Um rato de grande porte foi encontrado morto, deitado sobre pilhas de processos judiciais, no Tribunal de Silves. A ocorr\u00eancia, j\u00e1 publicada na \u00faltima p\u00e1gina da edi\u00e7\u00e3o impressa e dispon\u00edvel em jn.pt, n\u00e3o apresenta feridas vis\u00edveis na pelagem, sugerindo morte possivelmente natural. O animal estava em dec\u00fabito lateral esquerdo e, segundo a equipa, aparentava ter morrido de velho.<\/p>\n<p>O exemplar mede cerca de 30 cent\u00edmetros, incluindo cauda. O n\u00famero de um dos processos sobre o qual o animal se deitou ficou parcialmente vis\u00edvel na imagem, mas foi ocultado para n\u00e3o expor dados sens\u00edveis. O processo, segundo a observa\u00e7\u00e3o inicial, ter\u00e1 sido aberto em 2013, levantando a hip\u00f3tese de prescri\u00e7\u00e3o. A nota de preocupa\u00e7\u00e3o reside na rela\u00e7\u00e3o entre contacto humano e vest\u00edgios biol\u00f3gicos de roeduras, que podem favorecer patologias como a leptospirose.<\/p>\n<p>A simbologia do epis\u00f3dio coloca o foco na situa\u00e7\u00e3o das instala\u00e7\u00f5es da Justi\u00e7a em Portugal. Al\u00e9m do Tribunal de Silves, s\u00e3o referidas defici\u00eancias em outras comarcas, incluindo quest\u00f5es de espa\u00e7o, condi\u00e7\u00f5es de seguran\u00e7a, infiltra\u00e7\u00f5es e aus\u00eancia de recursos para manter equipamentos t\u00e9cnicos e infraestrutura. Em Porto, por exemplo, o Tribunal de S\u00e3o Jo\u00e3o Novo \u00e9 citado pela imprensa como palco de situa\u00e7\u00f5es cr\u00edticas que afetam trabalhadores e utentes.<\/p>\n<h3>Contexto da infraestrutura judicial<\/h3>\n<p>A narrativa aponta para car\u00eancias estruturais que v\u00e3o al\u00e9m de casos aislados, sugerindo um impacto na presta\u00e7\u00e3o de servi\u00e7o p\u00fablico. Respons\u00e1veis e sindicatos t\u00eam mostrado preocupa\u00e7\u00f5es com o estado de edif\u00edcios, manuten\u00e7\u00e3o, limpezas e condi\u00e7\u00f5es de trabalho, sobretudo em per\u00edodos de chuva.<\/p>\n<h3>Visita ministerial e promessas de investimento<\/h3>\n<p>A ministra da Justi\u00e7a, Rita Alarc\u00e3o J\u00fadice, dever\u00e1 deslocar-se a Coimbra numa visita anunciada para o dia de hoje. Reitera-se a tradi\u00e7\u00e3o de prometer, h\u00e1 d\u00e9cadas, a constru\u00e7\u00e3o de um novo Pal\u00e1cio da Justi\u00e7a na cidade, sem confirmar prazos ou conclus\u00e3o. A governa\u00e7\u00e3o mant\u00e9m o foco em melhorias estruturais para garantir condi\u00e7\u00f5es adequadas a funcion\u00e1rios e cidad\u00e3os.<\/p>\n","protected":false},"excerpt":{"rendered":"<ul>\n<li>Um rato de grande porte foi encontrado morto, em dec\u00fabito lateral esquerdo, sobre pilhas de processos judiciais, no Tribunal de Silves, sem les\u00f5es vis\u00edveis na pelagem.<\/li>\n<li>O texto usa o animal como met\u00e1fora do estado das instala\u00e7\u00f5es da Justi\u00e7a, mencionando pragas, falta de espa\u00e7o, infiltra\u00e7\u00f5es, tetos e paredes deteriorados e condi\u00e7\u00f5es inseguras para trabalhadores e utentes.<\/li>\n<li>Na fotografia publicada, o n\u00famero do processo vis\u00edvel foi ocultado para n\u00e3o ferir suscetibilidades; esse processo teria sido aberto em 2013, com receio de prescri\u00e7\u00e3o.<\/li>\n<li>S\u00e3o mencionados problemas semelhantes em outros tribunais, incluindo o de S\u00e3o Jo\u00e3o Novo e Coimbra, com promessas antigas de novos edificios da Justi\u00e7a que ainda n\u00e3o se concretizaram.<\/li>\n<li>A ministra da Justi\u00e7a, Rita Alarc\u00e3o J\u00fadice, \u00e9 alvo de cr\u00edticas por prometer solu\u00e7\u00f5es que n\u00e3o chegam e por a expetativa dos eleitores j\u00e1 n\u00e3o ter paci\u00eancia com a situa\u00e7\u00e3o.<\/li>\n<\/ul>\n","protected":false},"author":2,"featured_media":417964,"comment_status":"closed","ping_status":"closed","sticky":false,"template":"","format":"standard","meta":{"footnotes":""},"categories":[6815,1],"tags":[1070,6331,258,982,4588,6208],"class_list":["post-417963","post","type-post","status-publish","format-standard","has-post-thumbnail","hentry","category-justica","category-noticias","tag-coimbra","tag-condicoes-de-trabalho","tag-infraestruturas","tag-porto","tag-silves","tag-tribunais"],"yoast_head":"<!-- This site is optimized with the Yoast SEO plugin v27.2 - https:\/\/yoast.com\/product\/yoast-seo-wordpress\/ -->\n<title>Ratos triunfam num estudo - Portal Tela Portugal<\/title>\n<meta name=\"robots\" content=\"index, follow, max-snippet:-1, max-image-preview:large, max-video-preview:-1\" \/>\n<meta property=\"og:locale\" content=\"pt_PT\" \/>\n<meta property=\"og:type\" content=\"article\" \/>\n<meta property=\"og:title\" content=\"Ratos triunfam num estudo - Portal Tela Portugal\" \/>\n<meta property=\"og:description\" content=\"Um rato de grande porte foi encontrado morto, em dec\u00fabito lateral esquerdo, sobre pilhas de processos judiciais, no Tribunal de Silves, sem les\u00f5es vis\u00edveis na pelagem. O texto usa o animal como met\u00e1fora do estado das instala\u00e7\u00f5es da Justi\u00e7a, mencionando pragas, falta de espa\u00e7o, infiltra\u00e7\u00f5es, tetos e paredes deteriorados e condi\u00e7\u00f5es inseguras para trabalhadores e utentes. Na fotografia publicada, o n\u00famero do processo vis\u00edvel foi ocultado para n\u00e3o ferir suscetibilidades; esse processo teria sido aberto em 2013, com receio de prescri\u00e7\u00e3o. S\u00e3o mencionados problemas semelhantes em outros tribunais, incluindo o de S\u00e3o Jo\u00e3o Novo e Coimbra, com promessas antigas de novos edificios da Justi\u00e7a que ainda n\u00e3o se concretizaram. A ministra da Justi\u00e7a, Rita Alarc\u00e3o J\u00fadice, \u00e9 alvo de cr\u00edticas por prometer solu\u00e7\u00f5es que n\u00e3o chegam e por a expetativa dos eleitores j\u00e1 n\u00e3o ter paci\u00eancia com a situa\u00e7\u00e3o.\" \/>\n<meta property=\"og:url\" content=\"https:\/\/portaltela.pt\/noticias\/2026\/03\/22\/ratos-triunfam-num-estudo\/\" \/>\n<meta property=\"og:site_name\" content=\"Portal Tela Portugal\" \/>\n<meta property=\"article:published_time\" content=\"2026-03-23T00:30:00+00:00\" \/>\n<meta name=\"author\" content=\"Telinha\" \/>\n<meta name=\"twitter:card\" content=\"summary_large_image\" \/>\n<meta name=\"twitter:label1\" content=\"Escrito por\" \/>\n\t<meta name=\"twitter:data1\" content=\"Telinha\" \/>\n\t<meta name=\"twitter:label2\" content=\"Tempo estimado de leitura\" \/>\n\t<meta name=\"twitter:data2\" content=\"2 minutos\" \/>\n<script type=\"application\/ld+json\" class=\"yoast-schema-graph\">{\"@context\":\"https:\/\/schema.org\",\"@graph\":[{\"@type\":\"Article\",\"@id\":\"https:\/\/portaltela.pt\/noticias\/2026\/03\/22\/ratos-triunfam-num-estudo\/#article\",\"isPartOf\":{\"@id\":\"https:\/\/portaltela.pt\/noticias\/2026\/03\/22\/ratos-triunfam-num-estudo\/\"},\"author\":{\"name\":\"Telinha\",\"@id\":\"https:\/\/portaltela.pt\/#\/schema\/person\/c4278d4a6028830caff9ee44b42d32ed\"},\"headline\":\"Ratos triunfam num estudo\",\"datePublished\":\"2026-03-23T00:30:00+00:00\",\"mainEntityOfPage\":{\"@id\":\"https:\/\/portaltela.pt\/noticias\/2026\/03\/22\/ratos-triunfam-num-estudo\/\"},\"wordCount\":374,\"image\":{\"@id\":\"https:\/\/portaltela.pt\/noticias\/2026\/03\/22\/ratos-triunfam-num-estudo\/#primaryimage\"},\"thumbnailUrl\":\"https:\/\/portaltela.pt\/s.01k8rhncp4jt1\/2026\/03\/5e174a0d-d9be-4c7a-9d31-fdc8f4b5dfeb_1200x675-1.jpg\",\"keywords\":[\"Coimbra\",\"condi\u00e7\u00f5es de trabalho\",\"infraestruturas\",\"Porto\",\"Silves\",\"Tribunais\"],\"articleSection\":[\"Justi\u00e7a\",\"Not\u00edcias\"],\"inLanguage\":\"pt-PT\"},{\"@type\":\"WebPage\",\"@id\":\"https:\/\/portaltela.pt\/noticias\/2026\/03\/22\/ratos-triunfam-num-estudo\/\",\"url\":\"https:\/\/portaltela.pt\/noticias\/2026\/03\/22\/ratos-triunfam-num-estudo\/\",\"name\":\"Ratos triunfam num estudo - Portal Tela Portugal\",\"isPartOf\":{\"@id\":\"https:\/\/portaltela.pt\/#website\"},\"primaryImageOfPage\":{\"@id\":\"https:\/\/portaltela.pt\/noticias\/2026\/03\/22\/ratos-triunfam-num-estudo\/#primaryimage\"},\"image\":{\"@id\":\"https:\/\/portaltela.pt\/noticias\/2026\/03\/22\/ratos-triunfam-num-estudo\/#primaryimage\"},\"thumbnailUrl\":\"https:\/\/portaltela.pt\/s.01k8rhncp4jt1\/2026\/03\/5e174a0d-d9be-4c7a-9d31-fdc8f4b5dfeb_1200x675-1.jpg\",\"datePublished\":\"2026-03-23T00:30:00+00:00\",\"author\":{\"@id\":\"https:\/\/portaltela.pt\/#\/schema\/person\/c4278d4a6028830caff9ee44b42d32ed\"},\"breadcrumb\":{\"@id\":\"https:\/\/portaltela.pt\/noticias\/2026\/03\/22\/ratos-triunfam-num-estudo\/#breadcrumb\"},\"inLanguage\":\"pt-PT\",\"potentialAction\":[{\"@type\":\"ReadAction\",\"target\":[\"https:\/\/portaltela.pt\/noticias\/2026\/03\/22\/ratos-triunfam-num-estudo\/\"]}]},{\"@type\":\"ImageObject\",\"inLanguage\":\"pt-PT\",\"@id\":\"https:\/\/portaltela.pt\/noticias\/2026\/03\/22\/ratos-triunfam-num-estudo\/#primaryimage\",\"url\":\"https:\/\/portaltela.pt\/s.01k8rhncp4jt1\/2026\/03\/5e174a0d-d9be-4c7a-9d31-fdc8f4b5dfeb_1200x675-1.jpg\",\"contentUrl\":\"https:\/\/portaltela.pt\/s.01k8rhncp4jt1\/2026\/03\/5e174a0d-d9be-4c7a-9d31-fdc8f4b5dfeb_1200x675-1.jpg\",\"width\":796,\"height\":448,\"caption\":\"Photo\"},{\"@type\":\"BreadcrumbList\",\"@id\":\"https:\/\/portaltela.pt\/noticias\/2026\/03\/22\/ratos-triunfam-num-estudo\/#breadcrumb\",\"itemListElement\":[{\"@type\":\"ListItem\",\"position\":1,\"name\":\"In\u00edcio\",\"item\":\"https:\/\/portaltela.pt\/\"},{\"@type\":\"ListItem\",\"position\":2,\"name\":\"Ratos triunfam num estudo\"}]},{\"@type\":\"WebSite\",\"@id\":\"https:\/\/portaltela.pt\/#website\",\"url\":\"https:\/\/portaltela.pt\/\",\"name\":\"Portal Tela Portugal\",\"description\":\"\",\"potentialAction\":[{\"@type\":\"SearchAction\",\"target\":{\"@type\":\"EntryPoint\",\"urlTemplate\":\"https:\/\/portaltela.pt\/?s={search_term_string}\"},\"query-input\":{\"@type\":\"PropertyValueSpecification\",\"valueRequired\":true,\"valueName\":\"search_term_string\"}}],\"inLanguage\":\"pt-PT\"},{\"@type\":\"Person\",\"@id\":\"https:\/\/portaltela.pt\/#\/schema\/person\/c4278d4a6028830caff9ee44b42d32ed\",\"name\":\"Telinha\",\"image\":{\"@type\":\"ImageObject\",\"inLanguage\":\"pt-PT\",\"@id\":\"https:\/\/portaltela.pt\/s.01k8rhncp4jt1\/2025\/11\/talking-bot-125x125.png\",\"url\":\"https:\/\/portaltela.pt\/s.01k8rhncp4jt1\/2025\/11\/talking-bot-125x125.png\",\"contentUrl\":\"https:\/\/portaltela.pt\/s.01k8rhncp4jt1\/2025\/11\/talking-bot-125x125.png\",\"caption\":\"Telinha\"},\"sameAs\":[\"https:\/\/portaltela.pt\/\"],\"url\":\"https:\/\/portaltela.pt\/por\/367410592786\/\"}]}<\/script>\n<!-- \/ Yoast SEO plugin. -->","yoast_head_json":{"title":"Ratos triunfam num estudo - Portal Tela Portugal","robots":{"index":"index","follow":"follow","max-snippet":"max-snippet:-1","max-image-preview":"max-image-preview:large","max-video-preview":"max-video-preview:-1"},"og_locale":"pt_PT","og_type":"article","og_title":"Ratos triunfam num estudo - Portal Tela Portugal","og_description":"Um rato de grande porte foi encontrado morto, em dec\u00fabito lateral esquerdo, sobre pilhas de processos judiciais, no Tribunal de Silves, sem les\u00f5es vis\u00edveis na pelagem. O texto usa o animal como met\u00e1fora do estado das instala\u00e7\u00f5es da Justi\u00e7a, mencionando pragas, falta de espa\u00e7o, infiltra\u00e7\u00f5es, tetos e paredes deteriorados e condi\u00e7\u00f5es inseguras para trabalhadores e utentes. Na fotografia publicada, o n\u00famero do processo vis\u00edvel foi ocultado para n\u00e3o ferir suscetibilidades; esse processo teria sido aberto em 2013, com receio de prescri\u00e7\u00e3o. S\u00e3o mencionados problemas semelhantes em outros tribunais, incluindo o de S\u00e3o Jo\u00e3o Novo e Coimbra, com promessas antigas de novos edificios da Justi\u00e7a que ainda n\u00e3o se concretizaram. A ministra da Justi\u00e7a, Rita Alarc\u00e3o J\u00fadice, \u00e9 alvo de cr\u00edticas por prometer solu\u00e7\u00f5es que n\u00e3o chegam e por a expetativa dos eleitores j\u00e1 n\u00e3o ter paci\u00eancia com a situa\u00e7\u00e3o.","og_url":"https:\/\/portaltela.pt\/noticias\/2026\/03\/22\/ratos-triunfam-num-estudo\/","og_site_name":"Portal Tela Portugal","article_published_time":"2026-03-23T00:30:00+00:00","author":"Telinha","twitter_card":"summary_large_image","twitter_misc":{"Escrito por":"Telinha","Tempo estimado de leitura":"2 minutos"},"schema":{"@context":"https:\/\/schema.org","@graph":[{"@type":"Article","@id":"https:\/\/portaltela.pt\/noticias\/2026\/03\/22\/ratos-triunfam-num-estudo\/#article","isPartOf":{"@id":"https:\/\/portaltela.pt\/noticias\/2026\/03\/22\/ratos-triunfam-num-estudo\/"},"author":{"name":"Telinha","@id":"https:\/\/portaltela.pt\/#\/schema\/person\/c4278d4a6028830caff9ee44b42d32ed"},"headline":"Ratos triunfam num estudo","datePublished":"2026-03-23T00:30:00+00:00","mainEntityOfPage":{"@id":"https:\/\/portaltela.pt\/noticias\/2026\/03\/22\/ratos-triunfam-num-estudo\/"},"wordCount":374,"image":{"@id":"https:\/\/portaltela.pt\/noticias\/2026\/03\/22\/ratos-triunfam-num-estudo\/#primaryimage"},"thumbnailUrl":"https:\/\/portaltela.pt\/s.01k8rhncp4jt1\/2026\/03\/5e174a0d-d9be-4c7a-9d31-fdc8f4b5dfeb_1200x675-1.jpg","keywords":["Coimbra","condi\u00e7\u00f5es de trabalho","infraestruturas","Porto","Silves","Tribunais"],"articleSection":["Justi\u00e7a","Not\u00edcias"],"inLanguage":"pt-PT"},{"@type":"WebPage","@id":"https:\/\/portaltela.pt\/noticias\/2026\/03\/22\/ratos-triunfam-num-estudo\/","url":"https:\/\/portaltela.pt\/noticias\/2026\/03\/22\/ratos-triunfam-num-estudo\/","name":"Ratos triunfam num estudo - Portal Tela Portugal","isPartOf":{"@id":"https:\/\/portaltela.pt\/#website"},"primaryImageOfPage":{"@id":"https:\/\/portaltela.pt\/noticias\/2026\/03\/22\/ratos-triunfam-num-estudo\/#primaryimage"},"image":{"@id":"https:\/\/portaltela.pt\/noticias\/2026\/03\/22\/ratos-triunfam-num-estudo\/#primaryimage"},"thumbnailUrl":"https:\/\/portaltela.pt\/s.01k8rhncp4jt1\/2026\/03\/5e174a0d-d9be-4c7a-9d31-fdc8f4b5dfeb_1200x675-1.jpg","datePublished":"2026-03-23T00:30:00+00:00","author":{"@id":"https:\/\/portaltela.pt\/#\/schema\/person\/c4278d4a6028830caff9ee44b42d32ed"},"breadcrumb":{"@id":"https:\/\/portaltela.pt\/noticias\/2026\/03\/22\/ratos-triunfam-num-estudo\/#breadcrumb"},"inLanguage":"pt-PT","potentialAction":[{"@type":"ReadAction","target":["https:\/\/portaltela.pt\/noticias\/2026\/03\/22\/ratos-triunfam-num-estudo\/"]}]},{"@type":"ImageObject","inLanguage":"pt-PT","@id":"https:\/\/portaltela.pt\/noticias\/2026\/03\/22\/ratos-triunfam-num-estudo\/#primaryimage","url":"https:\/\/portaltela.pt\/s.01k8rhncp4jt1\/2026\/03\/5e174a0d-d9be-4c7a-9d31-fdc8f4b5dfeb_1200x675-1.jpg","contentUrl":"https:\/\/portaltela.pt\/s.01k8rhncp4jt1\/2026\/03\/5e174a0d-d9be-4c7a-9d31-fdc8f4b5dfeb_1200x675-1.jpg","width":796,"height":448,"caption":"Photo"},{"@type":"BreadcrumbList","@id":"https:\/\/portaltela.pt\/noticias\/2026\/03\/22\/ratos-triunfam-num-estudo\/#breadcrumb","itemListElement":[{"@type":"ListItem","position":1,"name":"In\u00edcio","item":"https:\/\/portaltela.pt\/"},{"@type":"ListItem","position":2,"name":"Ratos triunfam num estudo"}]},{"@type":"WebSite","@id":"https:\/\/portaltela.pt\/#website","url":"https:\/\/portaltela.pt\/","name":"Portal Tela Portugal","description":"","potentialAction":[{"@type":"SearchAction","target":{"@type":"EntryPoint","urlTemplate":"https:\/\/portaltela.pt\/?s={search_term_string}"},"query-input":{"@type":"PropertyValueSpecification","valueRequired":true,"valueName":"search_term_string"}}],"inLanguage":"pt-PT"},{"@type":"Person","@id":"https:\/\/portaltela.pt\/#\/schema\/person\/c4278d4a6028830caff9ee44b42d32ed","name":"Telinha","image":{"@type":"ImageObject","inLanguage":"pt-PT","@id":"https:\/\/portaltela.pt\/s.01k8rhncp4jt1\/2025\/11\/talking-bot-125x125.png","url":"https:\/\/portaltela.pt\/s.01k8rhncp4jt1\/2025\/11\/talking-bot-125x125.png","contentUrl":"https:\/\/portaltela.pt\/s.01k8rhncp4jt1\/2025\/11\/talking-bot-125x125.png","caption":"Telinha"},"sameAs":["https:\/\/portaltela.pt\/"],"url":"https:\/\/portaltela.pt\/por\/367410592786\/"}]}},"_links":{"self":[{"href":"https:\/\/portaltela.pt\/api\/wp\/v2\/posts\/417963","targetHints":{"allow":["GET"]}}],"collection":[{"href":"https:\/\/portaltela.pt\/api\/wp\/v2\/posts"}],"about":[{"href":"https:\/\/portaltela.pt\/api\/wp\/v2\/types\/post"}],"author":[{"embeddable":true,"href":"https:\/\/portaltela.pt\/api\/wp\/v2\/users\/2"}],"replies":[{"embeddable":true,"href":"https:\/\/portaltela.pt\/api\/wp\/v2\/comments?post=417963"}],"version-history":[{"count":0,"href":"https:\/\/portaltela.pt\/api\/wp\/v2\/posts\/417963\/revisions"}],"wp:featuredmedia":[{"embeddable":true,"href":"https:\/\/portaltela.pt\/api\/wp\/v2\/media\/417964"}],"wp:attachment":[{"href":"https:\/\/portaltela.pt\/api\/wp\/v2\/media?parent=417963"}],"wp:term":[{"taxonomy":"category","embeddable":true,"href":"https:\/\/portaltela.pt\/api\/wp\/v2\/categories?post=417963"},{"taxonomy":"post_tag","embeddable":true,"href":"https:\/\/portaltela.pt\/api\/wp\/v2\/tags?post=417963"}],"curies":[{"name":"wp","href":"https:\/\/api.w.org\/{rel}","templated":true}]}}