{"id":417937,"date":"2026-03-22T21:00:00","date_gmt":"2026-03-23T00:00:00","guid":{"rendered":"https:\/\/portaltela.pt\/noticias\/2026\/03\/22\/economia-do-mar-abre-oportunidade-para-viana-e-portugal\/"},"modified":"2026-03-22T21:00:00","modified_gmt":"2026-03-23T00:00:00","slug":"economia-do-mar-abre-oportunidade-para-viana-e-portugal","status":"publish","type":"post","link":"https:\/\/portaltela.pt\/noticias\/economia\/2026\/03\/22\/economia-do-mar-abre-oportunidade-para-viana-e-portugal\/","title":{"rendered":"Economia do mar abre oportunidade para Viana e Portugal"},"content":{"rendered":"<p>Viana do Castelo mant\u00e9m uma liga\u00e7\u00e3o hist\u00f3rica com o mar, que ao longo dos s\u00e9culos moldou a economia, a cultura e a identidade do concelho. Hoje, a economia do mar surge como uma oportunidade de desenvolvimento sustent\u00e1vel para a regi\u00e3o e para o pa\u00eds.<\/p>\n<p>O munic\u00edpio tem promovido ativamente a economia azul, alinhando passado e futuro. Oobjectivo \u00e9 transformar o oceano num polo de investimento, inova\u00e7\u00e3o e cria\u00e7\u00e3o de emprego, mantendo o equil\u00edbrio ambiental.<\/p>\n<p>Dias de confer\u00eancias e encontros relevantes ajudaram a colocar Viana do Castelo como polo da economia azul. O Jornal de Not\u00edcias acolheu o primeiro evento dos 50 anos do poder local, sob o tema a economia do mar &#8211; Do vento \u00e0s ondas de inova\u00e7\u00e3o.<\/p>\n<h3>Economia azul em Viana do Castelo<\/h3>\n<p>O encontro reuniu empres\u00e1rios, especialistas e representantes pol\u00edticos para debater estrat\u00e9gias, n\u00facleos de investiga\u00e7\u00e3o e transfer\u00eancia de conhecimento ligados ao mar. A iniciativa destacou a import\u00e2ncia de uma vis\u00e3o integrada.<\/p>\n<p>Poucos dias depois, ocorreu o Olamur Consortium Meeting, com parceiros e especialistas de oito pa\u00edses. O objetivo foi partilhar experi\u00eancias e consolidar redes de coopera\u00e7\u00e3o para projetos mar\u00edtimos.<\/p>\n<p>Viana do Castelo pretende consolidar um ecossistema que envolva universidades, centros de investiga\u00e7\u00e3o, empresas e entidades p\u00fablicas. A aposta passa pela energia renov\u00e1vel offshore, investiga\u00e7\u00e3o cient\u00edfica e a Zona Livre Tecnol\u00f3gica j\u00e1 publicada.<\/p>\n<p>A vis\u00e3o a longo prazo exige pol\u00edticas p\u00fablicas consistentes e investimento estrat\u00e9gico. A economia do mar \u00e9 apresentada como eixo de desenvolvimento para o concelho e para Portugal, sem comprometer a preserva\u00e7\u00e3o ambiental.<\/p>\n","protected":false},"excerpt":{"rendered":"<ul>\n<li>Viana do Castelo aposta na economia azul como pilar do desenvolvimento econ\u00f3mico sustent\u00e1vel, conectando o passado mar\u00edtimo ao futuro do concelho e do pa\u00eds.<\/li>\n<li>O munic\u00edpio acolheu a confer\u00eancia sobre a economia do mar, organizada pelo Jornal de Not\u00edcias, e, dias depois, o Olamur Consortium Meeting com parceiros de oito pa\u00edses.<\/li>\n<li>A regi\u00e3o pretende firmar-se como polo nacional da economia azul, atraindo investimento, investiga\u00e7\u00e3o, inova\u00e7\u00e3o e tecnologia nas energias renov\u00e1veis offshores e na ind\u00fastria naval.<\/li>\n<li>Destaca-se a Zona Livre Tecnol\u00f3gica j\u00e1 delimitada, bem como o esfor\u00e7o para criar um ecossistema que envolva universidades, centros de investiga\u00e7\u00e3o, empresas e entidades p\u00fablicas.<\/li>\n<li>Para o \u00eaxito, \u00e9 essencial uma vis\u00e3o de longo prazo e pol\u00edticas p\u00fablicas est\u00e1veis, consolidando o mar como pilar estrat\u00e9gico do desenvolvimento de Viana do Castelo e de Portugal.<\/li>\n<\/ul>\n","protected":false},"author":2,"featured_media":417939,"comment_status":"closed","ping_status":"closed","sticky":false,"template":"","format":"standard","meta":{"footnotes":""},"categories":[2,6735],"tags":[6115,1003,2729,316,45,1530],"class_list":["post-417937","post","type-post","status-publish","format-standard","has-post-thumbnail","hentry","category-economia","category-negocios","tag-_economia","tag-economia-azul","tag-energia-renovavel","tag-investimento","tag-meio-ambiente","tag-viana-do-castelo"],"yoast_head":"<!-- This site is optimized with the Yoast SEO plugin v27.2 - https:\/\/yoast.com\/product\/yoast-seo-wordpress\/ -->\n<title>Economia do mar abre oportunidade para Viana e Portugal - Portal Tela Portugal<\/title>\n<meta name=\"robots\" content=\"index, follow, max-snippet:-1, max-image-preview:large, max-video-preview:-1\" \/>\n<meta property=\"og:locale\" content=\"pt_PT\" \/>\n<meta property=\"og:type\" content=\"article\" \/>\n<meta property=\"og:title\" content=\"Economia do mar abre oportunidade para Viana e Portugal - Portal Tela Portugal\" \/>\n<meta property=\"og:description\" content=\"Viana do Castelo aposta na economia azul como pilar do desenvolvimento econ\u00f3mico sustent\u00e1vel, conectando o passado mar\u00edtimo ao futuro do concelho e do pa\u00eds. O munic\u00edpio acolheu a confer\u00eancia sobre a economia do mar, organizada pelo Jornal de Not\u00edcias, e, dias depois, o Olamur Consortium Meeting com parceiros de oito pa\u00edses. A regi\u00e3o pretende firmar-se como polo nacional da economia azul, atraindo investimento, investiga\u00e7\u00e3o, inova\u00e7\u00e3o e tecnologia nas energias renov\u00e1veis offshores e na ind\u00fastria naval. Destaca-se a Zona Livre Tecnol\u00f3gica j\u00e1 delimitada, bem como o esfor\u00e7o para criar um ecossistema que envolva universidades, centros de investiga\u00e7\u00e3o, empresas e entidades p\u00fablicas. Para o \u00eaxito, \u00e9 essencial uma vis\u00e3o de longo prazo e pol\u00edticas p\u00fablicas est\u00e1veis, consolidando o mar como pilar estrat\u00e9gico do desenvolvimento de Viana do Castelo e de Portugal.\" \/>\n<meta property=\"og:url\" content=\"https:\/\/portaltela.pt\/noticias\/2026\/03\/22\/economia-do-mar-abre-oportunidade-para-viana-e-portugal\/\" \/>\n<meta property=\"og:site_name\" content=\"Portal Tela Portugal\" \/>\n<meta property=\"article:published_time\" content=\"2026-03-23T00:00:00+00:00\" \/>\n<meta name=\"author\" content=\"Telinha\" \/>\n<meta name=\"twitter:card\" content=\"summary_large_image\" \/>\n<meta name=\"twitter:label1\" content=\"Escrito por\" \/>\n\t<meta name=\"twitter:data1\" content=\"Telinha\" \/>\n\t<meta name=\"twitter:label2\" content=\"Tempo estimado de leitura\" \/>\n\t<meta name=\"twitter:data2\" content=\"1 minuto\" \/>\n<script type=\"application\/ld+json\" class=\"yoast-schema-graph\">{\"@context\":\"https:\/\/schema.org\",\"@graph\":[{\"@type\":\"Article\",\"@id\":\"https:\/\/portaltela.pt\/noticias\/2026\/03\/22\/economia-do-mar-abre-oportunidade-para-viana-e-portugal\/#article\",\"isPartOf\":{\"@id\":\"https:\/\/portaltela.pt\/noticias\/2026\/03\/22\/economia-do-mar-abre-oportunidade-para-viana-e-portugal\/\"},\"author\":{\"name\":\"Telinha\",\"@id\":\"https:\/\/portaltela.pt\/#\/schema\/person\/c4278d4a6028830caff9ee44b42d32ed\"},\"headline\":\"Economia do mar abre oportunidade para Viana e Portugal\",\"datePublished\":\"2026-03-23T00:00:00+00:00\",\"mainEntityOfPage\":{\"@id\":\"https:\/\/portaltela.pt\/noticias\/2026\/03\/22\/economia-do-mar-abre-oportunidade-para-viana-e-portugal\/\"},\"wordCount\":292,\"image\":{\"@id\":\"https:\/\/portaltela.pt\/noticias\/2026\/03\/22\/economia-do-mar-abre-oportunidade-para-viana-e-portugal\/#primaryimage\"},\"thumbnailUrl\":\"https:\/\/portaltela.pt\/s.01k8rhncp4jt1\/2026\/03\/701d2e50-6ec1-4e11-81b3-c51471d2ae47_1200x675.jpg\",\"keywords\":[\"_economia\",\"economia azul\",\"energia renov\u00e1vel\",\"investimento\",\"meio-ambiente\",\"Viana do Castelo\"],\"articleSection\":[\"Economia\",\"Neg\u00f3cios\"],\"inLanguage\":\"pt-PT\"},{\"@type\":\"WebPage\",\"@id\":\"https:\/\/portaltela.pt\/noticias\/2026\/03\/22\/economia-do-mar-abre-oportunidade-para-viana-e-portugal\/\",\"url\":\"https:\/\/portaltela.pt\/noticias\/2026\/03\/22\/economia-do-mar-abre-oportunidade-para-viana-e-portugal\/\",\"name\":\"Economia do mar abre oportunidade para Viana e Portugal - Portal Tela Portugal\",\"isPartOf\":{\"@id\":\"https:\/\/portaltela.pt\/#website\"},\"primaryImageOfPage\":{\"@id\":\"https:\/\/portaltela.pt\/noticias\/2026\/03\/22\/economia-do-mar-abre-oportunidade-para-viana-e-portugal\/#primaryimage\"},\"image\":{\"@id\":\"https:\/\/portaltela.pt\/noticias\/2026\/03\/22\/economia-do-mar-abre-oportunidade-para-viana-e-portugal\/#primaryimage\"},\"thumbnailUrl\":\"https:\/\/portaltela.pt\/s.01k8rhncp4jt1\/2026\/03\/701d2e50-6ec1-4e11-81b3-c51471d2ae47_1200x675.jpg\",\"datePublished\":\"2026-03-23T00:00:00+00:00\",\"author\":{\"@id\":\"https:\/\/portaltela.pt\/#\/schema\/person\/c4278d4a6028830caff9ee44b42d32ed\"},\"breadcrumb\":{\"@id\":\"https:\/\/portaltela.pt\/noticias\/2026\/03\/22\/economia-do-mar-abre-oportunidade-para-viana-e-portugal\/#breadcrumb\"},\"inLanguage\":\"pt-PT\",\"potentialAction\":[{\"@type\":\"ReadAction\",\"target\":[\"https:\/\/portaltela.pt\/noticias\/2026\/03\/22\/economia-do-mar-abre-oportunidade-para-viana-e-portugal\/\"]}]},{\"@type\":\"ImageObject\",\"inLanguage\":\"pt-PT\",\"@id\":\"https:\/\/portaltela.pt\/noticias\/2026\/03\/22\/economia-do-mar-abre-oportunidade-para-viana-e-portugal\/#primaryimage\",\"url\":\"https:\/\/portaltela.pt\/s.01k8rhncp4jt1\/2026\/03\/701d2e50-6ec1-4e11-81b3-c51471d2ae47_1200x675.jpg\",\"contentUrl\":\"https:\/\/portaltela.pt\/s.01k8rhncp4jt1\/2026\/03\/701d2e50-6ec1-4e11-81b3-c51471d2ae47_1200x675.jpg\",\"width\":796,\"height\":448,\"caption\":\"Photo\"},{\"@type\":\"BreadcrumbList\",\"@id\":\"https:\/\/portaltela.pt\/noticias\/2026\/03\/22\/economia-do-mar-abre-oportunidade-para-viana-e-portugal\/#breadcrumb\",\"itemListElement\":[{\"@type\":\"ListItem\",\"position\":1,\"name\":\"In\u00edcio\",\"item\":\"https:\/\/portaltela.pt\/\"},{\"@type\":\"ListItem\",\"position\":2,\"name\":\"Economia do mar abre oportunidade para Viana e Portugal\"}]},{\"@type\":\"WebSite\",\"@id\":\"https:\/\/portaltela.pt\/#website\",\"url\":\"https:\/\/portaltela.pt\/\",\"name\":\"Portal Tela Portugal\",\"description\":\"\",\"potentialAction\":[{\"@type\":\"SearchAction\",\"target\":{\"@type\":\"EntryPoint\",\"urlTemplate\":\"https:\/\/portaltela.pt\/?s={search_term_string}\"},\"query-input\":{\"@type\":\"PropertyValueSpecification\",\"valueRequired\":true,\"valueName\":\"search_term_string\"}}],\"inLanguage\":\"pt-PT\"},{\"@type\":\"Person\",\"@id\":\"https:\/\/portaltela.pt\/#\/schema\/person\/c4278d4a6028830caff9ee44b42d32ed\",\"name\":\"Telinha\",\"image\":{\"@type\":\"ImageObject\",\"inLanguage\":\"pt-PT\",\"@id\":\"https:\/\/portaltela.pt\/s.01k8rhncp4jt1\/2025\/11\/talking-bot-125x125.png\",\"url\":\"https:\/\/portaltela.pt\/s.01k8rhncp4jt1\/2025\/11\/talking-bot-125x125.png\",\"contentUrl\":\"https:\/\/portaltela.pt\/s.01k8rhncp4jt1\/2025\/11\/talking-bot-125x125.png\",\"caption\":\"Telinha\"},\"sameAs\":[\"https:\/\/portaltela.pt\/\"],\"url\":\"https:\/\/portaltela.pt\/por\/367410592786\/\"}]}<\/script>\n<!-- \/ Yoast SEO plugin. -->","yoast_head_json":{"title":"Economia do mar abre oportunidade para Viana e Portugal - Portal Tela Portugal","robots":{"index":"index","follow":"follow","max-snippet":"max-snippet:-1","max-image-preview":"max-image-preview:large","max-video-preview":"max-video-preview:-1"},"og_locale":"pt_PT","og_type":"article","og_title":"Economia do mar abre oportunidade para Viana e Portugal - Portal Tela Portugal","og_description":"Viana do Castelo aposta na economia azul como pilar do desenvolvimento econ\u00f3mico sustent\u00e1vel, conectando o passado mar\u00edtimo ao futuro do concelho e do pa\u00eds. O munic\u00edpio acolheu a confer\u00eancia sobre a economia do mar, organizada pelo Jornal de Not\u00edcias, e, dias depois, o Olamur Consortium Meeting com parceiros de oito pa\u00edses. A regi\u00e3o pretende firmar-se como polo nacional da economia azul, atraindo investimento, investiga\u00e7\u00e3o, inova\u00e7\u00e3o e tecnologia nas energias renov\u00e1veis offshores e na ind\u00fastria naval. Destaca-se a Zona Livre Tecnol\u00f3gica j\u00e1 delimitada, bem como o esfor\u00e7o para criar um ecossistema que envolva universidades, centros de investiga\u00e7\u00e3o, empresas e entidades p\u00fablicas. Para o \u00eaxito, \u00e9 essencial uma vis\u00e3o de longo prazo e pol\u00edticas p\u00fablicas est\u00e1veis, consolidando o mar como pilar estrat\u00e9gico do desenvolvimento de Viana do Castelo e de Portugal.","og_url":"https:\/\/portaltela.pt\/noticias\/2026\/03\/22\/economia-do-mar-abre-oportunidade-para-viana-e-portugal\/","og_site_name":"Portal Tela Portugal","article_published_time":"2026-03-23T00:00:00+00:00","author":"Telinha","twitter_card":"summary_large_image","twitter_misc":{"Escrito por":"Telinha","Tempo estimado de leitura":"1 minuto"},"schema":{"@context":"https:\/\/schema.org","@graph":[{"@type":"Article","@id":"https:\/\/portaltela.pt\/noticias\/2026\/03\/22\/economia-do-mar-abre-oportunidade-para-viana-e-portugal\/#article","isPartOf":{"@id":"https:\/\/portaltela.pt\/noticias\/2026\/03\/22\/economia-do-mar-abre-oportunidade-para-viana-e-portugal\/"},"author":{"name":"Telinha","@id":"https:\/\/portaltela.pt\/#\/schema\/person\/c4278d4a6028830caff9ee44b42d32ed"},"headline":"Economia do mar abre oportunidade para Viana e Portugal","datePublished":"2026-03-23T00:00:00+00:00","mainEntityOfPage":{"@id":"https:\/\/portaltela.pt\/noticias\/2026\/03\/22\/economia-do-mar-abre-oportunidade-para-viana-e-portugal\/"},"wordCount":292,"image":{"@id":"https:\/\/portaltela.pt\/noticias\/2026\/03\/22\/economia-do-mar-abre-oportunidade-para-viana-e-portugal\/#primaryimage"},"thumbnailUrl":"https:\/\/portaltela.pt\/s.01k8rhncp4jt1\/2026\/03\/701d2e50-6ec1-4e11-81b3-c51471d2ae47_1200x675.jpg","keywords":["_economia","economia azul","energia renov\u00e1vel","investimento","meio-ambiente","Viana do Castelo"],"articleSection":["Economia","Neg\u00f3cios"],"inLanguage":"pt-PT"},{"@type":"WebPage","@id":"https:\/\/portaltela.pt\/noticias\/2026\/03\/22\/economia-do-mar-abre-oportunidade-para-viana-e-portugal\/","url":"https:\/\/portaltela.pt\/noticias\/2026\/03\/22\/economia-do-mar-abre-oportunidade-para-viana-e-portugal\/","name":"Economia do mar abre oportunidade para Viana e Portugal - Portal Tela Portugal","isPartOf":{"@id":"https:\/\/portaltela.pt\/#website"},"primaryImageOfPage":{"@id":"https:\/\/portaltela.pt\/noticias\/2026\/03\/22\/economia-do-mar-abre-oportunidade-para-viana-e-portugal\/#primaryimage"},"image":{"@id":"https:\/\/portaltela.pt\/noticias\/2026\/03\/22\/economia-do-mar-abre-oportunidade-para-viana-e-portugal\/#primaryimage"},"thumbnailUrl":"https:\/\/portaltela.pt\/s.01k8rhncp4jt1\/2026\/03\/701d2e50-6ec1-4e11-81b3-c51471d2ae47_1200x675.jpg","datePublished":"2026-03-23T00:00:00+00:00","author":{"@id":"https:\/\/portaltela.pt\/#\/schema\/person\/c4278d4a6028830caff9ee44b42d32ed"},"breadcrumb":{"@id":"https:\/\/portaltela.pt\/noticias\/2026\/03\/22\/economia-do-mar-abre-oportunidade-para-viana-e-portugal\/#breadcrumb"},"inLanguage":"pt-PT","potentialAction":[{"@type":"ReadAction","target":["https:\/\/portaltela.pt\/noticias\/2026\/03\/22\/economia-do-mar-abre-oportunidade-para-viana-e-portugal\/"]}]},{"@type":"ImageObject","inLanguage":"pt-PT","@id":"https:\/\/portaltela.pt\/noticias\/2026\/03\/22\/economia-do-mar-abre-oportunidade-para-viana-e-portugal\/#primaryimage","url":"https:\/\/portaltela.pt\/s.01k8rhncp4jt1\/2026\/03\/701d2e50-6ec1-4e11-81b3-c51471d2ae47_1200x675.jpg","contentUrl":"https:\/\/portaltela.pt\/s.01k8rhncp4jt1\/2026\/03\/701d2e50-6ec1-4e11-81b3-c51471d2ae47_1200x675.jpg","width":796,"height":448,"caption":"Photo"},{"@type":"BreadcrumbList","@id":"https:\/\/portaltela.pt\/noticias\/2026\/03\/22\/economia-do-mar-abre-oportunidade-para-viana-e-portugal\/#breadcrumb","itemListElement":[{"@type":"ListItem","position":1,"name":"In\u00edcio","item":"https:\/\/portaltela.pt\/"},{"@type":"ListItem","position":2,"name":"Economia do mar abre oportunidade para Viana e Portugal"}]},{"@type":"WebSite","@id":"https:\/\/portaltela.pt\/#website","url":"https:\/\/portaltela.pt\/","name":"Portal Tela Portugal","description":"","potentialAction":[{"@type":"SearchAction","target":{"@type":"EntryPoint","urlTemplate":"https:\/\/portaltela.pt\/?s={search_term_string}"},"query-input":{"@type":"PropertyValueSpecification","valueRequired":true,"valueName":"search_term_string"}}],"inLanguage":"pt-PT"},{"@type":"Person","@id":"https:\/\/portaltela.pt\/#\/schema\/person\/c4278d4a6028830caff9ee44b42d32ed","name":"Telinha","image":{"@type":"ImageObject","inLanguage":"pt-PT","@id":"https:\/\/portaltela.pt\/s.01k8rhncp4jt1\/2025\/11\/talking-bot-125x125.png","url":"https:\/\/portaltela.pt\/s.01k8rhncp4jt1\/2025\/11\/talking-bot-125x125.png","contentUrl":"https:\/\/portaltela.pt\/s.01k8rhncp4jt1\/2025\/11\/talking-bot-125x125.png","caption":"Telinha"},"sameAs":["https:\/\/portaltela.pt\/"],"url":"https:\/\/portaltela.pt\/por\/367410592786\/"}]}},"_links":{"self":[{"href":"https:\/\/portaltela.pt\/api\/wp\/v2\/posts\/417937","targetHints":{"allow":["GET"]}}],"collection":[{"href":"https:\/\/portaltela.pt\/api\/wp\/v2\/posts"}],"about":[{"href":"https:\/\/portaltela.pt\/api\/wp\/v2\/types\/post"}],"author":[{"embeddable":true,"href":"https:\/\/portaltela.pt\/api\/wp\/v2\/users\/2"}],"replies":[{"embeddable":true,"href":"https:\/\/portaltela.pt\/api\/wp\/v2\/comments?post=417937"}],"version-history":[{"count":0,"href":"https:\/\/portaltela.pt\/api\/wp\/v2\/posts\/417937\/revisions"}],"wp:featuredmedia":[{"embeddable":true,"href":"https:\/\/portaltela.pt\/api\/wp\/v2\/media\/417939"}],"wp:attachment":[{"href":"https:\/\/portaltela.pt\/api\/wp\/v2\/media?parent=417937"}],"wp:term":[{"taxonomy":"category","embeddable":true,"href":"https:\/\/portaltela.pt\/api\/wp\/v2\/categories?post=417937"},{"taxonomy":"post_tag","embeddable":true,"href":"https:\/\/portaltela.pt\/api\/wp\/v2\/tags?post=417937"}],"curies":[{"name":"wp","href":"https:\/\/api.w.org\/{rel}","templated":true}]}}