{"id":417905,"date":"2026-03-20T16:26:00","date_gmt":"2026-03-20T19:26:00","guid":{"rendered":"https:\/\/portaltela.pt\/noticias\/2026\/03\/20\/rafael-leao-falha-jogo-do-milan-por-lesao-complica-martinez\/"},"modified":"2026-03-20T16:26:00","modified_gmt":"2026-03-20T19:26:00","slug":"rafael-leao-falha-jogo-do-milan-por-lesao-complica-martinez","status":"publish","type":"post","link":"https:\/\/portaltela.pt\/desporto\/futebol\/2026\/03\/20\/rafael-leao-falha-jogo-do-milan-por-lesao-complica-martinez\/","title":{"rendered":"Rafael Le\u00e3o falha jogo do Milan por les\u00e3o, complica Mart\u00ednez"},"content":{"rendered":"<p>Rafael Le\u00e3o vai falhar o pr\u00f3ximo jogo do AC Milan diante do Torino, marcado para s\u00e1bado, devido a um problema no adutor. O avan\u00e7ado foi convocado por Roberto Mart\u00ednez para a Sele\u00e7\u00e3o Nacional para os compromissos com Estados Unidos e M\u00e9xico no final do m\u00eas. O clube milan\u00eas informou que Le\u00e3o ser\u00e1 alvo de exames no s\u00e1bado para apurar a gravidade da les\u00e3o.<\/p>\n<p>A imprensa italiana aponta que o jogador n\u00e3o treinou com o grupo nesta sexta-feira, agravando a d\u00favida sobre a disponibilidade para o encontro de amanh\u00e3. Al\u00e9m disso, j\u00e1 hoje ficou claro que Rodrigo Mora tamb\u00e9m fica de fora por indisponibilidade.<\/p>\n<h3>Desentendimento entre Le\u00e3o e Allegri<\/h3>\n<p>Massimiliano Allegri minimizou o incidente envolvendo Rafael Le\u00e3o na substitui\u00e7\u00e3o frente \u00e0 Lazio, destacando que situa\u00e7\u00f5es como estas acontecem quando a equipa depende de pontos. O treinador enfatizou a import\u00e2ncia de manter a calma e concentrar-se no duelo com o Torino, que tem apresentado bons resultados desde a entrada de Roberto D\u2019Aversa.<\/p>\n<p>Allegri tamb\u00e9m indicou que Gim\u00e9nez, o avan\u00e7ado mexicano, est\u00e1 em condi\u00e7\u00f5es para ser utilizado, refor\u00e7ando a prepara\u00e7\u00e3o da equipa para o jogo seguinte. O foco passa pela recupera\u00e7\u00e3o de forma coletiva e pela exig\u00eancia do encontro de amanh\u00e3.<\/p>\n","protected":false},"excerpt":{"rendered":"<ul>\n<li>Rafael Le\u00e3o falha o pr\u00f3ximo jogo do Milan contra o Torino devido a uma les\u00e3o no adutor, com exames marcados para s\u00e1bado para apurar a gravidade.<\/li>\n<li>O avan\u00e7ado foi convocado por Roberto Mart\u00ednez para os dois compromissos da Sele\u00e7\u00e3o Nacional no final do m\u00eas, frente aos Estados Unidos e ao M\u00e9xico.<\/li>\n<li>A aus\u00eancia de Le\u00e3o soma-se \u00e0 indisponibilidade j\u00e1 conhecida de Rodrigo Mora.<\/li>\n<li>Allegri desvalorizou o desentendimento com Le\u00e3o ap\u00f3s a substitui\u00e7\u00e3o frente \u00e0 Lazio, dizendo que situa\u00e7\u00f5es assim acontecem e que \u00e9 preciso seguir em frente.<\/li>\n<li>O t\u00e9cnico revelou que Gim\u00e9nez est\u00e1 bem e ser\u00e1 chamado amanh\u00e3 para o jogo seguinte.<\/li>\n<\/ul>\n","protected":false},"author":2,"featured_media":417909,"comment_status":"closed","ping_status":"closed","sticky":false,"template":"","format":"standard","meta":{"footnotes":""},"categories":[21,24],"tags":[2120,32,1857,6380,2057,6258],"class_list":["post-417905","post","type-post","status-publish","format-standard","has-post-thumbnail","hentry","category-desporto","category-futebol","tag-ac-milan","tag-futebol","tag-italia","tag-mexico","tag-selecao-nacional","tag-torino"],"yoast_head":"<!-- This site is optimized with the Yoast SEO plugin v27.2 - https:\/\/yoast.com\/product\/yoast-seo-wordpress\/ -->\n<title>Rafael Le\u00e3o falha jogo do Milan por les\u00e3o, complica Mart\u00ednez - Portal Tela Portugal<\/title>\n<meta name=\"robots\" content=\"index, follow, max-snippet:-1, max-image-preview:large, max-video-preview:-1\" \/>\n<meta property=\"og:locale\" content=\"pt_PT\" \/>\n<meta property=\"og:type\" content=\"article\" \/>\n<meta property=\"og:title\" content=\"Rafael Le\u00e3o falha jogo do Milan por les\u00e3o, complica Mart\u00ednez - Portal Tela Portugal\" \/>\n<meta property=\"og:description\" content=\"Rafael Le\u00e3o falha o pr\u00f3ximo jogo do Milan contra o Torino devido a uma les\u00e3o no adutor, com exames marcados para s\u00e1bado para apurar a gravidade. O avan\u00e7ado foi convocado por Roberto Mart\u00ednez para os dois compromissos da Sele\u00e7\u00e3o Nacional no final do m\u00eas, frente aos Estados Unidos e ao M\u00e9xico. A aus\u00eancia de Le\u00e3o soma-se \u00e0 indisponibilidade j\u00e1 conhecida de Rodrigo Mora. Allegri desvalorizou o desentendimento com Le\u00e3o ap\u00f3s a substitui\u00e7\u00e3o frente \u00e0 Lazio, dizendo que situa\u00e7\u00f5es assim acontecem e que \u00e9 preciso seguir em frente. O t\u00e9cnico revelou que Gim\u00e9nez est\u00e1 bem e ser\u00e1 chamado amanh\u00e3 para o jogo seguinte.\" \/>\n<meta property=\"og:url\" content=\"https:\/\/portaltela.pt\/noticias\/2026\/03\/20\/rafael-leao-falha-jogo-do-milan-por-lesao-complica-martinez\/\" \/>\n<meta property=\"og:site_name\" content=\"Portal Tela Portugal\" \/>\n<meta property=\"article:published_time\" content=\"2026-03-20T19:26:00+00:00\" \/>\n<meta name=\"author\" content=\"Telinha\" \/>\n<meta name=\"twitter:card\" content=\"summary_large_image\" \/>\n<meta name=\"twitter:label1\" content=\"Escrito por\" \/>\n\t<meta name=\"twitter:data1\" content=\"Telinha\" \/>\n\t<meta name=\"twitter:label2\" content=\"Tempo estimado de leitura\" \/>\n\t<meta name=\"twitter:data2\" content=\"1 minuto\" \/>\n<script type=\"application\/ld+json\" class=\"yoast-schema-graph\">{\"@context\":\"https:\/\/schema.org\",\"@graph\":[{\"@type\":\"Article\",\"@id\":\"https:\/\/portaltela.pt\/noticias\/2026\/03\/20\/rafael-leao-falha-jogo-do-milan-por-lesao-complica-martinez\/#article\",\"isPartOf\":{\"@id\":\"https:\/\/portaltela.pt\/noticias\/2026\/03\/20\/rafael-leao-falha-jogo-do-milan-por-lesao-complica-martinez\/\"},\"author\":{\"name\":\"Telinha\",\"@id\":\"https:\/\/portaltela.pt\/#\/schema\/person\/c4278d4a6028830caff9ee44b42d32ed\"},\"headline\":\"Rafael Le\u00e3o falha jogo do Milan por les\u00e3o, complica Mart\u00ednez\",\"datePublished\":\"2026-03-20T19:26:00+00:00\",\"mainEntityOfPage\":{\"@id\":\"https:\/\/portaltela.pt\/noticias\/2026\/03\/20\/rafael-leao-falha-jogo-do-milan-por-lesao-complica-martinez\/\"},\"wordCount\":240,\"image\":{\"@id\":\"https:\/\/portaltela.pt\/noticias\/2026\/03\/20\/rafael-leao-falha-jogo-do-milan-por-lesao-complica-martinez\/#primaryimage\"},\"thumbnailUrl\":\"https:\/\/portaltela.pt\/s.01k8rhncp4jt1\/2026\/03\/img_920x518uu2026-03-20-19-26-29-2428420.jpg\",\"keywords\":[\"AC Milan\",\"futebol\",\"It\u00e1lia\",\"M\u00e9xico\",\"Sele\u00e7\u00e3o Nacional\",\"Torino\"],\"articleSection\":[\"Desporto\",\"Futebol\"],\"inLanguage\":\"pt-PT\"},{\"@type\":\"WebPage\",\"@id\":\"https:\/\/portaltela.pt\/noticias\/2026\/03\/20\/rafael-leao-falha-jogo-do-milan-por-lesao-complica-martinez\/\",\"url\":\"https:\/\/portaltela.pt\/noticias\/2026\/03\/20\/rafael-leao-falha-jogo-do-milan-por-lesao-complica-martinez\/\",\"name\":\"Rafael Le\u00e3o falha jogo do Milan por les\u00e3o, complica Mart\u00ednez - Portal Tela Portugal\",\"isPartOf\":{\"@id\":\"https:\/\/portaltela.pt\/#website\"},\"primaryImageOfPage\":{\"@id\":\"https:\/\/portaltela.pt\/noticias\/2026\/03\/20\/rafael-leao-falha-jogo-do-milan-por-lesao-complica-martinez\/#primaryimage\"},\"image\":{\"@id\":\"https:\/\/portaltela.pt\/noticias\/2026\/03\/20\/rafael-leao-falha-jogo-do-milan-por-lesao-complica-martinez\/#primaryimage\"},\"thumbnailUrl\":\"https:\/\/portaltela.pt\/s.01k8rhncp4jt1\/2026\/03\/img_920x518uu2026-03-20-19-26-29-2428420.jpg\",\"datePublished\":\"2026-03-20T19:26:00+00:00\",\"author\":{\"@id\":\"https:\/\/portaltela.pt\/#\/schema\/person\/c4278d4a6028830caff9ee44b42d32ed\"},\"breadcrumb\":{\"@id\":\"https:\/\/portaltela.pt\/noticias\/2026\/03\/20\/rafael-leao-falha-jogo-do-milan-por-lesao-complica-martinez\/#breadcrumb\"},\"inLanguage\":\"pt-PT\",\"potentialAction\":[{\"@type\":\"ReadAction\",\"target\":[\"https:\/\/portaltela.pt\/noticias\/2026\/03\/20\/rafael-leao-falha-jogo-do-milan-por-lesao-complica-martinez\/\"]}]},{\"@type\":\"ImageObject\",\"inLanguage\":\"pt-PT\",\"@id\":\"https:\/\/portaltela.pt\/noticias\/2026\/03\/20\/rafael-leao-falha-jogo-do-milan-por-lesao-complica-martinez\/#primaryimage\",\"url\":\"https:\/\/portaltela.pt\/s.01k8rhncp4jt1\/2026\/03\/img_920x518uu2026-03-20-19-26-29-2428420.jpg\",\"contentUrl\":\"https:\/\/portaltela.pt\/s.01k8rhncp4jt1\/2026\/03\/img_920x518uu2026-03-20-19-26-29-2428420.jpg\",\"width\":796,\"height\":448,\"caption\":\"Rafael Le\u00e3o falha jogo do Milan por les\u00e3o\"},{\"@type\":\"BreadcrumbList\",\"@id\":\"https:\/\/portaltela.pt\/noticias\/2026\/03\/20\/rafael-leao-falha-jogo-do-milan-por-lesao-complica-martinez\/#breadcrumb\",\"itemListElement\":[{\"@type\":\"ListItem\",\"position\":1,\"name\":\"In\u00edcio\",\"item\":\"https:\/\/portaltela.pt\/\"},{\"@type\":\"ListItem\",\"position\":2,\"name\":\"Rafael Le\u00e3o falha jogo do Milan por les\u00e3o, complica Mart\u00ednez\"}]},{\"@type\":\"WebSite\",\"@id\":\"https:\/\/portaltela.pt\/#website\",\"url\":\"https:\/\/portaltela.pt\/\",\"name\":\"Portal Tela Portugal\",\"description\":\"\",\"potentialAction\":[{\"@type\":\"SearchAction\",\"target\":{\"@type\":\"EntryPoint\",\"urlTemplate\":\"https:\/\/portaltela.pt\/?s={search_term_string}\"},\"query-input\":{\"@type\":\"PropertyValueSpecification\",\"valueRequired\":true,\"valueName\":\"search_term_string\"}}],\"inLanguage\":\"pt-PT\"},{\"@type\":\"Person\",\"@id\":\"https:\/\/portaltela.pt\/#\/schema\/person\/c4278d4a6028830caff9ee44b42d32ed\",\"name\":\"Telinha\",\"image\":{\"@type\":\"ImageObject\",\"inLanguage\":\"pt-PT\",\"@id\":\"https:\/\/portaltela.pt\/s.01k8rhncp4jt1\/2025\/11\/talking-bot-125x125.png\",\"url\":\"https:\/\/portaltela.pt\/s.01k8rhncp4jt1\/2025\/11\/talking-bot-125x125.png\",\"contentUrl\":\"https:\/\/portaltela.pt\/s.01k8rhncp4jt1\/2025\/11\/talking-bot-125x125.png\",\"caption\":\"Telinha\"},\"sameAs\":[\"https:\/\/portaltela.pt\/\"],\"url\":\"https:\/\/portaltela.pt\/por\/367410592786\/\"}]}<\/script>\n<!-- \/ Yoast SEO plugin. -->","yoast_head_json":{"title":"Rafael Le\u00e3o falha jogo do Milan por les\u00e3o, complica Mart\u00ednez - Portal Tela Portugal","robots":{"index":"index","follow":"follow","max-snippet":"max-snippet:-1","max-image-preview":"max-image-preview:large","max-video-preview":"max-video-preview:-1"},"og_locale":"pt_PT","og_type":"article","og_title":"Rafael Le\u00e3o falha jogo do Milan por les\u00e3o, complica Mart\u00ednez - Portal Tela Portugal","og_description":"Rafael Le\u00e3o falha o pr\u00f3ximo jogo do Milan contra o Torino devido a uma les\u00e3o no adutor, com exames marcados para s\u00e1bado para apurar a gravidade. O avan\u00e7ado foi convocado por Roberto Mart\u00ednez para os dois compromissos da Sele\u00e7\u00e3o Nacional no final do m\u00eas, frente aos Estados Unidos e ao M\u00e9xico. A aus\u00eancia de Le\u00e3o soma-se \u00e0 indisponibilidade j\u00e1 conhecida de Rodrigo Mora. Allegri desvalorizou o desentendimento com Le\u00e3o ap\u00f3s a substitui\u00e7\u00e3o frente \u00e0 Lazio, dizendo que situa\u00e7\u00f5es assim acontecem e que \u00e9 preciso seguir em frente. O t\u00e9cnico revelou que Gim\u00e9nez est\u00e1 bem e ser\u00e1 chamado amanh\u00e3 para o jogo seguinte.","og_url":"https:\/\/portaltela.pt\/noticias\/2026\/03\/20\/rafael-leao-falha-jogo-do-milan-por-lesao-complica-martinez\/","og_site_name":"Portal Tela Portugal","article_published_time":"2026-03-20T19:26:00+00:00","author":"Telinha","twitter_card":"summary_large_image","twitter_misc":{"Escrito por":"Telinha","Tempo estimado de leitura":"1 minuto"},"schema":{"@context":"https:\/\/schema.org","@graph":[{"@type":"Article","@id":"https:\/\/portaltela.pt\/noticias\/2026\/03\/20\/rafael-leao-falha-jogo-do-milan-por-lesao-complica-martinez\/#article","isPartOf":{"@id":"https:\/\/portaltela.pt\/noticias\/2026\/03\/20\/rafael-leao-falha-jogo-do-milan-por-lesao-complica-martinez\/"},"author":{"name":"Telinha","@id":"https:\/\/portaltela.pt\/#\/schema\/person\/c4278d4a6028830caff9ee44b42d32ed"},"headline":"Rafael Le\u00e3o falha jogo do Milan por les\u00e3o, complica Mart\u00ednez","datePublished":"2026-03-20T19:26:00+00:00","mainEntityOfPage":{"@id":"https:\/\/portaltela.pt\/noticias\/2026\/03\/20\/rafael-leao-falha-jogo-do-milan-por-lesao-complica-martinez\/"},"wordCount":240,"image":{"@id":"https:\/\/portaltela.pt\/noticias\/2026\/03\/20\/rafael-leao-falha-jogo-do-milan-por-lesao-complica-martinez\/#primaryimage"},"thumbnailUrl":"https:\/\/portaltela.pt\/s.01k8rhncp4jt1\/2026\/03\/img_920x518uu2026-03-20-19-26-29-2428420.jpg","keywords":["AC Milan","futebol","It\u00e1lia","M\u00e9xico","Sele\u00e7\u00e3o Nacional","Torino"],"articleSection":["Desporto","Futebol"],"inLanguage":"pt-PT"},{"@type":"WebPage","@id":"https:\/\/portaltela.pt\/noticias\/2026\/03\/20\/rafael-leao-falha-jogo-do-milan-por-lesao-complica-martinez\/","url":"https:\/\/portaltela.pt\/noticias\/2026\/03\/20\/rafael-leao-falha-jogo-do-milan-por-lesao-complica-martinez\/","name":"Rafael Le\u00e3o falha jogo do Milan por les\u00e3o, complica Mart\u00ednez - Portal Tela Portugal","isPartOf":{"@id":"https:\/\/portaltela.pt\/#website"},"primaryImageOfPage":{"@id":"https:\/\/portaltela.pt\/noticias\/2026\/03\/20\/rafael-leao-falha-jogo-do-milan-por-lesao-complica-martinez\/#primaryimage"},"image":{"@id":"https:\/\/portaltela.pt\/noticias\/2026\/03\/20\/rafael-leao-falha-jogo-do-milan-por-lesao-complica-martinez\/#primaryimage"},"thumbnailUrl":"https:\/\/portaltela.pt\/s.01k8rhncp4jt1\/2026\/03\/img_920x518uu2026-03-20-19-26-29-2428420.jpg","datePublished":"2026-03-20T19:26:00+00:00","author":{"@id":"https:\/\/portaltela.pt\/#\/schema\/person\/c4278d4a6028830caff9ee44b42d32ed"},"breadcrumb":{"@id":"https:\/\/portaltela.pt\/noticias\/2026\/03\/20\/rafael-leao-falha-jogo-do-milan-por-lesao-complica-martinez\/#breadcrumb"},"inLanguage":"pt-PT","potentialAction":[{"@type":"ReadAction","target":["https:\/\/portaltela.pt\/noticias\/2026\/03\/20\/rafael-leao-falha-jogo-do-milan-por-lesao-complica-martinez\/"]}]},{"@type":"ImageObject","inLanguage":"pt-PT","@id":"https:\/\/portaltela.pt\/noticias\/2026\/03\/20\/rafael-leao-falha-jogo-do-milan-por-lesao-complica-martinez\/#primaryimage","url":"https:\/\/portaltela.pt\/s.01k8rhncp4jt1\/2026\/03\/img_920x518uu2026-03-20-19-26-29-2428420.jpg","contentUrl":"https:\/\/portaltela.pt\/s.01k8rhncp4jt1\/2026\/03\/img_920x518uu2026-03-20-19-26-29-2428420.jpg","width":796,"height":448,"caption":"Rafael Le\u00e3o falha jogo do Milan por les\u00e3o"},{"@type":"BreadcrumbList","@id":"https:\/\/portaltela.pt\/noticias\/2026\/03\/20\/rafael-leao-falha-jogo-do-milan-por-lesao-complica-martinez\/#breadcrumb","itemListElement":[{"@type":"ListItem","position":1,"name":"In\u00edcio","item":"https:\/\/portaltela.pt\/"},{"@type":"ListItem","position":2,"name":"Rafael Le\u00e3o falha jogo do Milan por les\u00e3o, complica Mart\u00ednez"}]},{"@type":"WebSite","@id":"https:\/\/portaltela.pt\/#website","url":"https:\/\/portaltela.pt\/","name":"Portal Tela Portugal","description":"","potentialAction":[{"@type":"SearchAction","target":{"@type":"EntryPoint","urlTemplate":"https:\/\/portaltela.pt\/?s={search_term_string}"},"query-input":{"@type":"PropertyValueSpecification","valueRequired":true,"valueName":"search_term_string"}}],"inLanguage":"pt-PT"},{"@type":"Person","@id":"https:\/\/portaltela.pt\/#\/schema\/person\/c4278d4a6028830caff9ee44b42d32ed","name":"Telinha","image":{"@type":"ImageObject","inLanguage":"pt-PT","@id":"https:\/\/portaltela.pt\/s.01k8rhncp4jt1\/2025\/11\/talking-bot-125x125.png","url":"https:\/\/portaltela.pt\/s.01k8rhncp4jt1\/2025\/11\/talking-bot-125x125.png","contentUrl":"https:\/\/portaltela.pt\/s.01k8rhncp4jt1\/2025\/11\/talking-bot-125x125.png","caption":"Telinha"},"sameAs":["https:\/\/portaltela.pt\/"],"url":"https:\/\/portaltela.pt\/por\/367410592786\/"}]}},"_links":{"self":[{"href":"https:\/\/portaltela.pt\/api\/wp\/v2\/posts\/417905","targetHints":{"allow":["GET"]}}],"collection":[{"href":"https:\/\/portaltela.pt\/api\/wp\/v2\/posts"}],"about":[{"href":"https:\/\/portaltela.pt\/api\/wp\/v2\/types\/post"}],"author":[{"embeddable":true,"href":"https:\/\/portaltela.pt\/api\/wp\/v2\/users\/2"}],"replies":[{"embeddable":true,"href":"https:\/\/portaltela.pt\/api\/wp\/v2\/comments?post=417905"}],"version-history":[{"count":0,"href":"https:\/\/portaltela.pt\/api\/wp\/v2\/posts\/417905\/revisions"}],"wp:featuredmedia":[{"embeddable":true,"href":"https:\/\/portaltela.pt\/api\/wp\/v2\/media\/417909"}],"wp:attachment":[{"href":"https:\/\/portaltela.pt\/api\/wp\/v2\/media?parent=417905"}],"wp:term":[{"taxonomy":"category","embeddable":true,"href":"https:\/\/portaltela.pt\/api\/wp\/v2\/categories?post=417905"},{"taxonomy":"post_tag","embeddable":true,"href":"https:\/\/portaltela.pt\/api\/wp\/v2\/tags?post=417905"}],"curies":[{"name":"wp","href":"https:\/\/api.w.org\/{rel}","templated":true}]}}