{"id":417894,"date":"2026-03-20T16:00:00","date_gmt":"2026-03-20T19:00:00","guid":{"rendered":"https:\/\/portaltela.pt\/noticias\/2026\/03\/20\/novo-aumento-dos-combustiveis-na-proxima-semana-e-destaque-de-60-segundos\/"},"modified":"2026-03-20T16:00:00","modified_gmt":"2026-03-20T19:00:00","slug":"novo-aumento-dos-combustiveis-na-proxima-semana-e-destaque-de-60-segundos","status":"publish","type":"post","link":"https:\/\/portaltela.pt\/energia\/2026\/03\/20\/novo-aumento-dos-combustiveis-na-proxima-semana-e-destaque-de-60-segundos\/","title":{"rendered":"Novo aumento dos combust\u00edveis na pr\u00f3xima semana \u00e9 destaque de 60 segundos"},"content":{"rendered":"<p>O Governo anunciou que na pr\u00f3xima semana haver\u00e1 um novo aumento nos pre\u00e7os dos combust\u00edveis. A decis\u00e3o foi comunicada pelo Minist\u00e9rio da Economia e justificada pela subida do petr\u00f3leo no mercado internacional. A previs\u00e3o \u00e9 de que a gasolina e o gas\u00f3leo subam cerca de 2 c\u00eantimos por litro.<\/p>\n<p>O Executivo est\u00e1 a estudar uma nova pol\u00edtica de incentivos fiscais para promover energias renov\u00e1veis, com o objetivo de reduzir a depend\u00eancia de combust\u00edveis f\u00f3sseis e diminuir as emiss\u00f5es de gases com efeito de estufa.<\/p>\n<p>O Minist\u00e9rio da Sa\u00fade anunciou a abertura de novas unidades de cuidados intensivos em v\u00e1rias regi\u00f5es do pa\u00eds, visando melhorar o atendimento a pacientes cr\u00edticos e reduzir as listas de espera.<\/p>\n<h3>Ponte sobre o Tejo<\/h3>\n<p>O Governo confirmou a constru\u00e7\u00e3o de uma nova ponte sobre o rio Tejo, que ligar\u00e1 Lisboa a Almada. A obra est\u00e1 prevista para ficar conclu\u00edda em 2028 e pretende facilitar o tr\u00e2nsito na regi\u00e3o.<\/p>\n","protected":false},"excerpt":{"rendered":"<ul>\n<li>Governo anuncia novo aumento dos pre\u00e7os dos combust\u00edveis na pr\u00f3xima semana, com gasolina e gas\u00f3leo a subir cerca de 2 c\u00eantimos por litro.<\/li>\n<li>A subida \u00e9 justificada pela subida do pre\u00e7o do petr\u00f3leo no mercado internacional, segundo o Minist\u00e9rio da Economia.<\/li>\n<li>Governo estuda uma nova pol\u00edtica de incentivos fiscais para promover energias renov\u00e1veis, visando reduzir a depend\u00eancia de combust\u00edveis f\u00f3sseis e as emiss\u00f5es.<\/li>\n<li>Minist\u00e9rio da Sa\u00fade abre novas unidades de cuidados intensivos em v\u00e1rias regi\u00f5es para melhorar o atendimento a pacientes cr\u00edticos e reduzir listas de espera.<\/li>\n<li>Governo confirma constru\u00e7\u00e3o de uma ponte sobre o rio Tejo, entre Lisboa e Almada, com conclus\u00e3o prevista para 2028.<\/li>\n<\/ul>\n","protected":false},"author":2,"featured_media":417895,"comment_status":"closed","ping_status":"closed","sticky":false,"template":"","format":"standard","meta":{"footnotes":""},"categories":[6806],"tags":[6115,174,2729,981,6275,172],"class_list":["post-417894","post","type-post","status-publish","format-standard","has-post-thumbnail","hentry","category-energia","tag-_economia","tag-energia","tag-energia-renovavel","tag-lisboa","tag-pontes","tag-saude"],"yoast_head":"<!-- This site is optimized with the Yoast SEO plugin v27.2 - https:\/\/yoast.com\/product\/yoast-seo-wordpress\/ -->\n<title>Novo aumento dos combust\u00edveis na pr\u00f3xima semana \u00e9 destaque de 60 segundos - Portal Tela Portugal<\/title>\n<meta name=\"robots\" content=\"index, follow, max-snippet:-1, max-image-preview:large, max-video-preview:-1\" \/>\n<meta property=\"og:locale\" content=\"pt_PT\" \/>\n<meta property=\"og:type\" content=\"article\" \/>\n<meta property=\"og:title\" content=\"Novo aumento dos combust\u00edveis na pr\u00f3xima semana \u00e9 destaque de 60 segundos - Portal Tela Portugal\" \/>\n<meta property=\"og:description\" content=\"Governo anuncia novo aumento dos pre\u00e7os dos combust\u00edveis na pr\u00f3xima semana, com gasolina e gas\u00f3leo a subir cerca de 2 c\u00eantimos por litro. A subida \u00e9 justificada pela subida do pre\u00e7o do petr\u00f3leo no mercado internacional, segundo o Minist\u00e9rio da Economia. Governo estuda uma nova pol\u00edtica de incentivos fiscais para promover energias renov\u00e1veis, visando reduzir a depend\u00eancia de combust\u00edveis f\u00f3sseis e as emiss\u00f5es. Minist\u00e9rio da Sa\u00fade abre novas unidades de cuidados intensivos em v\u00e1rias regi\u00f5es para melhorar o atendimento a pacientes cr\u00edticos e reduzir listas de espera. Governo confirma constru\u00e7\u00e3o de uma ponte sobre o rio Tejo, entre Lisboa e Almada, com conclus\u00e3o prevista para 2028.\" \/>\n<meta property=\"og:url\" content=\"https:\/\/portaltela.pt\/noticias\/2026\/03\/20\/novo-aumento-dos-combustiveis-na-proxima-semana-e-destaque-de-60-segundos\/\" \/>\n<meta property=\"og:site_name\" content=\"Portal Tela Portugal\" \/>\n<meta property=\"article:published_time\" content=\"2026-03-20T19:00:00+00:00\" \/>\n<meta name=\"author\" content=\"Telinha\" \/>\n<meta name=\"twitter:card\" content=\"summary_large_image\" \/>\n<meta name=\"twitter:label1\" content=\"Escrito por\" \/>\n\t<meta name=\"twitter:data1\" content=\"Telinha\" \/>\n\t<meta name=\"twitter:label2\" content=\"Tempo estimado de leitura\" \/>\n\t<meta name=\"twitter:data2\" content=\"1 minuto\" \/>\n<script type=\"application\/ld+json\" class=\"yoast-schema-graph\">{\"@context\":\"https:\/\/schema.org\",\"@graph\":[{\"@type\":\"Article\",\"@id\":\"https:\/\/portaltela.pt\/noticias\/2026\/03\/20\/novo-aumento-dos-combustiveis-na-proxima-semana-e-destaque-de-60-segundos\/#article\",\"isPartOf\":{\"@id\":\"https:\/\/portaltela.pt\/noticias\/2026\/03\/20\/novo-aumento-dos-combustiveis-na-proxima-semana-e-destaque-de-60-segundos\/\"},\"author\":{\"name\":\"Telinha\",\"@id\":\"https:\/\/portaltela.pt\/#\/schema\/person\/c4278d4a6028830caff9ee44b42d32ed\"},\"headline\":\"Novo aumento dos combust\u00edveis na pr\u00f3xima semana \u00e9 destaque de 60 segundos\",\"datePublished\":\"2026-03-20T19:00:00+00:00\",\"mainEntityOfPage\":{\"@id\":\"https:\/\/portaltela.pt\/noticias\/2026\/03\/20\/novo-aumento-dos-combustiveis-na-proxima-semana-e-destaque-de-60-segundos\/\"},\"wordCount\":187,\"image\":{\"@id\":\"https:\/\/portaltela.pt\/noticias\/2026\/03\/20\/novo-aumento-dos-combustiveis-na-proxima-semana-e-destaque-de-60-segundos\/#primaryimage\"},\"thumbnailUrl\":\"https:\/\/portaltela.pt\/s.01k8rhncp4jt1\/2026\/03\/72e2efc4-7039-48cb-85b9-4babab146c0f_1200x675.jpg\",\"keywords\":[\"_economia\",\"energia\",\"energia renov\u00e1vel\",\"Lisboa\",\"pontes\",\"sa\u00fade\"],\"articleSection\":[\"Energia\"],\"inLanguage\":\"pt-PT\"},{\"@type\":\"WebPage\",\"@id\":\"https:\/\/portaltela.pt\/noticias\/2026\/03\/20\/novo-aumento-dos-combustiveis-na-proxima-semana-e-destaque-de-60-segundos\/\",\"url\":\"https:\/\/portaltela.pt\/noticias\/2026\/03\/20\/novo-aumento-dos-combustiveis-na-proxima-semana-e-destaque-de-60-segundos\/\",\"name\":\"Novo aumento dos combust\u00edveis na pr\u00f3xima semana \u00e9 destaque de 60 segundos - Portal Tela Portugal\",\"isPartOf\":{\"@id\":\"https:\/\/portaltela.pt\/#website\"},\"primaryImageOfPage\":{\"@id\":\"https:\/\/portaltela.pt\/noticias\/2026\/03\/20\/novo-aumento-dos-combustiveis-na-proxima-semana-e-destaque-de-60-segundos\/#primaryimage\"},\"image\":{\"@id\":\"https:\/\/portaltela.pt\/noticias\/2026\/03\/20\/novo-aumento-dos-combustiveis-na-proxima-semana-e-destaque-de-60-segundos\/#primaryimage\"},\"thumbnailUrl\":\"https:\/\/portaltela.pt\/s.01k8rhncp4jt1\/2026\/03\/72e2efc4-7039-48cb-85b9-4babab146c0f_1200x675.jpg\",\"datePublished\":\"2026-03-20T19:00:00+00:00\",\"author\":{\"@id\":\"https:\/\/portaltela.pt\/#\/schema\/person\/c4278d4a6028830caff9ee44b42d32ed\"},\"breadcrumb\":{\"@id\":\"https:\/\/portaltela.pt\/noticias\/2026\/03\/20\/novo-aumento-dos-combustiveis-na-proxima-semana-e-destaque-de-60-segundos\/#breadcrumb\"},\"inLanguage\":\"pt-PT\",\"potentialAction\":[{\"@type\":\"ReadAction\",\"target\":[\"https:\/\/portaltela.pt\/noticias\/2026\/03\/20\/novo-aumento-dos-combustiveis-na-proxima-semana-e-destaque-de-60-segundos\/\"]}]},{\"@type\":\"ImageObject\",\"inLanguage\":\"pt-PT\",\"@id\":\"https:\/\/portaltela.pt\/noticias\/2026\/03\/20\/novo-aumento-dos-combustiveis-na-proxima-semana-e-destaque-de-60-segundos\/#primaryimage\",\"url\":\"https:\/\/portaltela.pt\/s.01k8rhncp4jt1\/2026\/03\/72e2efc4-7039-48cb-85b9-4babab146c0f_1200x675.jpg\",\"contentUrl\":\"https:\/\/portaltela.pt\/s.01k8rhncp4jt1\/2026\/03\/72e2efc4-7039-48cb-85b9-4babab146c0f_1200x675.jpg\",\"width\":796,\"height\":448,\"caption\":\"Photo\"},{\"@type\":\"BreadcrumbList\",\"@id\":\"https:\/\/portaltela.pt\/noticias\/2026\/03\/20\/novo-aumento-dos-combustiveis-na-proxima-semana-e-destaque-de-60-segundos\/#breadcrumb\",\"itemListElement\":[{\"@type\":\"ListItem\",\"position\":1,\"name\":\"In\u00edcio\",\"item\":\"https:\/\/portaltela.pt\/\"},{\"@type\":\"ListItem\",\"position\":2,\"name\":\"Novo aumento dos combust\u00edveis na pr\u00f3xima semana \u00e9 destaque de 60 segundos\"}]},{\"@type\":\"WebSite\",\"@id\":\"https:\/\/portaltela.pt\/#website\",\"url\":\"https:\/\/portaltela.pt\/\",\"name\":\"Portal Tela Portugal\",\"description\":\"\",\"potentialAction\":[{\"@type\":\"SearchAction\",\"target\":{\"@type\":\"EntryPoint\",\"urlTemplate\":\"https:\/\/portaltela.pt\/?s={search_term_string}\"},\"query-input\":{\"@type\":\"PropertyValueSpecification\",\"valueRequired\":true,\"valueName\":\"search_term_string\"}}],\"inLanguage\":\"pt-PT\"},{\"@type\":\"Person\",\"@id\":\"https:\/\/portaltela.pt\/#\/schema\/person\/c4278d4a6028830caff9ee44b42d32ed\",\"name\":\"Telinha\",\"image\":{\"@type\":\"ImageObject\",\"inLanguage\":\"pt-PT\",\"@id\":\"https:\/\/portaltela.pt\/s.01k8rhncp4jt1\/2025\/11\/talking-bot-125x125.png\",\"url\":\"https:\/\/portaltela.pt\/s.01k8rhncp4jt1\/2025\/11\/talking-bot-125x125.png\",\"contentUrl\":\"https:\/\/portaltela.pt\/s.01k8rhncp4jt1\/2025\/11\/talking-bot-125x125.png\",\"caption\":\"Telinha\"},\"sameAs\":[\"https:\/\/portaltela.pt\/\"],\"url\":\"https:\/\/portaltela.pt\/por\/367410592786\/\"}]}<\/script>\n<!-- \/ Yoast SEO plugin. -->","yoast_head_json":{"title":"Novo aumento dos combust\u00edveis na pr\u00f3xima semana \u00e9 destaque de 60 segundos - Portal Tela Portugal","robots":{"index":"index","follow":"follow","max-snippet":"max-snippet:-1","max-image-preview":"max-image-preview:large","max-video-preview":"max-video-preview:-1"},"og_locale":"pt_PT","og_type":"article","og_title":"Novo aumento dos combust\u00edveis na pr\u00f3xima semana \u00e9 destaque de 60 segundos - Portal Tela Portugal","og_description":"Governo anuncia novo aumento dos pre\u00e7os dos combust\u00edveis na pr\u00f3xima semana, com gasolina e gas\u00f3leo a subir cerca de 2 c\u00eantimos por litro. A subida \u00e9 justificada pela subida do pre\u00e7o do petr\u00f3leo no mercado internacional, segundo o Minist\u00e9rio da Economia. Governo estuda uma nova pol\u00edtica de incentivos fiscais para promover energias renov\u00e1veis, visando reduzir a depend\u00eancia de combust\u00edveis f\u00f3sseis e as emiss\u00f5es. Minist\u00e9rio da Sa\u00fade abre novas unidades de cuidados intensivos em v\u00e1rias regi\u00f5es para melhorar o atendimento a pacientes cr\u00edticos e reduzir listas de espera. Governo confirma constru\u00e7\u00e3o de uma ponte sobre o rio Tejo, entre Lisboa e Almada, com conclus\u00e3o prevista para 2028.","og_url":"https:\/\/portaltela.pt\/noticias\/2026\/03\/20\/novo-aumento-dos-combustiveis-na-proxima-semana-e-destaque-de-60-segundos\/","og_site_name":"Portal Tela Portugal","article_published_time":"2026-03-20T19:00:00+00:00","author":"Telinha","twitter_card":"summary_large_image","twitter_misc":{"Escrito por":"Telinha","Tempo estimado de leitura":"1 minuto"},"schema":{"@context":"https:\/\/schema.org","@graph":[{"@type":"Article","@id":"https:\/\/portaltela.pt\/noticias\/2026\/03\/20\/novo-aumento-dos-combustiveis-na-proxima-semana-e-destaque-de-60-segundos\/#article","isPartOf":{"@id":"https:\/\/portaltela.pt\/noticias\/2026\/03\/20\/novo-aumento-dos-combustiveis-na-proxima-semana-e-destaque-de-60-segundos\/"},"author":{"name":"Telinha","@id":"https:\/\/portaltela.pt\/#\/schema\/person\/c4278d4a6028830caff9ee44b42d32ed"},"headline":"Novo aumento dos combust\u00edveis na pr\u00f3xima semana \u00e9 destaque de 60 segundos","datePublished":"2026-03-20T19:00:00+00:00","mainEntityOfPage":{"@id":"https:\/\/portaltela.pt\/noticias\/2026\/03\/20\/novo-aumento-dos-combustiveis-na-proxima-semana-e-destaque-de-60-segundos\/"},"wordCount":187,"image":{"@id":"https:\/\/portaltela.pt\/noticias\/2026\/03\/20\/novo-aumento-dos-combustiveis-na-proxima-semana-e-destaque-de-60-segundos\/#primaryimage"},"thumbnailUrl":"https:\/\/portaltela.pt\/s.01k8rhncp4jt1\/2026\/03\/72e2efc4-7039-48cb-85b9-4babab146c0f_1200x675.jpg","keywords":["_economia","energia","energia renov\u00e1vel","Lisboa","pontes","sa\u00fade"],"articleSection":["Energia"],"inLanguage":"pt-PT"},{"@type":"WebPage","@id":"https:\/\/portaltela.pt\/noticias\/2026\/03\/20\/novo-aumento-dos-combustiveis-na-proxima-semana-e-destaque-de-60-segundos\/","url":"https:\/\/portaltela.pt\/noticias\/2026\/03\/20\/novo-aumento-dos-combustiveis-na-proxima-semana-e-destaque-de-60-segundos\/","name":"Novo aumento dos combust\u00edveis na pr\u00f3xima semana \u00e9 destaque de 60 segundos - Portal Tela Portugal","isPartOf":{"@id":"https:\/\/portaltela.pt\/#website"},"primaryImageOfPage":{"@id":"https:\/\/portaltela.pt\/noticias\/2026\/03\/20\/novo-aumento-dos-combustiveis-na-proxima-semana-e-destaque-de-60-segundos\/#primaryimage"},"image":{"@id":"https:\/\/portaltela.pt\/noticias\/2026\/03\/20\/novo-aumento-dos-combustiveis-na-proxima-semana-e-destaque-de-60-segundos\/#primaryimage"},"thumbnailUrl":"https:\/\/portaltela.pt\/s.01k8rhncp4jt1\/2026\/03\/72e2efc4-7039-48cb-85b9-4babab146c0f_1200x675.jpg","datePublished":"2026-03-20T19:00:00+00:00","author":{"@id":"https:\/\/portaltela.pt\/#\/schema\/person\/c4278d4a6028830caff9ee44b42d32ed"},"breadcrumb":{"@id":"https:\/\/portaltela.pt\/noticias\/2026\/03\/20\/novo-aumento-dos-combustiveis-na-proxima-semana-e-destaque-de-60-segundos\/#breadcrumb"},"inLanguage":"pt-PT","potentialAction":[{"@type":"ReadAction","target":["https:\/\/portaltela.pt\/noticias\/2026\/03\/20\/novo-aumento-dos-combustiveis-na-proxima-semana-e-destaque-de-60-segundos\/"]}]},{"@type":"ImageObject","inLanguage":"pt-PT","@id":"https:\/\/portaltela.pt\/noticias\/2026\/03\/20\/novo-aumento-dos-combustiveis-na-proxima-semana-e-destaque-de-60-segundos\/#primaryimage","url":"https:\/\/portaltela.pt\/s.01k8rhncp4jt1\/2026\/03\/72e2efc4-7039-48cb-85b9-4babab146c0f_1200x675.jpg","contentUrl":"https:\/\/portaltela.pt\/s.01k8rhncp4jt1\/2026\/03\/72e2efc4-7039-48cb-85b9-4babab146c0f_1200x675.jpg","width":796,"height":448,"caption":"Photo"},{"@type":"BreadcrumbList","@id":"https:\/\/portaltela.pt\/noticias\/2026\/03\/20\/novo-aumento-dos-combustiveis-na-proxima-semana-e-destaque-de-60-segundos\/#breadcrumb","itemListElement":[{"@type":"ListItem","position":1,"name":"In\u00edcio","item":"https:\/\/portaltela.pt\/"},{"@type":"ListItem","position":2,"name":"Novo aumento dos combust\u00edveis na pr\u00f3xima semana \u00e9 destaque de 60 segundos"}]},{"@type":"WebSite","@id":"https:\/\/portaltela.pt\/#website","url":"https:\/\/portaltela.pt\/","name":"Portal Tela Portugal","description":"","potentialAction":[{"@type":"SearchAction","target":{"@type":"EntryPoint","urlTemplate":"https:\/\/portaltela.pt\/?s={search_term_string}"},"query-input":{"@type":"PropertyValueSpecification","valueRequired":true,"valueName":"search_term_string"}}],"inLanguage":"pt-PT"},{"@type":"Person","@id":"https:\/\/portaltela.pt\/#\/schema\/person\/c4278d4a6028830caff9ee44b42d32ed","name":"Telinha","image":{"@type":"ImageObject","inLanguage":"pt-PT","@id":"https:\/\/portaltela.pt\/s.01k8rhncp4jt1\/2025\/11\/talking-bot-125x125.png","url":"https:\/\/portaltela.pt\/s.01k8rhncp4jt1\/2025\/11\/talking-bot-125x125.png","contentUrl":"https:\/\/portaltela.pt\/s.01k8rhncp4jt1\/2025\/11\/talking-bot-125x125.png","caption":"Telinha"},"sameAs":["https:\/\/portaltela.pt\/"],"url":"https:\/\/portaltela.pt\/por\/367410592786\/"}]}},"_links":{"self":[{"href":"https:\/\/portaltela.pt\/api\/wp\/v2\/posts\/417894","targetHints":{"allow":["GET"]}}],"collection":[{"href":"https:\/\/portaltela.pt\/api\/wp\/v2\/posts"}],"about":[{"href":"https:\/\/portaltela.pt\/api\/wp\/v2\/types\/post"}],"author":[{"embeddable":true,"href":"https:\/\/portaltela.pt\/api\/wp\/v2\/users\/2"}],"replies":[{"embeddable":true,"href":"https:\/\/portaltela.pt\/api\/wp\/v2\/comments?post=417894"}],"version-history":[{"count":0,"href":"https:\/\/portaltela.pt\/api\/wp\/v2\/posts\/417894\/revisions"}],"wp:featuredmedia":[{"embeddable":true,"href":"https:\/\/portaltela.pt\/api\/wp\/v2\/media\/417895"}],"wp:attachment":[{"href":"https:\/\/portaltela.pt\/api\/wp\/v2\/media?parent=417894"}],"wp:term":[{"taxonomy":"category","embeddable":true,"href":"https:\/\/portaltela.pt\/api\/wp\/v2\/categories?post=417894"},{"taxonomy":"post_tag","embeddable":true,"href":"https:\/\/portaltela.pt\/api\/wp\/v2\/tags?post=417894"}],"curies":[{"name":"wp","href":"https:\/\/api.w.org\/{rel}","templated":true}]}}