{"id":417866,"date":"2026-03-20T16:09:00","date_gmt":"2026-03-20T19:09:00","guid":{"rendered":"https:\/\/portaltela.pt\/noticias\/2026\/03\/20\/grupo-dono-da-british-airways-e-iberia-pondera-desistir-da-privatizacao-da-tap\/"},"modified":"2026-03-20T16:09:00","modified_gmt":"2026-03-20T19:09:00","slug":"grupo-dono-da-british-airways-e-iberia-pondera-desistir-da-privatizacao-da-tap","status":"publish","type":"post","link":"https:\/\/portaltela.pt\/noticias\/economia\/2026\/03\/20\/grupo-dono-da-british-airways-e-iberia-pondera-desistir-da-privatizacao-da-tap\/","title":{"rendered":"Grupo dono da British Airways e Iberia pondera desistir da privatiza\u00e7\u00e3o da TAP"},"content":{"rendered":"<p>O Grupo International Airlines (IAG), detentor da British Airways e da Iberia, est\u00e1 a avaliar a hip\u00f3tese de n\u00e3o apresentar uma oferta no processo de privatiza\u00e7\u00e3o da TAP, segundo a Bloomberg. A not\u00edcia cita fontes envolvidas no processo.<\/p>\n<p>A imprensa indica que o IAG considera fora da estrat\u00e9gia a venda de apenas uma participa\u00e7\u00e3o minorit\u00e1ria da TAP. Contudo, a decis\u00e3o final ainda n\u00e3o foi anunciada pelo grupo.<\/p>\n<p>Pode ainda ser apresentada uma oferta n\u00e3o vinculativa at\u00e9 ao limite de 2 de abril, indicam as mesmas fontes. O processo de privatiza\u00e7\u00e3o contempla a aliena\u00e7\u00e3o de at\u00e9 44,9% do capital.<\/p>\n<p>Al\u00e9m do IAG, tamb\u00e9m a Air France-KLM e a Lufthansa manifestaram interesse na privatiza\u00e7\u00e3o da TAP, conforme j\u00e1 tinha sido noticiado.<\/p>\n<p>O caderno de encargos estabelece que 5% do capital fica reservado aos trabalhadores, e que as a\u00e7\u00f5es n\u00e3o subscritas ficam sujeitas ao direito de prefer\u00eancia do comprador.<\/p>\n<p>Na quarta-feira, o ministro das Infraestruturas afirmou que o processo de privatiza\u00e7\u00e3o da TAP e o projeto do novo aeroporto de Lisboa avan\u00e7am em velocidade de cruzeiro, sem incidentes relevantes.<\/p>\n<p>Miguel Pinto Luz disse, em Comiss\u00e3o no Parlamento, que tanto a privatiza\u00e7\u00e3o da TAP como o aeroporto de Lisboa seguem sem sobressaltos.<\/p>\n","protected":false},"excerpt":{"rendered":"<ul>\n<li>O Grupo International Airlines (IAG), dono da British Airways e da Iberia, est\u00e1 a ponderar n\u00e3o avan\u00e7ar com uma oferta na privatiza\u00e7\u00e3o da TAP, reporta a Bloomberg.<\/li>\n<li>A IAG entende que vender apenas participa\u00e7\u00e3o minorit\u00e1ria n\u00e3o se enquadra na estrat\u00e9gia do grupo, embora ainda n\u00e3o tenha tomado uma decis\u00e3o final.<\/li>\n<li>Ainda assim, o IAG pode apresentar uma oferta n\u00e3o vinculativa at\u00e9 \u00e0 data limite de 2 de abril.<\/li>\n<li>Al\u00e9m do IAG, interessam-se pela privatiza\u00e7\u00e3o da TAP a Air France-KLM e a Lufthansa.<\/li>\n<li>O caderno de encargos prev\u00ea a aliena\u00e7\u00e3o de at\u00e9 44,9 por cento do capital, com 5 por cento reservado aos trabalhadores; qualquer participa\u00e7\u00e3o n\u00e3o subscrita fica sujeita ao direito de prefer\u00eancia do comprador.<\/li>\n<\/ul>\n","protected":false},"author":2,"featured_media":417876,"comment_status":"closed","ping_status":"closed","sticky":false,"template":"","format":"standard","meta":{"footnotes":""},"categories":[2,6735],"tags":[6115,6107,28,81,1014,6571],"class_list":["post-417866","post","type-post","status-publish","format-standard","has-post-thumbnail","hentry","category-economia","category-negocios","tag-_economia","tag-a-aviacao","tag-economia","tag-internacionais","tag-portugal","tag-privatizacoes"],"yoast_head":"<!-- This site is optimized with the Yoast SEO plugin v27.2 - https:\/\/yoast.com\/product\/yoast-seo-wordpress\/ -->\n<title>Grupo dono da British Airways e Iberia pondera desistir da privatiza\u00e7\u00e3o da TAP - Portal Tela Portugal<\/title>\n<meta name=\"robots\" content=\"index, follow, max-snippet:-1, max-image-preview:large, max-video-preview:-1\" \/>\n<meta property=\"og:locale\" content=\"pt_PT\" \/>\n<meta property=\"og:type\" content=\"article\" \/>\n<meta property=\"og:title\" content=\"Grupo dono da British Airways e Iberia pondera desistir da privatiza\u00e7\u00e3o da TAP - Portal Tela Portugal\" \/>\n<meta property=\"og:description\" content=\"O Grupo International Airlines (IAG), dono da British Airways e da Iberia, est\u00e1 a ponderar n\u00e3o avan\u00e7ar com uma oferta na privatiza\u00e7\u00e3o da TAP, reporta a Bloomberg. A IAG entende que vender apenas participa\u00e7\u00e3o minorit\u00e1ria n\u00e3o se enquadra na estrat\u00e9gia do grupo, embora ainda n\u00e3o tenha tomado uma decis\u00e3o final. Ainda assim, o IAG pode apresentar uma oferta n\u00e3o vinculativa at\u00e9 \u00e0 data limite de 2 de abril. Al\u00e9m do IAG, interessam-se pela privatiza\u00e7\u00e3o da TAP a Air France-KLM e a Lufthansa. O caderno de encargos prev\u00ea a aliena\u00e7\u00e3o de at\u00e9 44,9 por cento do capital, com 5 por cento reservado aos trabalhadores; qualquer participa\u00e7\u00e3o n\u00e3o subscrita fica sujeita ao direito de prefer\u00eancia do comprador.\" \/>\n<meta property=\"og:url\" content=\"https:\/\/portaltela.pt\/noticias\/2026\/03\/20\/grupo-dono-da-british-airways-e-iberia-pondera-desistir-da-privatizacao-da-tap\/\" \/>\n<meta property=\"og:site_name\" content=\"Portal Tela Portugal\" \/>\n<meta property=\"article:published_time\" content=\"2026-03-20T19:09:00+00:00\" \/>\n<meta name=\"author\" content=\"Telinha\" \/>\n<meta name=\"twitter:card\" content=\"summary_large_image\" \/>\n<meta name=\"twitter:label1\" content=\"Escrito por\" \/>\n\t<meta name=\"twitter:data1\" content=\"Telinha\" \/>\n\t<meta name=\"twitter:label2\" content=\"Tempo estimado de leitura\" \/>\n\t<meta name=\"twitter:data2\" content=\"1 minuto\" \/>\n<script type=\"application\/ld+json\" class=\"yoast-schema-graph\">{\"@context\":\"https:\/\/schema.org\",\"@graph\":[{\"@type\":\"Article\",\"@id\":\"https:\/\/portaltela.pt\/noticias\/2026\/03\/20\/grupo-dono-da-british-airways-e-iberia-pondera-desistir-da-privatizacao-da-tap\/#article\",\"isPartOf\":{\"@id\":\"https:\/\/portaltela.pt\/noticias\/2026\/03\/20\/grupo-dono-da-british-airways-e-iberia-pondera-desistir-da-privatizacao-da-tap\/\"},\"author\":{\"name\":\"Telinha\",\"@id\":\"https:\/\/portaltela.pt\/#\/schema\/person\/c4278d4a6028830caff9ee44b42d32ed\"},\"headline\":\"Grupo dono da British Airways e Iberia pondera desistir da privatiza\u00e7\u00e3o da TAP\",\"datePublished\":\"2026-03-20T19:09:00+00:00\",\"mainEntityOfPage\":{\"@id\":\"https:\/\/portaltela.pt\/noticias\/2026\/03\/20\/grupo-dono-da-british-airways-e-iberia-pondera-desistir-da-privatizacao-da-tap\/\"},\"wordCount\":231,\"image\":{\"@id\":\"https:\/\/portaltela.pt\/noticias\/2026\/03\/20\/grupo-dono-da-british-airways-e-iberia-pondera-desistir-da-privatizacao-da-tap\/#primaryimage\"},\"thumbnailUrl\":\"https:\/\/portaltela.pt\/s.01k8rhncp4jt1\/2026\/03\/img_1280x721uu2025-11-28-18-45-15-2251200.jpg\",\"keywords\":[\"_economia\",\"a avia\u00e7\u00e3o\",\"economia\",\"internacionais\",\"Portugal\",\"privatiza\u00e7\u00f5es\"],\"articleSection\":[\"Economia\",\"Neg\u00f3cios\"],\"inLanguage\":\"pt-PT\"},{\"@type\":\"WebPage\",\"@id\":\"https:\/\/portaltela.pt\/noticias\/2026\/03\/20\/grupo-dono-da-british-airways-e-iberia-pondera-desistir-da-privatizacao-da-tap\/\",\"url\":\"https:\/\/portaltela.pt\/noticias\/2026\/03\/20\/grupo-dono-da-british-airways-e-iberia-pondera-desistir-da-privatizacao-da-tap\/\",\"name\":\"Grupo dono da British Airways e Iberia pondera desistir da privatiza\u00e7\u00e3o da TAP - Portal Tela Portugal\",\"isPartOf\":{\"@id\":\"https:\/\/portaltela.pt\/#website\"},\"primaryImageOfPage\":{\"@id\":\"https:\/\/portaltela.pt\/noticias\/2026\/03\/20\/grupo-dono-da-british-airways-e-iberia-pondera-desistir-da-privatizacao-da-tap\/#primaryimage\"},\"image\":{\"@id\":\"https:\/\/portaltela.pt\/noticias\/2026\/03\/20\/grupo-dono-da-british-airways-e-iberia-pondera-desistir-da-privatizacao-da-tap\/#primaryimage\"},\"thumbnailUrl\":\"https:\/\/portaltela.pt\/s.01k8rhncp4jt1\/2026\/03\/img_1280x721uu2025-11-28-18-45-15-2251200.jpg\",\"datePublished\":\"2026-03-20T19:09:00+00:00\",\"author\":{\"@id\":\"https:\/\/portaltela.pt\/#\/schema\/person\/c4278d4a6028830caff9ee44b42d32ed\"},\"breadcrumb\":{\"@id\":\"https:\/\/portaltela.pt\/noticias\/2026\/03\/20\/grupo-dono-da-british-airways-e-iberia-pondera-desistir-da-privatizacao-da-tap\/#breadcrumb\"},\"inLanguage\":\"pt-PT\",\"potentialAction\":[{\"@type\":\"ReadAction\",\"target\":[\"https:\/\/portaltela.pt\/noticias\/2026\/03\/20\/grupo-dono-da-british-airways-e-iberia-pondera-desistir-da-privatizacao-da-tap\/\"]}]},{\"@type\":\"ImageObject\",\"inLanguage\":\"pt-PT\",\"@id\":\"https:\/\/portaltela.pt\/noticias\/2026\/03\/20\/grupo-dono-da-british-airways-e-iberia-pondera-desistir-da-privatizacao-da-tap\/#primaryimage\",\"url\":\"https:\/\/portaltela.pt\/s.01k8rhncp4jt1\/2026\/03\/img_1280x721uu2025-11-28-18-45-15-2251200.jpg\",\"contentUrl\":\"https:\/\/portaltela.pt\/s.01k8rhncp4jt1\/2026\/03\/img_1280x721uu2025-11-28-18-45-15-2251200.jpg\",\"width\":796,\"height\":448,\"caption\":\"Photo\"},{\"@type\":\"BreadcrumbList\",\"@id\":\"https:\/\/portaltela.pt\/noticias\/2026\/03\/20\/grupo-dono-da-british-airways-e-iberia-pondera-desistir-da-privatizacao-da-tap\/#breadcrumb\",\"itemListElement\":[{\"@type\":\"ListItem\",\"position\":1,\"name\":\"In\u00edcio\",\"item\":\"https:\/\/portaltela.pt\/\"},{\"@type\":\"ListItem\",\"position\":2,\"name\":\"Grupo dono da British Airways e Iberia pondera desistir da privatiza\u00e7\u00e3o da TAP\"}]},{\"@type\":\"WebSite\",\"@id\":\"https:\/\/portaltela.pt\/#website\",\"url\":\"https:\/\/portaltela.pt\/\",\"name\":\"Portal Tela Portugal\",\"description\":\"\",\"potentialAction\":[{\"@type\":\"SearchAction\",\"target\":{\"@type\":\"EntryPoint\",\"urlTemplate\":\"https:\/\/portaltela.pt\/?s={search_term_string}\"},\"query-input\":{\"@type\":\"PropertyValueSpecification\",\"valueRequired\":true,\"valueName\":\"search_term_string\"}}],\"inLanguage\":\"pt-PT\"},{\"@type\":\"Person\",\"@id\":\"https:\/\/portaltela.pt\/#\/schema\/person\/c4278d4a6028830caff9ee44b42d32ed\",\"name\":\"Telinha\",\"image\":{\"@type\":\"ImageObject\",\"inLanguage\":\"pt-PT\",\"@id\":\"https:\/\/portaltela.pt\/s.01k8rhncp4jt1\/2025\/11\/talking-bot-125x125.png\",\"url\":\"https:\/\/portaltela.pt\/s.01k8rhncp4jt1\/2025\/11\/talking-bot-125x125.png\",\"contentUrl\":\"https:\/\/portaltela.pt\/s.01k8rhncp4jt1\/2025\/11\/talking-bot-125x125.png\",\"caption\":\"Telinha\"},\"sameAs\":[\"https:\/\/portaltela.pt\/\"],\"url\":\"https:\/\/portaltela.pt\/por\/367410592786\/\"}]}<\/script>\n<!-- \/ Yoast SEO plugin. -->","yoast_head_json":{"title":"Grupo dono da British Airways e Iberia pondera desistir da privatiza\u00e7\u00e3o da TAP - Portal Tela Portugal","robots":{"index":"index","follow":"follow","max-snippet":"max-snippet:-1","max-image-preview":"max-image-preview:large","max-video-preview":"max-video-preview:-1"},"og_locale":"pt_PT","og_type":"article","og_title":"Grupo dono da British Airways e Iberia pondera desistir da privatiza\u00e7\u00e3o da TAP - Portal Tela Portugal","og_description":"O Grupo International Airlines (IAG), dono da British Airways e da Iberia, est\u00e1 a ponderar n\u00e3o avan\u00e7ar com uma oferta na privatiza\u00e7\u00e3o da TAP, reporta a Bloomberg. A IAG entende que vender apenas participa\u00e7\u00e3o minorit\u00e1ria n\u00e3o se enquadra na estrat\u00e9gia do grupo, embora ainda n\u00e3o tenha tomado uma decis\u00e3o final. Ainda assim, o IAG pode apresentar uma oferta n\u00e3o vinculativa at\u00e9 \u00e0 data limite de 2 de abril. Al\u00e9m do IAG, interessam-se pela privatiza\u00e7\u00e3o da TAP a Air France-KLM e a Lufthansa. O caderno de encargos prev\u00ea a aliena\u00e7\u00e3o de at\u00e9 44,9 por cento do capital, com 5 por cento reservado aos trabalhadores; qualquer participa\u00e7\u00e3o n\u00e3o subscrita fica sujeita ao direito de prefer\u00eancia do comprador.","og_url":"https:\/\/portaltela.pt\/noticias\/2026\/03\/20\/grupo-dono-da-british-airways-e-iberia-pondera-desistir-da-privatizacao-da-tap\/","og_site_name":"Portal Tela Portugal","article_published_time":"2026-03-20T19:09:00+00:00","author":"Telinha","twitter_card":"summary_large_image","twitter_misc":{"Escrito por":"Telinha","Tempo estimado de leitura":"1 minuto"},"schema":{"@context":"https:\/\/schema.org","@graph":[{"@type":"Article","@id":"https:\/\/portaltela.pt\/noticias\/2026\/03\/20\/grupo-dono-da-british-airways-e-iberia-pondera-desistir-da-privatizacao-da-tap\/#article","isPartOf":{"@id":"https:\/\/portaltela.pt\/noticias\/2026\/03\/20\/grupo-dono-da-british-airways-e-iberia-pondera-desistir-da-privatizacao-da-tap\/"},"author":{"name":"Telinha","@id":"https:\/\/portaltela.pt\/#\/schema\/person\/c4278d4a6028830caff9ee44b42d32ed"},"headline":"Grupo dono da British Airways e Iberia pondera desistir da privatiza\u00e7\u00e3o da TAP","datePublished":"2026-03-20T19:09:00+00:00","mainEntityOfPage":{"@id":"https:\/\/portaltela.pt\/noticias\/2026\/03\/20\/grupo-dono-da-british-airways-e-iberia-pondera-desistir-da-privatizacao-da-tap\/"},"wordCount":231,"image":{"@id":"https:\/\/portaltela.pt\/noticias\/2026\/03\/20\/grupo-dono-da-british-airways-e-iberia-pondera-desistir-da-privatizacao-da-tap\/#primaryimage"},"thumbnailUrl":"https:\/\/portaltela.pt\/s.01k8rhncp4jt1\/2026\/03\/img_1280x721uu2025-11-28-18-45-15-2251200.jpg","keywords":["_economia","a avia\u00e7\u00e3o","economia","internacionais","Portugal","privatiza\u00e7\u00f5es"],"articleSection":["Economia","Neg\u00f3cios"],"inLanguage":"pt-PT"},{"@type":"WebPage","@id":"https:\/\/portaltela.pt\/noticias\/2026\/03\/20\/grupo-dono-da-british-airways-e-iberia-pondera-desistir-da-privatizacao-da-tap\/","url":"https:\/\/portaltela.pt\/noticias\/2026\/03\/20\/grupo-dono-da-british-airways-e-iberia-pondera-desistir-da-privatizacao-da-tap\/","name":"Grupo dono da British Airways e Iberia pondera desistir da privatiza\u00e7\u00e3o da TAP - Portal Tela Portugal","isPartOf":{"@id":"https:\/\/portaltela.pt\/#website"},"primaryImageOfPage":{"@id":"https:\/\/portaltela.pt\/noticias\/2026\/03\/20\/grupo-dono-da-british-airways-e-iberia-pondera-desistir-da-privatizacao-da-tap\/#primaryimage"},"image":{"@id":"https:\/\/portaltela.pt\/noticias\/2026\/03\/20\/grupo-dono-da-british-airways-e-iberia-pondera-desistir-da-privatizacao-da-tap\/#primaryimage"},"thumbnailUrl":"https:\/\/portaltela.pt\/s.01k8rhncp4jt1\/2026\/03\/img_1280x721uu2025-11-28-18-45-15-2251200.jpg","datePublished":"2026-03-20T19:09:00+00:00","author":{"@id":"https:\/\/portaltela.pt\/#\/schema\/person\/c4278d4a6028830caff9ee44b42d32ed"},"breadcrumb":{"@id":"https:\/\/portaltela.pt\/noticias\/2026\/03\/20\/grupo-dono-da-british-airways-e-iberia-pondera-desistir-da-privatizacao-da-tap\/#breadcrumb"},"inLanguage":"pt-PT","potentialAction":[{"@type":"ReadAction","target":["https:\/\/portaltela.pt\/noticias\/2026\/03\/20\/grupo-dono-da-british-airways-e-iberia-pondera-desistir-da-privatizacao-da-tap\/"]}]},{"@type":"ImageObject","inLanguage":"pt-PT","@id":"https:\/\/portaltela.pt\/noticias\/2026\/03\/20\/grupo-dono-da-british-airways-e-iberia-pondera-desistir-da-privatizacao-da-tap\/#primaryimage","url":"https:\/\/portaltela.pt\/s.01k8rhncp4jt1\/2026\/03\/img_1280x721uu2025-11-28-18-45-15-2251200.jpg","contentUrl":"https:\/\/portaltela.pt\/s.01k8rhncp4jt1\/2026\/03\/img_1280x721uu2025-11-28-18-45-15-2251200.jpg","width":796,"height":448,"caption":"Photo"},{"@type":"BreadcrumbList","@id":"https:\/\/portaltela.pt\/noticias\/2026\/03\/20\/grupo-dono-da-british-airways-e-iberia-pondera-desistir-da-privatizacao-da-tap\/#breadcrumb","itemListElement":[{"@type":"ListItem","position":1,"name":"In\u00edcio","item":"https:\/\/portaltela.pt\/"},{"@type":"ListItem","position":2,"name":"Grupo dono da British Airways e Iberia pondera desistir da privatiza\u00e7\u00e3o da TAP"}]},{"@type":"WebSite","@id":"https:\/\/portaltela.pt\/#website","url":"https:\/\/portaltela.pt\/","name":"Portal Tela Portugal","description":"","potentialAction":[{"@type":"SearchAction","target":{"@type":"EntryPoint","urlTemplate":"https:\/\/portaltela.pt\/?s={search_term_string}"},"query-input":{"@type":"PropertyValueSpecification","valueRequired":true,"valueName":"search_term_string"}}],"inLanguage":"pt-PT"},{"@type":"Person","@id":"https:\/\/portaltela.pt\/#\/schema\/person\/c4278d4a6028830caff9ee44b42d32ed","name":"Telinha","image":{"@type":"ImageObject","inLanguage":"pt-PT","@id":"https:\/\/portaltela.pt\/s.01k8rhncp4jt1\/2025\/11\/talking-bot-125x125.png","url":"https:\/\/portaltela.pt\/s.01k8rhncp4jt1\/2025\/11\/talking-bot-125x125.png","contentUrl":"https:\/\/portaltela.pt\/s.01k8rhncp4jt1\/2025\/11\/talking-bot-125x125.png","caption":"Telinha"},"sameAs":["https:\/\/portaltela.pt\/"],"url":"https:\/\/portaltela.pt\/por\/367410592786\/"}]}},"_links":{"self":[{"href":"https:\/\/portaltela.pt\/api\/wp\/v2\/posts\/417866","targetHints":{"allow":["GET"]}}],"collection":[{"href":"https:\/\/portaltela.pt\/api\/wp\/v2\/posts"}],"about":[{"href":"https:\/\/portaltela.pt\/api\/wp\/v2\/types\/post"}],"author":[{"embeddable":true,"href":"https:\/\/portaltela.pt\/api\/wp\/v2\/users\/2"}],"replies":[{"embeddable":true,"href":"https:\/\/portaltela.pt\/api\/wp\/v2\/comments?post=417866"}],"version-history":[{"count":0,"href":"https:\/\/portaltela.pt\/api\/wp\/v2\/posts\/417866\/revisions"}],"wp:featuredmedia":[{"embeddable":true,"href":"https:\/\/portaltela.pt\/api\/wp\/v2\/media\/417876"}],"wp:attachment":[{"href":"https:\/\/portaltela.pt\/api\/wp\/v2\/media?parent=417866"}],"wp:term":[{"taxonomy":"category","embeddable":true,"href":"https:\/\/portaltela.pt\/api\/wp\/v2\/categories?post=417866"},{"taxonomy":"post_tag","embeddable":true,"href":"https:\/\/portaltela.pt\/api\/wp\/v2\/tags?post=417866"}],"curies":[{"name":"wp","href":"https:\/\/api.w.org\/{rel}","templated":true}]}}