{"id":417830,"date":"2026-03-20T15:45:08","date_gmt":"2026-03-20T18:45:08","guid":{"rendered":"https:\/\/portaltela.pt\/noticias\/2026\/03\/20\/concurso-da-barragem-de-girabolhos-devera-ser-lancado-ate-ao-fim-do-mes\/"},"modified":"2026-03-20T15:45:08","modified_gmt":"2026-03-20T18:45:08","slug":"concurso-da-barragem-de-girabolhos-devera-ser-lancado-ate-ao-fim-do-mes","status":"publish","type":"post","link":"https:\/\/portaltela.pt\/meio-ambiente\/2026\/03\/20\/concurso-da-barragem-de-girabolhos-devera-ser-lancado-ate-ao-fim-do-mes\/","title":{"rendered":"Concurso da barragem de Girabolhos dever\u00e1 ser lan\u00e7ado at\u00e9 ao fim do m\u00eas"},"content":{"rendered":"<p>O presidente da Ag\u00eancia Portuguesa do Ambiente (APA) afirmou nesta sexta-feira que o concurso p\u00fablico para a constru\u00e7\u00e3o da barragem de Girabolhos, no queue Mondego, dever\u00e1 ser lan\u00e7ado at\u00e9 ao final de mar\u00e7o. O an\u00fancio ocorreu em Coimbra, durante a apresenta\u00e7\u00e3o de medidas da APA.<\/p>\n<p>Pimenta Machado revelou que j\u00e1 houve reuni\u00f5es com os cinco munic\u00edpios abrangidos pela obra: Seia, Gouveia, Mangualde, Nelas e Fornos de Algodres. O objetivo \u00e9 avan\u00e7ar com o lan\u00e7amento do concurso com car\u00e1ter priorit\u00e1rio para a APA.<\/p>\n<p>A primeira prioridade da barragem \u00e9 a mitiga\u00e7\u00e3o das cheias na bacia do Mondego, mas o projeto prev\u00ea ainda uma reserva de \u00e1gua estrat\u00e9gica e a gera\u00e7\u00e3o de energia hidroel\u00e9trica. O objetivo \u00e9 reduzir inunda\u00e7\u00f5es hist\u00f3ricas na regi\u00e3o.<\/p>\n<h3>Contexto<\/h3>\n<p>No in\u00edcio de fevereiro, a ministra do Ambiente e Energia anunciou, em Coimbra, que o Governo iria emitir o despacho para a constru\u00e7\u00e3o de Girabolhos. O despacho foi publicado a 11 de fevereiro, colocando o projeto numa fase avan\u00e7ada de implementa\u00e7\u00e3o.<\/p>\n<p>De acordo com o Governo, o empreendimento de fins m\u00faltiplos de Girabolhos integra a estrat\u00e9gia nacional \u201c\u00c1gua que Une\u201d e est\u00e1 alinhado com o Plano Nacional de Energia e Clima 2030.<\/p>\n","protected":false},"excerpt":{"rendered":"<ul>\n<li>A Ag\u00eancia Portuguesa do Ambiente prev\u00ea lan\u00e7ar at\u00e9 ao final de mar\u00e7o o concurso p\u00fablico para a constru\u00e7\u00e3o da barragem de Girabolhos, no rio Mondego.<\/li>\n<li>O presidente da APA, Pimenta Machado, reuniu-se com os cinco presidentes de C\u00e2mara abrangidos \u2014 Seia, Gouveia, Mangualde, Nelas e Fornos de Algodres \u2014 para avan\u00e7ar com o processo.<\/li>\n<li>A prioridade \u00e9 reduzir as cheias na bacia do Mondego, com a barragem a servir tamb\u00e9m como reserva de \u00e1gua e fonte de energia hidroel\u00e9ctrica.<\/li>\n<li>O Governo j\u00e1 lan\u00e7ou o despacho para a constru\u00e7\u00e3o da barragem a 11 de fevereiro, durante as cheias em Coimbra.<\/li>\n<li>O projeto integra a estrat\u00e9gia nacional \u00c1gua que Une e est\u00e1 alinhado com o Plano Nacional de Energia e Clima 2030.<\/li>\n<\/ul>\n","protected":false},"author":2,"featured_media":417836,"comment_status":"closed","ping_status":"closed","sticky":false,"template":"","format":"standard","meta":{"footnotes":""},"categories":[6725],"tags":[1090,4085,4924,174,3147,45],"class_list":["post-417830","post","type-post","status-publish","format-standard","has-post-thumbnail","hentry","category-meio-ambiente","tag-agua","tag-apa","tag-barragens","tag-energia","tag-gestao-de-recursos-hidricos","tag-meio-ambiente"],"yoast_head":"<!-- This site is optimized with the Yoast SEO plugin v27.2 - https:\/\/yoast.com\/product\/yoast-seo-wordpress\/ -->\n<title>Concurso da barragem de Girabolhos dever\u00e1 ser lan\u00e7ado at\u00e9 ao fim do m\u00eas - Portal Tela Portugal<\/title>\n<meta name=\"robots\" content=\"index, follow, max-snippet:-1, max-image-preview:large, max-video-preview:-1\" \/>\n<meta property=\"og:locale\" content=\"pt_PT\" \/>\n<meta property=\"og:type\" content=\"article\" \/>\n<meta property=\"og:title\" content=\"Concurso da barragem de Girabolhos dever\u00e1 ser lan\u00e7ado at\u00e9 ao fim do m\u00eas - Portal Tela Portugal\" \/>\n<meta property=\"og:description\" content=\"A Ag\u00eancia Portuguesa do Ambiente prev\u00ea lan\u00e7ar at\u00e9 ao final de mar\u00e7o o concurso p\u00fablico para a constru\u00e7\u00e3o da barragem de Girabolhos, no rio Mondego. O presidente da APA, Pimenta Machado, reuniu-se com os cinco presidentes de C\u00e2mara abrangidos \u2014 Seia, Gouveia, Mangualde, Nelas e Fornos de Algodres \u2014 para avan\u00e7ar com o processo. A prioridade \u00e9 reduzir as cheias na bacia do Mondego, com a barragem a servir tamb\u00e9m como reserva de \u00e1gua e fonte de energia hidroel\u00e9ctrica. O Governo j\u00e1 lan\u00e7ou o despacho para a constru\u00e7\u00e3o da barragem a 11 de fevereiro, durante as cheias em Coimbra. O projeto integra a estrat\u00e9gia nacional \u00c1gua que Une e est\u00e1 alinhado com o Plano Nacional de Energia e Clima 2030.\" \/>\n<meta property=\"og:url\" content=\"https:\/\/portaltela.pt\/noticias\/2026\/03\/20\/concurso-da-barragem-de-girabolhos-devera-ser-lancado-ate-ao-fim-do-mes\/\" \/>\n<meta property=\"og:site_name\" content=\"Portal Tela Portugal\" \/>\n<meta property=\"article:published_time\" content=\"2026-03-20T18:45:08+00:00\" \/>\n<meta name=\"author\" content=\"Telinha\" \/>\n<meta name=\"twitter:card\" content=\"summary_large_image\" \/>\n<meta name=\"twitter:label1\" content=\"Escrito por\" \/>\n\t<meta name=\"twitter:data1\" content=\"Telinha\" \/>\n\t<meta name=\"twitter:label2\" content=\"Tempo estimado de leitura\" \/>\n\t<meta name=\"twitter:data2\" content=\"1 minuto\" \/>\n<script type=\"application\/ld+json\" class=\"yoast-schema-graph\">{\"@context\":\"https:\/\/schema.org\",\"@graph\":[{\"@type\":\"Article\",\"@id\":\"https:\/\/portaltela.pt\/noticias\/2026\/03\/20\/concurso-da-barragem-de-girabolhos-devera-ser-lancado-ate-ao-fim-do-mes\/#article\",\"isPartOf\":{\"@id\":\"https:\/\/portaltela.pt\/noticias\/2026\/03\/20\/concurso-da-barragem-de-girabolhos-devera-ser-lancado-ate-ao-fim-do-mes\/\"},\"author\":{\"name\":\"Telinha\",\"@id\":\"https:\/\/portaltela.pt\/#\/schema\/person\/c4278d4a6028830caff9ee44b42d32ed\"},\"headline\":\"Concurso da barragem de Girabolhos dever\u00e1 ser lan\u00e7ado at\u00e9 ao fim do m\u00eas\",\"datePublished\":\"2026-03-20T18:45:08+00:00\",\"mainEntityOfPage\":{\"@id\":\"https:\/\/portaltela.pt\/noticias\/2026\/03\/20\/concurso-da-barragem-de-girabolhos-devera-ser-lancado-ate-ao-fim-do-mes\/\"},\"wordCount\":229,\"image\":{\"@id\":\"https:\/\/portaltela.pt\/noticias\/2026\/03\/20\/concurso-da-barragem-de-girabolhos-devera-ser-lancado-ate-ao-fim-do-mes\/#primaryimage\"},\"thumbnailUrl\":\"https:\/\/portaltela.pt\/s.01k8rhncp4jt1\/2026\/03\/img_1500x1000uu2024-01-11-21-56-43-1538270.jpg\",\"keywords\":[\"\u00e1gua\",\"APA\",\"barragens\",\"energia\",\"Gest\u00e3o de Recursos H\u00eddricos\",\"meio-ambiente\"],\"articleSection\":[\"Meio Ambiente\"],\"inLanguage\":\"pt-PT\"},{\"@type\":\"WebPage\",\"@id\":\"https:\/\/portaltela.pt\/noticias\/2026\/03\/20\/concurso-da-barragem-de-girabolhos-devera-ser-lancado-ate-ao-fim-do-mes\/\",\"url\":\"https:\/\/portaltela.pt\/noticias\/2026\/03\/20\/concurso-da-barragem-de-girabolhos-devera-ser-lancado-ate-ao-fim-do-mes\/\",\"name\":\"Concurso da barragem de Girabolhos dever\u00e1 ser lan\u00e7ado at\u00e9 ao fim do m\u00eas - Portal Tela Portugal\",\"isPartOf\":{\"@id\":\"https:\/\/portaltela.pt\/#website\"},\"primaryImageOfPage\":{\"@id\":\"https:\/\/portaltela.pt\/noticias\/2026\/03\/20\/concurso-da-barragem-de-girabolhos-devera-ser-lancado-ate-ao-fim-do-mes\/#primaryimage\"},\"image\":{\"@id\":\"https:\/\/portaltela.pt\/noticias\/2026\/03\/20\/concurso-da-barragem-de-girabolhos-devera-ser-lancado-ate-ao-fim-do-mes\/#primaryimage\"},\"thumbnailUrl\":\"https:\/\/portaltela.pt\/s.01k8rhncp4jt1\/2026\/03\/img_1500x1000uu2024-01-11-21-56-43-1538270.jpg\",\"datePublished\":\"2026-03-20T18:45:08+00:00\",\"author\":{\"@id\":\"https:\/\/portaltela.pt\/#\/schema\/person\/c4278d4a6028830caff9ee44b42d32ed\"},\"breadcrumb\":{\"@id\":\"https:\/\/portaltela.pt\/noticias\/2026\/03\/20\/concurso-da-barragem-de-girabolhos-devera-ser-lancado-ate-ao-fim-do-mes\/#breadcrumb\"},\"inLanguage\":\"pt-PT\",\"potentialAction\":[{\"@type\":\"ReadAction\",\"target\":[\"https:\/\/portaltela.pt\/noticias\/2026\/03\/20\/concurso-da-barragem-de-girabolhos-devera-ser-lancado-ate-ao-fim-do-mes\/\"]}]},{\"@type\":\"ImageObject\",\"inLanguage\":\"pt-PT\",\"@id\":\"https:\/\/portaltela.pt\/noticias\/2026\/03\/20\/concurso-da-barragem-de-girabolhos-devera-ser-lancado-ate-ao-fim-do-mes\/#primaryimage\",\"url\":\"https:\/\/portaltela.pt\/s.01k8rhncp4jt1\/2026\/03\/img_1500x1000uu2024-01-11-21-56-43-1538270.jpg\",\"contentUrl\":\"https:\/\/portaltela.pt\/s.01k8rhncp4jt1\/2026\/03\/img_1500x1000uu2024-01-11-21-56-43-1538270.jpg\",\"width\":1500,\"height\":1000,\"caption\":\"Barragem\"},{\"@type\":\"BreadcrumbList\",\"@id\":\"https:\/\/portaltela.pt\/noticias\/2026\/03\/20\/concurso-da-barragem-de-girabolhos-devera-ser-lancado-ate-ao-fim-do-mes\/#breadcrumb\",\"itemListElement\":[{\"@type\":\"ListItem\",\"position\":1,\"name\":\"In\u00edcio\",\"item\":\"https:\/\/portaltela.pt\/\"},{\"@type\":\"ListItem\",\"position\":2,\"name\":\"Concurso da barragem de Girabolhos dever\u00e1 ser lan\u00e7ado at\u00e9 ao fim do m\u00eas\"}]},{\"@type\":\"WebSite\",\"@id\":\"https:\/\/portaltela.pt\/#website\",\"url\":\"https:\/\/portaltela.pt\/\",\"name\":\"Portal Tela Portugal\",\"description\":\"\",\"potentialAction\":[{\"@type\":\"SearchAction\",\"target\":{\"@type\":\"EntryPoint\",\"urlTemplate\":\"https:\/\/portaltela.pt\/?s={search_term_string}\"},\"query-input\":{\"@type\":\"PropertyValueSpecification\",\"valueRequired\":true,\"valueName\":\"search_term_string\"}}],\"inLanguage\":\"pt-PT\"},{\"@type\":\"Person\",\"@id\":\"https:\/\/portaltela.pt\/#\/schema\/person\/c4278d4a6028830caff9ee44b42d32ed\",\"name\":\"Telinha\",\"image\":{\"@type\":\"ImageObject\",\"inLanguage\":\"pt-PT\",\"@id\":\"https:\/\/portaltela.pt\/s.01k8rhncp4jt1\/2025\/11\/talking-bot-125x125.png\",\"url\":\"https:\/\/portaltela.pt\/s.01k8rhncp4jt1\/2025\/11\/talking-bot-125x125.png\",\"contentUrl\":\"https:\/\/portaltela.pt\/s.01k8rhncp4jt1\/2025\/11\/talking-bot-125x125.png\",\"caption\":\"Telinha\"},\"sameAs\":[\"https:\/\/portaltela.pt\/\"],\"url\":\"https:\/\/portaltela.pt\/por\/367410592786\/\"}]}<\/script>\n<!-- \/ Yoast SEO plugin. -->","yoast_head_json":{"title":"Concurso da barragem de Girabolhos dever\u00e1 ser lan\u00e7ado at\u00e9 ao fim do m\u00eas - Portal Tela Portugal","robots":{"index":"index","follow":"follow","max-snippet":"max-snippet:-1","max-image-preview":"max-image-preview:large","max-video-preview":"max-video-preview:-1"},"og_locale":"pt_PT","og_type":"article","og_title":"Concurso da barragem de Girabolhos dever\u00e1 ser lan\u00e7ado at\u00e9 ao fim do m\u00eas - Portal Tela Portugal","og_description":"A Ag\u00eancia Portuguesa do Ambiente prev\u00ea lan\u00e7ar at\u00e9 ao final de mar\u00e7o o concurso p\u00fablico para a constru\u00e7\u00e3o da barragem de Girabolhos, no rio Mondego. O presidente da APA, Pimenta Machado, reuniu-se com os cinco presidentes de C\u00e2mara abrangidos \u2014 Seia, Gouveia, Mangualde, Nelas e Fornos de Algodres \u2014 para avan\u00e7ar com o processo. A prioridade \u00e9 reduzir as cheias na bacia do Mondego, com a barragem a servir tamb\u00e9m como reserva de \u00e1gua e fonte de energia hidroel\u00e9ctrica. O Governo j\u00e1 lan\u00e7ou o despacho para a constru\u00e7\u00e3o da barragem a 11 de fevereiro, durante as cheias em Coimbra. O projeto integra a estrat\u00e9gia nacional \u00c1gua que Une e est\u00e1 alinhado com o Plano Nacional de Energia e Clima 2030.","og_url":"https:\/\/portaltela.pt\/noticias\/2026\/03\/20\/concurso-da-barragem-de-girabolhos-devera-ser-lancado-ate-ao-fim-do-mes\/","og_site_name":"Portal Tela Portugal","article_published_time":"2026-03-20T18:45:08+00:00","author":"Telinha","twitter_card":"summary_large_image","twitter_misc":{"Escrito por":"Telinha","Tempo estimado de leitura":"1 minuto"},"schema":{"@context":"https:\/\/schema.org","@graph":[{"@type":"Article","@id":"https:\/\/portaltela.pt\/noticias\/2026\/03\/20\/concurso-da-barragem-de-girabolhos-devera-ser-lancado-ate-ao-fim-do-mes\/#article","isPartOf":{"@id":"https:\/\/portaltela.pt\/noticias\/2026\/03\/20\/concurso-da-barragem-de-girabolhos-devera-ser-lancado-ate-ao-fim-do-mes\/"},"author":{"name":"Telinha","@id":"https:\/\/portaltela.pt\/#\/schema\/person\/c4278d4a6028830caff9ee44b42d32ed"},"headline":"Concurso da barragem de Girabolhos dever\u00e1 ser lan\u00e7ado at\u00e9 ao fim do m\u00eas","datePublished":"2026-03-20T18:45:08+00:00","mainEntityOfPage":{"@id":"https:\/\/portaltela.pt\/noticias\/2026\/03\/20\/concurso-da-barragem-de-girabolhos-devera-ser-lancado-ate-ao-fim-do-mes\/"},"wordCount":229,"image":{"@id":"https:\/\/portaltela.pt\/noticias\/2026\/03\/20\/concurso-da-barragem-de-girabolhos-devera-ser-lancado-ate-ao-fim-do-mes\/#primaryimage"},"thumbnailUrl":"https:\/\/portaltela.pt\/s.01k8rhncp4jt1\/2026\/03\/img_1500x1000uu2024-01-11-21-56-43-1538270.jpg","keywords":["\u00e1gua","APA","barragens","energia","Gest\u00e3o de Recursos H\u00eddricos","meio-ambiente"],"articleSection":["Meio Ambiente"],"inLanguage":"pt-PT"},{"@type":"WebPage","@id":"https:\/\/portaltela.pt\/noticias\/2026\/03\/20\/concurso-da-barragem-de-girabolhos-devera-ser-lancado-ate-ao-fim-do-mes\/","url":"https:\/\/portaltela.pt\/noticias\/2026\/03\/20\/concurso-da-barragem-de-girabolhos-devera-ser-lancado-ate-ao-fim-do-mes\/","name":"Concurso da barragem de Girabolhos dever\u00e1 ser lan\u00e7ado at\u00e9 ao fim do m\u00eas - Portal Tela Portugal","isPartOf":{"@id":"https:\/\/portaltela.pt\/#website"},"primaryImageOfPage":{"@id":"https:\/\/portaltela.pt\/noticias\/2026\/03\/20\/concurso-da-barragem-de-girabolhos-devera-ser-lancado-ate-ao-fim-do-mes\/#primaryimage"},"image":{"@id":"https:\/\/portaltela.pt\/noticias\/2026\/03\/20\/concurso-da-barragem-de-girabolhos-devera-ser-lancado-ate-ao-fim-do-mes\/#primaryimage"},"thumbnailUrl":"https:\/\/portaltela.pt\/s.01k8rhncp4jt1\/2026\/03\/img_1500x1000uu2024-01-11-21-56-43-1538270.jpg","datePublished":"2026-03-20T18:45:08+00:00","author":{"@id":"https:\/\/portaltela.pt\/#\/schema\/person\/c4278d4a6028830caff9ee44b42d32ed"},"breadcrumb":{"@id":"https:\/\/portaltela.pt\/noticias\/2026\/03\/20\/concurso-da-barragem-de-girabolhos-devera-ser-lancado-ate-ao-fim-do-mes\/#breadcrumb"},"inLanguage":"pt-PT","potentialAction":[{"@type":"ReadAction","target":["https:\/\/portaltela.pt\/noticias\/2026\/03\/20\/concurso-da-barragem-de-girabolhos-devera-ser-lancado-ate-ao-fim-do-mes\/"]}]},{"@type":"ImageObject","inLanguage":"pt-PT","@id":"https:\/\/portaltela.pt\/noticias\/2026\/03\/20\/concurso-da-barragem-de-girabolhos-devera-ser-lancado-ate-ao-fim-do-mes\/#primaryimage","url":"https:\/\/portaltela.pt\/s.01k8rhncp4jt1\/2026\/03\/img_1500x1000uu2024-01-11-21-56-43-1538270.jpg","contentUrl":"https:\/\/portaltela.pt\/s.01k8rhncp4jt1\/2026\/03\/img_1500x1000uu2024-01-11-21-56-43-1538270.jpg","width":1500,"height":1000,"caption":"Barragem"},{"@type":"BreadcrumbList","@id":"https:\/\/portaltela.pt\/noticias\/2026\/03\/20\/concurso-da-barragem-de-girabolhos-devera-ser-lancado-ate-ao-fim-do-mes\/#breadcrumb","itemListElement":[{"@type":"ListItem","position":1,"name":"In\u00edcio","item":"https:\/\/portaltela.pt\/"},{"@type":"ListItem","position":2,"name":"Concurso da barragem de Girabolhos dever\u00e1 ser lan\u00e7ado at\u00e9 ao fim do m\u00eas"}]},{"@type":"WebSite","@id":"https:\/\/portaltela.pt\/#website","url":"https:\/\/portaltela.pt\/","name":"Portal Tela Portugal","description":"","potentialAction":[{"@type":"SearchAction","target":{"@type":"EntryPoint","urlTemplate":"https:\/\/portaltela.pt\/?s={search_term_string}"},"query-input":{"@type":"PropertyValueSpecification","valueRequired":true,"valueName":"search_term_string"}}],"inLanguage":"pt-PT"},{"@type":"Person","@id":"https:\/\/portaltela.pt\/#\/schema\/person\/c4278d4a6028830caff9ee44b42d32ed","name":"Telinha","image":{"@type":"ImageObject","inLanguage":"pt-PT","@id":"https:\/\/portaltela.pt\/s.01k8rhncp4jt1\/2025\/11\/talking-bot-125x125.png","url":"https:\/\/portaltela.pt\/s.01k8rhncp4jt1\/2025\/11\/talking-bot-125x125.png","contentUrl":"https:\/\/portaltela.pt\/s.01k8rhncp4jt1\/2025\/11\/talking-bot-125x125.png","caption":"Telinha"},"sameAs":["https:\/\/portaltela.pt\/"],"url":"https:\/\/portaltela.pt\/por\/367410592786\/"}]}},"_links":{"self":[{"href":"https:\/\/portaltela.pt\/api\/wp\/v2\/posts\/417830","targetHints":{"allow":["GET"]}}],"collection":[{"href":"https:\/\/portaltela.pt\/api\/wp\/v2\/posts"}],"about":[{"href":"https:\/\/portaltela.pt\/api\/wp\/v2\/types\/post"}],"author":[{"embeddable":true,"href":"https:\/\/portaltela.pt\/api\/wp\/v2\/users\/2"}],"replies":[{"embeddable":true,"href":"https:\/\/portaltela.pt\/api\/wp\/v2\/comments?post=417830"}],"version-history":[{"count":0,"href":"https:\/\/portaltela.pt\/api\/wp\/v2\/posts\/417830\/revisions"}],"wp:featuredmedia":[{"embeddable":true,"href":"https:\/\/portaltela.pt\/api\/wp\/v2\/media\/417836"}],"wp:attachment":[{"href":"https:\/\/portaltela.pt\/api\/wp\/v2\/media?parent=417830"}],"wp:term":[{"taxonomy":"category","embeddable":true,"href":"https:\/\/portaltela.pt\/api\/wp\/v2\/categories?post=417830"},{"taxonomy":"post_tag","embeddable":true,"href":"https:\/\/portaltela.pt\/api\/wp\/v2\/tags?post=417830"}],"curies":[{"name":"wp","href":"https:\/\/api.w.org\/{rel}","templated":true}]}}