{"id":417826,"date":"2026-03-20T15:42:06","date_gmt":"2026-03-20T18:42:06","guid":{"rendered":"https:\/\/portaltela.pt\/noticias\/2026\/03\/20\/dennis-rodman-incluido-no-hall-of-fame-da-wwe\/"},"modified":"2026-03-20T15:42:06","modified_gmt":"2026-03-20T18:42:06","slug":"dennis-rodman-incluido-no-hall-of-fame-da-wwe","status":"publish","type":"post","link":"https:\/\/portaltela.pt\/desporto\/futebol\/2026\/03\/20\/dennis-rodman-incluido-no-hall-of-fame-da-wwe\/","title":{"rendered":"Dennis Rodman inclu\u00eddo no Hall of Fame da WWE"},"content":{"rendered":"<p>Dennis Rodman vai ser homenageado pela WWE com a inclus\u00e3o no Hall of Fame, noticia avan\u00e7ada pela ESPN nesta sexta-feira. O antigo jogador da NBA \u00e9 conhecido por ter disputado apenas quatro combates de wrestling, tr\u00eas deles no WCW em 1997. A cerim\u00f3nia \u00e9 uma homenagem \u00e0 carreira e ao impacto medi\u00e1tico do atleta.<\/p>\n<p>Em 1998, Rodman faltou a um treino dos playoffs da NBA para participar no WCW Monday Nitro, onde integrou uma luta de equipa ao lado de Hulk Hogan contra Diamond Dallas Page e Karl Malone. A participa\u00e7\u00e3o ficou marcada pela presen\u00e7a televisiva e pelo cruzamento entre basquete e wrestling.<\/p>\n<p>A federa\u00e7\u00e3o confirmou a homenagem, cuja data ainda n\u00e3o foi divulgada. Rodman, com passagem de destaque pelos Detroit Pistons e pelos Chicago Bulls, \u00e9 descrito pela WWE como uma estrela de cariz \u00fanico, que atravessou v\u00e1rias fronteiras do desporto para o entretenimento.<\/p>\n<p>Agora com 64 anos, Rodman continua uma figura medi\u00e1tica. Nos \u00faltimos anos, tem sido apontada a sua rela\u00e7\u00e3o com Kim Jong-un, l\u00edder da Coreia do Norte, aumentando o escrut\u00ednio p\u00fablico sobre a sua vida pessoal e profissional.<\/p>\n","protected":false},"excerpt":{"rendered":"<ul>\n<li>Dennis Rodman, antiga estrela da NBA, vai ser homenageado com a inclus\u00e3o no Hall of Fame da WWE, avan\u00e7a a ESPN nesta sexta-feira.<\/li>\n<li>O ex-jogador, pentacampe\u00e3o da NBA ao servi\u00e7o dos Pistons e dos Bulls, disputou apenas quatro combates de wrestling, tr\u00eas deles no Campeonato Mundial de Wrestling em 1997.<\/li>\n<li>Em 1998, acabou por faltar a um treino durante os playoffs da NBA para participar no WCW Monday Nitro, onde atuou num combate de equipas com Hulk Hogan frente a Diamond Dallas Page e Karl Malone.<\/li>\n<li>Aos 64 anos, Rodman continua a ser uma figura medi\u00e1tica, com v\u00e1rias aten\u00e7\u00f5es \u00e0 sua rela\u00e7\u00e3o com Kim Jong-un, l\u00edder da Coreia do Norte.<\/li>\n<li>A pe\u00e7a n\u00e3o detalha a data da cerim\u00f3nia da homenagem.<\/li>\n<\/ul>\n","protected":false},"author":2,"featured_media":417832,"comment_status":"closed","ping_status":"closed","sticky":false,"template":"","format":"standard","meta":{"footnotes":""},"categories":[21,24],"tags":[85,152,2681,6598,5146,5661],"class_list":["post-417826","post","type-post","status-publish","format-standard","has-post-thumbnail","hentry","category-desporto","category-futebol","tag-basquete","tag-desporto","tag-desporto-internacional","tag-entretenimento","tag-pessoas-internacionais","tag-pessoas-publicas"],"yoast_head":"<!-- This site is optimized with the Yoast SEO plugin v27.2 - https:\/\/yoast.com\/product\/yoast-seo-wordpress\/ -->\n<title>Dennis Rodman inclu\u00eddo no Hall of Fame da WWE - Portal Tela Portugal<\/title>\n<meta name=\"robots\" content=\"index, follow, max-snippet:-1, max-image-preview:large, max-video-preview:-1\" \/>\n<meta property=\"og:locale\" content=\"pt_PT\" \/>\n<meta property=\"og:type\" content=\"article\" \/>\n<meta property=\"og:title\" content=\"Dennis Rodman inclu\u00eddo no Hall of Fame da WWE - Portal Tela Portugal\" \/>\n<meta property=\"og:description\" content=\"Dennis Rodman, antiga estrela da NBA, vai ser homenageado com a inclus\u00e3o no Hall of Fame da WWE, avan\u00e7a a ESPN nesta sexta-feira. O ex-jogador, pentacampe\u00e3o da NBA ao servi\u00e7o dos Pistons e dos Bulls, disputou apenas quatro combates de wrestling, tr\u00eas deles no Campeonato Mundial de Wrestling em 1997. Em 1998, acabou por faltar a um treino durante os playoffs da NBA para participar no WCW Monday Nitro, onde atuou num combate de equipas com Hulk Hogan frente a Diamond Dallas Page e Karl Malone. Aos 64 anos, Rodman continua a ser uma figura medi\u00e1tica, com v\u00e1rias aten\u00e7\u00f5es \u00e0 sua rela\u00e7\u00e3o com Kim Jong-un, l\u00edder da Coreia do Norte. A pe\u00e7a n\u00e3o detalha a data da cerim\u00f3nia da homenagem.\" \/>\n<meta property=\"og:url\" content=\"https:\/\/portaltela.pt\/noticias\/2026\/03\/20\/dennis-rodman-incluido-no-hall-of-fame-da-wwe\/\" \/>\n<meta property=\"og:site_name\" content=\"Portal Tela Portugal\" \/>\n<meta property=\"article:published_time\" content=\"2026-03-20T18:42:06+00:00\" \/>\n<meta name=\"author\" content=\"Telinha\" \/>\n<meta name=\"twitter:card\" content=\"summary_large_image\" \/>\n<meta name=\"twitter:label1\" content=\"Escrito por\" \/>\n\t<meta name=\"twitter:data1\" content=\"Telinha\" \/>\n\t<meta name=\"twitter:label2\" content=\"Tempo estimado de leitura\" \/>\n\t<meta name=\"twitter:data2\" content=\"1 minuto\" \/>\n<script type=\"application\/ld+json\" class=\"yoast-schema-graph\">{\"@context\":\"https:\/\/schema.org\",\"@graph\":[{\"@type\":\"Article\",\"@id\":\"https:\/\/portaltela.pt\/noticias\/2026\/03\/20\/dennis-rodman-incluido-no-hall-of-fame-da-wwe\/#article\",\"isPartOf\":{\"@id\":\"https:\/\/portaltela.pt\/noticias\/2026\/03\/20\/dennis-rodman-incluido-no-hall-of-fame-da-wwe\/\"},\"author\":{\"name\":\"Telinha\",\"@id\":\"https:\/\/portaltela.pt\/#\/schema\/person\/c4278d4a6028830caff9ee44b42d32ed\"},\"headline\":\"Dennis Rodman inclu\u00eddo no Hall of Fame da WWE\",\"datePublished\":\"2026-03-20T18:42:06+00:00\",\"mainEntityOfPage\":{\"@id\":\"https:\/\/portaltela.pt\/noticias\/2026\/03\/20\/dennis-rodman-incluido-no-hall-of-fame-da-wwe\/\"},\"wordCount\":200,\"image\":{\"@id\":\"https:\/\/portaltela.pt\/noticias\/2026\/03\/20\/dennis-rodman-incluido-no-hall-of-fame-da-wwe\/#primaryimage\"},\"thumbnailUrl\":\"https:\/\/portaltela.pt\/s.01k8rhncp4jt1\/2026\/03\/img_920x518uu2026-03-20-18-40-18-2428393.jpg\",\"keywords\":[\"basquete\",\"desporto\",\"desporto internacional\",\"entretenimento\",\"pessoas internacionais\",\"pessoas p\u00fablicas\"],\"articleSection\":[\"Desporto\",\"Futebol\"],\"inLanguage\":\"pt-PT\"},{\"@type\":\"WebPage\",\"@id\":\"https:\/\/portaltela.pt\/noticias\/2026\/03\/20\/dennis-rodman-incluido-no-hall-of-fame-da-wwe\/\",\"url\":\"https:\/\/portaltela.pt\/noticias\/2026\/03\/20\/dennis-rodman-incluido-no-hall-of-fame-da-wwe\/\",\"name\":\"Dennis Rodman inclu\u00eddo no Hall of Fame da WWE - Portal Tela Portugal\",\"isPartOf\":{\"@id\":\"https:\/\/portaltela.pt\/#website\"},\"primaryImageOfPage\":{\"@id\":\"https:\/\/portaltela.pt\/noticias\/2026\/03\/20\/dennis-rodman-incluido-no-hall-of-fame-da-wwe\/#primaryimage\"},\"image\":{\"@id\":\"https:\/\/portaltela.pt\/noticias\/2026\/03\/20\/dennis-rodman-incluido-no-hall-of-fame-da-wwe\/#primaryimage\"},\"thumbnailUrl\":\"https:\/\/portaltela.pt\/s.01k8rhncp4jt1\/2026\/03\/img_920x518uu2026-03-20-18-40-18-2428393.jpg\",\"datePublished\":\"2026-03-20T18:42:06+00:00\",\"author\":{\"@id\":\"https:\/\/portaltela.pt\/#\/schema\/person\/c4278d4a6028830caff9ee44b42d32ed\"},\"breadcrumb\":{\"@id\":\"https:\/\/portaltela.pt\/noticias\/2026\/03\/20\/dennis-rodman-incluido-no-hall-of-fame-da-wwe\/#breadcrumb\"},\"inLanguage\":\"pt-PT\",\"potentialAction\":[{\"@type\":\"ReadAction\",\"target\":[\"https:\/\/portaltela.pt\/noticias\/2026\/03\/20\/dennis-rodman-incluido-no-hall-of-fame-da-wwe\/\"]}]},{\"@type\":\"ImageObject\",\"inLanguage\":\"pt-PT\",\"@id\":\"https:\/\/portaltela.pt\/noticias\/2026\/03\/20\/dennis-rodman-incluido-no-hall-of-fame-da-wwe\/#primaryimage\",\"url\":\"https:\/\/portaltela.pt\/s.01k8rhncp4jt1\/2026\/03\/img_920x518uu2026-03-20-18-40-18-2428393.jpg\",\"contentUrl\":\"https:\/\/portaltela.pt\/s.01k8rhncp4jt1\/2026\/03\/img_920x518uu2026-03-20-18-40-18-2428393.jpg\",\"width\":796,\"height\":448,\"caption\":\"Dennis Rodman, astro da NBA\"},{\"@type\":\"BreadcrumbList\",\"@id\":\"https:\/\/portaltela.pt\/noticias\/2026\/03\/20\/dennis-rodman-incluido-no-hall-of-fame-da-wwe\/#breadcrumb\",\"itemListElement\":[{\"@type\":\"ListItem\",\"position\":1,\"name\":\"In\u00edcio\",\"item\":\"https:\/\/portaltela.pt\/\"},{\"@type\":\"ListItem\",\"position\":2,\"name\":\"Dennis Rodman inclu\u00eddo no Hall of Fame da WWE\"}]},{\"@type\":\"WebSite\",\"@id\":\"https:\/\/portaltela.pt\/#website\",\"url\":\"https:\/\/portaltela.pt\/\",\"name\":\"Portal Tela Portugal\",\"description\":\"\",\"potentialAction\":[{\"@type\":\"SearchAction\",\"target\":{\"@type\":\"EntryPoint\",\"urlTemplate\":\"https:\/\/portaltela.pt\/?s={search_term_string}\"},\"query-input\":{\"@type\":\"PropertyValueSpecification\",\"valueRequired\":true,\"valueName\":\"search_term_string\"}}],\"inLanguage\":\"pt-PT\"},{\"@type\":\"Person\",\"@id\":\"https:\/\/portaltela.pt\/#\/schema\/person\/c4278d4a6028830caff9ee44b42d32ed\",\"name\":\"Telinha\",\"image\":{\"@type\":\"ImageObject\",\"inLanguage\":\"pt-PT\",\"@id\":\"https:\/\/portaltela.pt\/s.01k8rhncp4jt1\/2025\/11\/talking-bot-125x125.png\",\"url\":\"https:\/\/portaltela.pt\/s.01k8rhncp4jt1\/2025\/11\/talking-bot-125x125.png\",\"contentUrl\":\"https:\/\/portaltela.pt\/s.01k8rhncp4jt1\/2025\/11\/talking-bot-125x125.png\",\"caption\":\"Telinha\"},\"sameAs\":[\"https:\/\/portaltela.pt\/\"],\"url\":\"https:\/\/portaltela.pt\/por\/367410592786\/\"}]}<\/script>\n<!-- \/ Yoast SEO plugin. -->","yoast_head_json":{"title":"Dennis Rodman inclu\u00eddo no Hall of Fame da WWE - Portal Tela Portugal","robots":{"index":"index","follow":"follow","max-snippet":"max-snippet:-1","max-image-preview":"max-image-preview:large","max-video-preview":"max-video-preview:-1"},"og_locale":"pt_PT","og_type":"article","og_title":"Dennis Rodman inclu\u00eddo no Hall of Fame da WWE - Portal Tela Portugal","og_description":"Dennis Rodman, antiga estrela da NBA, vai ser homenageado com a inclus\u00e3o no Hall of Fame da WWE, avan\u00e7a a ESPN nesta sexta-feira. O ex-jogador, pentacampe\u00e3o da NBA ao servi\u00e7o dos Pistons e dos Bulls, disputou apenas quatro combates de wrestling, tr\u00eas deles no Campeonato Mundial de Wrestling em 1997. Em 1998, acabou por faltar a um treino durante os playoffs da NBA para participar no WCW Monday Nitro, onde atuou num combate de equipas com Hulk Hogan frente a Diamond Dallas Page e Karl Malone. Aos 64 anos, Rodman continua a ser uma figura medi\u00e1tica, com v\u00e1rias aten\u00e7\u00f5es \u00e0 sua rela\u00e7\u00e3o com Kim Jong-un, l\u00edder da Coreia do Norte. A pe\u00e7a n\u00e3o detalha a data da cerim\u00f3nia da homenagem.","og_url":"https:\/\/portaltela.pt\/noticias\/2026\/03\/20\/dennis-rodman-incluido-no-hall-of-fame-da-wwe\/","og_site_name":"Portal Tela Portugal","article_published_time":"2026-03-20T18:42:06+00:00","author":"Telinha","twitter_card":"summary_large_image","twitter_misc":{"Escrito por":"Telinha","Tempo estimado de leitura":"1 minuto"},"schema":{"@context":"https:\/\/schema.org","@graph":[{"@type":"Article","@id":"https:\/\/portaltela.pt\/noticias\/2026\/03\/20\/dennis-rodman-incluido-no-hall-of-fame-da-wwe\/#article","isPartOf":{"@id":"https:\/\/portaltela.pt\/noticias\/2026\/03\/20\/dennis-rodman-incluido-no-hall-of-fame-da-wwe\/"},"author":{"name":"Telinha","@id":"https:\/\/portaltela.pt\/#\/schema\/person\/c4278d4a6028830caff9ee44b42d32ed"},"headline":"Dennis Rodman inclu\u00eddo no Hall of Fame da WWE","datePublished":"2026-03-20T18:42:06+00:00","mainEntityOfPage":{"@id":"https:\/\/portaltela.pt\/noticias\/2026\/03\/20\/dennis-rodman-incluido-no-hall-of-fame-da-wwe\/"},"wordCount":200,"image":{"@id":"https:\/\/portaltela.pt\/noticias\/2026\/03\/20\/dennis-rodman-incluido-no-hall-of-fame-da-wwe\/#primaryimage"},"thumbnailUrl":"https:\/\/portaltela.pt\/s.01k8rhncp4jt1\/2026\/03\/img_920x518uu2026-03-20-18-40-18-2428393.jpg","keywords":["basquete","desporto","desporto internacional","entretenimento","pessoas internacionais","pessoas p\u00fablicas"],"articleSection":["Desporto","Futebol"],"inLanguage":"pt-PT"},{"@type":"WebPage","@id":"https:\/\/portaltela.pt\/noticias\/2026\/03\/20\/dennis-rodman-incluido-no-hall-of-fame-da-wwe\/","url":"https:\/\/portaltela.pt\/noticias\/2026\/03\/20\/dennis-rodman-incluido-no-hall-of-fame-da-wwe\/","name":"Dennis Rodman inclu\u00eddo no Hall of Fame da WWE - Portal Tela Portugal","isPartOf":{"@id":"https:\/\/portaltela.pt\/#website"},"primaryImageOfPage":{"@id":"https:\/\/portaltela.pt\/noticias\/2026\/03\/20\/dennis-rodman-incluido-no-hall-of-fame-da-wwe\/#primaryimage"},"image":{"@id":"https:\/\/portaltela.pt\/noticias\/2026\/03\/20\/dennis-rodman-incluido-no-hall-of-fame-da-wwe\/#primaryimage"},"thumbnailUrl":"https:\/\/portaltela.pt\/s.01k8rhncp4jt1\/2026\/03\/img_920x518uu2026-03-20-18-40-18-2428393.jpg","datePublished":"2026-03-20T18:42:06+00:00","author":{"@id":"https:\/\/portaltela.pt\/#\/schema\/person\/c4278d4a6028830caff9ee44b42d32ed"},"breadcrumb":{"@id":"https:\/\/portaltela.pt\/noticias\/2026\/03\/20\/dennis-rodman-incluido-no-hall-of-fame-da-wwe\/#breadcrumb"},"inLanguage":"pt-PT","potentialAction":[{"@type":"ReadAction","target":["https:\/\/portaltela.pt\/noticias\/2026\/03\/20\/dennis-rodman-incluido-no-hall-of-fame-da-wwe\/"]}]},{"@type":"ImageObject","inLanguage":"pt-PT","@id":"https:\/\/portaltela.pt\/noticias\/2026\/03\/20\/dennis-rodman-incluido-no-hall-of-fame-da-wwe\/#primaryimage","url":"https:\/\/portaltela.pt\/s.01k8rhncp4jt1\/2026\/03\/img_920x518uu2026-03-20-18-40-18-2428393.jpg","contentUrl":"https:\/\/portaltela.pt\/s.01k8rhncp4jt1\/2026\/03\/img_920x518uu2026-03-20-18-40-18-2428393.jpg","width":796,"height":448,"caption":"Dennis Rodman, astro da NBA"},{"@type":"BreadcrumbList","@id":"https:\/\/portaltela.pt\/noticias\/2026\/03\/20\/dennis-rodman-incluido-no-hall-of-fame-da-wwe\/#breadcrumb","itemListElement":[{"@type":"ListItem","position":1,"name":"In\u00edcio","item":"https:\/\/portaltela.pt\/"},{"@type":"ListItem","position":2,"name":"Dennis Rodman inclu\u00eddo no Hall of Fame da WWE"}]},{"@type":"WebSite","@id":"https:\/\/portaltela.pt\/#website","url":"https:\/\/portaltela.pt\/","name":"Portal Tela Portugal","description":"","potentialAction":[{"@type":"SearchAction","target":{"@type":"EntryPoint","urlTemplate":"https:\/\/portaltela.pt\/?s={search_term_string}"},"query-input":{"@type":"PropertyValueSpecification","valueRequired":true,"valueName":"search_term_string"}}],"inLanguage":"pt-PT"},{"@type":"Person","@id":"https:\/\/portaltela.pt\/#\/schema\/person\/c4278d4a6028830caff9ee44b42d32ed","name":"Telinha","image":{"@type":"ImageObject","inLanguage":"pt-PT","@id":"https:\/\/portaltela.pt\/s.01k8rhncp4jt1\/2025\/11\/talking-bot-125x125.png","url":"https:\/\/portaltela.pt\/s.01k8rhncp4jt1\/2025\/11\/talking-bot-125x125.png","contentUrl":"https:\/\/portaltela.pt\/s.01k8rhncp4jt1\/2025\/11\/talking-bot-125x125.png","caption":"Telinha"},"sameAs":["https:\/\/portaltela.pt\/"],"url":"https:\/\/portaltela.pt\/por\/367410592786\/"}]}},"_links":{"self":[{"href":"https:\/\/portaltela.pt\/api\/wp\/v2\/posts\/417826","targetHints":{"allow":["GET"]}}],"collection":[{"href":"https:\/\/portaltela.pt\/api\/wp\/v2\/posts"}],"about":[{"href":"https:\/\/portaltela.pt\/api\/wp\/v2\/types\/post"}],"author":[{"embeddable":true,"href":"https:\/\/portaltela.pt\/api\/wp\/v2\/users\/2"}],"replies":[{"embeddable":true,"href":"https:\/\/portaltela.pt\/api\/wp\/v2\/comments?post=417826"}],"version-history":[{"count":0,"href":"https:\/\/portaltela.pt\/api\/wp\/v2\/posts\/417826\/revisions"}],"wp:featuredmedia":[{"embeddable":true,"href":"https:\/\/portaltela.pt\/api\/wp\/v2\/media\/417832"}],"wp:attachment":[{"href":"https:\/\/portaltela.pt\/api\/wp\/v2\/media?parent=417826"}],"wp:term":[{"taxonomy":"category","embeddable":true,"href":"https:\/\/portaltela.pt\/api\/wp\/v2\/categories?post=417826"},{"taxonomy":"post_tag","embeddable":true,"href":"https:\/\/portaltela.pt\/api\/wp\/v2\/tags?post=417826"}],"curies":[{"name":"wp","href":"https:\/\/api.w.org\/{rel}","templated":true}]}}