{"id":417824,"date":"2026-03-20T15:34:00","date_gmt":"2026-03-20T18:34:00","guid":{"rendered":"https:\/\/portaltela.pt\/noticias\/2026\/03\/20\/aguas-de-portugal-estima-recuperacao-de-40-m-de-saneamento-por-mau-tempo\/"},"modified":"2026-03-20T15:34:00","modified_gmt":"2026-03-20T18:34:00","slug":"aguas-de-portugal-estima-recuperacao-de-40-m-de-saneamento-por-mau-tempo","status":"publish","type":"post","link":"https:\/\/portaltela.pt\/meio-ambiente\/2026\/03\/20\/aguas-de-portugal-estima-recuperacao-de-40-m-de-saneamento-por-mau-tempo\/","title":{"rendered":"\u00c1guas de Portugal estima recupera\u00e7\u00e3o de 40 M\u20ac de saneamento por mau tempo"},"content":{"rendered":"<p>A \u00c1guas de Portugal estima investir 40 milh\u00f5es de euros na recupera\u00e7\u00e3o de infraestruturas de saneamento b\u00e1sico danificadas pelo mau tempo. A medida visa restabelecer o funcionamento de redes de \u00e1gua e esgoto em todo o territ\u00f3rio nacional.<\/p>\n<p>A avalia\u00e7\u00e3o envolve interven\u00e7\u00f5es em redes de abastecimento, esta\u00e7\u00f5es de tratamento e outras infraestruturas cr\u00edticas. O objetivo \u00e9 acelerar a normaliza\u00e7\u00e3o do servi\u00e7o e reduzir as afectan\u00e7\u00f5es aos utilizadores.<\/p>\n<p>Quem est\u00e1 envolvido \u00e9 a pr\u00f3pria \u00c1guas de Portugal, em parceria com entidades locais respons\u00e1veis pela gest\u00e3o da \u00e1gua. O montante deve ser aplicado em obras de repara\u00e7\u00e3o, manuten\u00e7\u00e3o e refor\u00e7o de resist\u00eancia.<\/p>\n<p>Conte\u00fado completo dispon\u00edvel apenas para subscritores.<\/p>\n","protected":false},"excerpt":{"rendered":"<ul>\n<li>A \u00c1guas de Portugal estima 40 ME para a recupera\u00e7\u00e3o de infraestruturas de saneamento b\u00e1sico afetadas pelo mau tempo.<\/li>\n<li>O foco da recupera\u00e7\u00e3o \u00e9 manter o funcionamento de redes e equipamentos de abastecimento e tratamento de \u00e1gua e esgoto.<\/li>\n<li>O conte\u00fado completo da not\u00edcia est\u00e1 dispon\u00edvel apenas para subscritores.<\/li>\n<li>O valor apresentado corresponde \u00e0 estimativa de custo necess\u00e1ria para reparar os danos causados pelo mau tempo.<\/li>\n<\/ul>\n","protected":false},"author":2,"featured_media":417829,"comment_status":"closed","ping_status":"closed","sticky":false,"template":"","format":"standard","meta":{"footnotes":""},"categories":[6725],"tags":[1503,7131,258,316,45,1123],"class_list":["post-417824","post","type-post","status-publish","format-standard","has-post-thumbnail","hentry","category-meio-ambiente","tag-abastecimento-de-agua","tag-aguas-de-portugal","tag-infraestruturas","tag-investimento","tag-meio-ambiente","tag-saneamento"],"yoast_head":"<!-- This site is optimized with the Yoast SEO plugin v27.2 - https:\/\/yoast.com\/product\/yoast-seo-wordpress\/ -->\n<title>\u00c1guas de Portugal estima recupera\u00e7\u00e3o de 40 M\u20ac de saneamento por mau tempo - Portal Tela Portugal<\/title>\n<meta name=\"robots\" content=\"index, follow, max-snippet:-1, max-image-preview:large, max-video-preview:-1\" \/>\n<meta property=\"og:locale\" content=\"pt_PT\" \/>\n<meta property=\"og:type\" content=\"article\" \/>\n<meta property=\"og:title\" content=\"\u00c1guas de Portugal estima recupera\u00e7\u00e3o de 40 M\u20ac de saneamento por mau tempo - Portal Tela Portugal\" \/>\n<meta property=\"og:description\" content=\"A \u00c1guas de Portugal estima 40 ME para a recupera\u00e7\u00e3o de infraestruturas de saneamento b\u00e1sico afetadas pelo mau tempo. O foco da recupera\u00e7\u00e3o \u00e9 manter o funcionamento de redes e equipamentos de abastecimento e tratamento de \u00e1gua e esgoto. O conte\u00fado completo da not\u00edcia est\u00e1 dispon\u00edvel apenas para subscritores. O valor apresentado corresponde \u00e0 estimativa de custo necess\u00e1ria para reparar os danos causados pelo mau tempo.\" \/>\n<meta property=\"og:url\" content=\"https:\/\/portaltela.pt\/noticias\/2026\/03\/20\/aguas-de-portugal-estima-recuperacao-de-40-m-de-saneamento-por-mau-tempo\/\" \/>\n<meta property=\"og:site_name\" content=\"Portal Tela Portugal\" \/>\n<meta property=\"article:published_time\" content=\"2026-03-20T18:34:00+00:00\" \/>\n<meta name=\"author\" content=\"Telinha\" \/>\n<meta name=\"twitter:card\" content=\"summary_large_image\" \/>\n<meta name=\"twitter:label1\" content=\"Escrito por\" \/>\n\t<meta name=\"twitter:data1\" content=\"Telinha\" \/>\n\t<meta name=\"twitter:label2\" content=\"Tempo estimado de leitura\" \/>\n\t<meta name=\"twitter:data2\" content=\"1 minuto\" \/>\n<script type=\"application\/ld+json\" class=\"yoast-schema-graph\">{\"@context\":\"https:\/\/schema.org\",\"@graph\":[{\"@type\":\"Article\",\"@id\":\"https:\/\/portaltela.pt\/noticias\/2026\/03\/20\/aguas-de-portugal-estima-recuperacao-de-40-m-de-saneamento-por-mau-tempo\/#article\",\"isPartOf\":{\"@id\":\"https:\/\/portaltela.pt\/noticias\/2026\/03\/20\/aguas-de-portugal-estima-recuperacao-de-40-m-de-saneamento-por-mau-tempo\/\"},\"author\":{\"name\":\"Telinha\",\"@id\":\"https:\/\/portaltela.pt\/#\/schema\/person\/c4278d4a6028830caff9ee44b42d32ed\"},\"headline\":\"\u00c1guas de Portugal estima recupera\u00e7\u00e3o de 40 M\u20ac de saneamento por mau tempo\",\"datePublished\":\"2026-03-20T18:34:00+00:00\",\"mainEntityOfPage\":{\"@id\":\"https:\/\/portaltela.pt\/noticias\/2026\/03\/20\/aguas-de-portugal-estima-recuperacao-de-40-m-de-saneamento-por-mau-tempo\/\"},\"wordCount\":136,\"image\":{\"@id\":\"https:\/\/portaltela.pt\/noticias\/2026\/03\/20\/aguas-de-portugal-estima-recuperacao-de-40-m-de-saneamento-por-mau-tempo\/#primaryimage\"},\"thumbnailUrl\":\"https:\/\/portaltela.pt\/s.01k8rhncp4jt1\/2026\/03\/CACHE_780X1200_ANALOG_WATERMARKED_15741810_1397408_09042019013846.jpg\",\"keywords\":[\"abastecimento de \u00e1gua\",\"\u00c1guas de Portugal\",\"infraestruturas\",\"investimento\",\"meio-ambiente\",\"saneamento\"],\"articleSection\":[\"Meio Ambiente\"],\"inLanguage\":\"pt-PT\"},{\"@type\":\"WebPage\",\"@id\":\"https:\/\/portaltela.pt\/noticias\/2026\/03\/20\/aguas-de-portugal-estima-recuperacao-de-40-m-de-saneamento-por-mau-tempo\/\",\"url\":\"https:\/\/portaltela.pt\/noticias\/2026\/03\/20\/aguas-de-portugal-estima-recuperacao-de-40-m-de-saneamento-por-mau-tempo\/\",\"name\":\"\u00c1guas de Portugal estima recupera\u00e7\u00e3o de 40 M\u20ac de saneamento por mau tempo - Portal Tela Portugal\",\"isPartOf\":{\"@id\":\"https:\/\/portaltela.pt\/#website\"},\"primaryImageOfPage\":{\"@id\":\"https:\/\/portaltela.pt\/noticias\/2026\/03\/20\/aguas-de-portugal-estima-recuperacao-de-40-m-de-saneamento-por-mau-tempo\/#primaryimage\"},\"image\":{\"@id\":\"https:\/\/portaltela.pt\/noticias\/2026\/03\/20\/aguas-de-portugal-estima-recuperacao-de-40-m-de-saneamento-por-mau-tempo\/#primaryimage\"},\"thumbnailUrl\":\"https:\/\/portaltela.pt\/s.01k8rhncp4jt1\/2026\/03\/CACHE_780X1200_ANALOG_WATERMARKED_15741810_1397408_09042019013846.jpg\",\"datePublished\":\"2026-03-20T18:34:00+00:00\",\"author\":{\"@id\":\"https:\/\/portaltela.pt\/#\/schema\/person\/c4278d4a6028830caff9ee44b42d32ed\"},\"breadcrumb\":{\"@id\":\"https:\/\/portaltela.pt\/noticias\/2026\/03\/20\/aguas-de-portugal-estima-recuperacao-de-40-m-de-saneamento-por-mau-tempo\/#breadcrumb\"},\"inLanguage\":\"pt-PT\",\"potentialAction\":[{\"@type\":\"ReadAction\",\"target\":[\"https:\/\/portaltela.pt\/noticias\/2026\/03\/20\/aguas-de-portugal-estima-recuperacao-de-40-m-de-saneamento-por-mau-tempo\/\"]}]},{\"@type\":\"ImageObject\",\"inLanguage\":\"pt-PT\",\"@id\":\"https:\/\/portaltela.pt\/noticias\/2026\/03\/20\/aguas-de-portugal-estima-recuperacao-de-40-m-de-saneamento-por-mau-tempo\/#primaryimage\",\"url\":\"https:\/\/portaltela.pt\/s.01k8rhncp4jt1\/2026\/03\/CACHE_780X1200_ANALOG_WATERMARKED_15741810_1397408_09042019013846.jpg\",\"contentUrl\":\"https:\/\/portaltela.pt\/s.01k8rhncp4jt1\/2026\/03\/CACHE_780X1200_ANALOG_WATERMARKED_15741810_1397408_09042019013846.jpg\",\"width\":796,\"height\":448,\"caption\":\"\u00c1guas de Portugal estima em 40 ME recupera\u00e7\u00e3o de infraestruturas de saneamento b\u00e1sico devido ao mau tempo\"},{\"@type\":\"BreadcrumbList\",\"@id\":\"https:\/\/portaltela.pt\/noticias\/2026\/03\/20\/aguas-de-portugal-estima-recuperacao-de-40-m-de-saneamento-por-mau-tempo\/#breadcrumb\",\"itemListElement\":[{\"@type\":\"ListItem\",\"position\":1,\"name\":\"In\u00edcio\",\"item\":\"https:\/\/portaltela.pt\/\"},{\"@type\":\"ListItem\",\"position\":2,\"name\":\"\u00c1guas de Portugal estima recupera\u00e7\u00e3o de 40 M\u20ac de saneamento por mau tempo\"}]},{\"@type\":\"WebSite\",\"@id\":\"https:\/\/portaltela.pt\/#website\",\"url\":\"https:\/\/portaltela.pt\/\",\"name\":\"Portal Tela Portugal\",\"description\":\"\",\"potentialAction\":[{\"@type\":\"SearchAction\",\"target\":{\"@type\":\"EntryPoint\",\"urlTemplate\":\"https:\/\/portaltela.pt\/?s={search_term_string}\"},\"query-input\":{\"@type\":\"PropertyValueSpecification\",\"valueRequired\":true,\"valueName\":\"search_term_string\"}}],\"inLanguage\":\"pt-PT\"},{\"@type\":\"Person\",\"@id\":\"https:\/\/portaltela.pt\/#\/schema\/person\/c4278d4a6028830caff9ee44b42d32ed\",\"name\":\"Telinha\",\"image\":{\"@type\":\"ImageObject\",\"inLanguage\":\"pt-PT\",\"@id\":\"https:\/\/portaltela.pt\/s.01k8rhncp4jt1\/2025\/11\/talking-bot-125x125.png\",\"url\":\"https:\/\/portaltela.pt\/s.01k8rhncp4jt1\/2025\/11\/talking-bot-125x125.png\",\"contentUrl\":\"https:\/\/portaltela.pt\/s.01k8rhncp4jt1\/2025\/11\/talking-bot-125x125.png\",\"caption\":\"Telinha\"},\"sameAs\":[\"https:\/\/portaltela.pt\/\"],\"url\":\"https:\/\/portaltela.pt\/por\/367410592786\/\"}]}<\/script>\n<!-- \/ Yoast SEO plugin. -->","yoast_head_json":{"title":"\u00c1guas de Portugal estima recupera\u00e7\u00e3o de 40 M\u20ac de saneamento por mau tempo - Portal Tela Portugal","robots":{"index":"index","follow":"follow","max-snippet":"max-snippet:-1","max-image-preview":"max-image-preview:large","max-video-preview":"max-video-preview:-1"},"og_locale":"pt_PT","og_type":"article","og_title":"\u00c1guas de Portugal estima recupera\u00e7\u00e3o de 40 M\u20ac de saneamento por mau tempo - Portal Tela Portugal","og_description":"A \u00c1guas de Portugal estima 40 ME para a recupera\u00e7\u00e3o de infraestruturas de saneamento b\u00e1sico afetadas pelo mau tempo. O foco da recupera\u00e7\u00e3o \u00e9 manter o funcionamento de redes e equipamentos de abastecimento e tratamento de \u00e1gua e esgoto. O conte\u00fado completo da not\u00edcia est\u00e1 dispon\u00edvel apenas para subscritores. O valor apresentado corresponde \u00e0 estimativa de custo necess\u00e1ria para reparar os danos causados pelo mau tempo.","og_url":"https:\/\/portaltela.pt\/noticias\/2026\/03\/20\/aguas-de-portugal-estima-recuperacao-de-40-m-de-saneamento-por-mau-tempo\/","og_site_name":"Portal Tela Portugal","article_published_time":"2026-03-20T18:34:00+00:00","author":"Telinha","twitter_card":"summary_large_image","twitter_misc":{"Escrito por":"Telinha","Tempo estimado de leitura":"1 minuto"},"schema":{"@context":"https:\/\/schema.org","@graph":[{"@type":"Article","@id":"https:\/\/portaltela.pt\/noticias\/2026\/03\/20\/aguas-de-portugal-estima-recuperacao-de-40-m-de-saneamento-por-mau-tempo\/#article","isPartOf":{"@id":"https:\/\/portaltela.pt\/noticias\/2026\/03\/20\/aguas-de-portugal-estima-recuperacao-de-40-m-de-saneamento-por-mau-tempo\/"},"author":{"name":"Telinha","@id":"https:\/\/portaltela.pt\/#\/schema\/person\/c4278d4a6028830caff9ee44b42d32ed"},"headline":"\u00c1guas de Portugal estima recupera\u00e7\u00e3o de 40 M\u20ac de saneamento por mau tempo","datePublished":"2026-03-20T18:34:00+00:00","mainEntityOfPage":{"@id":"https:\/\/portaltela.pt\/noticias\/2026\/03\/20\/aguas-de-portugal-estima-recuperacao-de-40-m-de-saneamento-por-mau-tempo\/"},"wordCount":136,"image":{"@id":"https:\/\/portaltela.pt\/noticias\/2026\/03\/20\/aguas-de-portugal-estima-recuperacao-de-40-m-de-saneamento-por-mau-tempo\/#primaryimage"},"thumbnailUrl":"https:\/\/portaltela.pt\/s.01k8rhncp4jt1\/2026\/03\/CACHE_780X1200_ANALOG_WATERMARKED_15741810_1397408_09042019013846.jpg","keywords":["abastecimento de \u00e1gua","\u00c1guas de Portugal","infraestruturas","investimento","meio-ambiente","saneamento"],"articleSection":["Meio Ambiente"],"inLanguage":"pt-PT"},{"@type":"WebPage","@id":"https:\/\/portaltela.pt\/noticias\/2026\/03\/20\/aguas-de-portugal-estima-recuperacao-de-40-m-de-saneamento-por-mau-tempo\/","url":"https:\/\/portaltela.pt\/noticias\/2026\/03\/20\/aguas-de-portugal-estima-recuperacao-de-40-m-de-saneamento-por-mau-tempo\/","name":"\u00c1guas de Portugal estima recupera\u00e7\u00e3o de 40 M\u20ac de saneamento por mau tempo - Portal Tela Portugal","isPartOf":{"@id":"https:\/\/portaltela.pt\/#website"},"primaryImageOfPage":{"@id":"https:\/\/portaltela.pt\/noticias\/2026\/03\/20\/aguas-de-portugal-estima-recuperacao-de-40-m-de-saneamento-por-mau-tempo\/#primaryimage"},"image":{"@id":"https:\/\/portaltela.pt\/noticias\/2026\/03\/20\/aguas-de-portugal-estima-recuperacao-de-40-m-de-saneamento-por-mau-tempo\/#primaryimage"},"thumbnailUrl":"https:\/\/portaltela.pt\/s.01k8rhncp4jt1\/2026\/03\/CACHE_780X1200_ANALOG_WATERMARKED_15741810_1397408_09042019013846.jpg","datePublished":"2026-03-20T18:34:00+00:00","author":{"@id":"https:\/\/portaltela.pt\/#\/schema\/person\/c4278d4a6028830caff9ee44b42d32ed"},"breadcrumb":{"@id":"https:\/\/portaltela.pt\/noticias\/2026\/03\/20\/aguas-de-portugal-estima-recuperacao-de-40-m-de-saneamento-por-mau-tempo\/#breadcrumb"},"inLanguage":"pt-PT","potentialAction":[{"@type":"ReadAction","target":["https:\/\/portaltela.pt\/noticias\/2026\/03\/20\/aguas-de-portugal-estima-recuperacao-de-40-m-de-saneamento-por-mau-tempo\/"]}]},{"@type":"ImageObject","inLanguage":"pt-PT","@id":"https:\/\/portaltela.pt\/noticias\/2026\/03\/20\/aguas-de-portugal-estima-recuperacao-de-40-m-de-saneamento-por-mau-tempo\/#primaryimage","url":"https:\/\/portaltela.pt\/s.01k8rhncp4jt1\/2026\/03\/CACHE_780X1200_ANALOG_WATERMARKED_15741810_1397408_09042019013846.jpg","contentUrl":"https:\/\/portaltela.pt\/s.01k8rhncp4jt1\/2026\/03\/CACHE_780X1200_ANALOG_WATERMARKED_15741810_1397408_09042019013846.jpg","width":796,"height":448,"caption":"\u00c1guas de Portugal estima em 40 ME recupera\u00e7\u00e3o de infraestruturas de saneamento b\u00e1sico devido ao mau tempo"},{"@type":"BreadcrumbList","@id":"https:\/\/portaltela.pt\/noticias\/2026\/03\/20\/aguas-de-portugal-estima-recuperacao-de-40-m-de-saneamento-por-mau-tempo\/#breadcrumb","itemListElement":[{"@type":"ListItem","position":1,"name":"In\u00edcio","item":"https:\/\/portaltela.pt\/"},{"@type":"ListItem","position":2,"name":"\u00c1guas de Portugal estima recupera\u00e7\u00e3o de 40 M\u20ac de saneamento por mau tempo"}]},{"@type":"WebSite","@id":"https:\/\/portaltela.pt\/#website","url":"https:\/\/portaltela.pt\/","name":"Portal Tela Portugal","description":"","potentialAction":[{"@type":"SearchAction","target":{"@type":"EntryPoint","urlTemplate":"https:\/\/portaltela.pt\/?s={search_term_string}"},"query-input":{"@type":"PropertyValueSpecification","valueRequired":true,"valueName":"search_term_string"}}],"inLanguage":"pt-PT"},{"@type":"Person","@id":"https:\/\/portaltela.pt\/#\/schema\/person\/c4278d4a6028830caff9ee44b42d32ed","name":"Telinha","image":{"@type":"ImageObject","inLanguage":"pt-PT","@id":"https:\/\/portaltela.pt\/s.01k8rhncp4jt1\/2025\/11\/talking-bot-125x125.png","url":"https:\/\/portaltela.pt\/s.01k8rhncp4jt1\/2025\/11\/talking-bot-125x125.png","contentUrl":"https:\/\/portaltela.pt\/s.01k8rhncp4jt1\/2025\/11\/talking-bot-125x125.png","caption":"Telinha"},"sameAs":["https:\/\/portaltela.pt\/"],"url":"https:\/\/portaltela.pt\/por\/367410592786\/"}]}},"_links":{"self":[{"href":"https:\/\/portaltela.pt\/api\/wp\/v2\/posts\/417824","targetHints":{"allow":["GET"]}}],"collection":[{"href":"https:\/\/portaltela.pt\/api\/wp\/v2\/posts"}],"about":[{"href":"https:\/\/portaltela.pt\/api\/wp\/v2\/types\/post"}],"author":[{"embeddable":true,"href":"https:\/\/portaltela.pt\/api\/wp\/v2\/users\/2"}],"replies":[{"embeddable":true,"href":"https:\/\/portaltela.pt\/api\/wp\/v2\/comments?post=417824"}],"version-history":[{"count":0,"href":"https:\/\/portaltela.pt\/api\/wp\/v2\/posts\/417824\/revisions"}],"wp:featuredmedia":[{"embeddable":true,"href":"https:\/\/portaltela.pt\/api\/wp\/v2\/media\/417829"}],"wp:attachment":[{"href":"https:\/\/portaltela.pt\/api\/wp\/v2\/media?parent=417824"}],"wp:term":[{"taxonomy":"category","embeddable":true,"href":"https:\/\/portaltela.pt\/api\/wp\/v2\/categories?post=417824"},{"taxonomy":"post_tag","embeddable":true,"href":"https:\/\/portaltela.pt\/api\/wp\/v2\/tags?post=417824"}],"curies":[{"name":"wp","href":"https:\/\/api.w.org\/{rel}","templated":true}]}}