{"id":417823,"date":"2026-03-20T15:45:00","date_gmt":"2026-03-20T18:45:00","guid":{"rendered":"https:\/\/portaltela.pt\/noticias\/2026\/03\/20\/seis-feridos-em-explosao-de-granada-em-rua-no-rio-de-janeiro\/"},"modified":"2026-03-20T15:45:00","modified_gmt":"2026-03-20T18:45:00","slug":"seis-feridos-em-explosao-de-granada-em-rua-no-rio-de-janeiro","status":"publish","type":"post","link":"https:\/\/portaltela.pt\/noticias\/2026\/03\/20\/seis-feridos-em-explosao-de-granada-em-rua-no-rio-de-janeiro\/","title":{"rendered":"Seis feridos em explos\u00e3o de granada em rua no Rio de Janeiro"},"content":{"rendered":"<p>Seis pessoas ficaram feridas, duas em estado grave, na explos\u00e3o de uma granada numa rua do Rio de Janeiro, na tarde de sexta-feira. A granada explodiu ao ser manuseada por um funcion\u00e1rio da Via\u00e7\u00e3o Paranapuan, que a encontrou num local p\u00fablico.<\/p>\n<p>O incidente ocorreu junto \u00e0 linha 328, com a paragem final na Estrada do Quilombo, no bairro Bananal, zona norte. O trabalhador encontrou uma mochila preta num assento e come\u00e7ou a explorar o seu conte\u00fado, quando a granada explodiu na m\u00e3o dele.<\/p>\n<p>As v\u00edtimas foram transportadas para o Hospital Evandro Gomes, na Ilha do Governador, com ambul\u00e2ncias da regi\u00e3o. A paragem fica em frente a um quartel dos Fuzileiros Navais; n\u00e3o h\u00e1, por ora, indica\u00e7\u00e3o de liga\u00e7\u00e3o entre o artefacto e as for\u00e7as armadas.<\/p>\n<h3>Contexto e informa\u00e7\u00f5es adicionais<\/h3>\n<p>Artefactos explosivos s\u00e3o usados por criminosos ligados a f\u00f3runs de droga e mil\u00edcias, e costumam ser encontrados abandonados na via p\u00fablica. A pol\u00edcia deve esclarecer as circunst\u00e2ncias da localiza\u00e7\u00e3o e o respons\u00e1vel pela descoberta.<\/p>\n<p>A investiga\u00e7\u00e3o prossegue para apurar a origem da granada e eventuais liga\u00e7\u00f5es com grupos criminosos, bem como identificar testemunhas da ocorr\u00eancia.<\/p>\n","protected":false},"excerpt":{"rendered":"<ul>\n<li>Seis feridos, duas delas em estado grave, na explos\u00e3o de uma granada numa rua do Rio de Janeiro durante a tarde de sexta-feira.<\/li>\n<li>A granada explodiu ao ser manuseada por um funcion\u00e1rio da Via\u00e7\u00e3o Paranapuan, que detinha a mochila preta encontrada junto a uma paragem.<\/li>\n<li>A paragem fica em frente a um quartel dos Fuzileiros Navais, na Ilha do Governador, e os feridos foram encaminhados para o Hospital Evandro Gomes.<\/li>\n<li>O funcion\u00e1rio da empresa de autocarros abriu a mochila para ver o conte\u00fado antes de a granada detonar na sua m\u00e3o.<\/li>\n<li>N\u00e3o h\u00e1, no momento, indica\u00e7\u00e3o de liga\u00e7\u00e3o com as For\u00e7as Armadas; artefactos explosivos deste tipo s\u00e3o usados por criminosos ligados ao tr\u00e1fico ou a mil\u00edcias.<\/li>\n<\/ul>\n","protected":false},"author":2,"featured_media":417828,"comment_status":"closed","ping_status":"closed","sticky":false,"template":"","format":"standard","meta":{"footnotes":""},"categories":[7374,1],"tags":[182,2547,147,3571,6700,3418],"class_list":["post-417823","post","type-post","status-publish","format-standard","has-post-thumbnail","hentry","category-criminalidade","category-noticias","tag-armas","tag-brasil","tag-crime","tag-explosoes","tag-milicias","tag-policia-de-seguranca-publica"],"yoast_head":"<!-- This site is optimized with the Yoast SEO plugin v27.2 - https:\/\/yoast.com\/product\/yoast-seo-wordpress\/ -->\n<title>Seis feridos em explos\u00e3o de granada em rua no Rio de Janeiro - Portal Tela Portugal<\/title>\n<meta name=\"robots\" content=\"index, follow, max-snippet:-1, max-image-preview:large, max-video-preview:-1\" \/>\n<meta property=\"og:locale\" content=\"pt_PT\" \/>\n<meta property=\"og:type\" content=\"article\" \/>\n<meta property=\"og:title\" content=\"Seis feridos em explos\u00e3o de granada em rua no Rio de Janeiro - Portal Tela Portugal\" \/>\n<meta property=\"og:description\" content=\"Seis feridos, duas delas em estado grave, na explos\u00e3o de uma granada numa rua do Rio de Janeiro durante a tarde de sexta-feira. A granada explodiu ao ser manuseada por um funcion\u00e1rio da Via\u00e7\u00e3o Paranapuan, que detinha a mochila preta encontrada junto a uma paragem. A paragem fica em frente a um quartel dos Fuzileiros Navais, na Ilha do Governador, e os feridos foram encaminhados para o Hospital Evandro Gomes. O funcion\u00e1rio da empresa de autocarros abriu a mochila para ver o conte\u00fado antes de a granada detonar na sua m\u00e3o. N\u00e3o h\u00e1, no momento, indica\u00e7\u00e3o de liga\u00e7\u00e3o com as For\u00e7as Armadas; artefactos explosivos deste tipo s\u00e3o usados por criminosos ligados ao tr\u00e1fico ou a mil\u00edcias.\" \/>\n<meta property=\"og:url\" content=\"https:\/\/portaltela.pt\/noticias\/2026\/03\/20\/seis-feridos-em-explosao-de-granada-em-rua-no-rio-de-janeiro\/\" \/>\n<meta property=\"og:site_name\" content=\"Portal Tela Portugal\" \/>\n<meta property=\"article:published_time\" content=\"2026-03-20T18:45:00+00:00\" \/>\n<meta name=\"author\" content=\"Telinha\" \/>\n<meta name=\"twitter:card\" content=\"summary_large_image\" \/>\n<meta name=\"twitter:label1\" content=\"Escrito por\" \/>\n\t<meta name=\"twitter:data1\" content=\"Telinha\" \/>\n\t<meta name=\"twitter:label2\" content=\"Tempo estimado de leitura\" \/>\n\t<meta name=\"twitter:data2\" content=\"1 minuto\" \/>\n<script type=\"application\/ld+json\" class=\"yoast-schema-graph\">{\"@context\":\"https:\/\/schema.org\",\"@graph\":[{\"@type\":\"Article\",\"@id\":\"https:\/\/portaltela.pt\/noticias\/2026\/03\/20\/seis-feridos-em-explosao-de-granada-em-rua-no-rio-de-janeiro\/#article\",\"isPartOf\":{\"@id\":\"https:\/\/portaltela.pt\/noticias\/2026\/03\/20\/seis-feridos-em-explosao-de-granada-em-rua-no-rio-de-janeiro\/\"},\"author\":{\"name\":\"Telinha\",\"@id\":\"https:\/\/portaltela.pt\/#\/schema\/person\/c4278d4a6028830caff9ee44b42d32ed\"},\"headline\":\"Seis feridos em explos\u00e3o de granada em rua no Rio de Janeiro\",\"datePublished\":\"2026-03-20T18:45:00+00:00\",\"mainEntityOfPage\":{\"@id\":\"https:\/\/portaltela.pt\/noticias\/2026\/03\/20\/seis-feridos-em-explosao-de-granada-em-rua-no-rio-de-janeiro\/\"},\"wordCount\":221,\"image\":{\"@id\":\"https:\/\/portaltela.pt\/noticias\/2026\/03\/20\/seis-feridos-em-explosao-de-granada-em-rua-no-rio-de-janeiro\/#primaryimage\"},\"thumbnailUrl\":\"https:\/\/portaltela.pt\/s.01k8rhncp4jt1\/2026\/03\/img_1500x1000uu2023-05-28-15-04-54-1359336.jpg\",\"keywords\":[\"armas\",\"Brasil\",\"crime\",\"explos\u00f5es\",\"mil\u00edcias\",\"Pol\u00edcia de Seguran\u00e7a P\u00fablica\"],\"articleSection\":[\"Criminalidade\",\"Not\u00edcias\"],\"inLanguage\":\"pt-PT\"},{\"@type\":\"WebPage\",\"@id\":\"https:\/\/portaltela.pt\/noticias\/2026\/03\/20\/seis-feridos-em-explosao-de-granada-em-rua-no-rio-de-janeiro\/\",\"url\":\"https:\/\/portaltela.pt\/noticias\/2026\/03\/20\/seis-feridos-em-explosao-de-granada-em-rua-no-rio-de-janeiro\/\",\"name\":\"Seis feridos em explos\u00e3o de granada em rua no Rio de Janeiro - Portal Tela Portugal\",\"isPartOf\":{\"@id\":\"https:\/\/portaltela.pt\/#website\"},\"primaryImageOfPage\":{\"@id\":\"https:\/\/portaltela.pt\/noticias\/2026\/03\/20\/seis-feridos-em-explosao-de-granada-em-rua-no-rio-de-janeiro\/#primaryimage\"},\"image\":{\"@id\":\"https:\/\/portaltela.pt\/noticias\/2026\/03\/20\/seis-feridos-em-explosao-de-granada-em-rua-no-rio-de-janeiro\/#primaryimage\"},\"thumbnailUrl\":\"https:\/\/portaltela.pt\/s.01k8rhncp4jt1\/2026\/03\/img_1500x1000uu2023-05-28-15-04-54-1359336.jpg\",\"datePublished\":\"2026-03-20T18:45:00+00:00\",\"author\":{\"@id\":\"https:\/\/portaltela.pt\/#\/schema\/person\/c4278d4a6028830caff9ee44b42d32ed\"},\"breadcrumb\":{\"@id\":\"https:\/\/portaltela.pt\/noticias\/2026\/03\/20\/seis-feridos-em-explosao-de-granada-em-rua-no-rio-de-janeiro\/#breadcrumb\"},\"inLanguage\":\"pt-PT\",\"potentialAction\":[{\"@type\":\"ReadAction\",\"target\":[\"https:\/\/portaltela.pt\/noticias\/2026\/03\/20\/seis-feridos-em-explosao-de-granada-em-rua-no-rio-de-janeiro\/\"]}]},{\"@type\":\"ImageObject\",\"inLanguage\":\"pt-PT\",\"@id\":\"https:\/\/portaltela.pt\/noticias\/2026\/03\/20\/seis-feridos-em-explosao-de-granada-em-rua-no-rio-de-janeiro\/#primaryimage\",\"url\":\"https:\/\/portaltela.pt\/s.01k8rhncp4jt1\/2026\/03\/img_1500x1000uu2023-05-28-15-04-54-1359336.jpg\",\"contentUrl\":\"https:\/\/portaltela.pt\/s.01k8rhncp4jt1\/2026\/03\/img_1500x1000uu2023-05-28-15-04-54-1359336.jpg\",\"width\":796,\"height\":448,\"caption\":\"Pol\u00edcia Civil brasileira\"},{\"@type\":\"BreadcrumbList\",\"@id\":\"https:\/\/portaltela.pt\/noticias\/2026\/03\/20\/seis-feridos-em-explosao-de-granada-em-rua-no-rio-de-janeiro\/#breadcrumb\",\"itemListElement\":[{\"@type\":\"ListItem\",\"position\":1,\"name\":\"In\u00edcio\",\"item\":\"https:\/\/portaltela.pt\/\"},{\"@type\":\"ListItem\",\"position\":2,\"name\":\"Seis feridos em explos\u00e3o de granada em rua no Rio de Janeiro\"}]},{\"@type\":\"WebSite\",\"@id\":\"https:\/\/portaltela.pt\/#website\",\"url\":\"https:\/\/portaltela.pt\/\",\"name\":\"Portal Tela Portugal\",\"description\":\"\",\"potentialAction\":[{\"@type\":\"SearchAction\",\"target\":{\"@type\":\"EntryPoint\",\"urlTemplate\":\"https:\/\/portaltela.pt\/?s={search_term_string}\"},\"query-input\":{\"@type\":\"PropertyValueSpecification\",\"valueRequired\":true,\"valueName\":\"search_term_string\"}}],\"inLanguage\":\"pt-PT\"},{\"@type\":\"Person\",\"@id\":\"https:\/\/portaltela.pt\/#\/schema\/person\/c4278d4a6028830caff9ee44b42d32ed\",\"name\":\"Telinha\",\"image\":{\"@type\":\"ImageObject\",\"inLanguage\":\"pt-PT\",\"@id\":\"https:\/\/portaltela.pt\/s.01k8rhncp4jt1\/2025\/11\/talking-bot-125x125.png\",\"url\":\"https:\/\/portaltela.pt\/s.01k8rhncp4jt1\/2025\/11\/talking-bot-125x125.png\",\"contentUrl\":\"https:\/\/portaltela.pt\/s.01k8rhncp4jt1\/2025\/11\/talking-bot-125x125.png\",\"caption\":\"Telinha\"},\"sameAs\":[\"https:\/\/portaltela.pt\/\"],\"url\":\"https:\/\/portaltela.pt\/por\/367410592786\/\"}]}<\/script>\n<!-- \/ Yoast SEO plugin. -->","yoast_head_json":{"title":"Seis feridos em explos\u00e3o de granada em rua no Rio de Janeiro - Portal Tela Portugal","robots":{"index":"index","follow":"follow","max-snippet":"max-snippet:-1","max-image-preview":"max-image-preview:large","max-video-preview":"max-video-preview:-1"},"og_locale":"pt_PT","og_type":"article","og_title":"Seis feridos em explos\u00e3o de granada em rua no Rio de Janeiro - Portal Tela Portugal","og_description":"Seis feridos, duas delas em estado grave, na explos\u00e3o de uma granada numa rua do Rio de Janeiro durante a tarde de sexta-feira. A granada explodiu ao ser manuseada por um funcion\u00e1rio da Via\u00e7\u00e3o Paranapuan, que detinha a mochila preta encontrada junto a uma paragem. A paragem fica em frente a um quartel dos Fuzileiros Navais, na Ilha do Governador, e os feridos foram encaminhados para o Hospital Evandro Gomes. O funcion\u00e1rio da empresa de autocarros abriu a mochila para ver o conte\u00fado antes de a granada detonar na sua m\u00e3o. N\u00e3o h\u00e1, no momento, indica\u00e7\u00e3o de liga\u00e7\u00e3o com as For\u00e7as Armadas; artefactos explosivos deste tipo s\u00e3o usados por criminosos ligados ao tr\u00e1fico ou a mil\u00edcias.","og_url":"https:\/\/portaltela.pt\/noticias\/2026\/03\/20\/seis-feridos-em-explosao-de-granada-em-rua-no-rio-de-janeiro\/","og_site_name":"Portal Tela Portugal","article_published_time":"2026-03-20T18:45:00+00:00","author":"Telinha","twitter_card":"summary_large_image","twitter_misc":{"Escrito por":"Telinha","Tempo estimado de leitura":"1 minuto"},"schema":{"@context":"https:\/\/schema.org","@graph":[{"@type":"Article","@id":"https:\/\/portaltela.pt\/noticias\/2026\/03\/20\/seis-feridos-em-explosao-de-granada-em-rua-no-rio-de-janeiro\/#article","isPartOf":{"@id":"https:\/\/portaltela.pt\/noticias\/2026\/03\/20\/seis-feridos-em-explosao-de-granada-em-rua-no-rio-de-janeiro\/"},"author":{"name":"Telinha","@id":"https:\/\/portaltela.pt\/#\/schema\/person\/c4278d4a6028830caff9ee44b42d32ed"},"headline":"Seis feridos em explos\u00e3o de granada em rua no Rio de Janeiro","datePublished":"2026-03-20T18:45:00+00:00","mainEntityOfPage":{"@id":"https:\/\/portaltela.pt\/noticias\/2026\/03\/20\/seis-feridos-em-explosao-de-granada-em-rua-no-rio-de-janeiro\/"},"wordCount":221,"image":{"@id":"https:\/\/portaltela.pt\/noticias\/2026\/03\/20\/seis-feridos-em-explosao-de-granada-em-rua-no-rio-de-janeiro\/#primaryimage"},"thumbnailUrl":"https:\/\/portaltela.pt\/s.01k8rhncp4jt1\/2026\/03\/img_1500x1000uu2023-05-28-15-04-54-1359336.jpg","keywords":["armas","Brasil","crime","explos\u00f5es","mil\u00edcias","Pol\u00edcia de Seguran\u00e7a P\u00fablica"],"articleSection":["Criminalidade","Not\u00edcias"],"inLanguage":"pt-PT"},{"@type":"WebPage","@id":"https:\/\/portaltela.pt\/noticias\/2026\/03\/20\/seis-feridos-em-explosao-de-granada-em-rua-no-rio-de-janeiro\/","url":"https:\/\/portaltela.pt\/noticias\/2026\/03\/20\/seis-feridos-em-explosao-de-granada-em-rua-no-rio-de-janeiro\/","name":"Seis feridos em explos\u00e3o de granada em rua no Rio de Janeiro - Portal Tela Portugal","isPartOf":{"@id":"https:\/\/portaltela.pt\/#website"},"primaryImageOfPage":{"@id":"https:\/\/portaltela.pt\/noticias\/2026\/03\/20\/seis-feridos-em-explosao-de-granada-em-rua-no-rio-de-janeiro\/#primaryimage"},"image":{"@id":"https:\/\/portaltela.pt\/noticias\/2026\/03\/20\/seis-feridos-em-explosao-de-granada-em-rua-no-rio-de-janeiro\/#primaryimage"},"thumbnailUrl":"https:\/\/portaltela.pt\/s.01k8rhncp4jt1\/2026\/03\/img_1500x1000uu2023-05-28-15-04-54-1359336.jpg","datePublished":"2026-03-20T18:45:00+00:00","author":{"@id":"https:\/\/portaltela.pt\/#\/schema\/person\/c4278d4a6028830caff9ee44b42d32ed"},"breadcrumb":{"@id":"https:\/\/portaltela.pt\/noticias\/2026\/03\/20\/seis-feridos-em-explosao-de-granada-em-rua-no-rio-de-janeiro\/#breadcrumb"},"inLanguage":"pt-PT","potentialAction":[{"@type":"ReadAction","target":["https:\/\/portaltela.pt\/noticias\/2026\/03\/20\/seis-feridos-em-explosao-de-granada-em-rua-no-rio-de-janeiro\/"]}]},{"@type":"ImageObject","inLanguage":"pt-PT","@id":"https:\/\/portaltela.pt\/noticias\/2026\/03\/20\/seis-feridos-em-explosao-de-granada-em-rua-no-rio-de-janeiro\/#primaryimage","url":"https:\/\/portaltela.pt\/s.01k8rhncp4jt1\/2026\/03\/img_1500x1000uu2023-05-28-15-04-54-1359336.jpg","contentUrl":"https:\/\/portaltela.pt\/s.01k8rhncp4jt1\/2026\/03\/img_1500x1000uu2023-05-28-15-04-54-1359336.jpg","width":796,"height":448,"caption":"Pol\u00edcia Civil brasileira"},{"@type":"BreadcrumbList","@id":"https:\/\/portaltela.pt\/noticias\/2026\/03\/20\/seis-feridos-em-explosao-de-granada-em-rua-no-rio-de-janeiro\/#breadcrumb","itemListElement":[{"@type":"ListItem","position":1,"name":"In\u00edcio","item":"https:\/\/portaltela.pt\/"},{"@type":"ListItem","position":2,"name":"Seis feridos em explos\u00e3o de granada em rua no Rio de Janeiro"}]},{"@type":"WebSite","@id":"https:\/\/portaltela.pt\/#website","url":"https:\/\/portaltela.pt\/","name":"Portal Tela Portugal","description":"","potentialAction":[{"@type":"SearchAction","target":{"@type":"EntryPoint","urlTemplate":"https:\/\/portaltela.pt\/?s={search_term_string}"},"query-input":{"@type":"PropertyValueSpecification","valueRequired":true,"valueName":"search_term_string"}}],"inLanguage":"pt-PT"},{"@type":"Person","@id":"https:\/\/portaltela.pt\/#\/schema\/person\/c4278d4a6028830caff9ee44b42d32ed","name":"Telinha","image":{"@type":"ImageObject","inLanguage":"pt-PT","@id":"https:\/\/portaltela.pt\/s.01k8rhncp4jt1\/2025\/11\/talking-bot-125x125.png","url":"https:\/\/portaltela.pt\/s.01k8rhncp4jt1\/2025\/11\/talking-bot-125x125.png","contentUrl":"https:\/\/portaltela.pt\/s.01k8rhncp4jt1\/2025\/11\/talking-bot-125x125.png","caption":"Telinha"},"sameAs":["https:\/\/portaltela.pt\/"],"url":"https:\/\/portaltela.pt\/por\/367410592786\/"}]}},"_links":{"self":[{"href":"https:\/\/portaltela.pt\/api\/wp\/v2\/posts\/417823","targetHints":{"allow":["GET"]}}],"collection":[{"href":"https:\/\/portaltela.pt\/api\/wp\/v2\/posts"}],"about":[{"href":"https:\/\/portaltela.pt\/api\/wp\/v2\/types\/post"}],"author":[{"embeddable":true,"href":"https:\/\/portaltela.pt\/api\/wp\/v2\/users\/2"}],"replies":[{"embeddable":true,"href":"https:\/\/portaltela.pt\/api\/wp\/v2\/comments?post=417823"}],"version-history":[{"count":0,"href":"https:\/\/portaltela.pt\/api\/wp\/v2\/posts\/417823\/revisions"}],"wp:featuredmedia":[{"embeddable":true,"href":"https:\/\/portaltela.pt\/api\/wp\/v2\/media\/417828"}],"wp:attachment":[{"href":"https:\/\/portaltela.pt\/api\/wp\/v2\/media?parent=417823"}],"wp:term":[{"taxonomy":"category","embeddable":true,"href":"https:\/\/portaltela.pt\/api\/wp\/v2\/categories?post=417823"},{"taxonomy":"post_tag","embeddable":true,"href":"https:\/\/portaltela.pt\/api\/wp\/v2\/tags?post=417823"}],"curies":[{"name":"wp","href":"https:\/\/api.w.org\/{rel}","templated":true}]}}