{"id":417806,"date":"2026-03-20T15:28:03","date_gmt":"2026-03-20T18:28:03","guid":{"rendered":"https:\/\/portaltela.pt\/noticias\/2026\/03\/20\/fesinap-preve-forte-adesao-a-greve-da-funcao-publica-na-segunda-feira\/"},"modified":"2026-03-20T15:28:03","modified_gmt":"2026-03-20T18:28:03","slug":"fesinap-preve-forte-adesao-a-greve-da-funcao-publica-na-segunda-feira","status":"publish","type":"post","link":"https:\/\/portaltela.pt\/sociedade\/2026\/03\/20\/fesinap-preve-forte-adesao-a-greve-da-funcao-publica-na-segunda-feira\/","title":{"rendered":"Fesinap prev\u00ea forte ades\u00e3o \u00e0 greve da fun\u00e7\u00e3o p\u00fablica na segunda-feira"},"content":{"rendered":"<p>O Fesinap prev\u00ea uma ades\u00e3o \u201cforte\u201d \u00e0 greve da fun\u00e7\u00e3o p\u00fablica, marcada para segunda-feira, com os setores da sa\u00fade e da educa\u00e7\u00e3o a assumirem o maior impacto. A greve decorre entre as 00h00 e as 23h59, abrangendo a administra\u00e7\u00e3o central, regional e local.<\/p>\n<p>Segundo o secret\u00e1rio-geral da Fesinap, a ades\u00e3o dever\u00e1 ser elevada em v\u00e1rios organismos do Estado, incluindo o Instituto dos Registos e do Notariado, a Dire\u00e7\u00e3o-Geral da Administra\u00e7\u00e3o da Justi\u00e7a, a Ag\u00eancia para a Integra\u00e7\u00e3o Migrac\u0327\u00f5es e Asilo e o Instituto da Seguran\u00e7a Social.<\/p>\n<p>Entre as raz\u00f5es para a paralisa\u00e7\u00e3o constam atrasos na avalia\u00e7\u00e3o de desempenho na Administra\u00e7\u00e3o P\u00fablica, a cria\u00e7\u00e3o da carreira de t\u00e9cnico auxiliar de a\u00e7\u00e3o educativa e um refor\u00e7o das contrata\u00e7\u00f5es no setor da sa\u00fade.<\/p>\n<p>A Fesinap aponta que o atual Sistema Integrado de Gest\u00e3o e Avalia\u00e7\u00e3o do Desempenho (SIADAP) \u00e9 injusto e defende a elimina\u00e7\u00e3o de quotas, tal como j\u00e1 acontece nos A\u00e7ores. A revis\u00e3o do SIADAP integra o acordo plurianual de valoriza\u00e7\u00e3o dos trabalhadores.<\/p>\n<p>De acordo com M\u00e1rio Rui, o secret\u00e1rio-geral, a federa\u00e7\u00e3o pretende ser recebida pelo Governo para apresentar propostas e participar nas negocia\u00e7\u00f5es habituais entre o executivo e a administra\u00e7\u00e3o p\u00fablica. O in\u00edcio das negocia\u00e7\u00f5es est\u00e1 previsto para o segundo semestre.<\/p>\n","protected":false},"excerpt":{"rendered":"<ul>\n<li>A greve da fun\u00e7\u00e3o p\u00fablica est\u00e1 marcada para segunda-feira, das 00h00 \u00e0s 23h59, abrangendo administra\u00e7\u00e3o central, regional e local.<\/li>\n<li>O secret\u00e1rio-geral da Fesinap antecipa uma ades\u00e3o \u201cforte\u201d, com os setores da sa\u00fade e da educa\u00e7\u00e3o a serem os mais afetados.<\/li>\n<li>A greve envolve perto de 9 mil trabalhadores representados pela Fesinap e afeta tamb\u00e9m o Instituto dos Registos e do Notariado, a Dire\u00e7\u00e3o-Geral da Administra\u00e7\u00e3o da Justi\u00e7a, a Ag\u00eancia para a Integra\u00e7\u00e3o Migrat\u00f3rias e Asilo, e o Instituto da Seguran\u00e7a Social.<\/li>\n<li>Entre os motivos est\u00e3o atrasos na avalia\u00e7\u00e3o de desempenho na Administra\u00e7\u00e3o P\u00fablica, a cria\u00e7\u00e3o da carreira de t\u00e9cnico auxiliar de a\u00e7\u00e3o educativa e o refor\u00e7o das contrata\u00e7\u00f5es para o setor da sa\u00fade.<\/li>\n<li>A Fesinap exige revis\u00e3o do Sistema Integrado de Gest\u00e3o e Avalia\u00e7\u00e3o do Desempenho da Administra\u00e7\u00e3o P\u00fablica (SIADAP), com a elimina\u00e7\u00e3o de quotas, e pretende ser recebida pelo Governo para apresentar propostas e integrar negocia\u00e7\u00f5es.<\/li>\n<\/ul>\n","protected":false},"author":2,"featured_media":417817,"comment_status":"closed","ping_status":"closed","sticky":false,"template":"","format":"standard","meta":{"footnotes":""},"categories":[6745,6871],"tags":[168,163,1164,172,2824,3740],"class_list":["post-417806","post","type-post","status-publish","format-standard","has-post-thumbnail","hentry","category-saude","category-sociedade","tag-administracao-publica","tag-educacao","tag-greve","tag-saude","tag-setor-publico","tag-siadap"],"yoast_head":"<!-- This site is optimized with the Yoast SEO plugin v27.2 - https:\/\/yoast.com\/product\/yoast-seo-wordpress\/ -->\n<title>Fesinap prev\u00ea forte ades\u00e3o \u00e0 greve da fun\u00e7\u00e3o p\u00fablica na segunda-feira - Portal Tela Portugal<\/title>\n<meta name=\"robots\" content=\"index, follow, max-snippet:-1, max-image-preview:large, max-video-preview:-1\" \/>\n<meta property=\"og:locale\" content=\"pt_PT\" \/>\n<meta property=\"og:type\" content=\"article\" \/>\n<meta property=\"og:title\" content=\"Fesinap prev\u00ea forte ades\u00e3o \u00e0 greve da fun\u00e7\u00e3o p\u00fablica na segunda-feira - Portal Tela Portugal\" \/>\n<meta property=\"og:description\" content=\"A greve da fun\u00e7\u00e3o p\u00fablica est\u00e1 marcada para segunda-feira, das 00h00 \u00e0s 23h59, abrangendo administra\u00e7\u00e3o central, regional e local. O secret\u00e1rio-geral da Fesinap antecipa uma ades\u00e3o \u201cforte\u201d, com os setores da sa\u00fade e da educa\u00e7\u00e3o a serem os mais afetados. A greve envolve perto de 9 mil trabalhadores representados pela Fesinap e afeta tamb\u00e9m o Instituto dos Registos e do Notariado, a Dire\u00e7\u00e3o-Geral da Administra\u00e7\u00e3o da Justi\u00e7a, a Ag\u00eancia para a Integra\u00e7\u00e3o Migrat\u00f3rias e Asilo, e o Instituto da Seguran\u00e7a Social. Entre os motivos est\u00e3o atrasos na avalia\u00e7\u00e3o de desempenho na Administra\u00e7\u00e3o P\u00fablica, a cria\u00e7\u00e3o da carreira de t\u00e9cnico auxiliar de a\u00e7\u00e3o educativa e o refor\u00e7o das contrata\u00e7\u00f5es para o setor da sa\u00fade. A Fesinap exige revis\u00e3o do Sistema Integrado de Gest\u00e3o e Avalia\u00e7\u00e3o do Desempenho da Administra\u00e7\u00e3o P\u00fablica (SIADAP), com a elimina\u00e7\u00e3o de quotas, e pretende ser recebida pelo Governo para apresentar propostas e integrar negocia\u00e7\u00f5es.\" \/>\n<meta property=\"og:url\" content=\"https:\/\/portaltela.pt\/noticias\/2026\/03\/20\/fesinap-preve-forte-adesao-a-greve-da-funcao-publica-na-segunda-feira\/\" \/>\n<meta property=\"og:site_name\" content=\"Portal Tela Portugal\" \/>\n<meta property=\"article:published_time\" content=\"2026-03-20T18:28:03+00:00\" \/>\n<meta name=\"author\" content=\"Telinha\" \/>\n<meta name=\"twitter:card\" content=\"summary_large_image\" \/>\n<meta name=\"twitter:label1\" content=\"Escrito por\" \/>\n\t<meta name=\"twitter:data1\" content=\"Telinha\" \/>\n\t<meta name=\"twitter:label2\" content=\"Tempo estimado de leitura\" \/>\n\t<meta name=\"twitter:data2\" content=\"1 minuto\" \/>\n<script type=\"application\/ld+json\" class=\"yoast-schema-graph\">{\"@context\":\"https:\/\/schema.org\",\"@graph\":[{\"@type\":\"Article\",\"@id\":\"https:\/\/portaltela.pt\/noticias\/2026\/03\/20\/fesinap-preve-forte-adesao-a-greve-da-funcao-publica-na-segunda-feira\/#article\",\"isPartOf\":{\"@id\":\"https:\/\/portaltela.pt\/noticias\/2026\/03\/20\/fesinap-preve-forte-adesao-a-greve-da-funcao-publica-na-segunda-feira\/\"},\"author\":{\"name\":\"Telinha\",\"@id\":\"https:\/\/portaltela.pt\/#\/schema\/person\/c4278d4a6028830caff9ee44b42d32ed\"},\"headline\":\"Fesinap prev\u00ea forte ades\u00e3o \u00e0 greve da fun\u00e7\u00e3o p\u00fablica na segunda-feira\",\"datePublished\":\"2026-03-20T18:28:03+00:00\",\"mainEntityOfPage\":{\"@id\":\"https:\/\/portaltela.pt\/noticias\/2026\/03\/20\/fesinap-preve-forte-adesao-a-greve-da-funcao-publica-na-segunda-feira\/\"},\"wordCount\":252,\"image\":{\"@id\":\"https:\/\/portaltela.pt\/noticias\/2026\/03\/20\/fesinap-preve-forte-adesao-a-greve-da-funcao-publica-na-segunda-feira\/#primaryimage\"},\"thumbnailUrl\":\"https:\/\/portaltela.pt\/s.01k8rhncp4jt1\/2026\/03\/img_1500x1000uu2022-11-17-20-31-42-1208267.jpg\",\"keywords\":[\"administra\u00e7\u00e3o p\u00fablica\",\"educa\u00e7\u00e3o\",\"greve\",\"sa\u00fade\",\"setor p\u00fablico\",\"SIADAP\"],\"articleSection\":[\"Sa\u00fade\",\"Sociedade\"],\"inLanguage\":\"pt-PT\"},{\"@type\":\"WebPage\",\"@id\":\"https:\/\/portaltela.pt\/noticias\/2026\/03\/20\/fesinap-preve-forte-adesao-a-greve-da-funcao-publica-na-segunda-feira\/\",\"url\":\"https:\/\/portaltela.pt\/noticias\/2026\/03\/20\/fesinap-preve-forte-adesao-a-greve-da-funcao-publica-na-segunda-feira\/\",\"name\":\"Fesinap prev\u00ea forte ades\u00e3o \u00e0 greve da fun\u00e7\u00e3o p\u00fablica na segunda-feira - Portal Tela Portugal\",\"isPartOf\":{\"@id\":\"https:\/\/portaltela.pt\/#website\"},\"primaryImageOfPage\":{\"@id\":\"https:\/\/portaltela.pt\/noticias\/2026\/03\/20\/fesinap-preve-forte-adesao-a-greve-da-funcao-publica-na-segunda-feira\/#primaryimage\"},\"image\":{\"@id\":\"https:\/\/portaltela.pt\/noticias\/2026\/03\/20\/fesinap-preve-forte-adesao-a-greve-da-funcao-publica-na-segunda-feira\/#primaryimage\"},\"thumbnailUrl\":\"https:\/\/portaltela.pt\/s.01k8rhncp4jt1\/2026\/03\/img_1500x1000uu2022-11-17-20-31-42-1208267.jpg\",\"datePublished\":\"2026-03-20T18:28:03+00:00\",\"author\":{\"@id\":\"https:\/\/portaltela.pt\/#\/schema\/person\/c4278d4a6028830caff9ee44b42d32ed\"},\"breadcrumb\":{\"@id\":\"https:\/\/portaltela.pt\/noticias\/2026\/03\/20\/fesinap-preve-forte-adesao-a-greve-da-funcao-publica-na-segunda-feira\/#breadcrumb\"},\"inLanguage\":\"pt-PT\",\"potentialAction\":[{\"@type\":\"ReadAction\",\"target\":[\"https:\/\/portaltela.pt\/noticias\/2026\/03\/20\/fesinap-preve-forte-adesao-a-greve-da-funcao-publica-na-segunda-feira\/\"]}]},{\"@type\":\"ImageObject\",\"inLanguage\":\"pt-PT\",\"@id\":\"https:\/\/portaltela.pt\/noticias\/2026\/03\/20\/fesinap-preve-forte-adesao-a-greve-da-funcao-publica-na-segunda-feira\/#primaryimage\",\"url\":\"https:\/\/portaltela.pt\/s.01k8rhncp4jt1\/2026\/03\/img_1500x1000uu2022-11-17-20-31-42-1208267.jpg\",\"contentUrl\":\"https:\/\/portaltela.pt\/s.01k8rhncp4jt1\/2026\/03\/img_1500x1000uu2022-11-17-20-31-42-1208267.jpg\",\"width\":796,\"height\":448,\"caption\":\"FOTO: MANUEL DE ALMEIDA \/ lusa \/ epa\"},{\"@type\":\"BreadcrumbList\",\"@id\":\"https:\/\/portaltela.pt\/noticias\/2026\/03\/20\/fesinap-preve-forte-adesao-a-greve-da-funcao-publica-na-segunda-feira\/#breadcrumb\",\"itemListElement\":[{\"@type\":\"ListItem\",\"position\":1,\"name\":\"In\u00edcio\",\"item\":\"https:\/\/portaltela.pt\/\"},{\"@type\":\"ListItem\",\"position\":2,\"name\":\"Fesinap prev\u00ea forte ades\u00e3o \u00e0 greve da fun\u00e7\u00e3o p\u00fablica na segunda-feira\"}]},{\"@type\":\"WebSite\",\"@id\":\"https:\/\/portaltela.pt\/#website\",\"url\":\"https:\/\/portaltela.pt\/\",\"name\":\"Portal Tela Portugal\",\"description\":\"\",\"potentialAction\":[{\"@type\":\"SearchAction\",\"target\":{\"@type\":\"EntryPoint\",\"urlTemplate\":\"https:\/\/portaltela.pt\/?s={search_term_string}\"},\"query-input\":{\"@type\":\"PropertyValueSpecification\",\"valueRequired\":true,\"valueName\":\"search_term_string\"}}],\"inLanguage\":\"pt-PT\"},{\"@type\":\"Person\",\"@id\":\"https:\/\/portaltela.pt\/#\/schema\/person\/c4278d4a6028830caff9ee44b42d32ed\",\"name\":\"Telinha\",\"image\":{\"@type\":\"ImageObject\",\"inLanguage\":\"pt-PT\",\"@id\":\"https:\/\/portaltela.pt\/s.01k8rhncp4jt1\/2025\/11\/talking-bot-125x125.png\",\"url\":\"https:\/\/portaltela.pt\/s.01k8rhncp4jt1\/2025\/11\/talking-bot-125x125.png\",\"contentUrl\":\"https:\/\/portaltela.pt\/s.01k8rhncp4jt1\/2025\/11\/talking-bot-125x125.png\",\"caption\":\"Telinha\"},\"sameAs\":[\"https:\/\/portaltela.pt\/\"],\"url\":\"https:\/\/portaltela.pt\/por\/367410592786\/\"}]}<\/script>\n<!-- \/ Yoast SEO plugin. -->","yoast_head_json":{"title":"Fesinap prev\u00ea forte ades\u00e3o \u00e0 greve da fun\u00e7\u00e3o p\u00fablica na segunda-feira - Portal Tela Portugal","robots":{"index":"index","follow":"follow","max-snippet":"max-snippet:-1","max-image-preview":"max-image-preview:large","max-video-preview":"max-video-preview:-1"},"og_locale":"pt_PT","og_type":"article","og_title":"Fesinap prev\u00ea forte ades\u00e3o \u00e0 greve da fun\u00e7\u00e3o p\u00fablica na segunda-feira - Portal Tela Portugal","og_description":"A greve da fun\u00e7\u00e3o p\u00fablica est\u00e1 marcada para segunda-feira, das 00h00 \u00e0s 23h59, abrangendo administra\u00e7\u00e3o central, regional e local. O secret\u00e1rio-geral da Fesinap antecipa uma ades\u00e3o \u201cforte\u201d, com os setores da sa\u00fade e da educa\u00e7\u00e3o a serem os mais afetados. A greve envolve perto de 9 mil trabalhadores representados pela Fesinap e afeta tamb\u00e9m o Instituto dos Registos e do Notariado, a Dire\u00e7\u00e3o-Geral da Administra\u00e7\u00e3o da Justi\u00e7a, a Ag\u00eancia para a Integra\u00e7\u00e3o Migrat\u00f3rias e Asilo, e o Instituto da Seguran\u00e7a Social. Entre os motivos est\u00e3o atrasos na avalia\u00e7\u00e3o de desempenho na Administra\u00e7\u00e3o P\u00fablica, a cria\u00e7\u00e3o da carreira de t\u00e9cnico auxiliar de a\u00e7\u00e3o educativa e o refor\u00e7o das contrata\u00e7\u00f5es para o setor da sa\u00fade. A Fesinap exige revis\u00e3o do Sistema Integrado de Gest\u00e3o e Avalia\u00e7\u00e3o do Desempenho da Administra\u00e7\u00e3o P\u00fablica (SIADAP), com a elimina\u00e7\u00e3o de quotas, e pretende ser recebida pelo Governo para apresentar propostas e integrar negocia\u00e7\u00f5es.","og_url":"https:\/\/portaltela.pt\/noticias\/2026\/03\/20\/fesinap-preve-forte-adesao-a-greve-da-funcao-publica-na-segunda-feira\/","og_site_name":"Portal Tela Portugal","article_published_time":"2026-03-20T18:28:03+00:00","author":"Telinha","twitter_card":"summary_large_image","twitter_misc":{"Escrito por":"Telinha","Tempo estimado de leitura":"1 minuto"},"schema":{"@context":"https:\/\/schema.org","@graph":[{"@type":"Article","@id":"https:\/\/portaltela.pt\/noticias\/2026\/03\/20\/fesinap-preve-forte-adesao-a-greve-da-funcao-publica-na-segunda-feira\/#article","isPartOf":{"@id":"https:\/\/portaltela.pt\/noticias\/2026\/03\/20\/fesinap-preve-forte-adesao-a-greve-da-funcao-publica-na-segunda-feira\/"},"author":{"name":"Telinha","@id":"https:\/\/portaltela.pt\/#\/schema\/person\/c4278d4a6028830caff9ee44b42d32ed"},"headline":"Fesinap prev\u00ea forte ades\u00e3o \u00e0 greve da fun\u00e7\u00e3o p\u00fablica na segunda-feira","datePublished":"2026-03-20T18:28:03+00:00","mainEntityOfPage":{"@id":"https:\/\/portaltela.pt\/noticias\/2026\/03\/20\/fesinap-preve-forte-adesao-a-greve-da-funcao-publica-na-segunda-feira\/"},"wordCount":252,"image":{"@id":"https:\/\/portaltela.pt\/noticias\/2026\/03\/20\/fesinap-preve-forte-adesao-a-greve-da-funcao-publica-na-segunda-feira\/#primaryimage"},"thumbnailUrl":"https:\/\/portaltela.pt\/s.01k8rhncp4jt1\/2026\/03\/img_1500x1000uu2022-11-17-20-31-42-1208267.jpg","keywords":["administra\u00e7\u00e3o p\u00fablica","educa\u00e7\u00e3o","greve","sa\u00fade","setor p\u00fablico","SIADAP"],"articleSection":["Sa\u00fade","Sociedade"],"inLanguage":"pt-PT"},{"@type":"WebPage","@id":"https:\/\/portaltela.pt\/noticias\/2026\/03\/20\/fesinap-preve-forte-adesao-a-greve-da-funcao-publica-na-segunda-feira\/","url":"https:\/\/portaltela.pt\/noticias\/2026\/03\/20\/fesinap-preve-forte-adesao-a-greve-da-funcao-publica-na-segunda-feira\/","name":"Fesinap prev\u00ea forte ades\u00e3o \u00e0 greve da fun\u00e7\u00e3o p\u00fablica na segunda-feira - Portal Tela Portugal","isPartOf":{"@id":"https:\/\/portaltela.pt\/#website"},"primaryImageOfPage":{"@id":"https:\/\/portaltela.pt\/noticias\/2026\/03\/20\/fesinap-preve-forte-adesao-a-greve-da-funcao-publica-na-segunda-feira\/#primaryimage"},"image":{"@id":"https:\/\/portaltela.pt\/noticias\/2026\/03\/20\/fesinap-preve-forte-adesao-a-greve-da-funcao-publica-na-segunda-feira\/#primaryimage"},"thumbnailUrl":"https:\/\/portaltela.pt\/s.01k8rhncp4jt1\/2026\/03\/img_1500x1000uu2022-11-17-20-31-42-1208267.jpg","datePublished":"2026-03-20T18:28:03+00:00","author":{"@id":"https:\/\/portaltela.pt\/#\/schema\/person\/c4278d4a6028830caff9ee44b42d32ed"},"breadcrumb":{"@id":"https:\/\/portaltela.pt\/noticias\/2026\/03\/20\/fesinap-preve-forte-adesao-a-greve-da-funcao-publica-na-segunda-feira\/#breadcrumb"},"inLanguage":"pt-PT","potentialAction":[{"@type":"ReadAction","target":["https:\/\/portaltela.pt\/noticias\/2026\/03\/20\/fesinap-preve-forte-adesao-a-greve-da-funcao-publica-na-segunda-feira\/"]}]},{"@type":"ImageObject","inLanguage":"pt-PT","@id":"https:\/\/portaltela.pt\/noticias\/2026\/03\/20\/fesinap-preve-forte-adesao-a-greve-da-funcao-publica-na-segunda-feira\/#primaryimage","url":"https:\/\/portaltela.pt\/s.01k8rhncp4jt1\/2026\/03\/img_1500x1000uu2022-11-17-20-31-42-1208267.jpg","contentUrl":"https:\/\/portaltela.pt\/s.01k8rhncp4jt1\/2026\/03\/img_1500x1000uu2022-11-17-20-31-42-1208267.jpg","width":796,"height":448,"caption":"FOTO: MANUEL DE ALMEIDA \/ lusa \/ epa"},{"@type":"BreadcrumbList","@id":"https:\/\/portaltela.pt\/noticias\/2026\/03\/20\/fesinap-preve-forte-adesao-a-greve-da-funcao-publica-na-segunda-feira\/#breadcrumb","itemListElement":[{"@type":"ListItem","position":1,"name":"In\u00edcio","item":"https:\/\/portaltela.pt\/"},{"@type":"ListItem","position":2,"name":"Fesinap prev\u00ea forte ades\u00e3o \u00e0 greve da fun\u00e7\u00e3o p\u00fablica na segunda-feira"}]},{"@type":"WebSite","@id":"https:\/\/portaltela.pt\/#website","url":"https:\/\/portaltela.pt\/","name":"Portal Tela Portugal","description":"","potentialAction":[{"@type":"SearchAction","target":{"@type":"EntryPoint","urlTemplate":"https:\/\/portaltela.pt\/?s={search_term_string}"},"query-input":{"@type":"PropertyValueSpecification","valueRequired":true,"valueName":"search_term_string"}}],"inLanguage":"pt-PT"},{"@type":"Person","@id":"https:\/\/portaltela.pt\/#\/schema\/person\/c4278d4a6028830caff9ee44b42d32ed","name":"Telinha","image":{"@type":"ImageObject","inLanguage":"pt-PT","@id":"https:\/\/portaltela.pt\/s.01k8rhncp4jt1\/2025\/11\/talking-bot-125x125.png","url":"https:\/\/portaltela.pt\/s.01k8rhncp4jt1\/2025\/11\/talking-bot-125x125.png","contentUrl":"https:\/\/portaltela.pt\/s.01k8rhncp4jt1\/2025\/11\/talking-bot-125x125.png","caption":"Telinha"},"sameAs":["https:\/\/portaltela.pt\/"],"url":"https:\/\/portaltela.pt\/por\/367410592786\/"}]}},"_links":{"self":[{"href":"https:\/\/portaltela.pt\/api\/wp\/v2\/posts\/417806","targetHints":{"allow":["GET"]}}],"collection":[{"href":"https:\/\/portaltela.pt\/api\/wp\/v2\/posts"}],"about":[{"href":"https:\/\/portaltela.pt\/api\/wp\/v2\/types\/post"}],"author":[{"embeddable":true,"href":"https:\/\/portaltela.pt\/api\/wp\/v2\/users\/2"}],"replies":[{"embeddable":true,"href":"https:\/\/portaltela.pt\/api\/wp\/v2\/comments?post=417806"}],"version-history":[{"count":0,"href":"https:\/\/portaltela.pt\/api\/wp\/v2\/posts\/417806\/revisions"}],"wp:featuredmedia":[{"embeddable":true,"href":"https:\/\/portaltela.pt\/api\/wp\/v2\/media\/417817"}],"wp:attachment":[{"href":"https:\/\/portaltela.pt\/api\/wp\/v2\/media?parent=417806"}],"wp:term":[{"taxonomy":"category","embeddable":true,"href":"https:\/\/portaltela.pt\/api\/wp\/v2\/categories?post=417806"},{"taxonomy":"post_tag","embeddable":true,"href":"https:\/\/portaltela.pt\/api\/wp\/v2\/tags?post=417806"}],"curies":[{"name":"wp","href":"https:\/\/api.w.org\/{rel}","templated":true}]}}