{"id":417798,"date":"2026-03-20T15:21:00","date_gmt":"2026-03-20T18:21:00","guid":{"rendered":"https:\/\/portaltela.pt\/noticias\/2026\/03\/20\/freguesias-reivindicam-competencias-formais-de-protecao-civil\/"},"modified":"2026-03-20T15:21:00","modified_gmt":"2026-03-20T18:21:00","slug":"freguesias-reivindicam-competencias-formais-de-protecao-civil","status":"publish","type":"post","link":"https:\/\/portaltela.pt\/seguranca\/2026\/03\/20\/freguesias-reivindicam-competencias-formais-de-protecao-civil\/","title":{"rendered":"Freguesias reivindicam compet\u00eancias formais de Prote\u00e7\u00e3o Civil"},"content":{"rendered":"<p>As freguesias reivindicam compet\u00eancias formais de Prote\u00e7\u00e3o Civil, numa reivindica\u00e7\u00e3o que aponta para maior responsabilidade local na gest\u00e3o de emergencies e preven\u00e7\u00e3o. O movimento surge no contexto de debates sobre a autonomia local e a gest\u00e3o de riscos a n\u00edvel territorial.<\/p>\n<p>Segundo o conte\u00fado dispon\u00edvel, o tema j\u00e1 ganhou notoriedade, mas o texto completo est\u00e1 reservado a subscritores. N\u00e3o s\u00e3o apresentadas, neste momento, detalhes adicionais sobre propostas espec\u00edficas ou prazos.<\/p>\n<p>Os recursos formais pretendidos incluem poderes, responsabilidades e mecanismos de coordena\u00e7\u00e3o com entidades centrais. A defesa passa pela facilita\u00e7\u00e3o de respostas r\u00e1pidas e mais pr\u00f3ximas das comunidades locais.<\/p>\n<p>N\u00e3o foram divulgadas declara\u00e7\u00f5es oficiais de entidades governamentais ou dos agrupamentos de freguesias. Aguardam-se dados adicionais que permitam perceber o alcance pr\u00e1tico das propostas e os impactos previstos.<\/p>\n","protected":false},"excerpt":{"rendered":"<ul>\n<li>Freguesias defendem compet\u00eancias formais de prote\u00e7\u00e3o civil.<\/li>\n<li>O conte\u00fado completo da not\u00edcia est\u00e1 acess\u00edvel apenas para subscritores.<\/li>\n<li>No material fornecido, n\u00e3o aparecem detalhes adicionais sobre o tema.<\/li>\n<li>A informa\u00e7\u00e3o dispon\u00edvel resume o tema sem avan\u00e7ar com dados ou cronologias.<\/li>\n<\/ul>\n","protected":false},"author":2,"featured_media":417809,"comment_status":"closed","ping_status":"closed","sticky":false,"template":"","format":"standard","meta":{"footnotes":""},"categories":[1,6779],"tags":[5316,3424,5381,320,5099,2540],"class_list":["post-417798","post","type-post","status-publish","format-standard","has-post-thumbnail","hentry","category-noticias","category-seguranca","tag-autonomia-institucional","tag-freguesias","tag-gestao-de-riscos","tag-protecao-civil","tag-protecao-civil-municipal","tag-territorio"],"yoast_head":"<!-- This site is optimized with the Yoast SEO plugin v27.2 - https:\/\/yoast.com\/product\/yoast-seo-wordpress\/ -->\n<title>Freguesias reivindicam compet\u00eancias formais de Prote\u00e7\u00e3o Civil - Portal Tela Portugal<\/title>\n<meta name=\"robots\" content=\"index, follow, max-snippet:-1, max-image-preview:large, max-video-preview:-1\" \/>\n<meta property=\"og:locale\" content=\"pt_PT\" \/>\n<meta property=\"og:type\" content=\"article\" \/>\n<meta property=\"og:title\" content=\"Freguesias reivindicam compet\u00eancias formais de Prote\u00e7\u00e3o Civil - Portal Tela Portugal\" \/>\n<meta property=\"og:description\" content=\"Freguesias defendem compet\u00eancias formais de prote\u00e7\u00e3o civil. O conte\u00fado completo da not\u00edcia est\u00e1 acess\u00edvel apenas para subscritores. No material fornecido, n\u00e3o aparecem detalhes adicionais sobre o tema. A informa\u00e7\u00e3o dispon\u00edvel resume o tema sem avan\u00e7ar com dados ou cronologias.\" \/>\n<meta property=\"og:url\" content=\"https:\/\/portaltela.pt\/noticias\/2026\/03\/20\/freguesias-reivindicam-competencias-formais-de-protecao-civil\/\" \/>\n<meta property=\"og:site_name\" content=\"Portal Tela Portugal\" \/>\n<meta property=\"article:published_time\" content=\"2026-03-20T18:21:00+00:00\" \/>\n<meta name=\"author\" content=\"Telinha\" \/>\n<meta name=\"twitter:card\" content=\"summary_large_image\" \/>\n<meta name=\"twitter:label1\" content=\"Escrito por\" \/>\n\t<meta name=\"twitter:data1\" content=\"Telinha\" \/>\n\t<meta name=\"twitter:label2\" content=\"Tempo estimado de leitura\" \/>\n\t<meta name=\"twitter:data2\" content=\"1 minuto\" \/>\n<script type=\"application\/ld+json\" class=\"yoast-schema-graph\">{\"@context\":\"https:\/\/schema.org\",\"@graph\":[{\"@type\":\"Article\",\"@id\":\"https:\/\/portaltela.pt\/noticias\/2026\/03\/20\/freguesias-reivindicam-competencias-formais-de-protecao-civil\/#article\",\"isPartOf\":{\"@id\":\"https:\/\/portaltela.pt\/noticias\/2026\/03\/20\/freguesias-reivindicam-competencias-formais-de-protecao-civil\/\"},\"author\":{\"name\":\"Telinha\",\"@id\":\"https:\/\/portaltela.pt\/#\/schema\/person\/c4278d4a6028830caff9ee44b42d32ed\"},\"headline\":\"Freguesias reivindicam compet\u00eancias formais de Prote\u00e7\u00e3o Civil\",\"datePublished\":\"2026-03-20T18:21:00+00:00\",\"mainEntityOfPage\":{\"@id\":\"https:\/\/portaltela.pt\/noticias\/2026\/03\/20\/freguesias-reivindicam-competencias-formais-de-protecao-civil\/\"},\"wordCount\":154,\"image\":{\"@id\":\"https:\/\/portaltela.pt\/noticias\/2026\/03\/20\/freguesias-reivindicam-competencias-formais-de-protecao-civil\/#primaryimage\"},\"thumbnailUrl\":\"https:\/\/portaltela.pt\/s.01k8rhncp4jt1\/2026\/03\/CACHE_780X1200_ANALOG_WATERMARKED_24900895_1155735_19052019071941.jpg\",\"keywords\":[\"autonomia institucional\",\"freguesias\",\"Gest\u00e3o de Riscos\",\"prote\u00e7\u00e3o civil\",\"Prote\u00e7\u00e3o Civil Municipal\",\"Territ\u00f3rio\"],\"articleSection\":[\"Not\u00edcias\",\"Seguran\u00e7a\"],\"inLanguage\":\"pt-PT\"},{\"@type\":\"WebPage\",\"@id\":\"https:\/\/portaltela.pt\/noticias\/2026\/03\/20\/freguesias-reivindicam-competencias-formais-de-protecao-civil\/\",\"url\":\"https:\/\/portaltela.pt\/noticias\/2026\/03\/20\/freguesias-reivindicam-competencias-formais-de-protecao-civil\/\",\"name\":\"Freguesias reivindicam compet\u00eancias formais de Prote\u00e7\u00e3o Civil - Portal Tela Portugal\",\"isPartOf\":{\"@id\":\"https:\/\/portaltela.pt\/#website\"},\"primaryImageOfPage\":{\"@id\":\"https:\/\/portaltela.pt\/noticias\/2026\/03\/20\/freguesias-reivindicam-competencias-formais-de-protecao-civil\/#primaryimage\"},\"image\":{\"@id\":\"https:\/\/portaltela.pt\/noticias\/2026\/03\/20\/freguesias-reivindicam-competencias-formais-de-protecao-civil\/#primaryimage\"},\"thumbnailUrl\":\"https:\/\/portaltela.pt\/s.01k8rhncp4jt1\/2026\/03\/CACHE_780X1200_ANALOG_WATERMARKED_24900895_1155735_19052019071941.jpg\",\"datePublished\":\"2026-03-20T18:21:00+00:00\",\"author\":{\"@id\":\"https:\/\/portaltela.pt\/#\/schema\/person\/c4278d4a6028830caff9ee44b42d32ed\"},\"breadcrumb\":{\"@id\":\"https:\/\/portaltela.pt\/noticias\/2026\/03\/20\/freguesias-reivindicam-competencias-formais-de-protecao-civil\/#breadcrumb\"},\"inLanguage\":\"pt-PT\",\"potentialAction\":[{\"@type\":\"ReadAction\",\"target\":[\"https:\/\/portaltela.pt\/noticias\/2026\/03\/20\/freguesias-reivindicam-competencias-formais-de-protecao-civil\/\"]}]},{\"@type\":\"ImageObject\",\"inLanguage\":\"pt-PT\",\"@id\":\"https:\/\/portaltela.pt\/noticias\/2026\/03\/20\/freguesias-reivindicam-competencias-formais-de-protecao-civil\/#primaryimage\",\"url\":\"https:\/\/portaltela.pt\/s.01k8rhncp4jt1\/2026\/03\/CACHE_780X1200_ANALOG_WATERMARKED_24900895_1155735_19052019071941.jpg\",\"contentUrl\":\"https:\/\/portaltela.pt\/s.01k8rhncp4jt1\/2026\/03\/CACHE_780X1200_ANALOG_WATERMARKED_24900895_1155735_19052019071941.jpg\",\"width\":796,\"height\":448,\"caption\":\"Freguesias querem compet\u00eancias formais de Prote\u00e7\u00e3o Civil\"},{\"@type\":\"BreadcrumbList\",\"@id\":\"https:\/\/portaltela.pt\/noticias\/2026\/03\/20\/freguesias-reivindicam-competencias-formais-de-protecao-civil\/#breadcrumb\",\"itemListElement\":[{\"@type\":\"ListItem\",\"position\":1,\"name\":\"In\u00edcio\",\"item\":\"https:\/\/portaltela.pt\/\"},{\"@type\":\"ListItem\",\"position\":2,\"name\":\"Freguesias reivindicam compet\u00eancias formais de Prote\u00e7\u00e3o Civil\"}]},{\"@type\":\"WebSite\",\"@id\":\"https:\/\/portaltela.pt\/#website\",\"url\":\"https:\/\/portaltela.pt\/\",\"name\":\"Portal Tela Portugal\",\"description\":\"\",\"potentialAction\":[{\"@type\":\"SearchAction\",\"target\":{\"@type\":\"EntryPoint\",\"urlTemplate\":\"https:\/\/portaltela.pt\/?s={search_term_string}\"},\"query-input\":{\"@type\":\"PropertyValueSpecification\",\"valueRequired\":true,\"valueName\":\"search_term_string\"}}],\"inLanguage\":\"pt-PT\"},{\"@type\":\"Person\",\"@id\":\"https:\/\/portaltela.pt\/#\/schema\/person\/c4278d4a6028830caff9ee44b42d32ed\",\"name\":\"Telinha\",\"image\":{\"@type\":\"ImageObject\",\"inLanguage\":\"pt-PT\",\"@id\":\"https:\/\/portaltela.pt\/s.01k8rhncp4jt1\/2025\/11\/talking-bot-125x125.png\",\"url\":\"https:\/\/portaltela.pt\/s.01k8rhncp4jt1\/2025\/11\/talking-bot-125x125.png\",\"contentUrl\":\"https:\/\/portaltela.pt\/s.01k8rhncp4jt1\/2025\/11\/talking-bot-125x125.png\",\"caption\":\"Telinha\"},\"sameAs\":[\"https:\/\/portaltela.pt\/\"],\"url\":\"https:\/\/portaltela.pt\/por\/367410592786\/\"}]}<\/script>\n<!-- \/ Yoast SEO plugin. -->","yoast_head_json":{"title":"Freguesias reivindicam compet\u00eancias formais de Prote\u00e7\u00e3o Civil - Portal Tela Portugal","robots":{"index":"index","follow":"follow","max-snippet":"max-snippet:-1","max-image-preview":"max-image-preview:large","max-video-preview":"max-video-preview:-1"},"og_locale":"pt_PT","og_type":"article","og_title":"Freguesias reivindicam compet\u00eancias formais de Prote\u00e7\u00e3o Civil - Portal Tela Portugal","og_description":"Freguesias defendem compet\u00eancias formais de prote\u00e7\u00e3o civil. O conte\u00fado completo da not\u00edcia est\u00e1 acess\u00edvel apenas para subscritores. No material fornecido, n\u00e3o aparecem detalhes adicionais sobre o tema. A informa\u00e7\u00e3o dispon\u00edvel resume o tema sem avan\u00e7ar com dados ou cronologias.","og_url":"https:\/\/portaltela.pt\/noticias\/2026\/03\/20\/freguesias-reivindicam-competencias-formais-de-protecao-civil\/","og_site_name":"Portal Tela Portugal","article_published_time":"2026-03-20T18:21:00+00:00","author":"Telinha","twitter_card":"summary_large_image","twitter_misc":{"Escrito por":"Telinha","Tempo estimado de leitura":"1 minuto"},"schema":{"@context":"https:\/\/schema.org","@graph":[{"@type":"Article","@id":"https:\/\/portaltela.pt\/noticias\/2026\/03\/20\/freguesias-reivindicam-competencias-formais-de-protecao-civil\/#article","isPartOf":{"@id":"https:\/\/portaltela.pt\/noticias\/2026\/03\/20\/freguesias-reivindicam-competencias-formais-de-protecao-civil\/"},"author":{"name":"Telinha","@id":"https:\/\/portaltela.pt\/#\/schema\/person\/c4278d4a6028830caff9ee44b42d32ed"},"headline":"Freguesias reivindicam compet\u00eancias formais de Prote\u00e7\u00e3o Civil","datePublished":"2026-03-20T18:21:00+00:00","mainEntityOfPage":{"@id":"https:\/\/portaltela.pt\/noticias\/2026\/03\/20\/freguesias-reivindicam-competencias-formais-de-protecao-civil\/"},"wordCount":154,"image":{"@id":"https:\/\/portaltela.pt\/noticias\/2026\/03\/20\/freguesias-reivindicam-competencias-formais-de-protecao-civil\/#primaryimage"},"thumbnailUrl":"https:\/\/portaltela.pt\/s.01k8rhncp4jt1\/2026\/03\/CACHE_780X1200_ANALOG_WATERMARKED_24900895_1155735_19052019071941.jpg","keywords":["autonomia institucional","freguesias","Gest\u00e3o de Riscos","prote\u00e7\u00e3o civil","Prote\u00e7\u00e3o Civil Municipal","Territ\u00f3rio"],"articleSection":["Not\u00edcias","Seguran\u00e7a"],"inLanguage":"pt-PT"},{"@type":"WebPage","@id":"https:\/\/portaltela.pt\/noticias\/2026\/03\/20\/freguesias-reivindicam-competencias-formais-de-protecao-civil\/","url":"https:\/\/portaltela.pt\/noticias\/2026\/03\/20\/freguesias-reivindicam-competencias-formais-de-protecao-civil\/","name":"Freguesias reivindicam compet\u00eancias formais de Prote\u00e7\u00e3o Civil - Portal Tela Portugal","isPartOf":{"@id":"https:\/\/portaltela.pt\/#website"},"primaryImageOfPage":{"@id":"https:\/\/portaltela.pt\/noticias\/2026\/03\/20\/freguesias-reivindicam-competencias-formais-de-protecao-civil\/#primaryimage"},"image":{"@id":"https:\/\/portaltela.pt\/noticias\/2026\/03\/20\/freguesias-reivindicam-competencias-formais-de-protecao-civil\/#primaryimage"},"thumbnailUrl":"https:\/\/portaltela.pt\/s.01k8rhncp4jt1\/2026\/03\/CACHE_780X1200_ANALOG_WATERMARKED_24900895_1155735_19052019071941.jpg","datePublished":"2026-03-20T18:21:00+00:00","author":{"@id":"https:\/\/portaltela.pt\/#\/schema\/person\/c4278d4a6028830caff9ee44b42d32ed"},"breadcrumb":{"@id":"https:\/\/portaltela.pt\/noticias\/2026\/03\/20\/freguesias-reivindicam-competencias-formais-de-protecao-civil\/#breadcrumb"},"inLanguage":"pt-PT","potentialAction":[{"@type":"ReadAction","target":["https:\/\/portaltela.pt\/noticias\/2026\/03\/20\/freguesias-reivindicam-competencias-formais-de-protecao-civil\/"]}]},{"@type":"ImageObject","inLanguage":"pt-PT","@id":"https:\/\/portaltela.pt\/noticias\/2026\/03\/20\/freguesias-reivindicam-competencias-formais-de-protecao-civil\/#primaryimage","url":"https:\/\/portaltela.pt\/s.01k8rhncp4jt1\/2026\/03\/CACHE_780X1200_ANALOG_WATERMARKED_24900895_1155735_19052019071941.jpg","contentUrl":"https:\/\/portaltela.pt\/s.01k8rhncp4jt1\/2026\/03\/CACHE_780X1200_ANALOG_WATERMARKED_24900895_1155735_19052019071941.jpg","width":796,"height":448,"caption":"Freguesias querem compet\u00eancias formais de Prote\u00e7\u00e3o Civil"},{"@type":"BreadcrumbList","@id":"https:\/\/portaltela.pt\/noticias\/2026\/03\/20\/freguesias-reivindicam-competencias-formais-de-protecao-civil\/#breadcrumb","itemListElement":[{"@type":"ListItem","position":1,"name":"In\u00edcio","item":"https:\/\/portaltela.pt\/"},{"@type":"ListItem","position":2,"name":"Freguesias reivindicam compet\u00eancias formais de Prote\u00e7\u00e3o Civil"}]},{"@type":"WebSite","@id":"https:\/\/portaltela.pt\/#website","url":"https:\/\/portaltela.pt\/","name":"Portal Tela Portugal","description":"","potentialAction":[{"@type":"SearchAction","target":{"@type":"EntryPoint","urlTemplate":"https:\/\/portaltela.pt\/?s={search_term_string}"},"query-input":{"@type":"PropertyValueSpecification","valueRequired":true,"valueName":"search_term_string"}}],"inLanguage":"pt-PT"},{"@type":"Person","@id":"https:\/\/portaltela.pt\/#\/schema\/person\/c4278d4a6028830caff9ee44b42d32ed","name":"Telinha","image":{"@type":"ImageObject","inLanguage":"pt-PT","@id":"https:\/\/portaltela.pt\/s.01k8rhncp4jt1\/2025\/11\/talking-bot-125x125.png","url":"https:\/\/portaltela.pt\/s.01k8rhncp4jt1\/2025\/11\/talking-bot-125x125.png","contentUrl":"https:\/\/portaltela.pt\/s.01k8rhncp4jt1\/2025\/11\/talking-bot-125x125.png","caption":"Telinha"},"sameAs":["https:\/\/portaltela.pt\/"],"url":"https:\/\/portaltela.pt\/por\/367410592786\/"}]}},"_links":{"self":[{"href":"https:\/\/portaltela.pt\/api\/wp\/v2\/posts\/417798","targetHints":{"allow":["GET"]}}],"collection":[{"href":"https:\/\/portaltela.pt\/api\/wp\/v2\/posts"}],"about":[{"href":"https:\/\/portaltela.pt\/api\/wp\/v2\/types\/post"}],"author":[{"embeddable":true,"href":"https:\/\/portaltela.pt\/api\/wp\/v2\/users\/2"}],"replies":[{"embeddable":true,"href":"https:\/\/portaltela.pt\/api\/wp\/v2\/comments?post=417798"}],"version-history":[{"count":0,"href":"https:\/\/portaltela.pt\/api\/wp\/v2\/posts\/417798\/revisions"}],"wp:featuredmedia":[{"embeddable":true,"href":"https:\/\/portaltela.pt\/api\/wp\/v2\/media\/417809"}],"wp:attachment":[{"href":"https:\/\/portaltela.pt\/api\/wp\/v2\/media?parent=417798"}],"wp:term":[{"taxonomy":"category","embeddable":true,"href":"https:\/\/portaltela.pt\/api\/wp\/v2\/categories?post=417798"},{"taxonomy":"post_tag","embeddable":true,"href":"https:\/\/portaltela.pt\/api\/wp\/v2\/tags?post=417798"}],"curies":[{"name":"wp","href":"https:\/\/api.w.org\/{rel}","templated":true}]}}