{"id":417797,"date":"2026-03-20T15:14:00","date_gmt":"2026-03-20T18:14:00","guid":{"rendered":"https:\/\/portaltela.pt\/noticias\/2026\/03\/20\/presidente-convoca-reuniao-do-conselho-superior-de-defesa-para-31\/"},"modified":"2026-03-20T15:14:00","modified_gmt":"2026-03-20T18:14:00","slug":"presidente-convoca-reuniao-do-conselho-superior-de-defesa-para-31","status":"publish","type":"post","link":"https:\/\/portaltela.pt\/noticias\/2026\/03\/20\/presidente-convoca-reuniao-do-conselho-superior-de-defesa-para-31\/","title":{"rendered":"Presidente convoca reuni\u00e3o do Conselho Superior de Defesa para 31"},"content":{"rendered":"<p>O Presidente da Rep\u00fablica, Ant\u00f3nio Jos\u00e9 Seguro, convocou uma reuni\u00e3o do Conselho Superior de Defesa para o dia 31, \u00e0s 16h00. Ser\u00e1 a primeira desde a tomada de posse, em contexto de guerra no M\u00e9dio Oriente.<\/p>\n<p>O Conselho Superior de Defesa \u00e9 o \u00f3rg\u00e3o de consulta sobre defesa, organiza\u00e7\u00e3o, funcionamento e disciplina das For\u00e7as Armadas. A convocat\u00f3ria foi divulgada no site oficial da Presid\u00eancia da Rep\u00fablica.<\/p>\n<p>A ofensiva militar entre EUA e Israel contra o Ir\u00e3o, iniciada a 28 de fevereiro, elevou a tens\u00e3o regional. O Ir\u00e3o reagiu com ataques e com o bloqueio do Estreito de Ormuz, via mar\u00edtima estrat\u00e9gica para o petr\u00f3leo.<\/p>\n<h3>Contexto internacional<\/h3>\n<p>Portugal tem agregados compromissos na \u00e1rea da Defesa, nomeadamente com a NATO, e planeia investimentos significativos, incluindo a Lei de Programa\u00e7\u00e3o Militar, o financiamento SAFE e o Or\u00e7amento do Estado. O foco \u00e9 refor\u00e7ar capacidades e transpar\u00eancia nas aquisi\u00e7\u00f5es, segundo a Presid\u00eancia.<\/p>\n<p>No dia 13 de mar\u00e7o, o Presidente recebeu o novo chefe do Estado-Maior-General das For\u00e7as Armadas, bem como os chefes das tr\u00eas for\u00e7as. A \u00faltima reuni\u00e3o anterior do Conselho ocorreu a 16 de dezembro, com pareceres sobre planeamento e financiamento de capacidades.<\/p>\n<p>O Conselho integra o primeiro-ministro, ministros, chefes das for\u00e7as, representantes regionais e deputados ligados \u00e0 defesa. A presid\u00eancia cabe ao Presidente da Rep\u00fablica, que atua como \u00f3rg\u00e3o colegial de consulta em defesa nacional.<\/p>\n","protected":false},"excerpt":{"rendered":"<ul>\n<li>O Presidente da Rep\u00fablica, Ant\u00f3nio Jos\u00e9 Seguro, convocou uma reuni\u00e3o do Conselho Superior de Defesa para o dia 31, \u00e0s 16h00, a primeira desde que tomou posse.<\/li>\n<li>O \u00f3rg\u00e3o de consulta sobre Defesa existe para tratar da organiza\u00e7\u00e3o, funcionamento e disciplina das For\u00e7as Armadas.<\/li>\n<li>A convocat\u00f3ria ocorre num contexto de guerra no M\u00e9dio Oriente, ap\u00f3s a ofensiva militar dos EUA e de Israel contra o Ir\u00e3o a 28 de fevereiro.<\/li>\n<li>O Ir\u00e3o respondeu com ataques regionais e com o bloqueio do Estreito de Ormuz, uma passagem log\u00edstica crucial para petr\u00f3leo e g\u00e1s.<\/li>\n<li>Portugal tem desenvolvido compromissos na \u00e1rea da Defesa, incluindo a NATO e investimentos de v\u00e1rias frentes, como a Lei de Programa\u00e7\u00e3o Militar e o financiamento SAFE.<\/li>\n<\/ul>\n","protected":false},"author":2,"featured_media":417805,"comment_status":"closed","ping_status":"closed","sticky":false,"template":"","format":"standard","meta":{"footnotes":""},"categories":[6804,1],"tags":[4644,6574,1779,34,5698,30],"class_list":["post-417797","post","type-post","status-publish","format-standard","has-post-thumbnail","hentry","category-guerra","category-noticias","tag-alianca-atlantica","tag-defesa","tag-forcas-armadas","tag-governo","tag-politica-internacional","tag-presidente"],"yoast_head":"<!-- This site is optimized with the Yoast SEO plugin v27.2 - https:\/\/yoast.com\/product\/yoast-seo-wordpress\/ -->\n<title>Presidente convoca reuni\u00e3o do Conselho Superior de Defesa para 31 - Portal Tela Portugal<\/title>\n<meta name=\"robots\" content=\"index, follow, max-snippet:-1, max-image-preview:large, max-video-preview:-1\" \/>\n<meta property=\"og:locale\" content=\"pt_PT\" \/>\n<meta property=\"og:type\" content=\"article\" \/>\n<meta property=\"og:title\" content=\"Presidente convoca reuni\u00e3o do Conselho Superior de Defesa para 31 - Portal Tela Portugal\" \/>\n<meta property=\"og:description\" content=\"O Presidente da Rep\u00fablica, Ant\u00f3nio Jos\u00e9 Seguro, convocou uma reuni\u00e3o do Conselho Superior de Defesa para o dia 31, \u00e0s 16h00, a primeira desde que tomou posse. O \u00f3rg\u00e3o de consulta sobre Defesa existe para tratar da organiza\u00e7\u00e3o, funcionamento e disciplina das For\u00e7as Armadas. A convocat\u00f3ria ocorre num contexto de guerra no M\u00e9dio Oriente, ap\u00f3s a ofensiva militar dos EUA e de Israel contra o Ir\u00e3o a 28 de fevereiro. O Ir\u00e3o respondeu com ataques regionais e com o bloqueio do Estreito de Ormuz, uma passagem log\u00edstica crucial para petr\u00f3leo e g\u00e1s. Portugal tem desenvolvido compromissos na \u00e1rea da Defesa, incluindo a NATO e investimentos de v\u00e1rias frentes, como a Lei de Programa\u00e7\u00e3o Militar e o financiamento SAFE.\" \/>\n<meta property=\"og:url\" content=\"https:\/\/portaltela.pt\/noticias\/2026\/03\/20\/presidente-convoca-reuniao-do-conselho-superior-de-defesa-para-31\/\" \/>\n<meta property=\"og:site_name\" content=\"Portal Tela Portugal\" \/>\n<meta property=\"article:published_time\" content=\"2026-03-20T18:14:00+00:00\" \/>\n<meta name=\"author\" content=\"Telinha\" \/>\n<meta name=\"twitter:card\" content=\"summary_large_image\" \/>\n<meta name=\"twitter:label1\" content=\"Escrito por\" \/>\n\t<meta name=\"twitter:data1\" content=\"Telinha\" \/>\n\t<meta name=\"twitter:label2\" content=\"Tempo estimado de leitura\" \/>\n\t<meta name=\"twitter:data2\" content=\"1 minuto\" \/>\n<script type=\"application\/ld+json\" class=\"yoast-schema-graph\">{\"@context\":\"https:\/\/schema.org\",\"@graph\":[{\"@type\":\"Article\",\"@id\":\"https:\/\/portaltela.pt\/noticias\/2026\/03\/20\/presidente-convoca-reuniao-do-conselho-superior-de-defesa-para-31\/#article\",\"isPartOf\":{\"@id\":\"https:\/\/portaltela.pt\/noticias\/2026\/03\/20\/presidente-convoca-reuniao-do-conselho-superior-de-defesa-para-31\/\"},\"author\":{\"name\":\"Telinha\",\"@id\":\"https:\/\/portaltela.pt\/#\/schema\/person\/c4278d4a6028830caff9ee44b42d32ed\"},\"headline\":\"Presidente convoca reuni\u00e3o do Conselho Superior de Defesa para 31\",\"datePublished\":\"2026-03-20T18:14:00+00:00\",\"mainEntityOfPage\":{\"@id\":\"https:\/\/portaltela.pt\/noticias\/2026\/03\/20\/presidente-convoca-reuniao-do-conselho-superior-de-defesa-para-31\/\"},\"wordCount\":257,\"image\":{\"@id\":\"https:\/\/portaltela.pt\/noticias\/2026\/03\/20\/presidente-convoca-reuniao-do-conselho-superior-de-defesa-para-31\/#primaryimage\"},\"thumbnailUrl\":\"https:\/\/portaltela.pt\/s.01k8rhncp4jt1\/2026\/03\/2075933.jpg\",\"keywords\":[\"Alian\u00e7a Atl\u00e2ntica\",\"defesa\",\"For\u00e7as Armadas\",\"governo\",\"pol\u00edtica internacional\",\"presidente\"],\"articleSection\":[\"Guerra\",\"Not\u00edcias\"],\"inLanguage\":\"pt-PT\"},{\"@type\":\"WebPage\",\"@id\":\"https:\/\/portaltela.pt\/noticias\/2026\/03\/20\/presidente-convoca-reuniao-do-conselho-superior-de-defesa-para-31\/\",\"url\":\"https:\/\/portaltela.pt\/noticias\/2026\/03\/20\/presidente-convoca-reuniao-do-conselho-superior-de-defesa-para-31\/\",\"name\":\"Presidente convoca reuni\u00e3o do Conselho Superior de Defesa para 31 - Portal Tela Portugal\",\"isPartOf\":{\"@id\":\"https:\/\/portaltela.pt\/#website\"},\"primaryImageOfPage\":{\"@id\":\"https:\/\/portaltela.pt\/noticias\/2026\/03\/20\/presidente-convoca-reuniao-do-conselho-superior-de-defesa-para-31\/#primaryimage\"},\"image\":{\"@id\":\"https:\/\/portaltela.pt\/noticias\/2026\/03\/20\/presidente-convoca-reuniao-do-conselho-superior-de-defesa-para-31\/#primaryimage\"},\"thumbnailUrl\":\"https:\/\/portaltela.pt\/s.01k8rhncp4jt1\/2026\/03\/2075933.jpg\",\"datePublished\":\"2026-03-20T18:14:00+00:00\",\"author\":{\"@id\":\"https:\/\/portaltela.pt\/#\/schema\/person\/c4278d4a6028830caff9ee44b42d32ed\"},\"breadcrumb\":{\"@id\":\"https:\/\/portaltela.pt\/noticias\/2026\/03\/20\/presidente-convoca-reuniao-do-conselho-superior-de-defesa-para-31\/#breadcrumb\"},\"inLanguage\":\"pt-PT\",\"potentialAction\":[{\"@type\":\"ReadAction\",\"target\":[\"https:\/\/portaltela.pt\/noticias\/2026\/03\/20\/presidente-convoca-reuniao-do-conselho-superior-de-defesa-para-31\/\"]}]},{\"@type\":\"ImageObject\",\"inLanguage\":\"pt-PT\",\"@id\":\"https:\/\/portaltela.pt\/noticias\/2026\/03\/20\/presidente-convoca-reuniao-do-conselho-superior-de-defesa-para-31\/#primaryimage\",\"url\":\"https:\/\/portaltela.pt\/s.01k8rhncp4jt1\/2026\/03\/2075933.jpg\",\"contentUrl\":\"https:\/\/portaltela.pt\/s.01k8rhncp4jt1\/2026\/03\/2075933.jpg\",\"width\":796,\"height\":448,\"caption\":\"Seguro convoca Conselho Superior de Defesa para reuni\u00e3o cerca de um m\u00eas depois do come\u00e7o da guerra no M\u00e9dio Oriente\"},{\"@type\":\"BreadcrumbList\",\"@id\":\"https:\/\/portaltela.pt\/noticias\/2026\/03\/20\/presidente-convoca-reuniao-do-conselho-superior-de-defesa-para-31\/#breadcrumb\",\"itemListElement\":[{\"@type\":\"ListItem\",\"position\":1,\"name\":\"In\u00edcio\",\"item\":\"https:\/\/portaltela.pt\/\"},{\"@type\":\"ListItem\",\"position\":2,\"name\":\"Presidente convoca reuni\u00e3o do Conselho Superior de Defesa para 31\"}]},{\"@type\":\"WebSite\",\"@id\":\"https:\/\/portaltela.pt\/#website\",\"url\":\"https:\/\/portaltela.pt\/\",\"name\":\"Portal Tela Portugal\",\"description\":\"\",\"potentialAction\":[{\"@type\":\"SearchAction\",\"target\":{\"@type\":\"EntryPoint\",\"urlTemplate\":\"https:\/\/portaltela.pt\/?s={search_term_string}\"},\"query-input\":{\"@type\":\"PropertyValueSpecification\",\"valueRequired\":true,\"valueName\":\"search_term_string\"}}],\"inLanguage\":\"pt-PT\"},{\"@type\":\"Person\",\"@id\":\"https:\/\/portaltela.pt\/#\/schema\/person\/c4278d4a6028830caff9ee44b42d32ed\",\"name\":\"Telinha\",\"image\":{\"@type\":\"ImageObject\",\"inLanguage\":\"pt-PT\",\"@id\":\"https:\/\/portaltela.pt\/s.01k8rhncp4jt1\/2025\/11\/talking-bot-125x125.png\",\"url\":\"https:\/\/portaltela.pt\/s.01k8rhncp4jt1\/2025\/11\/talking-bot-125x125.png\",\"contentUrl\":\"https:\/\/portaltela.pt\/s.01k8rhncp4jt1\/2025\/11\/talking-bot-125x125.png\",\"caption\":\"Telinha\"},\"sameAs\":[\"https:\/\/portaltela.pt\/\"],\"url\":\"https:\/\/portaltela.pt\/por\/367410592786\/\"}]}<\/script>\n<!-- \/ Yoast SEO plugin. -->","yoast_head_json":{"title":"Presidente convoca reuni\u00e3o do Conselho Superior de Defesa para 31 - Portal Tela Portugal","robots":{"index":"index","follow":"follow","max-snippet":"max-snippet:-1","max-image-preview":"max-image-preview:large","max-video-preview":"max-video-preview:-1"},"og_locale":"pt_PT","og_type":"article","og_title":"Presidente convoca reuni\u00e3o do Conselho Superior de Defesa para 31 - Portal Tela Portugal","og_description":"O Presidente da Rep\u00fablica, Ant\u00f3nio Jos\u00e9 Seguro, convocou uma reuni\u00e3o do Conselho Superior de Defesa para o dia 31, \u00e0s 16h00, a primeira desde que tomou posse. O \u00f3rg\u00e3o de consulta sobre Defesa existe para tratar da organiza\u00e7\u00e3o, funcionamento e disciplina das For\u00e7as Armadas. A convocat\u00f3ria ocorre num contexto de guerra no M\u00e9dio Oriente, ap\u00f3s a ofensiva militar dos EUA e de Israel contra o Ir\u00e3o a 28 de fevereiro. O Ir\u00e3o respondeu com ataques regionais e com o bloqueio do Estreito de Ormuz, uma passagem log\u00edstica crucial para petr\u00f3leo e g\u00e1s. Portugal tem desenvolvido compromissos na \u00e1rea da Defesa, incluindo a NATO e investimentos de v\u00e1rias frentes, como a Lei de Programa\u00e7\u00e3o Militar e o financiamento SAFE.","og_url":"https:\/\/portaltela.pt\/noticias\/2026\/03\/20\/presidente-convoca-reuniao-do-conselho-superior-de-defesa-para-31\/","og_site_name":"Portal Tela Portugal","article_published_time":"2026-03-20T18:14:00+00:00","author":"Telinha","twitter_card":"summary_large_image","twitter_misc":{"Escrito por":"Telinha","Tempo estimado de leitura":"1 minuto"},"schema":{"@context":"https:\/\/schema.org","@graph":[{"@type":"Article","@id":"https:\/\/portaltela.pt\/noticias\/2026\/03\/20\/presidente-convoca-reuniao-do-conselho-superior-de-defesa-para-31\/#article","isPartOf":{"@id":"https:\/\/portaltela.pt\/noticias\/2026\/03\/20\/presidente-convoca-reuniao-do-conselho-superior-de-defesa-para-31\/"},"author":{"name":"Telinha","@id":"https:\/\/portaltela.pt\/#\/schema\/person\/c4278d4a6028830caff9ee44b42d32ed"},"headline":"Presidente convoca reuni\u00e3o do Conselho Superior de Defesa para 31","datePublished":"2026-03-20T18:14:00+00:00","mainEntityOfPage":{"@id":"https:\/\/portaltela.pt\/noticias\/2026\/03\/20\/presidente-convoca-reuniao-do-conselho-superior-de-defesa-para-31\/"},"wordCount":257,"image":{"@id":"https:\/\/portaltela.pt\/noticias\/2026\/03\/20\/presidente-convoca-reuniao-do-conselho-superior-de-defesa-para-31\/#primaryimage"},"thumbnailUrl":"https:\/\/portaltela.pt\/s.01k8rhncp4jt1\/2026\/03\/2075933.jpg","keywords":["Alian\u00e7a Atl\u00e2ntica","defesa","For\u00e7as Armadas","governo","pol\u00edtica internacional","presidente"],"articleSection":["Guerra","Not\u00edcias"],"inLanguage":"pt-PT"},{"@type":"WebPage","@id":"https:\/\/portaltela.pt\/noticias\/2026\/03\/20\/presidente-convoca-reuniao-do-conselho-superior-de-defesa-para-31\/","url":"https:\/\/portaltela.pt\/noticias\/2026\/03\/20\/presidente-convoca-reuniao-do-conselho-superior-de-defesa-para-31\/","name":"Presidente convoca reuni\u00e3o do Conselho Superior de Defesa para 31 - Portal Tela Portugal","isPartOf":{"@id":"https:\/\/portaltela.pt\/#website"},"primaryImageOfPage":{"@id":"https:\/\/portaltela.pt\/noticias\/2026\/03\/20\/presidente-convoca-reuniao-do-conselho-superior-de-defesa-para-31\/#primaryimage"},"image":{"@id":"https:\/\/portaltela.pt\/noticias\/2026\/03\/20\/presidente-convoca-reuniao-do-conselho-superior-de-defesa-para-31\/#primaryimage"},"thumbnailUrl":"https:\/\/portaltela.pt\/s.01k8rhncp4jt1\/2026\/03\/2075933.jpg","datePublished":"2026-03-20T18:14:00+00:00","author":{"@id":"https:\/\/portaltela.pt\/#\/schema\/person\/c4278d4a6028830caff9ee44b42d32ed"},"breadcrumb":{"@id":"https:\/\/portaltela.pt\/noticias\/2026\/03\/20\/presidente-convoca-reuniao-do-conselho-superior-de-defesa-para-31\/#breadcrumb"},"inLanguage":"pt-PT","potentialAction":[{"@type":"ReadAction","target":["https:\/\/portaltela.pt\/noticias\/2026\/03\/20\/presidente-convoca-reuniao-do-conselho-superior-de-defesa-para-31\/"]}]},{"@type":"ImageObject","inLanguage":"pt-PT","@id":"https:\/\/portaltela.pt\/noticias\/2026\/03\/20\/presidente-convoca-reuniao-do-conselho-superior-de-defesa-para-31\/#primaryimage","url":"https:\/\/portaltela.pt\/s.01k8rhncp4jt1\/2026\/03\/2075933.jpg","contentUrl":"https:\/\/portaltela.pt\/s.01k8rhncp4jt1\/2026\/03\/2075933.jpg","width":796,"height":448,"caption":"Seguro convoca Conselho Superior de Defesa para reuni\u00e3o cerca de um m\u00eas depois do come\u00e7o da guerra no M\u00e9dio Oriente"},{"@type":"BreadcrumbList","@id":"https:\/\/portaltela.pt\/noticias\/2026\/03\/20\/presidente-convoca-reuniao-do-conselho-superior-de-defesa-para-31\/#breadcrumb","itemListElement":[{"@type":"ListItem","position":1,"name":"In\u00edcio","item":"https:\/\/portaltela.pt\/"},{"@type":"ListItem","position":2,"name":"Presidente convoca reuni\u00e3o do Conselho Superior de Defesa para 31"}]},{"@type":"WebSite","@id":"https:\/\/portaltela.pt\/#website","url":"https:\/\/portaltela.pt\/","name":"Portal Tela Portugal","description":"","potentialAction":[{"@type":"SearchAction","target":{"@type":"EntryPoint","urlTemplate":"https:\/\/portaltela.pt\/?s={search_term_string}"},"query-input":{"@type":"PropertyValueSpecification","valueRequired":true,"valueName":"search_term_string"}}],"inLanguage":"pt-PT"},{"@type":"Person","@id":"https:\/\/portaltela.pt\/#\/schema\/person\/c4278d4a6028830caff9ee44b42d32ed","name":"Telinha","image":{"@type":"ImageObject","inLanguage":"pt-PT","@id":"https:\/\/portaltela.pt\/s.01k8rhncp4jt1\/2025\/11\/talking-bot-125x125.png","url":"https:\/\/portaltela.pt\/s.01k8rhncp4jt1\/2025\/11\/talking-bot-125x125.png","contentUrl":"https:\/\/portaltela.pt\/s.01k8rhncp4jt1\/2025\/11\/talking-bot-125x125.png","caption":"Telinha"},"sameAs":["https:\/\/portaltela.pt\/"],"url":"https:\/\/portaltela.pt\/por\/367410592786\/"}]}},"_links":{"self":[{"href":"https:\/\/portaltela.pt\/api\/wp\/v2\/posts\/417797","targetHints":{"allow":["GET"]}}],"collection":[{"href":"https:\/\/portaltela.pt\/api\/wp\/v2\/posts"}],"about":[{"href":"https:\/\/portaltela.pt\/api\/wp\/v2\/types\/post"}],"author":[{"embeddable":true,"href":"https:\/\/portaltela.pt\/api\/wp\/v2\/users\/2"}],"replies":[{"embeddable":true,"href":"https:\/\/portaltela.pt\/api\/wp\/v2\/comments?post=417797"}],"version-history":[{"count":0,"href":"https:\/\/portaltela.pt\/api\/wp\/v2\/posts\/417797\/revisions"}],"wp:featuredmedia":[{"embeddable":true,"href":"https:\/\/portaltela.pt\/api\/wp\/v2\/media\/417805"}],"wp:attachment":[{"href":"https:\/\/portaltela.pt\/api\/wp\/v2\/media?parent=417797"}],"wp:term":[{"taxonomy":"category","embeddable":true,"href":"https:\/\/portaltela.pt\/api\/wp\/v2\/categories?post=417797"},{"taxonomy":"post_tag","embeddable":true,"href":"https:\/\/portaltela.pt\/api\/wp\/v2\/tags?post=417797"}],"curies":[{"name":"wp","href":"https:\/\/api.w.org\/{rel}","templated":true}]}}