{"id":417769,"date":"2026-03-20T14:55:00","date_gmt":"2026-03-20T17:55:00","guid":{"rendered":"https:\/\/portaltela.pt\/noticias\/2026\/03\/20\/nazare-substitui-condutas-de-saneamento-para-evitar-novas-interditacoes\/"},"modified":"2026-03-20T14:55:00","modified_gmt":"2026-03-20T17:55:00","slug":"nazare-substitui-condutas-de-saneamento-para-evitar-novas-interditacoes","status":"publish","type":"post","link":"https:\/\/portaltela.pt\/meio-ambiente\/2026\/03\/20\/nazare-substitui-condutas-de-saneamento-para-evitar-novas-interditacoes\/","title":{"rendered":"Nazar\u00e9 substitui condutas de saneamento para evitar novas interdita\u00e7\u00f5es"},"content":{"rendered":"<p>A Nazar\u00e9 vai renovar condutas de saneamento na zona norte da vila para evitar novas interrup\u00e7\u00f5es no banho na praia. A interven\u00e7\u00e3o arrancou no ver\u00e3o de 2025, quando roturas na rede provocaram tr\u00eas interdita\u00e7\u00f5es sucessivas da \u00e1rea da Praia da Nazar\u00e9. O objetivo \u00e9 concluir a obra at\u00e9 15 de maio.<\/p>\n<p>Os Servi\u00e7os Municipalizados da Nazar\u00e9 (SMN) realizam a substitui\u00e7\u00e3o com meios pr\u00f3prios, dada a sensibilidade da interven\u00e7\u00e3o e a implica\u00e7\u00e3o com outras estruturas. Miguel Sousainha, presidente do conselho de administra\u00e7\u00e3o, confirmou \u00e0 Lusa o planeamento e o or\u00e7amento da opera\u00e7\u00e3o.<\/p>\n<p>A interven\u00e7\u00e3o j\u00e1 avan\u00e7ou na Pra\u00e7a Manuel de Arriaga, com uma parte substancial conclu\u00edda. Nos \u00faltimos dois dias houve interrup\u00e7\u00e3o por causa da chuva, mas a obra dever\u00e1 retomar na segunda-feira, seguindo pelo pared\u00e3o onde passar\u00e3o as tubagens.<\/p>\n<p>A obra prev\u00ea substituir uma tubagem com mais de 60 anos na zona norte da vila. O custo estimado situa-se entre 250 mil e 300 mil euros, financiado pelos SMN, para evitar recorr\u00eancias de descargas que afetaram a qualidade da \u00e1gua em 2025.<\/p>\n<p>A parte final, junto \u00e0 praia, depende de autoriza\u00e7\u00e3o da Ag\u00eancia Portuguesa do Ambiente (APA). O objetivo \u00e9 ter a totalidade da interven\u00e7\u00e3o conclu\u00edda at\u00e9 15 de maio e restaurar a confian\u00e7a na qualidade do destino tur\u00edstico Nazar\u00e9.<\/p>\n<p>A urg\u00eancia da renova\u00e7\u00e3o decorre das descargas poluentes ocorridas em agosto de 2025, associadas a uma obstru\u00e7\u00e3o na conduta junto \u00e0 Pra\u00e7a Manuel de Arriaga. Em tr\u00eas ocasi\u00f5es, as \u00e1guas foram interditadas a banhos, com 116 pessoas assistidas na ULS Leiria por sintomas relacionados com a contamina\u00e7\u00e3o.<\/p>\n","protected":false},"excerpt":{"rendered":"<ul>\n<li>Os Servi\u00e7os Municipalizados da Nazar\u00e9 est\u00e3o a substituir condutas de saneamento na zona norte da vila, com conclus\u00e3o prevista para o dia 15 de maio, para evitar novas descargas que interditaram a praia em tr\u00eas ocasi\u00f5es no ver\u00e3o de 2025.<\/li>\n<li>A interven\u00e7\u00e3o est\u00e1 a ser realizada pelos pr\u00f3prios servi\u00e7os e passa pela Pra\u00e7a Manuel de Arriaga, com parte j\u00e1 executada e passagem das tubagens pelo pared\u00e3o.<\/li>\n<li>O custo previsto oscila entre 250 mil e 300 mil euros, visando evitar repeti\u00e7\u00f5es de descargas e contamina\u00e7\u00f5es que levaram \u00e0 interdi\u00e7\u00e3o das \u00e1guas da praia.<\/li>\n<li>A parte final da obra depende de autoriza\u00e7\u00e3o da Ag\u00eancia Portuguesa do Ambiente, mas a meta \u00e9 ter tudo conclu\u00eddo at\u00e9 15 de maio.<\/li>\n<li>A interven\u00e7\u00e3o tamb\u00e9m procura restabelecer a confian\u00e7a no destino tur\u00edstico Nazar\u00e9, uma vez que \u00e9 uma das praias mais conhecidas de Portugal; em agosto de 2025 houve assist\u00eancia a 116 pessoas por sintomas relacionados com a contamina\u00e7\u00e3o da \u00e1gua.<\/li>\n<\/ul>\n","protected":false},"author":2,"featured_media":417775,"comment_status":"closed","ping_status":"closed","sticky":false,"template":"","format":"standard","meta":{"footnotes":""},"categories":[6725],"tags":[1503,4085,5103,894,3750,1123],"class_list":["post-417769","post","type-post","status-publish","format-standard","has-post-thumbnail","hentry","category-meio-ambiente","tag-abastecimento-de-agua","tag-apa","tag-contaminacoes","tag-nazare","tag-poluicao-ambiental","tag-saneamento"],"yoast_head":"<!-- This site is optimized with the Yoast SEO plugin v27.2 - https:\/\/yoast.com\/product\/yoast-seo-wordpress\/ -->\n<title>Nazar\u00e9 substitui condutas de saneamento para evitar novas interdita\u00e7\u00f5es - Portal Tela Portugal<\/title>\n<meta name=\"robots\" content=\"index, follow, max-snippet:-1, max-image-preview:large, max-video-preview:-1\" \/>\n<meta property=\"og:locale\" content=\"pt_PT\" \/>\n<meta property=\"og:type\" content=\"article\" \/>\n<meta property=\"og:title\" content=\"Nazar\u00e9 substitui condutas de saneamento para evitar novas interdita\u00e7\u00f5es - Portal Tela Portugal\" \/>\n<meta property=\"og:description\" content=\"Os Servi\u00e7os Municipalizados da Nazar\u00e9 est\u00e3o a substituir condutas de saneamento na zona norte da vila, com conclus\u00e3o prevista para o dia 15 de maio, para evitar novas descargas que interditaram a praia em tr\u00eas ocasi\u00f5es no ver\u00e3o de 2025. A interven\u00e7\u00e3o est\u00e1 a ser realizada pelos pr\u00f3prios servi\u00e7os e passa pela Pra\u00e7a Manuel de Arriaga, com parte j\u00e1 executada e passagem das tubagens pelo pared\u00e3o. O custo previsto oscila entre 250 mil e 300 mil euros, visando evitar repeti\u00e7\u00f5es de descargas e contamina\u00e7\u00f5es que levaram \u00e0 interdi\u00e7\u00e3o das \u00e1guas da praia. A parte final da obra depende de autoriza\u00e7\u00e3o da Ag\u00eancia Portuguesa do Ambiente, mas a meta \u00e9 ter tudo conclu\u00eddo at\u00e9 15 de maio. A interven\u00e7\u00e3o tamb\u00e9m procura restabelecer a confian\u00e7a no destino tur\u00edstico Nazar\u00e9, uma vez que \u00e9 uma das praias mais conhecidas de Portugal; em agosto de 2025 houve assist\u00eancia a 116 pessoas por sintomas relacionados com a contamina\u00e7\u00e3o da \u00e1gua.\" \/>\n<meta property=\"og:url\" content=\"https:\/\/portaltela.pt\/noticias\/2026\/03\/20\/nazare-substitui-condutas-de-saneamento-para-evitar-novas-interditacoes\/\" \/>\n<meta property=\"og:site_name\" content=\"Portal Tela Portugal\" \/>\n<meta property=\"article:published_time\" content=\"2026-03-20T17:55:00+00:00\" \/>\n<meta name=\"author\" content=\"Telinha\" \/>\n<meta name=\"twitter:card\" content=\"summary_large_image\" \/>\n<meta name=\"twitter:label1\" content=\"Escrito por\" \/>\n\t<meta name=\"twitter:data1\" content=\"Telinha\" \/>\n\t<meta name=\"twitter:label2\" content=\"Tempo estimado de leitura\" \/>\n\t<meta name=\"twitter:data2\" content=\"1 minuto\" \/>\n<script type=\"application\/ld+json\" class=\"yoast-schema-graph\">{\"@context\":\"https:\/\/schema.org\",\"@graph\":[{\"@type\":\"Article\",\"@id\":\"https:\/\/portaltela.pt\/noticias\/2026\/03\/20\/nazare-substitui-condutas-de-saneamento-para-evitar-novas-interditacoes\/#article\",\"isPartOf\":{\"@id\":\"https:\/\/portaltela.pt\/noticias\/2026\/03\/20\/nazare-substitui-condutas-de-saneamento-para-evitar-novas-interditacoes\/\"},\"author\":{\"name\":\"Telinha\",\"@id\":\"https:\/\/portaltela.pt\/#\/schema\/person\/c4278d4a6028830caff9ee44b42d32ed\"},\"headline\":\"Nazar\u00e9 substitui condutas de saneamento para evitar novas interdita\u00e7\u00f5es\",\"datePublished\":\"2026-03-20T17:55:00+00:00\",\"mainEntityOfPage\":{\"@id\":\"https:\/\/portaltela.pt\/noticias\/2026\/03\/20\/nazare-substitui-condutas-de-saneamento-para-evitar-novas-interditacoes\/\"},\"wordCount\":287,\"image\":{\"@id\":\"https:\/\/portaltela.pt\/noticias\/2026\/03\/20\/nazare-substitui-condutas-de-saneamento-para-evitar-novas-interditacoes\/#primaryimage\"},\"thumbnailUrl\":\"https:\/\/portaltela.pt\/s.01k8rhncp4jt1\/2026\/03\/img_1500x1000uu2020-08-06-16-59-48-964603.jpg\",\"keywords\":[\"abastecimento de \u00e1gua\",\"APA\",\"contamina\u00e7\u00f5es\",\"Nazar\u00e9\",\"polui\u00e7\u00e3o ambiental\",\"saneamento\"],\"articleSection\":[\"Meio Ambiente\"],\"inLanguage\":\"pt-PT\"},{\"@type\":\"WebPage\",\"@id\":\"https:\/\/portaltela.pt\/noticias\/2026\/03\/20\/nazare-substitui-condutas-de-saneamento-para-evitar-novas-interditacoes\/\",\"url\":\"https:\/\/portaltela.pt\/noticias\/2026\/03\/20\/nazare-substitui-condutas-de-saneamento-para-evitar-novas-interditacoes\/\",\"name\":\"Nazar\u00e9 substitui condutas de saneamento para evitar novas interdita\u00e7\u00f5es - Portal Tela Portugal\",\"isPartOf\":{\"@id\":\"https:\/\/portaltela.pt\/#website\"},\"primaryImageOfPage\":{\"@id\":\"https:\/\/portaltela.pt\/noticias\/2026\/03\/20\/nazare-substitui-condutas-de-saneamento-para-evitar-novas-interditacoes\/#primaryimage\"},\"image\":{\"@id\":\"https:\/\/portaltela.pt\/noticias\/2026\/03\/20\/nazare-substitui-condutas-de-saneamento-para-evitar-novas-interditacoes\/#primaryimage\"},\"thumbnailUrl\":\"https:\/\/portaltela.pt\/s.01k8rhncp4jt1\/2026\/03\/img_1500x1000uu2020-08-06-16-59-48-964603.jpg\",\"datePublished\":\"2026-03-20T17:55:00+00:00\",\"author\":{\"@id\":\"https:\/\/portaltela.pt\/#\/schema\/person\/c4278d4a6028830caff9ee44b42d32ed\"},\"breadcrumb\":{\"@id\":\"https:\/\/portaltela.pt\/noticias\/2026\/03\/20\/nazare-substitui-condutas-de-saneamento-para-evitar-novas-interditacoes\/#breadcrumb\"},\"inLanguage\":\"pt-PT\",\"potentialAction\":[{\"@type\":\"ReadAction\",\"target\":[\"https:\/\/portaltela.pt\/noticias\/2026\/03\/20\/nazare-substitui-condutas-de-saneamento-para-evitar-novas-interditacoes\/\"]}]},{\"@type\":\"ImageObject\",\"inLanguage\":\"pt-PT\",\"@id\":\"https:\/\/portaltela.pt\/noticias\/2026\/03\/20\/nazare-substitui-condutas-de-saneamento-para-evitar-novas-interditacoes\/#primaryimage\",\"url\":\"https:\/\/portaltela.pt\/s.01k8rhncp4jt1\/2026\/03\/img_1500x1000uu2020-08-06-16-59-48-964603.jpg\",\"contentUrl\":\"https:\/\/portaltela.pt\/s.01k8rhncp4jt1\/2026\/03\/img_1500x1000uu2020-08-06-16-59-48-964603.jpg\",\"width\":796,\"height\":448,\"caption\":\"Praia da Nazar\u00e9\"},{\"@type\":\"BreadcrumbList\",\"@id\":\"https:\/\/portaltela.pt\/noticias\/2026\/03\/20\/nazare-substitui-condutas-de-saneamento-para-evitar-novas-interditacoes\/#breadcrumb\",\"itemListElement\":[{\"@type\":\"ListItem\",\"position\":1,\"name\":\"In\u00edcio\",\"item\":\"https:\/\/portaltela.pt\/\"},{\"@type\":\"ListItem\",\"position\":2,\"name\":\"Nazar\u00e9 substitui condutas de saneamento para evitar novas interdita\u00e7\u00f5es\"}]},{\"@type\":\"WebSite\",\"@id\":\"https:\/\/portaltela.pt\/#website\",\"url\":\"https:\/\/portaltela.pt\/\",\"name\":\"Portal Tela Portugal\",\"description\":\"\",\"potentialAction\":[{\"@type\":\"SearchAction\",\"target\":{\"@type\":\"EntryPoint\",\"urlTemplate\":\"https:\/\/portaltela.pt\/?s={search_term_string}\"},\"query-input\":{\"@type\":\"PropertyValueSpecification\",\"valueRequired\":true,\"valueName\":\"search_term_string\"}}],\"inLanguage\":\"pt-PT\"},{\"@type\":\"Person\",\"@id\":\"https:\/\/portaltela.pt\/#\/schema\/person\/c4278d4a6028830caff9ee44b42d32ed\",\"name\":\"Telinha\",\"image\":{\"@type\":\"ImageObject\",\"inLanguage\":\"pt-PT\",\"@id\":\"https:\/\/portaltela.pt\/s.01k8rhncp4jt1\/2025\/11\/talking-bot-125x125.png\",\"url\":\"https:\/\/portaltela.pt\/s.01k8rhncp4jt1\/2025\/11\/talking-bot-125x125.png\",\"contentUrl\":\"https:\/\/portaltela.pt\/s.01k8rhncp4jt1\/2025\/11\/talking-bot-125x125.png\",\"caption\":\"Telinha\"},\"sameAs\":[\"https:\/\/portaltela.pt\/\"],\"url\":\"https:\/\/portaltela.pt\/por\/367410592786\/\"}]}<\/script>\n<!-- \/ Yoast SEO plugin. -->","yoast_head_json":{"title":"Nazar\u00e9 substitui condutas de saneamento para evitar novas interdita\u00e7\u00f5es - Portal Tela Portugal","robots":{"index":"index","follow":"follow","max-snippet":"max-snippet:-1","max-image-preview":"max-image-preview:large","max-video-preview":"max-video-preview:-1"},"og_locale":"pt_PT","og_type":"article","og_title":"Nazar\u00e9 substitui condutas de saneamento para evitar novas interdita\u00e7\u00f5es - Portal Tela Portugal","og_description":"Os Servi\u00e7os Municipalizados da Nazar\u00e9 est\u00e3o a substituir condutas de saneamento na zona norte da vila, com conclus\u00e3o prevista para o dia 15 de maio, para evitar novas descargas que interditaram a praia em tr\u00eas ocasi\u00f5es no ver\u00e3o de 2025. A interven\u00e7\u00e3o est\u00e1 a ser realizada pelos pr\u00f3prios servi\u00e7os e passa pela Pra\u00e7a Manuel de Arriaga, com parte j\u00e1 executada e passagem das tubagens pelo pared\u00e3o. O custo previsto oscila entre 250 mil e 300 mil euros, visando evitar repeti\u00e7\u00f5es de descargas e contamina\u00e7\u00f5es que levaram \u00e0 interdi\u00e7\u00e3o das \u00e1guas da praia. A parte final da obra depende de autoriza\u00e7\u00e3o da Ag\u00eancia Portuguesa do Ambiente, mas a meta \u00e9 ter tudo conclu\u00eddo at\u00e9 15 de maio. A interven\u00e7\u00e3o tamb\u00e9m procura restabelecer a confian\u00e7a no destino tur\u00edstico Nazar\u00e9, uma vez que \u00e9 uma das praias mais conhecidas de Portugal; em agosto de 2025 houve assist\u00eancia a 116 pessoas por sintomas relacionados com a contamina\u00e7\u00e3o da \u00e1gua.","og_url":"https:\/\/portaltela.pt\/noticias\/2026\/03\/20\/nazare-substitui-condutas-de-saneamento-para-evitar-novas-interditacoes\/","og_site_name":"Portal Tela Portugal","article_published_time":"2026-03-20T17:55:00+00:00","author":"Telinha","twitter_card":"summary_large_image","twitter_misc":{"Escrito por":"Telinha","Tempo estimado de leitura":"1 minuto"},"schema":{"@context":"https:\/\/schema.org","@graph":[{"@type":"Article","@id":"https:\/\/portaltela.pt\/noticias\/2026\/03\/20\/nazare-substitui-condutas-de-saneamento-para-evitar-novas-interditacoes\/#article","isPartOf":{"@id":"https:\/\/portaltela.pt\/noticias\/2026\/03\/20\/nazare-substitui-condutas-de-saneamento-para-evitar-novas-interditacoes\/"},"author":{"name":"Telinha","@id":"https:\/\/portaltela.pt\/#\/schema\/person\/c4278d4a6028830caff9ee44b42d32ed"},"headline":"Nazar\u00e9 substitui condutas de saneamento para evitar novas interdita\u00e7\u00f5es","datePublished":"2026-03-20T17:55:00+00:00","mainEntityOfPage":{"@id":"https:\/\/portaltela.pt\/noticias\/2026\/03\/20\/nazare-substitui-condutas-de-saneamento-para-evitar-novas-interditacoes\/"},"wordCount":287,"image":{"@id":"https:\/\/portaltela.pt\/noticias\/2026\/03\/20\/nazare-substitui-condutas-de-saneamento-para-evitar-novas-interditacoes\/#primaryimage"},"thumbnailUrl":"https:\/\/portaltela.pt\/s.01k8rhncp4jt1\/2026\/03\/img_1500x1000uu2020-08-06-16-59-48-964603.jpg","keywords":["abastecimento de \u00e1gua","APA","contamina\u00e7\u00f5es","Nazar\u00e9","polui\u00e7\u00e3o ambiental","saneamento"],"articleSection":["Meio Ambiente"],"inLanguage":"pt-PT"},{"@type":"WebPage","@id":"https:\/\/portaltela.pt\/noticias\/2026\/03\/20\/nazare-substitui-condutas-de-saneamento-para-evitar-novas-interditacoes\/","url":"https:\/\/portaltela.pt\/noticias\/2026\/03\/20\/nazare-substitui-condutas-de-saneamento-para-evitar-novas-interditacoes\/","name":"Nazar\u00e9 substitui condutas de saneamento para evitar novas interdita\u00e7\u00f5es - Portal Tela Portugal","isPartOf":{"@id":"https:\/\/portaltela.pt\/#website"},"primaryImageOfPage":{"@id":"https:\/\/portaltela.pt\/noticias\/2026\/03\/20\/nazare-substitui-condutas-de-saneamento-para-evitar-novas-interditacoes\/#primaryimage"},"image":{"@id":"https:\/\/portaltela.pt\/noticias\/2026\/03\/20\/nazare-substitui-condutas-de-saneamento-para-evitar-novas-interditacoes\/#primaryimage"},"thumbnailUrl":"https:\/\/portaltela.pt\/s.01k8rhncp4jt1\/2026\/03\/img_1500x1000uu2020-08-06-16-59-48-964603.jpg","datePublished":"2026-03-20T17:55:00+00:00","author":{"@id":"https:\/\/portaltela.pt\/#\/schema\/person\/c4278d4a6028830caff9ee44b42d32ed"},"breadcrumb":{"@id":"https:\/\/portaltela.pt\/noticias\/2026\/03\/20\/nazare-substitui-condutas-de-saneamento-para-evitar-novas-interditacoes\/#breadcrumb"},"inLanguage":"pt-PT","potentialAction":[{"@type":"ReadAction","target":["https:\/\/portaltela.pt\/noticias\/2026\/03\/20\/nazare-substitui-condutas-de-saneamento-para-evitar-novas-interditacoes\/"]}]},{"@type":"ImageObject","inLanguage":"pt-PT","@id":"https:\/\/portaltela.pt\/noticias\/2026\/03\/20\/nazare-substitui-condutas-de-saneamento-para-evitar-novas-interditacoes\/#primaryimage","url":"https:\/\/portaltela.pt\/s.01k8rhncp4jt1\/2026\/03\/img_1500x1000uu2020-08-06-16-59-48-964603.jpg","contentUrl":"https:\/\/portaltela.pt\/s.01k8rhncp4jt1\/2026\/03\/img_1500x1000uu2020-08-06-16-59-48-964603.jpg","width":796,"height":448,"caption":"Praia da Nazar\u00e9"},{"@type":"BreadcrumbList","@id":"https:\/\/portaltela.pt\/noticias\/2026\/03\/20\/nazare-substitui-condutas-de-saneamento-para-evitar-novas-interditacoes\/#breadcrumb","itemListElement":[{"@type":"ListItem","position":1,"name":"In\u00edcio","item":"https:\/\/portaltela.pt\/"},{"@type":"ListItem","position":2,"name":"Nazar\u00e9 substitui condutas de saneamento para evitar novas interdita\u00e7\u00f5es"}]},{"@type":"WebSite","@id":"https:\/\/portaltela.pt\/#website","url":"https:\/\/portaltela.pt\/","name":"Portal Tela Portugal","description":"","potentialAction":[{"@type":"SearchAction","target":{"@type":"EntryPoint","urlTemplate":"https:\/\/portaltela.pt\/?s={search_term_string}"},"query-input":{"@type":"PropertyValueSpecification","valueRequired":true,"valueName":"search_term_string"}}],"inLanguage":"pt-PT"},{"@type":"Person","@id":"https:\/\/portaltela.pt\/#\/schema\/person\/c4278d4a6028830caff9ee44b42d32ed","name":"Telinha","image":{"@type":"ImageObject","inLanguage":"pt-PT","@id":"https:\/\/portaltela.pt\/s.01k8rhncp4jt1\/2025\/11\/talking-bot-125x125.png","url":"https:\/\/portaltela.pt\/s.01k8rhncp4jt1\/2025\/11\/talking-bot-125x125.png","contentUrl":"https:\/\/portaltela.pt\/s.01k8rhncp4jt1\/2025\/11\/talking-bot-125x125.png","caption":"Telinha"},"sameAs":["https:\/\/portaltela.pt\/"],"url":"https:\/\/portaltela.pt\/por\/367410592786\/"}]}},"_links":{"self":[{"href":"https:\/\/portaltela.pt\/api\/wp\/v2\/posts\/417769","targetHints":{"allow":["GET"]}}],"collection":[{"href":"https:\/\/portaltela.pt\/api\/wp\/v2\/posts"}],"about":[{"href":"https:\/\/portaltela.pt\/api\/wp\/v2\/types\/post"}],"author":[{"embeddable":true,"href":"https:\/\/portaltela.pt\/api\/wp\/v2\/users\/2"}],"replies":[{"embeddable":true,"href":"https:\/\/portaltela.pt\/api\/wp\/v2\/comments?post=417769"}],"version-history":[{"count":0,"href":"https:\/\/portaltela.pt\/api\/wp\/v2\/posts\/417769\/revisions"}],"wp:featuredmedia":[{"embeddable":true,"href":"https:\/\/portaltela.pt\/api\/wp\/v2\/media\/417775"}],"wp:attachment":[{"href":"https:\/\/portaltela.pt\/api\/wp\/v2\/media?parent=417769"}],"wp:term":[{"taxonomy":"category","embeddable":true,"href":"https:\/\/portaltela.pt\/api\/wp\/v2\/categories?post=417769"},{"taxonomy":"post_tag","embeddable":true,"href":"https:\/\/portaltela.pt\/api\/wp\/v2\/tags?post=417769"}],"curies":[{"name":"wp","href":"https:\/\/api.w.org\/{rel}","templated":true}]}}