{"id":417756,"date":"2026-03-20T13:32:00","date_gmt":"2026-03-20T16:32:00","guid":{"rendered":"https:\/\/portaltela.pt\/noticias\/2026\/03\/20\/portugal-nao-foi-o-pais-com-maior-aumento-de-combustiveis-entre-13-nacoes\/"},"modified":"2026-03-20T13:32:00","modified_gmt":"2026-03-20T16:32:00","slug":"portugal-nao-foi-o-pais-com-maior-aumento-de-combustiveis-entre-13-nacoes","status":"publish","type":"post","link":"https:\/\/portaltela.pt\/noticias\/economia\/2026\/03\/20\/portugal-nao-foi-o-pais-com-maior-aumento-de-combustiveis-entre-13-nacoes\/","title":{"rendered":"Portugal n\u00e3o foi o pa\u00eds com maior aumento de combust\u00edveis entre 13 na\u00e7\u00f5es."},"content":{"rendered":"<p>O l\u00edder do Chega partilhou no X uma lista que afirma o aumento do pre\u00e7o dos combust\u00edveis em v\u00e1rios pa\u00edses europeus, ligado \u00e0 guerra no Ir\u00e3o. Em Portugal, diz ter sido 23 c\u00eantimos por litro; em Espanha, entre 8 e 10; noutros pa\u00edses, menos de nove.<\/p>\n<p>A publica\u00e7\u00e3o foi apresentada como dados reais, mas a verifica\u00e7\u00e3o revela o contr\u00e1rio. Boletins da Comiss\u00e3o Europeia e dados oficiais do Reino Unido contradizem os valores atribu\u00eddos.<\/p>\n<p>Em Portugal, as informa\u00e7\u00f5es oficiais n\u00e3o correspondem aos n\u00fameros da lista partilhada. O conte\u00fado \u00e9 considerado falso pela verifica\u00e7\u00e3o de factos com base em fontes da UE e do Governo brit\u00e2nico.<\/p>\n<h3>Verifica\u00e7\u00e3o de factos<\/h3>\n<p>A checagem utiliza documentos oficiais da Comiss\u00e3o Europeia e dados do Reino Unido para confirmar a inexist\u00eancia de aumentos t\u00e3o alargados nos pa\u00edses indicados.<\/p>\n<p>Segundo a an\u00e1lise, a publica\u00e7\u00e3o de Andr\u00e9 Ventura n\u00e3o reflete altera\u00e7\u00f5es reais dos pre\u00e7os dos combust\u00edveis nesses pa\u00edses. N\u00e3o h\u00e1 indica\u00e7\u00f5es de que Portugal tenha registado o maior encarecimento entre os listados.<\/p>\n","protected":false},"excerpt":{"rendered":"<ul>\n<li>A lista partilhada por Andr\u00e9 Ventura no X alegava aumentos nos pre\u00e7os dos combust\u00edveis em v\u00e1rios pa\u00edses europeus, dando em Portugal 23 c\u00eantimos por litro.<\/li>\n<li>Dizia ainda que Espanha tinha aumentos entre 8 e 10 c\u00eantimos por litro, e que nos demais pa\u00edses os aumentos n\u00e3o passavam de nove c\u00eantimos.<\/li>\n<li>An\u00e1lises com boletins da Comiss\u00e3o Europeia e dados do Reino Unido mostram que a lista \u00e9 falsa.<\/li>\n<li>As informa\u00e7\u00f5es apresentadas n\u00e3o correspondem aos dados oficiais verificados sobre os aumentos de combust\u00edveis por pa\u00eds.<\/li>\n<li>O caso foi alvo de desmentido com base em fontes p\u00fablicas e demonstra que a alega\u00e7\u00e3o n\u00e3o tem suporte factual.<\/li>\n<\/ul>\n","protected":false},"author":2,"featured_media":417758,"comment_status":"closed","ping_status":"closed","sticky":false,"template":"","format":"standard","meta":{"footnotes":""},"categories":[2,1],"tags":[6115,134,174,6718,195,1014],"class_list":["post-417756","post","type-post","status-publish","format-standard","has-post-thumbnail","hentry","category-economia","category-noticias","tag-_economia","tag-analysis","tag-energia","tag-falsidade-documental","tag-informacao","tag-portugal"],"yoast_head":"<!-- This site is optimized with the Yoast SEO plugin v27.2 - https:\/\/yoast.com\/product\/yoast-seo-wordpress\/ -->\n<title>Portugal n\u00e3o foi o pa\u00eds com maior aumento de combust\u00edveis entre 13 na\u00e7\u00f5es. - Portal Tela Portugal<\/title>\n<meta name=\"robots\" content=\"index, follow, max-snippet:-1, max-image-preview:large, max-video-preview:-1\" \/>\n<meta property=\"og:locale\" content=\"pt_PT\" \/>\n<meta property=\"og:type\" content=\"article\" \/>\n<meta property=\"og:title\" content=\"Portugal n\u00e3o foi o pa\u00eds com maior aumento de combust\u00edveis entre 13 na\u00e7\u00f5es. - Portal Tela Portugal\" \/>\n<meta property=\"og:description\" content=\"A lista partilhada por Andr\u00e9 Ventura no X alegava aumentos nos pre\u00e7os dos combust\u00edveis em v\u00e1rios pa\u00edses europeus, dando em Portugal 23 c\u00eantimos por litro. Dizia ainda que Espanha tinha aumentos entre 8 e 10 c\u00eantimos por litro, e que nos demais pa\u00edses os aumentos n\u00e3o passavam de nove c\u00eantimos. An\u00e1lises com boletins da Comiss\u00e3o Europeia e dados do Reino Unido mostram que a lista \u00e9 falsa. As informa\u00e7\u00f5es apresentadas n\u00e3o correspondem aos dados oficiais verificados sobre os aumentos de combust\u00edveis por pa\u00eds. O caso foi alvo de desmentido com base em fontes p\u00fablicas e demonstra que a alega\u00e7\u00e3o n\u00e3o tem suporte factual.\" \/>\n<meta property=\"og:url\" content=\"https:\/\/portaltela.pt\/noticias\/2026\/03\/20\/portugal-nao-foi-o-pais-com-maior-aumento-de-combustiveis-entre-13-nacoes\/\" \/>\n<meta property=\"og:site_name\" content=\"Portal Tela Portugal\" \/>\n<meta property=\"article:published_time\" content=\"2026-03-20T16:32:00+00:00\" \/>\n<meta name=\"author\" content=\"Telinha\" \/>\n<meta name=\"twitter:card\" content=\"summary_large_image\" \/>\n<meta name=\"twitter:label1\" content=\"Escrito por\" \/>\n\t<meta name=\"twitter:data1\" content=\"Telinha\" \/>\n\t<meta name=\"twitter:label2\" content=\"Tempo estimado de leitura\" \/>\n\t<meta name=\"twitter:data2\" content=\"1 minuto\" \/>\n<script type=\"application\/ld+json\" class=\"yoast-schema-graph\">{\"@context\":\"https:\/\/schema.org\",\"@graph\":[{\"@type\":\"Article\",\"@id\":\"https:\/\/portaltela.pt\/noticias\/2026\/03\/20\/portugal-nao-foi-o-pais-com-maior-aumento-de-combustiveis-entre-13-nacoes\/#article\",\"isPartOf\":{\"@id\":\"https:\/\/portaltela.pt\/noticias\/2026\/03\/20\/portugal-nao-foi-o-pais-com-maior-aumento-de-combustiveis-entre-13-nacoes\/\"},\"author\":{\"name\":\"Telinha\",\"@id\":\"https:\/\/portaltela.pt\/#\/schema\/person\/c4278d4a6028830caff9ee44b42d32ed\"},\"headline\":\"Portugal n\u00e3o foi o pa\u00eds com maior aumento de combust\u00edveis entre 13 na\u00e7\u00f5es.\",\"datePublished\":\"2026-03-20T16:32:00+00:00\",\"mainEntityOfPage\":{\"@id\":\"https:\/\/portaltela.pt\/noticias\/2026\/03\/20\/portugal-nao-foi-o-pais-com-maior-aumento-de-combustiveis-entre-13-nacoes\/\"},\"wordCount\":207,\"image\":{\"@id\":\"https:\/\/portaltela.pt\/noticias\/2026\/03\/20\/portugal-nao-foi-o-pais-com-maior-aumento-de-combustiveis-entre-13-nacoes\/#primaryimage\"},\"thumbnailUrl\":\"https:\/\/portaltela.pt\/s.01k8rhncp4jt1\/2026\/03\/Sequence200197748.00_01_49_2197748.Still00197748.jpg\",\"keywords\":[\"_economia\",\"@analysis\",\"energia\",\"falsidade documental\",\"informa\u00e7\u00e3o\",\"Portugal\"],\"articleSection\":[\"Economia\",\"Not\u00edcias\"],\"inLanguage\":\"pt-PT\"},{\"@type\":\"WebPage\",\"@id\":\"https:\/\/portaltela.pt\/noticias\/2026\/03\/20\/portugal-nao-foi-o-pais-com-maior-aumento-de-combustiveis-entre-13-nacoes\/\",\"url\":\"https:\/\/portaltela.pt\/noticias\/2026\/03\/20\/portugal-nao-foi-o-pais-com-maior-aumento-de-combustiveis-entre-13-nacoes\/\",\"name\":\"Portugal n\u00e3o foi o pa\u00eds com maior aumento de combust\u00edveis entre 13 na\u00e7\u00f5es. - Portal Tela Portugal\",\"isPartOf\":{\"@id\":\"https:\/\/portaltela.pt\/#website\"},\"primaryImageOfPage\":{\"@id\":\"https:\/\/portaltela.pt\/noticias\/2026\/03\/20\/portugal-nao-foi-o-pais-com-maior-aumento-de-combustiveis-entre-13-nacoes\/#primaryimage\"},\"image\":{\"@id\":\"https:\/\/portaltela.pt\/noticias\/2026\/03\/20\/portugal-nao-foi-o-pais-com-maior-aumento-de-combustiveis-entre-13-nacoes\/#primaryimage\"},\"thumbnailUrl\":\"https:\/\/portaltela.pt\/s.01k8rhncp4jt1\/2026\/03\/Sequence200197748.00_01_49_2197748.Still00197748.jpg\",\"datePublished\":\"2026-03-20T16:32:00+00:00\",\"author\":{\"@id\":\"https:\/\/portaltela.pt\/#\/schema\/person\/c4278d4a6028830caff9ee44b42d32ed\"},\"breadcrumb\":{\"@id\":\"https:\/\/portaltela.pt\/noticias\/2026\/03\/20\/portugal-nao-foi-o-pais-com-maior-aumento-de-combustiveis-entre-13-nacoes\/#breadcrumb\"},\"inLanguage\":\"pt-PT\",\"potentialAction\":[{\"@type\":\"ReadAction\",\"target\":[\"https:\/\/portaltela.pt\/noticias\/2026\/03\/20\/portugal-nao-foi-o-pais-com-maior-aumento-de-combustiveis-entre-13-nacoes\/\"]}]},{\"@type\":\"ImageObject\",\"inLanguage\":\"pt-PT\",\"@id\":\"https:\/\/portaltela.pt\/noticias\/2026\/03\/20\/portugal-nao-foi-o-pais-com-maior-aumento-de-combustiveis-entre-13-nacoes\/#primaryimage\",\"url\":\"https:\/\/portaltela.pt\/s.01k8rhncp4jt1\/2026\/03\/Sequence200197748.00_01_49_2197748.Still00197748.jpg\",\"contentUrl\":\"https:\/\/portaltela.pt\/s.01k8rhncp4jt1\/2026\/03\/Sequence200197748.00_01_49_2197748.Still00197748.jpg\",\"width\":1080,\"height\":1920,\"caption\":\"Photo\"},{\"@type\":\"BreadcrumbList\",\"@id\":\"https:\/\/portaltela.pt\/noticias\/2026\/03\/20\/portugal-nao-foi-o-pais-com-maior-aumento-de-combustiveis-entre-13-nacoes\/#breadcrumb\",\"itemListElement\":[{\"@type\":\"ListItem\",\"position\":1,\"name\":\"In\u00edcio\",\"item\":\"https:\/\/portaltela.pt\/\"},{\"@type\":\"ListItem\",\"position\":2,\"name\":\"Portugal n\u00e3o foi o pa\u00eds com maior aumento de combust\u00edveis entre 13 na\u00e7\u00f5es.\"}]},{\"@type\":\"WebSite\",\"@id\":\"https:\/\/portaltela.pt\/#website\",\"url\":\"https:\/\/portaltela.pt\/\",\"name\":\"Portal Tela Portugal\",\"description\":\"\",\"potentialAction\":[{\"@type\":\"SearchAction\",\"target\":{\"@type\":\"EntryPoint\",\"urlTemplate\":\"https:\/\/portaltela.pt\/?s={search_term_string}\"},\"query-input\":{\"@type\":\"PropertyValueSpecification\",\"valueRequired\":true,\"valueName\":\"search_term_string\"}}],\"inLanguage\":\"pt-PT\"},{\"@type\":\"Person\",\"@id\":\"https:\/\/portaltela.pt\/#\/schema\/person\/c4278d4a6028830caff9ee44b42d32ed\",\"name\":\"Telinha\",\"image\":{\"@type\":\"ImageObject\",\"inLanguage\":\"pt-PT\",\"@id\":\"https:\/\/portaltela.pt\/s.01k8rhncp4jt1\/2025\/11\/talking-bot-125x125.png\",\"url\":\"https:\/\/portaltela.pt\/s.01k8rhncp4jt1\/2025\/11\/talking-bot-125x125.png\",\"contentUrl\":\"https:\/\/portaltela.pt\/s.01k8rhncp4jt1\/2025\/11\/talking-bot-125x125.png\",\"caption\":\"Telinha\"},\"sameAs\":[\"https:\/\/portaltela.pt\/\"],\"url\":\"https:\/\/portaltela.pt\/por\/367410592786\/\"}]}<\/script>\n<!-- \/ Yoast SEO plugin. -->","yoast_head_json":{"title":"Portugal n\u00e3o foi o pa\u00eds com maior aumento de combust\u00edveis entre 13 na\u00e7\u00f5es. - Portal Tela Portugal","robots":{"index":"index","follow":"follow","max-snippet":"max-snippet:-1","max-image-preview":"max-image-preview:large","max-video-preview":"max-video-preview:-1"},"og_locale":"pt_PT","og_type":"article","og_title":"Portugal n\u00e3o foi o pa\u00eds com maior aumento de combust\u00edveis entre 13 na\u00e7\u00f5es. - Portal Tela Portugal","og_description":"A lista partilhada por Andr\u00e9 Ventura no X alegava aumentos nos pre\u00e7os dos combust\u00edveis em v\u00e1rios pa\u00edses europeus, dando em Portugal 23 c\u00eantimos por litro. Dizia ainda que Espanha tinha aumentos entre 8 e 10 c\u00eantimos por litro, e que nos demais pa\u00edses os aumentos n\u00e3o passavam de nove c\u00eantimos. An\u00e1lises com boletins da Comiss\u00e3o Europeia e dados do Reino Unido mostram que a lista \u00e9 falsa. As informa\u00e7\u00f5es apresentadas n\u00e3o correspondem aos dados oficiais verificados sobre os aumentos de combust\u00edveis por pa\u00eds. O caso foi alvo de desmentido com base em fontes p\u00fablicas e demonstra que a alega\u00e7\u00e3o n\u00e3o tem suporte factual.","og_url":"https:\/\/portaltela.pt\/noticias\/2026\/03\/20\/portugal-nao-foi-o-pais-com-maior-aumento-de-combustiveis-entre-13-nacoes\/","og_site_name":"Portal Tela Portugal","article_published_time":"2026-03-20T16:32:00+00:00","author":"Telinha","twitter_card":"summary_large_image","twitter_misc":{"Escrito por":"Telinha","Tempo estimado de leitura":"1 minuto"},"schema":{"@context":"https:\/\/schema.org","@graph":[{"@type":"Article","@id":"https:\/\/portaltela.pt\/noticias\/2026\/03\/20\/portugal-nao-foi-o-pais-com-maior-aumento-de-combustiveis-entre-13-nacoes\/#article","isPartOf":{"@id":"https:\/\/portaltela.pt\/noticias\/2026\/03\/20\/portugal-nao-foi-o-pais-com-maior-aumento-de-combustiveis-entre-13-nacoes\/"},"author":{"name":"Telinha","@id":"https:\/\/portaltela.pt\/#\/schema\/person\/c4278d4a6028830caff9ee44b42d32ed"},"headline":"Portugal n\u00e3o foi o pa\u00eds com maior aumento de combust\u00edveis entre 13 na\u00e7\u00f5es.","datePublished":"2026-03-20T16:32:00+00:00","mainEntityOfPage":{"@id":"https:\/\/portaltela.pt\/noticias\/2026\/03\/20\/portugal-nao-foi-o-pais-com-maior-aumento-de-combustiveis-entre-13-nacoes\/"},"wordCount":207,"image":{"@id":"https:\/\/portaltela.pt\/noticias\/2026\/03\/20\/portugal-nao-foi-o-pais-com-maior-aumento-de-combustiveis-entre-13-nacoes\/#primaryimage"},"thumbnailUrl":"https:\/\/portaltela.pt\/s.01k8rhncp4jt1\/2026\/03\/Sequence200197748.00_01_49_2197748.Still00197748.jpg","keywords":["_economia","@analysis","energia","falsidade documental","informa\u00e7\u00e3o","Portugal"],"articleSection":["Economia","Not\u00edcias"],"inLanguage":"pt-PT"},{"@type":"WebPage","@id":"https:\/\/portaltela.pt\/noticias\/2026\/03\/20\/portugal-nao-foi-o-pais-com-maior-aumento-de-combustiveis-entre-13-nacoes\/","url":"https:\/\/portaltela.pt\/noticias\/2026\/03\/20\/portugal-nao-foi-o-pais-com-maior-aumento-de-combustiveis-entre-13-nacoes\/","name":"Portugal n\u00e3o foi o pa\u00eds com maior aumento de combust\u00edveis entre 13 na\u00e7\u00f5es. - Portal Tela Portugal","isPartOf":{"@id":"https:\/\/portaltela.pt\/#website"},"primaryImageOfPage":{"@id":"https:\/\/portaltela.pt\/noticias\/2026\/03\/20\/portugal-nao-foi-o-pais-com-maior-aumento-de-combustiveis-entre-13-nacoes\/#primaryimage"},"image":{"@id":"https:\/\/portaltela.pt\/noticias\/2026\/03\/20\/portugal-nao-foi-o-pais-com-maior-aumento-de-combustiveis-entre-13-nacoes\/#primaryimage"},"thumbnailUrl":"https:\/\/portaltela.pt\/s.01k8rhncp4jt1\/2026\/03\/Sequence200197748.00_01_49_2197748.Still00197748.jpg","datePublished":"2026-03-20T16:32:00+00:00","author":{"@id":"https:\/\/portaltela.pt\/#\/schema\/person\/c4278d4a6028830caff9ee44b42d32ed"},"breadcrumb":{"@id":"https:\/\/portaltela.pt\/noticias\/2026\/03\/20\/portugal-nao-foi-o-pais-com-maior-aumento-de-combustiveis-entre-13-nacoes\/#breadcrumb"},"inLanguage":"pt-PT","potentialAction":[{"@type":"ReadAction","target":["https:\/\/portaltela.pt\/noticias\/2026\/03\/20\/portugal-nao-foi-o-pais-com-maior-aumento-de-combustiveis-entre-13-nacoes\/"]}]},{"@type":"ImageObject","inLanguage":"pt-PT","@id":"https:\/\/portaltela.pt\/noticias\/2026\/03\/20\/portugal-nao-foi-o-pais-com-maior-aumento-de-combustiveis-entre-13-nacoes\/#primaryimage","url":"https:\/\/portaltela.pt\/s.01k8rhncp4jt1\/2026\/03\/Sequence200197748.00_01_49_2197748.Still00197748.jpg","contentUrl":"https:\/\/portaltela.pt\/s.01k8rhncp4jt1\/2026\/03\/Sequence200197748.00_01_49_2197748.Still00197748.jpg","width":1080,"height":1920,"caption":"Photo"},{"@type":"BreadcrumbList","@id":"https:\/\/portaltela.pt\/noticias\/2026\/03\/20\/portugal-nao-foi-o-pais-com-maior-aumento-de-combustiveis-entre-13-nacoes\/#breadcrumb","itemListElement":[{"@type":"ListItem","position":1,"name":"In\u00edcio","item":"https:\/\/portaltela.pt\/"},{"@type":"ListItem","position":2,"name":"Portugal n\u00e3o foi o pa\u00eds com maior aumento de combust\u00edveis entre 13 na\u00e7\u00f5es."}]},{"@type":"WebSite","@id":"https:\/\/portaltela.pt\/#website","url":"https:\/\/portaltela.pt\/","name":"Portal Tela Portugal","description":"","potentialAction":[{"@type":"SearchAction","target":{"@type":"EntryPoint","urlTemplate":"https:\/\/portaltela.pt\/?s={search_term_string}"},"query-input":{"@type":"PropertyValueSpecification","valueRequired":true,"valueName":"search_term_string"}}],"inLanguage":"pt-PT"},{"@type":"Person","@id":"https:\/\/portaltela.pt\/#\/schema\/person\/c4278d4a6028830caff9ee44b42d32ed","name":"Telinha","image":{"@type":"ImageObject","inLanguage":"pt-PT","@id":"https:\/\/portaltela.pt\/s.01k8rhncp4jt1\/2025\/11\/talking-bot-125x125.png","url":"https:\/\/portaltela.pt\/s.01k8rhncp4jt1\/2025\/11\/talking-bot-125x125.png","contentUrl":"https:\/\/portaltela.pt\/s.01k8rhncp4jt1\/2025\/11\/talking-bot-125x125.png","caption":"Telinha"},"sameAs":["https:\/\/portaltela.pt\/"],"url":"https:\/\/portaltela.pt\/por\/367410592786\/"}]}},"_links":{"self":[{"href":"https:\/\/portaltela.pt\/api\/wp\/v2\/posts\/417756","targetHints":{"allow":["GET"]}}],"collection":[{"href":"https:\/\/portaltela.pt\/api\/wp\/v2\/posts"}],"about":[{"href":"https:\/\/portaltela.pt\/api\/wp\/v2\/types\/post"}],"author":[{"embeddable":true,"href":"https:\/\/portaltela.pt\/api\/wp\/v2\/users\/2"}],"replies":[{"embeddable":true,"href":"https:\/\/portaltela.pt\/api\/wp\/v2\/comments?post=417756"}],"version-history":[{"count":0,"href":"https:\/\/portaltela.pt\/api\/wp\/v2\/posts\/417756\/revisions"}],"wp:featuredmedia":[{"embeddable":true,"href":"https:\/\/portaltela.pt\/api\/wp\/v2\/media\/417758"}],"wp:attachment":[{"href":"https:\/\/portaltela.pt\/api\/wp\/v2\/media?parent=417756"}],"wp:term":[{"taxonomy":"category","embeddable":true,"href":"https:\/\/portaltela.pt\/api\/wp\/v2\/categories?post=417756"},{"taxonomy":"post_tag","embeddable":true,"href":"https:\/\/portaltela.pt\/api\/wp\/v2\/tags?post=417756"}],"curies":[{"name":"wp","href":"https:\/\/api.w.org\/{rel}","templated":true}]}}