{"id":417743,"date":"2026-03-20T14:38:30","date_gmt":"2026-03-20T17:38:30","guid":{"rendered":"https:\/\/portaltela.pt\/noticias\/2026\/03\/20\/agueda-reforca-estrategia-desportiva-para-2026\/"},"modified":"2026-03-20T14:38:30","modified_gmt":"2026-03-20T17:38:30","slug":"agueda-reforca-estrategia-desportiva-para-2026","status":"publish","type":"post","link":"https:\/\/portaltela.pt\/desporto\/futebol\/2026\/03\/20\/agueda-reforca-estrategia-desportiva-para-2026\/","title":{"rendered":"\u00c1gueda refor\u00e7a estrat\u00e9gia desportiva para 2026"},"content":{"rendered":"<p>\u00c1gueda vai investir mais de 1 milh\u00e3o de euros no desporto durante 2026, refor\u00e7ando a estrat\u00e9gia que consolida o concelho como refer\u00eancia nacional na \u00e1rea. O montante totaliza 1.070.000 euros, com objetivo de promover sa\u00fade, inclus\u00e3o e dinamismo desportivo local.<\/p>\n<p>A medida resulta de uma aposta da C\u00e2mara Municipal de \u00c1gueda, que pretende aproximar-se das associa\u00e7\u00f5es e institui\u00e7\u00f5es locais. O investimento inclui apoio direto a movimentos associativos e atletas, dentro do Programa de Apoio ao Desporto para a \u00e9poca 2025\/2026.<\/p>\n<h3>Investimento e impacto<\/h3>\n<p>No total, 652.641,61 euros destinam-se a apoiar o movimento associativo e atletas. Ao todo, 38 associa\u00e7\u00f5es apresentaram 302 candidaturas, das quais foram aprovadas mais de 200, abrangendo atividades, equipamentos, desloca\u00e7\u00f5es, eventos e obras.<\/p>\n<p>Tamb\u00e9m foram aprovadas 28 candidaturas de atletas individuais, num universo de 30 submetidas. A C\u00e2mara destaca a continuidade de uma estrat\u00e9gia regular e intensiva de apoio ao desporto no concelho.<\/p>\n<h3>Prioridades estrat\u00e9gicas<\/h3>\n<p>A pol\u00edtica desportiva de \u00c1gueda baseia-se no lema \u201cDesporto \u00e9 Vida\u201d e visa aumentar a pr\u00e1tica de atividade f\u00edsica. Entre as prioridades contam-se o Desporto Escolar, o refor\u00e7o do Desporto Feminino e o Desporto Adaptado, com o objetivo de consolidar o concelho como refer\u00eancia nacional na inclus\u00e3o.<\/p>\n<p>O munic\u00edpio tem vindo a receber reconhecimentos nacionais e internacionais no \u00e2mbito de programas como os Munic\u00edpios Amigos do Desporto, refor\u00e7ando o papel de \u00c1gueda na promo\u00e7\u00e3o do desporto como motor de desenvolvimento.<\/p>\n<h3>Reconhecimento e eventos<\/h3>\n<p>A C\u00e2mara mant\u00e9m mecanismos de reconhecimento, como o Apoio ao M\u00e9rito Desportivo e a Gala do Desporto, que premiam \u00e2mbito associativo, clubes, atletas e personalidades ligadas ao desporto. O evento recente ocorreu no final de fevereiro.<\/p>\n<p>Al\u00e9m do apoio direto, o munic\u00edpio investe na organiza\u00e7\u00e3o de grandes eventos, incluindo o Mundial de Motocross, o Vodafone Rally de Portugal e a Volta a Portugal em Bicicleta, que valorizam a imagem externa de \u00c1gueda e estimulam a economia local.<\/p>\n<p>Com este conjunto de medidas, \u00c1gueda refor\u00e7a a aposta no desporto como motor de desenvolvimento, promo\u00e7\u00e3o de sa\u00fade e valoriza\u00e7\u00e3o do territ\u00f3rio.<\/p>\n","protected":false},"excerpt":{"rendered":"<ul>\n<li>A C\u00e2mara Municipal de \u00c1gueda investe mais de 1 milh\u00e3o de euros no desporto em 2026, totalizando 1.070.000 euros.<\/li>\n<li>Do montante, 652.641,61 euros destinam-se ao apoio direto ao movimento associativo e a atletas, no \u00e2mbito do Programa de Apoio ao Desporto 2025\/2026, com 38 associa\u00e7\u00f5es apresentando 302 candidaturas e mais de duas centenas aprovadas.<\/li>\n<li>Tamb\u00e9m s\u00e3o apoiados atletas individuais, com 28 candidaturas aprovadas entre 30 submetidas.<\/li>\n<li>A estrat\u00e9gia, sob o lema \u201cDesporto \u00e9 Vida\u201d, foca o Desporto Escolar, o Desporto Feminino (basquetebol, andebol e gin\u00e1stica) e o Desporto Adaptado, com vista a inclus\u00e3o e sa\u00fade.<\/li>\n<li>Al\u00e9m do apoio financeiro, o munic\u00edpio promove grandes eventos como o Mundial de Motocross, o Vodafone Rally de Portugal e a Volta a Portugal em Bicicleta, fortalecendo a proje\u00e7\u00e3o externa e a economia local.<\/li>\n<\/ul>\n","protected":false},"author":2,"featured_media":417749,"comment_status":"closed","ping_status":"closed","sticky":false,"template":"","format":"standard","meta":{"footnotes":""},"categories":[21,24],"tags":[1062,152,635,236,634,316],"class_list":["post-417743","post","type-post","status-publish","format-standard","has-post-thumbnail","hentry","category-desporto","category-futebol","tag-agueda","tag-desporto","tag-desporto-adaptado","tag-desporto-escolar","tag-desporto-feminino","tag-investimento"],"yoast_head":"<!-- This site is optimized with the Yoast SEO plugin v27.2 - https:\/\/yoast.com\/product\/yoast-seo-wordpress\/ -->\n<title>\u00c1gueda refor\u00e7a estrat\u00e9gia desportiva para 2026 - Portal Tela Portugal<\/title>\n<meta name=\"robots\" content=\"index, follow, max-snippet:-1, max-image-preview:large, max-video-preview:-1\" \/>\n<meta property=\"og:locale\" content=\"pt_PT\" \/>\n<meta property=\"og:type\" content=\"article\" \/>\n<meta property=\"og:title\" content=\"\u00c1gueda refor\u00e7a estrat\u00e9gia desportiva para 2026 - Portal Tela Portugal\" \/>\n<meta property=\"og:description\" content=\"A C\u00e2mara Municipal de \u00c1gueda investe mais de 1 milh\u00e3o de euros no desporto em 2026, totalizando 1.070.000 euros. Do montante, 652.641,61 euros destinam-se ao apoio direto ao movimento associativo e a atletas, no \u00e2mbito do Programa de Apoio ao Desporto 2025\/2026, com 38 associa\u00e7\u00f5es apresentando 302 candidaturas e mais de duas centenas aprovadas. Tamb\u00e9m s\u00e3o apoiados atletas individuais, com 28 candidaturas aprovadas entre 30 submetidas. A estrat\u00e9gia, sob o lema \u201cDesporto \u00e9 Vida\u201d, foca o Desporto Escolar, o Desporto Feminino (basquetebol, andebol e gin\u00e1stica) e o Desporto Adaptado, com vista a inclus\u00e3o e sa\u00fade. Al\u00e9m do apoio financeiro, o munic\u00edpio promove grandes eventos como o Mundial de Motocross, o Vodafone Rally de Portugal e a Volta a Portugal em Bicicleta, fortalecendo a proje\u00e7\u00e3o externa e a economia local.\" \/>\n<meta property=\"og:url\" content=\"https:\/\/portaltela.pt\/noticias\/2026\/03\/20\/agueda-reforca-estrategia-desportiva-para-2026\/\" \/>\n<meta property=\"og:site_name\" content=\"Portal Tela Portugal\" \/>\n<meta property=\"article:published_time\" content=\"2026-03-20T17:38:30+00:00\" \/>\n<meta name=\"author\" content=\"Telinha\" \/>\n<meta name=\"twitter:card\" content=\"summary_large_image\" \/>\n<meta name=\"twitter:label1\" content=\"Escrito por\" \/>\n\t<meta name=\"twitter:data1\" content=\"Telinha\" \/>\n\t<meta name=\"twitter:label2\" content=\"Tempo estimado de leitura\" \/>\n\t<meta name=\"twitter:data2\" content=\"2 minutos\" \/>\n<script type=\"application\/ld+json\" class=\"yoast-schema-graph\">{\"@context\":\"https:\/\/schema.org\",\"@graph\":[{\"@type\":\"Article\",\"@id\":\"https:\/\/portaltela.pt\/noticias\/2026\/03\/20\/agueda-reforca-estrategia-desportiva-para-2026\/#article\",\"isPartOf\":{\"@id\":\"https:\/\/portaltela.pt\/noticias\/2026\/03\/20\/agueda-reforca-estrategia-desportiva-para-2026\/\"},\"author\":{\"name\":\"Telinha\",\"@id\":\"https:\/\/portaltela.pt\/#\/schema\/person\/c4278d4a6028830caff9ee44b42d32ed\"},\"headline\":\"\u00c1gueda refor\u00e7a estrat\u00e9gia desportiva para 2026\",\"datePublished\":\"2026-03-20T17:38:30+00:00\",\"mainEntityOfPage\":{\"@id\":\"https:\/\/portaltela.pt\/noticias\/2026\/03\/20\/agueda-reforca-estrategia-desportiva-para-2026\/\"},\"wordCount\":362,\"image\":{\"@id\":\"https:\/\/portaltela.pt\/noticias\/2026\/03\/20\/agueda-reforca-estrategia-desportiva-para-2026\/#primaryimage\"},\"thumbnailUrl\":\"https:\/\/portaltela.pt\/s.01k8rhncp4jt1\/2026\/03\/img_1280x721uu2026-03-20-17-38-11-2273732.jpg\",\"keywords\":[\"\u00c1gueda\",\"desporto\",\"desporto adaptado\",\"desporto escolar\",\"desporto feminino\",\"investimento\"],\"articleSection\":[\"Desporto\",\"Futebol\"],\"inLanguage\":\"pt-PT\"},{\"@type\":\"WebPage\",\"@id\":\"https:\/\/portaltela.pt\/noticias\/2026\/03\/20\/agueda-reforca-estrategia-desportiva-para-2026\/\",\"url\":\"https:\/\/portaltela.pt\/noticias\/2026\/03\/20\/agueda-reforca-estrategia-desportiva-para-2026\/\",\"name\":\"\u00c1gueda refor\u00e7a estrat\u00e9gia desportiva para 2026 - Portal Tela Portugal\",\"isPartOf\":{\"@id\":\"https:\/\/portaltela.pt\/#website\"},\"primaryImageOfPage\":{\"@id\":\"https:\/\/portaltela.pt\/noticias\/2026\/03\/20\/agueda-reforca-estrategia-desportiva-para-2026\/#primaryimage\"},\"image\":{\"@id\":\"https:\/\/portaltela.pt\/noticias\/2026\/03\/20\/agueda-reforca-estrategia-desportiva-para-2026\/#primaryimage\"},\"thumbnailUrl\":\"https:\/\/portaltela.pt\/s.01k8rhncp4jt1\/2026\/03\/img_1280x721uu2026-03-20-17-38-11-2273732.jpg\",\"datePublished\":\"2026-03-20T17:38:30+00:00\",\"author\":{\"@id\":\"https:\/\/portaltela.pt\/#\/schema\/person\/c4278d4a6028830caff9ee44b42d32ed\"},\"breadcrumb\":{\"@id\":\"https:\/\/portaltela.pt\/noticias\/2026\/03\/20\/agueda-reforca-estrategia-desportiva-para-2026\/#breadcrumb\"},\"inLanguage\":\"pt-PT\",\"potentialAction\":[{\"@type\":\"ReadAction\",\"target\":[\"https:\/\/portaltela.pt\/noticias\/2026\/03\/20\/agueda-reforca-estrategia-desportiva-para-2026\/\"]}]},{\"@type\":\"ImageObject\",\"inLanguage\":\"pt-PT\",\"@id\":\"https:\/\/portaltela.pt\/noticias\/2026\/03\/20\/agueda-reforca-estrategia-desportiva-para-2026\/#primaryimage\",\"url\":\"https:\/\/portaltela.pt\/s.01k8rhncp4jt1\/2026\/03\/img_1280x721uu2026-03-20-17-38-11-2273732.jpg\",\"contentUrl\":\"https:\/\/portaltela.pt\/s.01k8rhncp4jt1\/2026\/03\/img_1280x721uu2026-03-20-17-38-11-2273732.jpg\",\"width\":796,\"height\":448,\"caption\":\"\u00c1gueda investe no desporto local para promover sa\u00fade e inclus\u00e3o at\u00e9 2026\"},{\"@type\":\"BreadcrumbList\",\"@id\":\"https:\/\/portaltela.pt\/noticias\/2026\/03\/20\/agueda-reforca-estrategia-desportiva-para-2026\/#breadcrumb\",\"itemListElement\":[{\"@type\":\"ListItem\",\"position\":1,\"name\":\"In\u00edcio\",\"item\":\"https:\/\/portaltela.pt\/\"},{\"@type\":\"ListItem\",\"position\":2,\"name\":\"\u00c1gueda refor\u00e7a estrat\u00e9gia desportiva para 2026\"}]},{\"@type\":\"WebSite\",\"@id\":\"https:\/\/portaltela.pt\/#website\",\"url\":\"https:\/\/portaltela.pt\/\",\"name\":\"Portal Tela Portugal\",\"description\":\"\",\"potentialAction\":[{\"@type\":\"SearchAction\",\"target\":{\"@type\":\"EntryPoint\",\"urlTemplate\":\"https:\/\/portaltela.pt\/?s={search_term_string}\"},\"query-input\":{\"@type\":\"PropertyValueSpecification\",\"valueRequired\":true,\"valueName\":\"search_term_string\"}}],\"inLanguage\":\"pt-PT\"},{\"@type\":\"Person\",\"@id\":\"https:\/\/portaltela.pt\/#\/schema\/person\/c4278d4a6028830caff9ee44b42d32ed\",\"name\":\"Telinha\",\"image\":{\"@type\":\"ImageObject\",\"inLanguage\":\"pt-PT\",\"@id\":\"https:\/\/portaltela.pt\/s.01k8rhncp4jt1\/2025\/11\/talking-bot-125x125.png\",\"url\":\"https:\/\/portaltela.pt\/s.01k8rhncp4jt1\/2025\/11\/talking-bot-125x125.png\",\"contentUrl\":\"https:\/\/portaltela.pt\/s.01k8rhncp4jt1\/2025\/11\/talking-bot-125x125.png\",\"caption\":\"Telinha\"},\"sameAs\":[\"https:\/\/portaltela.pt\/\"],\"url\":\"https:\/\/portaltela.pt\/por\/367410592786\/\"}]}<\/script>\n<!-- \/ Yoast SEO plugin. -->","yoast_head_json":{"title":"\u00c1gueda refor\u00e7a estrat\u00e9gia desportiva para 2026 - Portal Tela Portugal","robots":{"index":"index","follow":"follow","max-snippet":"max-snippet:-1","max-image-preview":"max-image-preview:large","max-video-preview":"max-video-preview:-1"},"og_locale":"pt_PT","og_type":"article","og_title":"\u00c1gueda refor\u00e7a estrat\u00e9gia desportiva para 2026 - Portal Tela Portugal","og_description":"A C\u00e2mara Municipal de \u00c1gueda investe mais de 1 milh\u00e3o de euros no desporto em 2026, totalizando 1.070.000 euros. Do montante, 652.641,61 euros destinam-se ao apoio direto ao movimento associativo e a atletas, no \u00e2mbito do Programa de Apoio ao Desporto 2025\/2026, com 38 associa\u00e7\u00f5es apresentando 302 candidaturas e mais de duas centenas aprovadas. Tamb\u00e9m s\u00e3o apoiados atletas individuais, com 28 candidaturas aprovadas entre 30 submetidas. A estrat\u00e9gia, sob o lema \u201cDesporto \u00e9 Vida\u201d, foca o Desporto Escolar, o Desporto Feminino (basquetebol, andebol e gin\u00e1stica) e o Desporto Adaptado, com vista a inclus\u00e3o e sa\u00fade. Al\u00e9m do apoio financeiro, o munic\u00edpio promove grandes eventos como o Mundial de Motocross, o Vodafone Rally de Portugal e a Volta a Portugal em Bicicleta, fortalecendo a proje\u00e7\u00e3o externa e a economia local.","og_url":"https:\/\/portaltela.pt\/noticias\/2026\/03\/20\/agueda-reforca-estrategia-desportiva-para-2026\/","og_site_name":"Portal Tela Portugal","article_published_time":"2026-03-20T17:38:30+00:00","author":"Telinha","twitter_card":"summary_large_image","twitter_misc":{"Escrito por":"Telinha","Tempo estimado de leitura":"2 minutos"},"schema":{"@context":"https:\/\/schema.org","@graph":[{"@type":"Article","@id":"https:\/\/portaltela.pt\/noticias\/2026\/03\/20\/agueda-reforca-estrategia-desportiva-para-2026\/#article","isPartOf":{"@id":"https:\/\/portaltela.pt\/noticias\/2026\/03\/20\/agueda-reforca-estrategia-desportiva-para-2026\/"},"author":{"name":"Telinha","@id":"https:\/\/portaltela.pt\/#\/schema\/person\/c4278d4a6028830caff9ee44b42d32ed"},"headline":"\u00c1gueda refor\u00e7a estrat\u00e9gia desportiva para 2026","datePublished":"2026-03-20T17:38:30+00:00","mainEntityOfPage":{"@id":"https:\/\/portaltela.pt\/noticias\/2026\/03\/20\/agueda-reforca-estrategia-desportiva-para-2026\/"},"wordCount":362,"image":{"@id":"https:\/\/portaltela.pt\/noticias\/2026\/03\/20\/agueda-reforca-estrategia-desportiva-para-2026\/#primaryimage"},"thumbnailUrl":"https:\/\/portaltela.pt\/s.01k8rhncp4jt1\/2026\/03\/img_1280x721uu2026-03-20-17-38-11-2273732.jpg","keywords":["\u00c1gueda","desporto","desporto adaptado","desporto escolar","desporto feminino","investimento"],"articleSection":["Desporto","Futebol"],"inLanguage":"pt-PT"},{"@type":"WebPage","@id":"https:\/\/portaltela.pt\/noticias\/2026\/03\/20\/agueda-reforca-estrategia-desportiva-para-2026\/","url":"https:\/\/portaltela.pt\/noticias\/2026\/03\/20\/agueda-reforca-estrategia-desportiva-para-2026\/","name":"\u00c1gueda refor\u00e7a estrat\u00e9gia desportiva para 2026 - Portal Tela Portugal","isPartOf":{"@id":"https:\/\/portaltela.pt\/#website"},"primaryImageOfPage":{"@id":"https:\/\/portaltela.pt\/noticias\/2026\/03\/20\/agueda-reforca-estrategia-desportiva-para-2026\/#primaryimage"},"image":{"@id":"https:\/\/portaltela.pt\/noticias\/2026\/03\/20\/agueda-reforca-estrategia-desportiva-para-2026\/#primaryimage"},"thumbnailUrl":"https:\/\/portaltela.pt\/s.01k8rhncp4jt1\/2026\/03\/img_1280x721uu2026-03-20-17-38-11-2273732.jpg","datePublished":"2026-03-20T17:38:30+00:00","author":{"@id":"https:\/\/portaltela.pt\/#\/schema\/person\/c4278d4a6028830caff9ee44b42d32ed"},"breadcrumb":{"@id":"https:\/\/portaltela.pt\/noticias\/2026\/03\/20\/agueda-reforca-estrategia-desportiva-para-2026\/#breadcrumb"},"inLanguage":"pt-PT","potentialAction":[{"@type":"ReadAction","target":["https:\/\/portaltela.pt\/noticias\/2026\/03\/20\/agueda-reforca-estrategia-desportiva-para-2026\/"]}]},{"@type":"ImageObject","inLanguage":"pt-PT","@id":"https:\/\/portaltela.pt\/noticias\/2026\/03\/20\/agueda-reforca-estrategia-desportiva-para-2026\/#primaryimage","url":"https:\/\/portaltela.pt\/s.01k8rhncp4jt1\/2026\/03\/img_1280x721uu2026-03-20-17-38-11-2273732.jpg","contentUrl":"https:\/\/portaltela.pt\/s.01k8rhncp4jt1\/2026\/03\/img_1280x721uu2026-03-20-17-38-11-2273732.jpg","width":796,"height":448,"caption":"\u00c1gueda investe no desporto local para promover sa\u00fade e inclus\u00e3o at\u00e9 2026"},{"@type":"BreadcrumbList","@id":"https:\/\/portaltela.pt\/noticias\/2026\/03\/20\/agueda-reforca-estrategia-desportiva-para-2026\/#breadcrumb","itemListElement":[{"@type":"ListItem","position":1,"name":"In\u00edcio","item":"https:\/\/portaltela.pt\/"},{"@type":"ListItem","position":2,"name":"\u00c1gueda refor\u00e7a estrat\u00e9gia desportiva para 2026"}]},{"@type":"WebSite","@id":"https:\/\/portaltela.pt\/#website","url":"https:\/\/portaltela.pt\/","name":"Portal Tela Portugal","description":"","potentialAction":[{"@type":"SearchAction","target":{"@type":"EntryPoint","urlTemplate":"https:\/\/portaltela.pt\/?s={search_term_string}"},"query-input":{"@type":"PropertyValueSpecification","valueRequired":true,"valueName":"search_term_string"}}],"inLanguage":"pt-PT"},{"@type":"Person","@id":"https:\/\/portaltela.pt\/#\/schema\/person\/c4278d4a6028830caff9ee44b42d32ed","name":"Telinha","image":{"@type":"ImageObject","inLanguage":"pt-PT","@id":"https:\/\/portaltela.pt\/s.01k8rhncp4jt1\/2025\/11\/talking-bot-125x125.png","url":"https:\/\/portaltela.pt\/s.01k8rhncp4jt1\/2025\/11\/talking-bot-125x125.png","contentUrl":"https:\/\/portaltela.pt\/s.01k8rhncp4jt1\/2025\/11\/talking-bot-125x125.png","caption":"Telinha"},"sameAs":["https:\/\/portaltela.pt\/"],"url":"https:\/\/portaltela.pt\/por\/367410592786\/"}]}},"_links":{"self":[{"href":"https:\/\/portaltela.pt\/api\/wp\/v2\/posts\/417743","targetHints":{"allow":["GET"]}}],"collection":[{"href":"https:\/\/portaltela.pt\/api\/wp\/v2\/posts"}],"about":[{"href":"https:\/\/portaltela.pt\/api\/wp\/v2\/types\/post"}],"author":[{"embeddable":true,"href":"https:\/\/portaltela.pt\/api\/wp\/v2\/users\/2"}],"replies":[{"embeddable":true,"href":"https:\/\/portaltela.pt\/api\/wp\/v2\/comments?post=417743"}],"version-history":[{"count":0,"href":"https:\/\/portaltela.pt\/api\/wp\/v2\/posts\/417743\/revisions"}],"wp:featuredmedia":[{"embeddable":true,"href":"https:\/\/portaltela.pt\/api\/wp\/v2\/media\/417749"}],"wp:attachment":[{"href":"https:\/\/portaltela.pt\/api\/wp\/v2\/media?parent=417743"}],"wp:term":[{"taxonomy":"category","embeddable":true,"href":"https:\/\/portaltela.pt\/api\/wp\/v2\/categories?post=417743"},{"taxonomy":"post_tag","embeddable":true,"href":"https:\/\/portaltela.pt\/api\/wp\/v2\/tags?post=417743"}],"curies":[{"name":"wp","href":"https:\/\/api.w.org\/{rel}","templated":true}]}}