{"id":417729,"date":"2026-03-20T14:33:00","date_gmt":"2026-03-20T17:33:00","guid":{"rendered":"https:\/\/portaltela.pt\/noticias\/2026\/03\/20\/aguiar-branco-admite-projeto-do-chega-para-aumentar-penas-com-reservas-constitucionais\/"},"modified":"2026-03-20T14:33:00","modified_gmt":"2026-03-20T17:33:00","slug":"aguiar-branco-admite-projeto-do-chega-para-aumentar-penas-com-reservas-constitucionais","status":"publish","type":"post","link":"https:\/\/portaltela.pt\/noticias\/2026\/03\/20\/aguiar-branco-admite-projeto-do-chega-para-aumentar-penas-com-reservas-constitucionais\/","title":{"rendered":"Aguiar-Branco admite projeto do Chega para aumentar penas com reservas constitucionais"},"content":{"rendered":"<p>Aguiar-Branco admitiu que o Chega apresentou um projeto para aumentar as penas, embora com reservas quanto \u00e0 sua constitucionalidade.<\/p>\n<p>A not\u00edcia completa est\u00e1 dispon\u00edvel apenas para subscritores, o que limita o acesso a detalles como o conte\u00fado espec\u00edfico do projeto, o enquadramento legal e o calend\u00e1rio de aprecia\u00e7\u00e3o.<\/p>\n<p>O comunicado n\u00e3o indica quando ou onde foi feito o an\u00fancio, nem quais entidades foram consultadas, mantendo o foco nas reservas de constitucionalidade associadas \u00e0 proposta.<\/p>\n","protected":false},"excerpt":{"rendered":"<ul>\n<li>Aguiar-Branco admite que o Chega apresentou um projeto para aumentar as penas.<\/li>\n<li>Diz ter reservas quanto \u00e0 constitucionalidade dessa proposta.<\/li>\n<li>O conte\u00fado completo da not\u00edcia est\u00e1 acess\u00edvel apenas a subscritores.<\/li>\n<li>A posi\u00e7\u00e3o de Aguiar-Branco \u00e9 apresentada sem ditar conclus\u00f5es, mantendo o tom informativo.<\/li>\n<\/ul>\n","protected":false},"author":2,"featured_media":417734,"comment_status":"closed","ping_status":"closed","sticky":false,"template":"","format":"standard","meta":{"footnotes":""},"categories":[6815,1],"tags":[2142,4057,34,803,2832,6697],"class_list":["post-417729","post","type-post","status-publish","format-standard","has-post-thumbnail","hentry","category-justica","category-noticias","tag-chega","tag-constituicao","tag-governo","tag-justica","tag-politica","tag-punicoes"],"yoast_head":"<!-- This site is optimized with the Yoast SEO plugin v27.2 - https:\/\/yoast.com\/product\/yoast-seo-wordpress\/ -->\n<title>Aguiar-Branco admite projeto do Chega para aumentar penas com reservas constitucionais - Portal Tela Portugal<\/title>\n<meta name=\"robots\" content=\"index, follow, max-snippet:-1, max-image-preview:large, max-video-preview:-1\" \/>\n<meta property=\"og:locale\" content=\"pt_PT\" \/>\n<meta property=\"og:type\" content=\"article\" \/>\n<meta property=\"og:title\" content=\"Aguiar-Branco admite projeto do Chega para aumentar penas com reservas constitucionais - Portal Tela Portugal\" \/>\n<meta property=\"og:description\" content=\"Aguiar-Branco admite que o Chega apresentou um projeto para aumentar as penas. Diz ter reservas quanto \u00e0 constitucionalidade dessa proposta. O conte\u00fado completo da not\u00edcia est\u00e1 acess\u00edvel apenas a subscritores. A posi\u00e7\u00e3o de Aguiar-Branco \u00e9 apresentada sem ditar conclus\u00f5es, mantendo o tom informativo.\" \/>\n<meta property=\"og:url\" content=\"https:\/\/portaltela.pt\/noticias\/2026\/03\/20\/aguiar-branco-admite-projeto-do-chega-para-aumentar-penas-com-reservas-constitucionais\/\" \/>\n<meta property=\"og:site_name\" content=\"Portal Tela Portugal\" \/>\n<meta property=\"article:published_time\" content=\"2026-03-20T17:33:00+00:00\" \/>\n<meta name=\"author\" content=\"Telinha\" \/>\n<meta name=\"twitter:card\" content=\"summary_large_image\" \/>\n<meta name=\"twitter:label1\" content=\"Escrito por\" \/>\n\t<meta name=\"twitter:data1\" content=\"Telinha\" \/>\n<script type=\"application\/ld+json\" class=\"yoast-schema-graph\">{\"@context\":\"https:\/\/schema.org\",\"@graph\":[{\"@type\":\"Article\",\"@id\":\"https:\/\/portaltela.pt\/noticias\/2026\/03\/20\/aguiar-branco-admite-projeto-do-chega-para-aumentar-penas-com-reservas-constitucionais\/#article\",\"isPartOf\":{\"@id\":\"https:\/\/portaltela.pt\/noticias\/2026\/03\/20\/aguiar-branco-admite-projeto-do-chega-para-aumentar-penas-com-reservas-constitucionais\/\"},\"author\":{\"name\":\"Telinha\",\"@id\":\"https:\/\/portaltela.pt\/#\/schema\/person\/c4278d4a6028830caff9ee44b42d32ed\"},\"headline\":\"Aguiar-Branco admite projeto do Chega para aumentar penas com reservas constitucionais\",\"datePublished\":\"2026-03-20T17:33:00+00:00\",\"mainEntityOfPage\":{\"@id\":\"https:\/\/portaltela.pt\/noticias\/2026\/03\/20\/aguiar-branco-admite-projeto-do-chega-para-aumentar-penas-com-reservas-constitucionais\/\"},\"wordCount\":91,\"image\":{\"@id\":\"https:\/\/portaltela.pt\/noticias\/2026\/03\/20\/aguiar-branco-admite-projeto-do-chega-para-aumentar-penas-com-reservas-constitucionais\/#primaryimage\"},\"thumbnailUrl\":\"https:\/\/portaltela.pt\/s.01k8rhncp4jt1\/2026\/03\/CACHE_780X1200_ANALOG_WATERMARKED_46778272_1913515_18032026040640.jpg\",\"keywords\":[\"CHEGA\",\"constitui\u00e7\u00e3o\",\"governo\",\"justi\u00e7a\",\"pol\u00edtica\",\"puni\u00e7\u00f5es\"],\"articleSection\":[\"Justi\u00e7a\",\"Not\u00edcias\"],\"inLanguage\":\"pt-PT\"},{\"@type\":\"WebPage\",\"@id\":\"https:\/\/portaltela.pt\/noticias\/2026\/03\/20\/aguiar-branco-admite-projeto-do-chega-para-aumentar-penas-com-reservas-constitucionais\/\",\"url\":\"https:\/\/portaltela.pt\/noticias\/2026\/03\/20\/aguiar-branco-admite-projeto-do-chega-para-aumentar-penas-com-reservas-constitucionais\/\",\"name\":\"Aguiar-Branco admite projeto do Chega para aumentar penas com reservas constitucionais - Portal Tela Portugal\",\"isPartOf\":{\"@id\":\"https:\/\/portaltela.pt\/#website\"},\"primaryImageOfPage\":{\"@id\":\"https:\/\/portaltela.pt\/noticias\/2026\/03\/20\/aguiar-branco-admite-projeto-do-chega-para-aumentar-penas-com-reservas-constitucionais\/#primaryimage\"},\"image\":{\"@id\":\"https:\/\/portaltela.pt\/noticias\/2026\/03\/20\/aguiar-branco-admite-projeto-do-chega-para-aumentar-penas-com-reservas-constitucionais\/#primaryimage\"},\"thumbnailUrl\":\"https:\/\/portaltela.pt\/s.01k8rhncp4jt1\/2026\/03\/CACHE_780X1200_ANALOG_WATERMARKED_46778272_1913515_18032026040640.jpg\",\"datePublished\":\"2026-03-20T17:33:00+00:00\",\"author\":{\"@id\":\"https:\/\/portaltela.pt\/#\/schema\/person\/c4278d4a6028830caff9ee44b42d32ed\"},\"breadcrumb\":{\"@id\":\"https:\/\/portaltela.pt\/noticias\/2026\/03\/20\/aguiar-branco-admite-projeto-do-chega-para-aumentar-penas-com-reservas-constitucionais\/#breadcrumb\"},\"inLanguage\":\"pt-PT\",\"potentialAction\":[{\"@type\":\"ReadAction\",\"target\":[\"https:\/\/portaltela.pt\/noticias\/2026\/03\/20\/aguiar-branco-admite-projeto-do-chega-para-aumentar-penas-com-reservas-constitucionais\/\"]}]},{\"@type\":\"ImageObject\",\"inLanguage\":\"pt-PT\",\"@id\":\"https:\/\/portaltela.pt\/noticias\/2026\/03\/20\/aguiar-branco-admite-projeto-do-chega-para-aumentar-penas-com-reservas-constitucionais\/#primaryimage\",\"url\":\"https:\/\/portaltela.pt\/s.01k8rhncp4jt1\/2026\/03\/CACHE_780X1200_ANALOG_WATERMARKED_46778272_1913515_18032026040640.jpg\",\"contentUrl\":\"https:\/\/portaltela.pt\/s.01k8rhncp4jt1\/2026\/03\/CACHE_780X1200_ANALOG_WATERMARKED_46778272_1913515_18032026040640.jpg\",\"width\":796,\"height\":448,\"caption\":\"Aguiar-Branco admite projeto do Chega para aumentar penas mas com reservas de constitucionalidade\"},{\"@type\":\"BreadcrumbList\",\"@id\":\"https:\/\/portaltela.pt\/noticias\/2026\/03\/20\/aguiar-branco-admite-projeto-do-chega-para-aumentar-penas-com-reservas-constitucionais\/#breadcrumb\",\"itemListElement\":[{\"@type\":\"ListItem\",\"position\":1,\"name\":\"In\u00edcio\",\"item\":\"https:\/\/portaltela.pt\/\"},{\"@type\":\"ListItem\",\"position\":2,\"name\":\"Aguiar-Branco admite projeto do Chega para aumentar penas com reservas constitucionais\"}]},{\"@type\":\"WebSite\",\"@id\":\"https:\/\/portaltela.pt\/#website\",\"url\":\"https:\/\/portaltela.pt\/\",\"name\":\"Portal Tela Portugal\",\"description\":\"\",\"potentialAction\":[{\"@type\":\"SearchAction\",\"target\":{\"@type\":\"EntryPoint\",\"urlTemplate\":\"https:\/\/portaltela.pt\/?s={search_term_string}\"},\"query-input\":{\"@type\":\"PropertyValueSpecification\",\"valueRequired\":true,\"valueName\":\"search_term_string\"}}],\"inLanguage\":\"pt-PT\"},{\"@type\":\"Person\",\"@id\":\"https:\/\/portaltela.pt\/#\/schema\/person\/c4278d4a6028830caff9ee44b42d32ed\",\"name\":\"Telinha\",\"image\":{\"@type\":\"ImageObject\",\"inLanguage\":\"pt-PT\",\"@id\":\"https:\/\/portaltela.pt\/s.01k8rhncp4jt1\/2025\/11\/talking-bot-125x125.png\",\"url\":\"https:\/\/portaltela.pt\/s.01k8rhncp4jt1\/2025\/11\/talking-bot-125x125.png\",\"contentUrl\":\"https:\/\/portaltela.pt\/s.01k8rhncp4jt1\/2025\/11\/talking-bot-125x125.png\",\"caption\":\"Telinha\"},\"sameAs\":[\"https:\/\/portaltela.pt\/\"],\"url\":\"https:\/\/portaltela.pt\/por\/367410592786\/\"}]}<\/script>\n<!-- \/ Yoast SEO plugin. -->","yoast_head_json":{"title":"Aguiar-Branco admite projeto do Chega para aumentar penas com reservas constitucionais - Portal Tela Portugal","robots":{"index":"index","follow":"follow","max-snippet":"max-snippet:-1","max-image-preview":"max-image-preview:large","max-video-preview":"max-video-preview:-1"},"og_locale":"pt_PT","og_type":"article","og_title":"Aguiar-Branco admite projeto do Chega para aumentar penas com reservas constitucionais - Portal Tela Portugal","og_description":"Aguiar-Branco admite que o Chega apresentou um projeto para aumentar as penas. Diz ter reservas quanto \u00e0 constitucionalidade dessa proposta. O conte\u00fado completo da not\u00edcia est\u00e1 acess\u00edvel apenas a subscritores. A posi\u00e7\u00e3o de Aguiar-Branco \u00e9 apresentada sem ditar conclus\u00f5es, mantendo o tom informativo.","og_url":"https:\/\/portaltela.pt\/noticias\/2026\/03\/20\/aguiar-branco-admite-projeto-do-chega-para-aumentar-penas-com-reservas-constitucionais\/","og_site_name":"Portal Tela Portugal","article_published_time":"2026-03-20T17:33:00+00:00","author":"Telinha","twitter_card":"summary_large_image","twitter_misc":{"Escrito por":"Telinha"},"schema":{"@context":"https:\/\/schema.org","@graph":[{"@type":"Article","@id":"https:\/\/portaltela.pt\/noticias\/2026\/03\/20\/aguiar-branco-admite-projeto-do-chega-para-aumentar-penas-com-reservas-constitucionais\/#article","isPartOf":{"@id":"https:\/\/portaltela.pt\/noticias\/2026\/03\/20\/aguiar-branco-admite-projeto-do-chega-para-aumentar-penas-com-reservas-constitucionais\/"},"author":{"name":"Telinha","@id":"https:\/\/portaltela.pt\/#\/schema\/person\/c4278d4a6028830caff9ee44b42d32ed"},"headline":"Aguiar-Branco admite projeto do Chega para aumentar penas com reservas constitucionais","datePublished":"2026-03-20T17:33:00+00:00","mainEntityOfPage":{"@id":"https:\/\/portaltela.pt\/noticias\/2026\/03\/20\/aguiar-branco-admite-projeto-do-chega-para-aumentar-penas-com-reservas-constitucionais\/"},"wordCount":91,"image":{"@id":"https:\/\/portaltela.pt\/noticias\/2026\/03\/20\/aguiar-branco-admite-projeto-do-chega-para-aumentar-penas-com-reservas-constitucionais\/#primaryimage"},"thumbnailUrl":"https:\/\/portaltela.pt\/s.01k8rhncp4jt1\/2026\/03\/CACHE_780X1200_ANALOG_WATERMARKED_46778272_1913515_18032026040640.jpg","keywords":["CHEGA","constitui\u00e7\u00e3o","governo","justi\u00e7a","pol\u00edtica","puni\u00e7\u00f5es"],"articleSection":["Justi\u00e7a","Not\u00edcias"],"inLanguage":"pt-PT"},{"@type":"WebPage","@id":"https:\/\/portaltela.pt\/noticias\/2026\/03\/20\/aguiar-branco-admite-projeto-do-chega-para-aumentar-penas-com-reservas-constitucionais\/","url":"https:\/\/portaltela.pt\/noticias\/2026\/03\/20\/aguiar-branco-admite-projeto-do-chega-para-aumentar-penas-com-reservas-constitucionais\/","name":"Aguiar-Branco admite projeto do Chega para aumentar penas com reservas constitucionais - Portal Tela Portugal","isPartOf":{"@id":"https:\/\/portaltela.pt\/#website"},"primaryImageOfPage":{"@id":"https:\/\/portaltela.pt\/noticias\/2026\/03\/20\/aguiar-branco-admite-projeto-do-chega-para-aumentar-penas-com-reservas-constitucionais\/#primaryimage"},"image":{"@id":"https:\/\/portaltela.pt\/noticias\/2026\/03\/20\/aguiar-branco-admite-projeto-do-chega-para-aumentar-penas-com-reservas-constitucionais\/#primaryimage"},"thumbnailUrl":"https:\/\/portaltela.pt\/s.01k8rhncp4jt1\/2026\/03\/CACHE_780X1200_ANALOG_WATERMARKED_46778272_1913515_18032026040640.jpg","datePublished":"2026-03-20T17:33:00+00:00","author":{"@id":"https:\/\/portaltela.pt\/#\/schema\/person\/c4278d4a6028830caff9ee44b42d32ed"},"breadcrumb":{"@id":"https:\/\/portaltela.pt\/noticias\/2026\/03\/20\/aguiar-branco-admite-projeto-do-chega-para-aumentar-penas-com-reservas-constitucionais\/#breadcrumb"},"inLanguage":"pt-PT","potentialAction":[{"@type":"ReadAction","target":["https:\/\/portaltela.pt\/noticias\/2026\/03\/20\/aguiar-branco-admite-projeto-do-chega-para-aumentar-penas-com-reservas-constitucionais\/"]}]},{"@type":"ImageObject","inLanguage":"pt-PT","@id":"https:\/\/portaltela.pt\/noticias\/2026\/03\/20\/aguiar-branco-admite-projeto-do-chega-para-aumentar-penas-com-reservas-constitucionais\/#primaryimage","url":"https:\/\/portaltela.pt\/s.01k8rhncp4jt1\/2026\/03\/CACHE_780X1200_ANALOG_WATERMARKED_46778272_1913515_18032026040640.jpg","contentUrl":"https:\/\/portaltela.pt\/s.01k8rhncp4jt1\/2026\/03\/CACHE_780X1200_ANALOG_WATERMARKED_46778272_1913515_18032026040640.jpg","width":796,"height":448,"caption":"Aguiar-Branco admite projeto do Chega para aumentar penas mas com reservas de constitucionalidade"},{"@type":"BreadcrumbList","@id":"https:\/\/portaltela.pt\/noticias\/2026\/03\/20\/aguiar-branco-admite-projeto-do-chega-para-aumentar-penas-com-reservas-constitucionais\/#breadcrumb","itemListElement":[{"@type":"ListItem","position":1,"name":"In\u00edcio","item":"https:\/\/portaltela.pt\/"},{"@type":"ListItem","position":2,"name":"Aguiar-Branco admite projeto do Chega para aumentar penas com reservas constitucionais"}]},{"@type":"WebSite","@id":"https:\/\/portaltela.pt\/#website","url":"https:\/\/portaltela.pt\/","name":"Portal Tela Portugal","description":"","potentialAction":[{"@type":"SearchAction","target":{"@type":"EntryPoint","urlTemplate":"https:\/\/portaltela.pt\/?s={search_term_string}"},"query-input":{"@type":"PropertyValueSpecification","valueRequired":true,"valueName":"search_term_string"}}],"inLanguage":"pt-PT"},{"@type":"Person","@id":"https:\/\/portaltela.pt\/#\/schema\/person\/c4278d4a6028830caff9ee44b42d32ed","name":"Telinha","image":{"@type":"ImageObject","inLanguage":"pt-PT","@id":"https:\/\/portaltela.pt\/s.01k8rhncp4jt1\/2025\/11\/talking-bot-125x125.png","url":"https:\/\/portaltela.pt\/s.01k8rhncp4jt1\/2025\/11\/talking-bot-125x125.png","contentUrl":"https:\/\/portaltela.pt\/s.01k8rhncp4jt1\/2025\/11\/talking-bot-125x125.png","caption":"Telinha"},"sameAs":["https:\/\/portaltela.pt\/"],"url":"https:\/\/portaltela.pt\/por\/367410592786\/"}]}},"_links":{"self":[{"href":"https:\/\/portaltela.pt\/api\/wp\/v2\/posts\/417729","targetHints":{"allow":["GET"]}}],"collection":[{"href":"https:\/\/portaltela.pt\/api\/wp\/v2\/posts"}],"about":[{"href":"https:\/\/portaltela.pt\/api\/wp\/v2\/types\/post"}],"author":[{"embeddable":true,"href":"https:\/\/portaltela.pt\/api\/wp\/v2\/users\/2"}],"replies":[{"embeddable":true,"href":"https:\/\/portaltela.pt\/api\/wp\/v2\/comments?post=417729"}],"version-history":[{"count":0,"href":"https:\/\/portaltela.pt\/api\/wp\/v2\/posts\/417729\/revisions"}],"wp:featuredmedia":[{"embeddable":true,"href":"https:\/\/portaltela.pt\/api\/wp\/v2\/media\/417734"}],"wp:attachment":[{"href":"https:\/\/portaltela.pt\/api\/wp\/v2\/media?parent=417729"}],"wp:term":[{"taxonomy":"category","embeddable":true,"href":"https:\/\/portaltela.pt\/api\/wp\/v2\/categories?post=417729"},{"taxonomy":"post_tag","embeddable":true,"href":"https:\/\/portaltela.pt\/api\/wp\/v2\/tags?post=417729"}],"curies":[{"name":"wp","href":"https:\/\/api.w.org\/{rel}","templated":true}]}}