{"id":417724,"date":"2026-03-20T14:16:00","date_gmt":"2026-03-20T17:16:00","guid":{"rendered":"https:\/\/portaltela.pt\/noticias\/2026\/03\/20\/bolsa-de-lisboa-encerra-em-queda-de-21-com-jeronimo-martins-unico-em-verde\/"},"modified":"2026-03-20T14:16:00","modified_gmt":"2026-03-20T17:16:00","slug":"bolsa-de-lisboa-encerra-em-queda-de-21-com-jeronimo-martins-unico-em-verde","status":"publish","type":"post","link":"https:\/\/portaltela.pt\/noticias\/economia\/2026\/03\/20\/bolsa-de-lisboa-encerra-em-queda-de-21-com-jeronimo-martins-unico-em-verde\/","title":{"rendered":"Bolsa de Lisboa encerra em queda de 2,1% com Jer\u00f3nimo Martins \u00fanico em verde"},"content":{"rendered":"<p>A bolsa de Lisboa encerrou a sess\u00e3o com o \u00edndice PSI-20 em queda de 2,1%. Dentre os componentes, Jer\u00f3nimo Martins foi o \u00fanico a terminar o dia em terreno positivo.<\/p>\n<p>V\u00e1rios t\u00edtulos encerraram em baixa, refletindo o sentimento dominante entre os investidores na pra\u00e7a lisboeta. O desempenho(s) do dia n\u00e3o foi acompanhado por outros setores de destaque.<\/p>\n<p>Jer\u00f3nimo Martins destacou-se pela revers\u00e3o do cen\u00e1rio negativo, mantendo-se acima do verde no fecho. O motivo espec\u00edfico para o desempenho isolado n\u00e3o foi detalhado na s\u00edntese dispon\u00edvel.<\/p>\n","protected":false},"excerpt":{"rendered":"<ul>\n<li>A bolsa de Lisboa encerrou em baixa de 2,1% (IBEX? &#8211; n\u00e3o inserir).<\/li>\n<li>Apenas a Jer\u00f3nimo Martins terminou no verde.<\/li>\n<\/ul>\n","protected":false},"author":2,"featured_media":417725,"comment_status":"closed","ping_status":"closed","sticky":false,"template":"","format":"standard","meta":{"footnotes":""},"categories":[2,6850],"tags":[6115,176,28,981,1014],"class_list":["post-417724","post","type-post","status-publish","format-standard","has-post-thumbnail","hentry","category-economia","category-financas","tag-_economia","tag-bolsa","tag-economia","tag-lisboa","tag-portugal"],"yoast_head":"<!-- This site is optimized with the Yoast SEO plugin v27.2 - https:\/\/yoast.com\/product\/yoast-seo-wordpress\/ -->\n<title>Bolsa de Lisboa encerra em queda de 2,1% com Jer\u00f3nimo Martins \u00fanico em verde - Portal Tela Portugal<\/title>\n<meta name=\"robots\" content=\"index, follow, max-snippet:-1, max-image-preview:large, max-video-preview:-1\" \/>\n<meta property=\"og:locale\" content=\"pt_PT\" \/>\n<meta property=\"og:type\" content=\"article\" \/>\n<meta property=\"og:title\" content=\"Bolsa de Lisboa encerra em queda de 2,1% com Jer\u00f3nimo Martins \u00fanico em verde - Portal Tela Portugal\" \/>\n<meta property=\"og:description\" content=\"A bolsa de Lisboa encerrou em baixa de 2,1% (IBEX? - n\u00e3o inserir). Apenas a Jer\u00f3nimo Martins terminou no verde.\" \/>\n<meta property=\"og:url\" content=\"https:\/\/portaltela.pt\/noticias\/2026\/03\/20\/bolsa-de-lisboa-encerra-em-queda-de-21-com-jeronimo-martins-unico-em-verde\/\" \/>\n<meta property=\"og:site_name\" content=\"Portal Tela Portugal\" \/>\n<meta property=\"article:published_time\" content=\"2026-03-20T17:16:00+00:00\" \/>\n<meta name=\"author\" content=\"Telinha\" \/>\n<meta name=\"twitter:card\" content=\"summary_large_image\" \/>\n<meta name=\"twitter:label1\" content=\"Escrito por\" \/>\n\t<meta name=\"twitter:data1\" content=\"Telinha\" \/>\n<script type=\"application\/ld+json\" class=\"yoast-schema-graph\">{\"@context\":\"https:\/\/schema.org\",\"@graph\":[{\"@type\":\"Article\",\"@id\":\"https:\/\/portaltela.pt\/noticias\/2026\/03\/20\/bolsa-de-lisboa-encerra-em-queda-de-21-com-jeronimo-martins-unico-em-verde\/#article\",\"isPartOf\":{\"@id\":\"https:\/\/portaltela.pt\/noticias\/2026\/03\/20\/bolsa-de-lisboa-encerra-em-queda-de-21-com-jeronimo-martins-unico-em-verde\/\"},\"author\":{\"name\":\"Telinha\",\"@id\":\"https:\/\/portaltela.pt\/#\/schema\/person\/c4278d4a6028830caff9ee44b42d32ed\"},\"headline\":\"Bolsa de Lisboa encerra em queda de 2,1% com Jer\u00f3nimo Martins \u00fanico em verde\",\"datePublished\":\"2026-03-20T17:16:00+00:00\",\"mainEntityOfPage\":{\"@id\":\"https:\/\/portaltela.pt\/noticias\/2026\/03\/20\/bolsa-de-lisboa-encerra-em-queda-de-21-com-jeronimo-martins-unico-em-verde\/\"},\"wordCount\":111,\"image\":{\"@id\":\"https:\/\/portaltela.pt\/noticias\/2026\/03\/20\/bolsa-de-lisboa-encerra-em-queda-de-21-com-jeronimo-martins-unico-em-verde\/#primaryimage\"},\"thumbnailUrl\":\"https:\/\/portaltela.pt\/s.01k8rhncp4jt1\/2026\/03\/CACHE_780X1200_ANALOG_WATERMARKED_42594147_2855428_08042024061438-1.jpg\",\"keywords\":[\"_economia\",\"bolsa\",\"economia\",\"Lisboa\",\"Portugal\"],\"articleSection\":[\"Economia\",\"Finan\u00e7as\"],\"inLanguage\":\"pt-PT\"},{\"@type\":\"WebPage\",\"@id\":\"https:\/\/portaltela.pt\/noticias\/2026\/03\/20\/bolsa-de-lisboa-encerra-em-queda-de-21-com-jeronimo-martins-unico-em-verde\/\",\"url\":\"https:\/\/portaltela.pt\/noticias\/2026\/03\/20\/bolsa-de-lisboa-encerra-em-queda-de-21-com-jeronimo-martins-unico-em-verde\/\",\"name\":\"Bolsa de Lisboa encerra em queda de 2,1% com Jer\u00f3nimo Martins \u00fanico em verde - Portal Tela Portugal\",\"isPartOf\":{\"@id\":\"https:\/\/portaltela.pt\/#website\"},\"primaryImageOfPage\":{\"@id\":\"https:\/\/portaltela.pt\/noticias\/2026\/03\/20\/bolsa-de-lisboa-encerra-em-queda-de-21-com-jeronimo-martins-unico-em-verde\/#primaryimage\"},\"image\":{\"@id\":\"https:\/\/portaltela.pt\/noticias\/2026\/03\/20\/bolsa-de-lisboa-encerra-em-queda-de-21-com-jeronimo-martins-unico-em-verde\/#primaryimage\"},\"thumbnailUrl\":\"https:\/\/portaltela.pt\/s.01k8rhncp4jt1\/2026\/03\/CACHE_780X1200_ANALOG_WATERMARKED_42594147_2855428_08042024061438-1.jpg\",\"datePublished\":\"2026-03-20T17:16:00+00:00\",\"author\":{\"@id\":\"https:\/\/portaltela.pt\/#\/schema\/person\/c4278d4a6028830caff9ee44b42d32ed\"},\"breadcrumb\":{\"@id\":\"https:\/\/portaltela.pt\/noticias\/2026\/03\/20\/bolsa-de-lisboa-encerra-em-queda-de-21-com-jeronimo-martins-unico-em-verde\/#breadcrumb\"},\"inLanguage\":\"pt-PT\",\"potentialAction\":[{\"@type\":\"ReadAction\",\"target\":[\"https:\/\/portaltela.pt\/noticias\/2026\/03\/20\/bolsa-de-lisboa-encerra-em-queda-de-21-com-jeronimo-martins-unico-em-verde\/\"]}]},{\"@type\":\"ImageObject\",\"inLanguage\":\"pt-PT\",\"@id\":\"https:\/\/portaltela.pt\/noticias\/2026\/03\/20\/bolsa-de-lisboa-encerra-em-queda-de-21-com-jeronimo-martins-unico-em-verde\/#primaryimage\",\"url\":\"https:\/\/portaltela.pt\/s.01k8rhncp4jt1\/2026\/03\/CACHE_780X1200_ANALOG_WATERMARKED_42594147_2855428_08042024061438-1.jpg\",\"contentUrl\":\"https:\/\/portaltela.pt\/s.01k8rhncp4jt1\/2026\/03\/CACHE_780X1200_ANALOG_WATERMARKED_42594147_2855428_08042024061438-1.jpg\",\"width\":768,\"height\":512,\"caption\":\"Bolsa de Lisboa encerra em baixa de 2,1% e s\u00f3 Jer\u00f3nimo Martins fica no \u2018verde\u2019\"},{\"@type\":\"BreadcrumbList\",\"@id\":\"https:\/\/portaltela.pt\/noticias\/2026\/03\/20\/bolsa-de-lisboa-encerra-em-queda-de-21-com-jeronimo-martins-unico-em-verde\/#breadcrumb\",\"itemListElement\":[{\"@type\":\"ListItem\",\"position\":1,\"name\":\"In\u00edcio\",\"item\":\"https:\/\/portaltela.pt\/\"},{\"@type\":\"ListItem\",\"position\":2,\"name\":\"Bolsa de Lisboa encerra em queda de 2,1% com Jer\u00f3nimo Martins \u00fanico em verde\"}]},{\"@type\":\"WebSite\",\"@id\":\"https:\/\/portaltela.pt\/#website\",\"url\":\"https:\/\/portaltela.pt\/\",\"name\":\"Portal Tela Portugal\",\"description\":\"\",\"potentialAction\":[{\"@type\":\"SearchAction\",\"target\":{\"@type\":\"EntryPoint\",\"urlTemplate\":\"https:\/\/portaltela.pt\/?s={search_term_string}\"},\"query-input\":{\"@type\":\"PropertyValueSpecification\",\"valueRequired\":true,\"valueName\":\"search_term_string\"}}],\"inLanguage\":\"pt-PT\"},{\"@type\":\"Person\",\"@id\":\"https:\/\/portaltela.pt\/#\/schema\/person\/c4278d4a6028830caff9ee44b42d32ed\",\"name\":\"Telinha\",\"image\":{\"@type\":\"ImageObject\",\"inLanguage\":\"pt-PT\",\"@id\":\"https:\/\/portaltela.pt\/s.01k8rhncp4jt1\/2025\/11\/talking-bot-125x125.png\",\"url\":\"https:\/\/portaltela.pt\/s.01k8rhncp4jt1\/2025\/11\/talking-bot-125x125.png\",\"contentUrl\":\"https:\/\/portaltela.pt\/s.01k8rhncp4jt1\/2025\/11\/talking-bot-125x125.png\",\"caption\":\"Telinha\"},\"sameAs\":[\"https:\/\/portaltela.pt\/\"],\"url\":\"https:\/\/portaltela.pt\/por\/367410592786\/\"}]}<\/script>\n<!-- \/ Yoast SEO plugin. -->","yoast_head_json":{"title":"Bolsa de Lisboa encerra em queda de 2,1% com Jer\u00f3nimo Martins \u00fanico em verde - Portal Tela Portugal","robots":{"index":"index","follow":"follow","max-snippet":"max-snippet:-1","max-image-preview":"max-image-preview:large","max-video-preview":"max-video-preview:-1"},"og_locale":"pt_PT","og_type":"article","og_title":"Bolsa de Lisboa encerra em queda de 2,1% com Jer\u00f3nimo Martins \u00fanico em verde - Portal Tela Portugal","og_description":"A bolsa de Lisboa encerrou em baixa de 2,1% (IBEX? - n\u00e3o inserir). Apenas a Jer\u00f3nimo Martins terminou no verde.","og_url":"https:\/\/portaltela.pt\/noticias\/2026\/03\/20\/bolsa-de-lisboa-encerra-em-queda-de-21-com-jeronimo-martins-unico-em-verde\/","og_site_name":"Portal Tela Portugal","article_published_time":"2026-03-20T17:16:00+00:00","author":"Telinha","twitter_card":"summary_large_image","twitter_misc":{"Escrito por":"Telinha"},"schema":{"@context":"https:\/\/schema.org","@graph":[{"@type":"Article","@id":"https:\/\/portaltela.pt\/noticias\/2026\/03\/20\/bolsa-de-lisboa-encerra-em-queda-de-21-com-jeronimo-martins-unico-em-verde\/#article","isPartOf":{"@id":"https:\/\/portaltela.pt\/noticias\/2026\/03\/20\/bolsa-de-lisboa-encerra-em-queda-de-21-com-jeronimo-martins-unico-em-verde\/"},"author":{"name":"Telinha","@id":"https:\/\/portaltela.pt\/#\/schema\/person\/c4278d4a6028830caff9ee44b42d32ed"},"headline":"Bolsa de Lisboa encerra em queda de 2,1% com Jer\u00f3nimo Martins \u00fanico em verde","datePublished":"2026-03-20T17:16:00+00:00","mainEntityOfPage":{"@id":"https:\/\/portaltela.pt\/noticias\/2026\/03\/20\/bolsa-de-lisboa-encerra-em-queda-de-21-com-jeronimo-martins-unico-em-verde\/"},"wordCount":111,"image":{"@id":"https:\/\/portaltela.pt\/noticias\/2026\/03\/20\/bolsa-de-lisboa-encerra-em-queda-de-21-com-jeronimo-martins-unico-em-verde\/#primaryimage"},"thumbnailUrl":"https:\/\/portaltela.pt\/s.01k8rhncp4jt1\/2026\/03\/CACHE_780X1200_ANALOG_WATERMARKED_42594147_2855428_08042024061438-1.jpg","keywords":["_economia","bolsa","economia","Lisboa","Portugal"],"articleSection":["Economia","Finan\u00e7as"],"inLanguage":"pt-PT"},{"@type":"WebPage","@id":"https:\/\/portaltela.pt\/noticias\/2026\/03\/20\/bolsa-de-lisboa-encerra-em-queda-de-21-com-jeronimo-martins-unico-em-verde\/","url":"https:\/\/portaltela.pt\/noticias\/2026\/03\/20\/bolsa-de-lisboa-encerra-em-queda-de-21-com-jeronimo-martins-unico-em-verde\/","name":"Bolsa de Lisboa encerra em queda de 2,1% com Jer\u00f3nimo Martins \u00fanico em verde - Portal Tela Portugal","isPartOf":{"@id":"https:\/\/portaltela.pt\/#website"},"primaryImageOfPage":{"@id":"https:\/\/portaltela.pt\/noticias\/2026\/03\/20\/bolsa-de-lisboa-encerra-em-queda-de-21-com-jeronimo-martins-unico-em-verde\/#primaryimage"},"image":{"@id":"https:\/\/portaltela.pt\/noticias\/2026\/03\/20\/bolsa-de-lisboa-encerra-em-queda-de-21-com-jeronimo-martins-unico-em-verde\/#primaryimage"},"thumbnailUrl":"https:\/\/portaltela.pt\/s.01k8rhncp4jt1\/2026\/03\/CACHE_780X1200_ANALOG_WATERMARKED_42594147_2855428_08042024061438-1.jpg","datePublished":"2026-03-20T17:16:00+00:00","author":{"@id":"https:\/\/portaltela.pt\/#\/schema\/person\/c4278d4a6028830caff9ee44b42d32ed"},"breadcrumb":{"@id":"https:\/\/portaltela.pt\/noticias\/2026\/03\/20\/bolsa-de-lisboa-encerra-em-queda-de-21-com-jeronimo-martins-unico-em-verde\/#breadcrumb"},"inLanguage":"pt-PT","potentialAction":[{"@type":"ReadAction","target":["https:\/\/portaltela.pt\/noticias\/2026\/03\/20\/bolsa-de-lisboa-encerra-em-queda-de-21-com-jeronimo-martins-unico-em-verde\/"]}]},{"@type":"ImageObject","inLanguage":"pt-PT","@id":"https:\/\/portaltela.pt\/noticias\/2026\/03\/20\/bolsa-de-lisboa-encerra-em-queda-de-21-com-jeronimo-martins-unico-em-verde\/#primaryimage","url":"https:\/\/portaltela.pt\/s.01k8rhncp4jt1\/2026\/03\/CACHE_780X1200_ANALOG_WATERMARKED_42594147_2855428_08042024061438-1.jpg","contentUrl":"https:\/\/portaltela.pt\/s.01k8rhncp4jt1\/2026\/03\/CACHE_780X1200_ANALOG_WATERMARKED_42594147_2855428_08042024061438-1.jpg","width":768,"height":512,"caption":"Bolsa de Lisboa encerra em baixa de 2,1% e s\u00f3 Jer\u00f3nimo Martins fica no \u2018verde\u2019"},{"@type":"BreadcrumbList","@id":"https:\/\/portaltela.pt\/noticias\/2026\/03\/20\/bolsa-de-lisboa-encerra-em-queda-de-21-com-jeronimo-martins-unico-em-verde\/#breadcrumb","itemListElement":[{"@type":"ListItem","position":1,"name":"In\u00edcio","item":"https:\/\/portaltela.pt\/"},{"@type":"ListItem","position":2,"name":"Bolsa de Lisboa encerra em queda de 2,1% com Jer\u00f3nimo Martins \u00fanico em verde"}]},{"@type":"WebSite","@id":"https:\/\/portaltela.pt\/#website","url":"https:\/\/portaltela.pt\/","name":"Portal Tela Portugal","description":"","potentialAction":[{"@type":"SearchAction","target":{"@type":"EntryPoint","urlTemplate":"https:\/\/portaltela.pt\/?s={search_term_string}"},"query-input":{"@type":"PropertyValueSpecification","valueRequired":true,"valueName":"search_term_string"}}],"inLanguage":"pt-PT"},{"@type":"Person","@id":"https:\/\/portaltela.pt\/#\/schema\/person\/c4278d4a6028830caff9ee44b42d32ed","name":"Telinha","image":{"@type":"ImageObject","inLanguage":"pt-PT","@id":"https:\/\/portaltela.pt\/s.01k8rhncp4jt1\/2025\/11\/talking-bot-125x125.png","url":"https:\/\/portaltela.pt\/s.01k8rhncp4jt1\/2025\/11\/talking-bot-125x125.png","contentUrl":"https:\/\/portaltela.pt\/s.01k8rhncp4jt1\/2025\/11\/talking-bot-125x125.png","caption":"Telinha"},"sameAs":["https:\/\/portaltela.pt\/"],"url":"https:\/\/portaltela.pt\/por\/367410592786\/"}]}},"_links":{"self":[{"href":"https:\/\/portaltela.pt\/api\/wp\/v2\/posts\/417724","targetHints":{"allow":["GET"]}}],"collection":[{"href":"https:\/\/portaltela.pt\/api\/wp\/v2\/posts"}],"about":[{"href":"https:\/\/portaltela.pt\/api\/wp\/v2\/types\/post"}],"author":[{"embeddable":true,"href":"https:\/\/portaltela.pt\/api\/wp\/v2\/users\/2"}],"replies":[{"embeddable":true,"href":"https:\/\/portaltela.pt\/api\/wp\/v2\/comments?post=417724"}],"version-history":[{"count":0,"href":"https:\/\/portaltela.pt\/api\/wp\/v2\/posts\/417724\/revisions"}],"wp:featuredmedia":[{"embeddable":true,"href":"https:\/\/portaltela.pt\/api\/wp\/v2\/media\/417725"}],"wp:attachment":[{"href":"https:\/\/portaltela.pt\/api\/wp\/v2\/media?parent=417724"}],"wp:term":[{"taxonomy":"category","embeddable":true,"href":"https:\/\/portaltela.pt\/api\/wp\/v2\/categories?post=417724"},{"taxonomy":"post_tag","embeddable":true,"href":"https:\/\/portaltela.pt\/api\/wp\/v2\/tags?post=417724"}],"curies":[{"name":"wp","href":"https:\/\/api.w.org\/{rel}","templated":true}]}}