{"id":417696,"date":"2026-03-20T14:04:40","date_gmt":"2026-03-20T17:04:40","guid":{"rendered":"https:\/\/portaltela.pt\/noticias\/2026\/03\/20\/quaresma-tem-talento-para-vencer-o-mundial-mas-ainda-nao-esta-cativado\/"},"modified":"2026-03-20T14:04:40","modified_gmt":"2026-03-20T17:04:40","slug":"quaresma-tem-talento-para-vencer-o-mundial-mas-ainda-nao-esta-cativado","status":"publish","type":"post","link":"https:\/\/portaltela.pt\/desporto\/copa-do-mundo\/2026\/03\/20\/quaresma-tem-talento-para-vencer-o-mundial-mas-ainda-nao-esta-cativado\/","title":{"rendered":"Quaresma: tem talento para vencer o Mundial, mas ainda n\u00e3o est\u00e1 cativado"},"content":{"rendered":"<p>O Record esteve em Nova Iorque nos \u00faltimos tr\u00eas dias para cobrir a Celebra\u00e7\u00e3o das 11 Na\u00e7\u00f5es, evento da PUMA que revelou a segunda camisola de Portugal para o Mundial. O encontro reuniu as sele\u00e7\u00f5es patrocinadas pela marca alem\u00e3.<\/p>\n<p>Ricardo Quaresma, ex-internacional portugu\u00eas, foi o convidado de honra para representar Portugal no evento. Em entrevista exclusiva ao Record, falou sobre as expectativas para o Mundial de 2026 e sobre o futebol portugu\u00eas em geral.<\/p>\n<p>O evento ocorreu na cidade de Nova Iorque, nos Estados Unidos, com a apresenta\u00e7\u00e3o da nova camisola nacional. Al\u00e9m de Portugal, estiveram outras sele\u00e7\u00f5es apoiadas pela PUMA.<\/p>\n<p>Quaresma mostrou confian\u00e7a na nossa equipa, assegurando que h\u00e1 talento suficiente para vencer o Mundial. Contudo, deixou avisos importantes sobre o desempenho e a consist\u00eancia da sele\u00e7\u00e3o.<\/p>\n<p>As declara\u00e7\u00f5es do antigo jogador destacam a ambi\u00e7\u00e3o da equipa, ao mesmo tempo que pedem foco e trabalho cont\u00ednuo por parte dos quadros t\u00e9cnicos e atletas nacionais.<\/p>\n<p>Este artigo re\u00fane os principais pontos da entrevista e dos desdobramentos do evento, com informa\u00e7\u00f5es apuradas pela nossa equipa em Nova Iorque. Mais conte\u00fados est\u00e3o dispon\u00edveis nas plataformas do Record.<\/p>\n","protected":false},"excerpt":{"rendered":"<ul>\n<li>Quaresma afirmou ter talento suficiente para ganhar o Mundial, mas disse que ainda n\u00e3o foi cativado pelo projeto.<\/li>\n<li>O ex-internacional esteve em Nova Iorque, no evento Celebra\u00e7\u00e3o das onze Na\u00e7\u00f5es, da Puma, que revelou a segunda camisola de Portugal para o Mundial de dois mil e vinte e seis.<\/li>\n<li>Quaresma foi convidado para representar as cores nacionais no evento em solo norte-americano.<\/li>\n<li>Em entrevista exclusiva \u00e0 Record, destacou as expectativas para o Mundial de dois mil e vinte e seis e comentou temas ligados ao futebol portugu\u00eas.<\/li>\n<li>Pode acompanhar mais detalhes nas plataformas do Record.<\/li>\n<\/ul>\n","protected":false},"author":2,"featured_media":417701,"comment_status":"closed","ping_status":"closed","sticky":false,"template":"","format":"standard","meta":{"footnotes":""},"categories":[6695,21],"tags":[6367,32,5632,1014,2926,2057],"class_list":["post-417696","post","type-post","status-publish","format-standard","has-post-thumbnail","hentry","category-copa-do-mundo","category-desporto","tag-copa2026","tag-futebol","tag-nova-iorque","tag-portugal","tag-quaresma","tag-selecao-nacional"],"yoast_head":"<!-- This site is optimized with the Yoast SEO plugin v27.2 - https:\/\/yoast.com\/product\/yoast-seo-wordpress\/ -->\n<title>Quaresma: tem talento para vencer o Mundial, mas ainda n\u00e3o est\u00e1 cativado - Portal Tela Portugal<\/title>\n<meta name=\"robots\" content=\"index, follow, max-snippet:-1, max-image-preview:large, max-video-preview:-1\" \/>\n<meta property=\"og:locale\" content=\"pt_PT\" \/>\n<meta property=\"og:type\" content=\"article\" \/>\n<meta property=\"og:title\" content=\"Quaresma: tem talento para vencer o Mundial, mas ainda n\u00e3o est\u00e1 cativado - Portal Tela Portugal\" \/>\n<meta property=\"og:description\" content=\"Quaresma afirmou ter talento suficiente para ganhar o Mundial, mas disse que ainda n\u00e3o foi cativado pelo projeto. O ex-internacional esteve em Nova Iorque, no evento Celebra\u00e7\u00e3o das onze Na\u00e7\u00f5es, da Puma, que revelou a segunda camisola de Portugal para o Mundial de dois mil e vinte e seis. Quaresma foi convidado para representar as cores nacionais no evento em solo norte-americano. Em entrevista exclusiva \u00e0 Record, destacou as expectativas para o Mundial de dois mil e vinte e seis e comentou temas ligados ao futebol portugu\u00eas. Pode acompanhar mais detalhes nas plataformas do Record.\" \/>\n<meta property=\"og:url\" content=\"https:\/\/portaltela.pt\/noticias\/2026\/03\/20\/quaresma-tem-talento-para-vencer-o-mundial-mas-ainda-nao-esta-cativado\/\" \/>\n<meta property=\"og:site_name\" content=\"Portal Tela Portugal\" \/>\n<meta property=\"article:published_time\" content=\"2026-03-20T17:04:40+00:00\" \/>\n<meta name=\"author\" content=\"Telinha\" \/>\n<meta name=\"twitter:card\" content=\"summary_large_image\" \/>\n<meta name=\"twitter:label1\" content=\"Escrito por\" \/>\n\t<meta name=\"twitter:data1\" content=\"Telinha\" \/>\n\t<meta name=\"twitter:label2\" content=\"Tempo estimado de leitura\" \/>\n\t<meta name=\"twitter:data2\" content=\"1 minuto\" \/>\n<script type=\"application\/ld+json\" class=\"yoast-schema-graph\">{\"@context\":\"https:\/\/schema.org\",\"@graph\":[{\"@type\":\"Article\",\"@id\":\"https:\/\/portaltela.pt\/noticias\/2026\/03\/20\/quaresma-tem-talento-para-vencer-o-mundial-mas-ainda-nao-esta-cativado\/#article\",\"isPartOf\":{\"@id\":\"https:\/\/portaltela.pt\/noticias\/2026\/03\/20\/quaresma-tem-talento-para-vencer-o-mundial-mas-ainda-nao-esta-cativado\/\"},\"author\":{\"name\":\"Telinha\",\"@id\":\"https:\/\/portaltela.pt\/#\/schema\/person\/c4278d4a6028830caff9ee44b42d32ed\"},\"headline\":\"Quaresma: tem talento para vencer o Mundial, mas ainda n\u00e3o est\u00e1 cativado\",\"datePublished\":\"2026-03-20T17:04:40+00:00\",\"mainEntityOfPage\":{\"@id\":\"https:\/\/portaltela.pt\/noticias\/2026\/03\/20\/quaresma-tem-talento-para-vencer-o-mundial-mas-ainda-nao-esta-cativado\/\"},\"wordCount\":217,\"image\":{\"@id\":\"https:\/\/portaltela.pt\/noticias\/2026\/03\/20\/quaresma-tem-talento-para-vencer-o-mundial-mas-ainda-nao-esta-cativado\/#primaryimage\"},\"thumbnailUrl\":\"https:\/\/portaltela.pt\/s.01k8rhncp4jt1\/2026\/03\/img_1200x721uu2026-03-20-15-11-10-2428331.jpg\",\"keywords\":[\"#copa2026\",\"futebol\",\"Nova Iorque\",\"Portugal\",\"Quaresma\",\"Sele\u00e7\u00e3o Nacional\"],\"articleSection\":[\"Copa do Mundo\",\"Desporto\"],\"inLanguage\":\"pt-PT\"},{\"@type\":\"WebPage\",\"@id\":\"https:\/\/portaltela.pt\/noticias\/2026\/03\/20\/quaresma-tem-talento-para-vencer-o-mundial-mas-ainda-nao-esta-cativado\/\",\"url\":\"https:\/\/portaltela.pt\/noticias\/2026\/03\/20\/quaresma-tem-talento-para-vencer-o-mundial-mas-ainda-nao-esta-cativado\/\",\"name\":\"Quaresma: tem talento para vencer o Mundial, mas ainda n\u00e3o est\u00e1 cativado - Portal Tela Portugal\",\"isPartOf\":{\"@id\":\"https:\/\/portaltela.pt\/#website\"},\"primaryImageOfPage\":{\"@id\":\"https:\/\/portaltela.pt\/noticias\/2026\/03\/20\/quaresma-tem-talento-para-vencer-o-mundial-mas-ainda-nao-esta-cativado\/#primaryimage\"},\"image\":{\"@id\":\"https:\/\/portaltela.pt\/noticias\/2026\/03\/20\/quaresma-tem-talento-para-vencer-o-mundial-mas-ainda-nao-esta-cativado\/#primaryimage\"},\"thumbnailUrl\":\"https:\/\/portaltela.pt\/s.01k8rhncp4jt1\/2026\/03\/img_1200x721uu2026-03-20-15-11-10-2428331.jpg\",\"datePublished\":\"2026-03-20T17:04:40+00:00\",\"author\":{\"@id\":\"https:\/\/portaltela.pt\/#\/schema\/person\/c4278d4a6028830caff9ee44b42d32ed\"},\"breadcrumb\":{\"@id\":\"https:\/\/portaltela.pt\/noticias\/2026\/03\/20\/quaresma-tem-talento-para-vencer-o-mundial-mas-ainda-nao-esta-cativado\/#breadcrumb\"},\"inLanguage\":\"pt-PT\",\"potentialAction\":[{\"@type\":\"ReadAction\",\"target\":[\"https:\/\/portaltela.pt\/noticias\/2026\/03\/20\/quaresma-tem-talento-para-vencer-o-mundial-mas-ainda-nao-esta-cativado\/\"]}]},{\"@type\":\"ImageObject\",\"inLanguage\":\"pt-PT\",\"@id\":\"https:\/\/portaltela.pt\/noticias\/2026\/03\/20\/quaresma-tem-talento-para-vencer-o-mundial-mas-ainda-nao-esta-cativado\/#primaryimage\",\"url\":\"https:\/\/portaltela.pt\/s.01k8rhncp4jt1\/2026\/03\/img_1200x721uu2026-03-20-15-11-10-2428331.jpg\",\"contentUrl\":\"https:\/\/portaltela.pt\/s.01k8rhncp4jt1\/2026\/03\/img_1200x721uu2026-03-20-15-11-10-2428331.jpg\",\"width\":796,\"height\":448,\"caption\":\"Quaresma: \u00abTemos talento suficiente para ganhar o Mundial, mas ainda n\u00e3o me cativaram\u00bb\"},{\"@type\":\"BreadcrumbList\",\"@id\":\"https:\/\/portaltela.pt\/noticias\/2026\/03\/20\/quaresma-tem-talento-para-vencer-o-mundial-mas-ainda-nao-esta-cativado\/#breadcrumb\",\"itemListElement\":[{\"@type\":\"ListItem\",\"position\":1,\"name\":\"In\u00edcio\",\"item\":\"https:\/\/portaltela.pt\/\"},{\"@type\":\"ListItem\",\"position\":2,\"name\":\"Quaresma: tem talento para vencer o Mundial, mas ainda n\u00e3o est\u00e1 cativado\"}]},{\"@type\":\"WebSite\",\"@id\":\"https:\/\/portaltela.pt\/#website\",\"url\":\"https:\/\/portaltela.pt\/\",\"name\":\"Portal Tela Portugal\",\"description\":\"\",\"potentialAction\":[{\"@type\":\"SearchAction\",\"target\":{\"@type\":\"EntryPoint\",\"urlTemplate\":\"https:\/\/portaltela.pt\/?s={search_term_string}\"},\"query-input\":{\"@type\":\"PropertyValueSpecification\",\"valueRequired\":true,\"valueName\":\"search_term_string\"}}],\"inLanguage\":\"pt-PT\"},{\"@type\":\"Person\",\"@id\":\"https:\/\/portaltela.pt\/#\/schema\/person\/c4278d4a6028830caff9ee44b42d32ed\",\"name\":\"Telinha\",\"image\":{\"@type\":\"ImageObject\",\"inLanguage\":\"pt-PT\",\"@id\":\"https:\/\/portaltela.pt\/s.01k8rhncp4jt1\/2025\/11\/talking-bot-125x125.png\",\"url\":\"https:\/\/portaltela.pt\/s.01k8rhncp4jt1\/2025\/11\/talking-bot-125x125.png\",\"contentUrl\":\"https:\/\/portaltela.pt\/s.01k8rhncp4jt1\/2025\/11\/talking-bot-125x125.png\",\"caption\":\"Telinha\"},\"sameAs\":[\"https:\/\/portaltela.pt\/\"],\"url\":\"https:\/\/portaltela.pt\/por\/367410592786\/\"}]}<\/script>\n<!-- \/ Yoast SEO plugin. -->","yoast_head_json":{"title":"Quaresma: tem talento para vencer o Mundial, mas ainda n\u00e3o est\u00e1 cativado - Portal Tela Portugal","robots":{"index":"index","follow":"follow","max-snippet":"max-snippet:-1","max-image-preview":"max-image-preview:large","max-video-preview":"max-video-preview:-1"},"og_locale":"pt_PT","og_type":"article","og_title":"Quaresma: tem talento para vencer o Mundial, mas ainda n\u00e3o est\u00e1 cativado - Portal Tela Portugal","og_description":"Quaresma afirmou ter talento suficiente para ganhar o Mundial, mas disse que ainda n\u00e3o foi cativado pelo projeto. O ex-internacional esteve em Nova Iorque, no evento Celebra\u00e7\u00e3o das onze Na\u00e7\u00f5es, da Puma, que revelou a segunda camisola de Portugal para o Mundial de dois mil e vinte e seis. Quaresma foi convidado para representar as cores nacionais no evento em solo norte-americano. Em entrevista exclusiva \u00e0 Record, destacou as expectativas para o Mundial de dois mil e vinte e seis e comentou temas ligados ao futebol portugu\u00eas. Pode acompanhar mais detalhes nas plataformas do Record.","og_url":"https:\/\/portaltela.pt\/noticias\/2026\/03\/20\/quaresma-tem-talento-para-vencer-o-mundial-mas-ainda-nao-esta-cativado\/","og_site_name":"Portal Tela Portugal","article_published_time":"2026-03-20T17:04:40+00:00","author":"Telinha","twitter_card":"summary_large_image","twitter_misc":{"Escrito por":"Telinha","Tempo estimado de leitura":"1 minuto"},"schema":{"@context":"https:\/\/schema.org","@graph":[{"@type":"Article","@id":"https:\/\/portaltela.pt\/noticias\/2026\/03\/20\/quaresma-tem-talento-para-vencer-o-mundial-mas-ainda-nao-esta-cativado\/#article","isPartOf":{"@id":"https:\/\/portaltela.pt\/noticias\/2026\/03\/20\/quaresma-tem-talento-para-vencer-o-mundial-mas-ainda-nao-esta-cativado\/"},"author":{"name":"Telinha","@id":"https:\/\/portaltela.pt\/#\/schema\/person\/c4278d4a6028830caff9ee44b42d32ed"},"headline":"Quaresma: tem talento para vencer o Mundial, mas ainda n\u00e3o est\u00e1 cativado","datePublished":"2026-03-20T17:04:40+00:00","mainEntityOfPage":{"@id":"https:\/\/portaltela.pt\/noticias\/2026\/03\/20\/quaresma-tem-talento-para-vencer-o-mundial-mas-ainda-nao-esta-cativado\/"},"wordCount":217,"image":{"@id":"https:\/\/portaltela.pt\/noticias\/2026\/03\/20\/quaresma-tem-talento-para-vencer-o-mundial-mas-ainda-nao-esta-cativado\/#primaryimage"},"thumbnailUrl":"https:\/\/portaltela.pt\/s.01k8rhncp4jt1\/2026\/03\/img_1200x721uu2026-03-20-15-11-10-2428331.jpg","keywords":["#copa2026","futebol","Nova Iorque","Portugal","Quaresma","Sele\u00e7\u00e3o Nacional"],"articleSection":["Copa do Mundo","Desporto"],"inLanguage":"pt-PT"},{"@type":"WebPage","@id":"https:\/\/portaltela.pt\/noticias\/2026\/03\/20\/quaresma-tem-talento-para-vencer-o-mundial-mas-ainda-nao-esta-cativado\/","url":"https:\/\/portaltela.pt\/noticias\/2026\/03\/20\/quaresma-tem-talento-para-vencer-o-mundial-mas-ainda-nao-esta-cativado\/","name":"Quaresma: tem talento para vencer o Mundial, mas ainda n\u00e3o est\u00e1 cativado - Portal Tela Portugal","isPartOf":{"@id":"https:\/\/portaltela.pt\/#website"},"primaryImageOfPage":{"@id":"https:\/\/portaltela.pt\/noticias\/2026\/03\/20\/quaresma-tem-talento-para-vencer-o-mundial-mas-ainda-nao-esta-cativado\/#primaryimage"},"image":{"@id":"https:\/\/portaltela.pt\/noticias\/2026\/03\/20\/quaresma-tem-talento-para-vencer-o-mundial-mas-ainda-nao-esta-cativado\/#primaryimage"},"thumbnailUrl":"https:\/\/portaltela.pt\/s.01k8rhncp4jt1\/2026\/03\/img_1200x721uu2026-03-20-15-11-10-2428331.jpg","datePublished":"2026-03-20T17:04:40+00:00","author":{"@id":"https:\/\/portaltela.pt\/#\/schema\/person\/c4278d4a6028830caff9ee44b42d32ed"},"breadcrumb":{"@id":"https:\/\/portaltela.pt\/noticias\/2026\/03\/20\/quaresma-tem-talento-para-vencer-o-mundial-mas-ainda-nao-esta-cativado\/#breadcrumb"},"inLanguage":"pt-PT","potentialAction":[{"@type":"ReadAction","target":["https:\/\/portaltela.pt\/noticias\/2026\/03\/20\/quaresma-tem-talento-para-vencer-o-mundial-mas-ainda-nao-esta-cativado\/"]}]},{"@type":"ImageObject","inLanguage":"pt-PT","@id":"https:\/\/portaltela.pt\/noticias\/2026\/03\/20\/quaresma-tem-talento-para-vencer-o-mundial-mas-ainda-nao-esta-cativado\/#primaryimage","url":"https:\/\/portaltela.pt\/s.01k8rhncp4jt1\/2026\/03\/img_1200x721uu2026-03-20-15-11-10-2428331.jpg","contentUrl":"https:\/\/portaltela.pt\/s.01k8rhncp4jt1\/2026\/03\/img_1200x721uu2026-03-20-15-11-10-2428331.jpg","width":796,"height":448,"caption":"Quaresma: \u00abTemos talento suficiente para ganhar o Mundial, mas ainda n\u00e3o me cativaram\u00bb"},{"@type":"BreadcrumbList","@id":"https:\/\/portaltela.pt\/noticias\/2026\/03\/20\/quaresma-tem-talento-para-vencer-o-mundial-mas-ainda-nao-esta-cativado\/#breadcrumb","itemListElement":[{"@type":"ListItem","position":1,"name":"In\u00edcio","item":"https:\/\/portaltela.pt\/"},{"@type":"ListItem","position":2,"name":"Quaresma: tem talento para vencer o Mundial, mas ainda n\u00e3o est\u00e1 cativado"}]},{"@type":"WebSite","@id":"https:\/\/portaltela.pt\/#website","url":"https:\/\/portaltela.pt\/","name":"Portal Tela Portugal","description":"","potentialAction":[{"@type":"SearchAction","target":{"@type":"EntryPoint","urlTemplate":"https:\/\/portaltela.pt\/?s={search_term_string}"},"query-input":{"@type":"PropertyValueSpecification","valueRequired":true,"valueName":"search_term_string"}}],"inLanguage":"pt-PT"},{"@type":"Person","@id":"https:\/\/portaltela.pt\/#\/schema\/person\/c4278d4a6028830caff9ee44b42d32ed","name":"Telinha","image":{"@type":"ImageObject","inLanguage":"pt-PT","@id":"https:\/\/portaltela.pt\/s.01k8rhncp4jt1\/2025\/11\/talking-bot-125x125.png","url":"https:\/\/portaltela.pt\/s.01k8rhncp4jt1\/2025\/11\/talking-bot-125x125.png","contentUrl":"https:\/\/portaltela.pt\/s.01k8rhncp4jt1\/2025\/11\/talking-bot-125x125.png","caption":"Telinha"},"sameAs":["https:\/\/portaltela.pt\/"],"url":"https:\/\/portaltela.pt\/por\/367410592786\/"}]}},"_links":{"self":[{"href":"https:\/\/portaltela.pt\/api\/wp\/v2\/posts\/417696","targetHints":{"allow":["GET"]}}],"collection":[{"href":"https:\/\/portaltela.pt\/api\/wp\/v2\/posts"}],"about":[{"href":"https:\/\/portaltela.pt\/api\/wp\/v2\/types\/post"}],"author":[{"embeddable":true,"href":"https:\/\/portaltela.pt\/api\/wp\/v2\/users\/2"}],"replies":[{"embeddable":true,"href":"https:\/\/portaltela.pt\/api\/wp\/v2\/comments?post=417696"}],"version-history":[{"count":0,"href":"https:\/\/portaltela.pt\/api\/wp\/v2\/posts\/417696\/revisions"}],"wp:featuredmedia":[{"embeddable":true,"href":"https:\/\/portaltela.pt\/api\/wp\/v2\/media\/417701"}],"wp:attachment":[{"href":"https:\/\/portaltela.pt\/api\/wp\/v2\/media?parent=417696"}],"wp:term":[{"taxonomy":"category","embeddable":true,"href":"https:\/\/portaltela.pt\/api\/wp\/v2\/categories?post=417696"},{"taxonomy":"post_tag","embeddable":true,"href":"https:\/\/portaltela.pt\/api\/wp\/v2\/tags?post=417696"}],"curies":[{"name":"wp","href":"https:\/\/api.w.org\/{rel}","templated":true}]}}