{"id":417680,"date":"2026-03-20T13:53:00","date_gmt":"2026-03-20T16:53:00","guid":{"rendered":"https:\/\/portaltela.pt\/noticias\/2026\/03\/20\/moedas-nega-ilegalidade-com-secretario-geral-e-ataca-ps\/"},"modified":"2026-03-20T13:53:00","modified_gmt":"2026-03-20T16:53:00","slug":"moedas-nega-ilegalidade-com-secretario-geral-e-ataca-ps","status":"publish","type":"post","link":"https:\/\/portaltela.pt\/noticias\/politica\/2026\/03\/20\/moedas-nega-ilegalidade-com-secretario-geral-e-ataca-ps\/","title":{"rendered":"Moedas nega ilegalidade com secret\u00e1rio-geral e ataca PS"},"content":{"rendered":"<p>O presidente da C\u00e2mara de Lisboa, Carlos Moedas, negou ilegalidade na perman\u00eancia de Alberto Laplaine Guimar\u00e3es como secret\u00e1rio-geral, e criticou Alexandra Leit\u00e3o por alegar ilegalidade. A discord\u00e2ncia envolve o tempo de exerc\u00edcio no cargo e a interpreta\u00e7\u00e3o da lei aplic\u00e1vel.<\/p>\n<p>Alexandra Leit\u00e3o, vereadora socialista, defende que o cargo deveria ter sido ocupado por substitui\u00e7\u00e3o em 2024, com base num limite de 10 anos consecutivos em cargos de dire\u00e7\u00e3o superior. O PS alega que a Secretaria-Geral est\u00e1 diretamente vinculada ao presidente, o que implica responsabilidade pol\u00edtica de Moedas.<\/p>\n<p>A pol\u00e9mica ocorre num contexto em que Laplaine Guimar\u00e3es foi detido pela Pol\u00edcia Judici\u00e1ria no \u00e2mbito da opera\u00e7\u00e3o L\u00famen, que investiga suspeitas de corrup\u00e7\u00e3o em contratos de ilumina\u00e7\u00e3o. O processo envolve contratos associados a ilumina\u00e7\u00f5es festivas.<\/p>\n<h3>Questionamentos do Bloco de Esquerda<\/h3>\n<p>O BE pediu esclarecimentos sobre o funcionamento do canal de den\u00fancias da c\u00e2mara, questionando se houve participa\u00e7\u00f5es pr\u00e9vias sobre o dirigente ou os contratos em causa. Pergunta-se se existiram_ALERTAS internos ou externos e qual foi o seguimento dado.<\/p>\n<p>Segundo o BE, o canal de den\u00fancias n\u00e3o pode ser apenas uma formalidade, e Lisboa tem de saber se os mecanismos anti-corrup\u00e7\u00e3o funcionam. Os bloquistas tamb\u00e9m querem detalhes sobre a substitui\u00e7\u00e3o interina do secret\u00e1rio-geral.<\/p>\n<h3>Inqu\u00e9rito interno<\/h3>\n<p>Ap\u00f3s a opera\u00e7\u00e3o, Moedas ordenou um inqu\u00e9rito administrativo \u00e0 Secretaria-Geral. O foco est\u00e1 nos procedimentos que levaram \u00e0 celebra\u00e7\u00e3o do protocolo para as ilumina\u00e7\u00f5es de Natal com a Uni\u00e3o de Associa\u00e7\u00f5es do Com\u00e9rcio e Servi\u00e7os.<\/p>\n","protected":false},"excerpt":{"rendered":"<ul>\n<li>O presidente da C\u00e2mara de Lisboa, Carlos Moedas, negou ilegalidade na perman\u00eancia de Alberto Laplaine Guimar\u00e3es como secret\u00e1rio-geral e qualificou como \u201cdesconhecimento preocupante\u201d as cr\u00edticas de Alexandra Leit\u00e3o.<\/li>\n<li>Segundo o gabinete de Moedas, os limites temporais de cinco mais cinco anos aplicam-se apenas a dirigentes nomeados ap\u00f3s concurso ou em regime de comiss\u00e3o de servi\u00e7o, o que, afirma, n\u00e3o \u00e9 o caso.<\/li>\n<li>Alexandra Leit\u00e3o defendia que Laplaine Guimar\u00e3es deveria ter sido substitu\u00eddo em 2024, com base num m\u00e1ximo de dez anos consecutivos para cargos de dire\u00e7\u00e3o superior; a socialista aponta responsabilidade pol\u00edtica de Moedas.<\/li>\n<li>A pol\u00e9mica ocorre num contexto em que o secret\u00e1rio-geral foi detido pela Pol\u00edcia Judici\u00e1ria no \u00e2mbito da opera\u00e7\u00e3o \u201cL\u00famen\u201d, que investiga contratos de ilumina\u00e7\u00f5es festivas e poss\u00edvel corrup\u00e7\u00e3o.<\/li>\n<li>O Bloco de Esquerda solicita esclarecimentos sobre o funcionamento do canal de den\u00fancias da c\u00e2mara e pediu um pedido de inqu\u00e9rito interno sobre substitui\u00e7\u00e3o do secret\u00e1rio-geral e medidas para assegurar o normal funcionamento dos servi\u00e7os.<\/li>\n<\/ul>\n","protected":false},"author":2,"featured_media":417684,"comment_status":"closed","ping_status":"closed","sticky":false,"template":"","format":"standard","meta":{"footnotes":""},"categories":[5,6871],"tags":[3371,83,981,1802,2832,2144],"class_list":["post-417680","post","type-post","status-publish","format-standard","has-post-thumbnail","hentry","category-politica","category-sociedade","tag-bloco-de-esquerda","tag-corrupcao","tag-lisboa","tag-policia-judiciaria","tag-politica","tag-ps"],"yoast_head":"<!-- This site is optimized with the Yoast SEO plugin v27.2 - https:\/\/yoast.com\/product\/yoast-seo-wordpress\/ -->\n<title>Moedas nega ilegalidade com secret\u00e1rio-geral e ataca PS - Portal Tela Portugal<\/title>\n<meta name=\"robots\" content=\"index, follow, max-snippet:-1, max-image-preview:large, max-video-preview:-1\" \/>\n<meta property=\"og:locale\" content=\"pt_PT\" \/>\n<meta property=\"og:type\" content=\"article\" \/>\n<meta property=\"og:title\" content=\"Moedas nega ilegalidade com secret\u00e1rio-geral e ataca PS - Portal Tela Portugal\" \/>\n<meta property=\"og:description\" content=\"O presidente da C\u00e2mara de Lisboa, Carlos Moedas, negou ilegalidade na perman\u00eancia de Alberto Laplaine Guimar\u00e3es como secret\u00e1rio-geral e qualificou como \u201cdesconhecimento preocupante\u201d as cr\u00edticas de Alexandra Leit\u00e3o. Segundo o gabinete de Moedas, os limites temporais de cinco mais cinco anos aplicam-se apenas a dirigentes nomeados ap\u00f3s concurso ou em regime de comiss\u00e3o de servi\u00e7o, o que, afirma, n\u00e3o \u00e9 o caso. Alexandra Leit\u00e3o defendia que Laplaine Guimar\u00e3es deveria ter sido substitu\u00eddo em 2024, com base num m\u00e1ximo de dez anos consecutivos para cargos de dire\u00e7\u00e3o superior; a socialista aponta responsabilidade pol\u00edtica de Moedas. A pol\u00e9mica ocorre num contexto em que o secret\u00e1rio-geral foi detido pela Pol\u00edcia Judici\u00e1ria no \u00e2mbito da opera\u00e7\u00e3o \u201cL\u00famen\u201d, que investiga contratos de ilumina\u00e7\u00f5es festivas e poss\u00edvel corrup\u00e7\u00e3o. O Bloco de Esquerda solicita esclarecimentos sobre o funcionamento do canal de den\u00fancias da c\u00e2mara e pediu um pedido de inqu\u00e9rito interno sobre substitui\u00e7\u00e3o do secret\u00e1rio-geral e medidas para assegurar o normal funcionamento dos servi\u00e7os.\" \/>\n<meta property=\"og:url\" content=\"https:\/\/portaltela.pt\/noticias\/2026\/03\/20\/moedas-nega-ilegalidade-com-secretario-geral-e-ataca-ps\/\" \/>\n<meta property=\"og:site_name\" content=\"Portal Tela Portugal\" \/>\n<meta property=\"article:published_time\" content=\"2026-03-20T16:53:00+00:00\" \/>\n<meta name=\"author\" content=\"Telinha\" \/>\n<meta name=\"twitter:card\" content=\"summary_large_image\" \/>\n<meta name=\"twitter:label1\" content=\"Escrito por\" \/>\n\t<meta name=\"twitter:data1\" content=\"Telinha\" \/>\n\t<meta name=\"twitter:label2\" content=\"Tempo estimado de leitura\" \/>\n\t<meta name=\"twitter:data2\" content=\"1 minuto\" \/>\n<script type=\"application\/ld+json\" class=\"yoast-schema-graph\">{\"@context\":\"https:\/\/schema.org\",\"@graph\":[{\"@type\":\"Article\",\"@id\":\"https:\/\/portaltela.pt\/noticias\/2026\/03\/20\/moedas-nega-ilegalidade-com-secretario-geral-e-ataca-ps\/#article\",\"isPartOf\":{\"@id\":\"https:\/\/portaltela.pt\/noticias\/2026\/03\/20\/moedas-nega-ilegalidade-com-secretario-geral-e-ataca-ps\/\"},\"author\":{\"name\":\"Telinha\",\"@id\":\"https:\/\/portaltela.pt\/#\/schema\/person\/c4278d4a6028830caff9ee44b42d32ed\"},\"headline\":\"Moedas nega ilegalidade com secret\u00e1rio-geral e ataca PS\",\"datePublished\":\"2026-03-20T16:53:00+00:00\",\"mainEntityOfPage\":{\"@id\":\"https:\/\/portaltela.pt\/noticias\/2026\/03\/20\/moedas-nega-ilegalidade-com-secretario-geral-e-ataca-ps\/\"},\"wordCount\":285,\"image\":{\"@id\":\"https:\/\/portaltela.pt\/noticias\/2026\/03\/20\/moedas-nega-ilegalidade-com-secretario-geral-e-ataca-ps\/#primaryimage\"},\"thumbnailUrl\":\"https:\/\/portaltela.pt\/s.01k8rhncp4jt1\/2026\/03\/image-1360.jpg\",\"keywords\":[\"Bloco de Esquerda\",\"corrup\u00e7\u00e3o\",\"Lisboa\",\"Pol\u00edcia Judici\u00e1ria\",\"pol\u00edtica\",\"PS\"],\"articleSection\":[\"Pol\u00edtica\",\"Sociedade\"],\"inLanguage\":\"pt-PT\"},{\"@type\":\"WebPage\",\"@id\":\"https:\/\/portaltela.pt\/noticias\/2026\/03\/20\/moedas-nega-ilegalidade-com-secretario-geral-e-ataca-ps\/\",\"url\":\"https:\/\/portaltela.pt\/noticias\/2026\/03\/20\/moedas-nega-ilegalidade-com-secretario-geral-e-ataca-ps\/\",\"name\":\"Moedas nega ilegalidade com secret\u00e1rio-geral e ataca PS - Portal Tela Portugal\",\"isPartOf\":{\"@id\":\"https:\/\/portaltela.pt\/#website\"},\"primaryImageOfPage\":{\"@id\":\"https:\/\/portaltela.pt\/noticias\/2026\/03\/20\/moedas-nega-ilegalidade-com-secretario-geral-e-ataca-ps\/#primaryimage\"},\"image\":{\"@id\":\"https:\/\/portaltela.pt\/noticias\/2026\/03\/20\/moedas-nega-ilegalidade-com-secretario-geral-e-ataca-ps\/#primaryimage\"},\"thumbnailUrl\":\"https:\/\/portaltela.pt\/s.01k8rhncp4jt1\/2026\/03\/image-1360.jpg\",\"datePublished\":\"2026-03-20T16:53:00+00:00\",\"author\":{\"@id\":\"https:\/\/portaltela.pt\/#\/schema\/person\/c4278d4a6028830caff9ee44b42d32ed\"},\"breadcrumb\":{\"@id\":\"https:\/\/portaltela.pt\/noticias\/2026\/03\/20\/moedas-nega-ilegalidade-com-secretario-geral-e-ataca-ps\/#breadcrumb\"},\"inLanguage\":\"pt-PT\",\"potentialAction\":[{\"@type\":\"ReadAction\",\"target\":[\"https:\/\/portaltela.pt\/noticias\/2026\/03\/20\/moedas-nega-ilegalidade-com-secretario-geral-e-ataca-ps\/\"]}]},{\"@type\":\"ImageObject\",\"inLanguage\":\"pt-PT\",\"@id\":\"https:\/\/portaltela.pt\/noticias\/2026\/03\/20\/moedas-nega-ilegalidade-com-secretario-geral-e-ataca-ps\/#primaryimage\",\"url\":\"https:\/\/portaltela.pt\/s.01k8rhncp4jt1\/2026\/03\/image-1360.jpg\",\"contentUrl\":\"https:\/\/portaltela.pt\/s.01k8rhncp4jt1\/2026\/03\/image-1360.jpg\",\"width\":796,\"height\":448,\"caption\":\"Carlos Moedas muito cr\u00edtico com Alexandra Leit\u00e3o\"},{\"@type\":\"BreadcrumbList\",\"@id\":\"https:\/\/portaltela.pt\/noticias\/2026\/03\/20\/moedas-nega-ilegalidade-com-secretario-geral-e-ataca-ps\/#breadcrumb\",\"itemListElement\":[{\"@type\":\"ListItem\",\"position\":1,\"name\":\"In\u00edcio\",\"item\":\"https:\/\/portaltela.pt\/\"},{\"@type\":\"ListItem\",\"position\":2,\"name\":\"Moedas nega ilegalidade com secret\u00e1rio-geral e ataca PS\"}]},{\"@type\":\"WebSite\",\"@id\":\"https:\/\/portaltela.pt\/#website\",\"url\":\"https:\/\/portaltela.pt\/\",\"name\":\"Portal Tela Portugal\",\"description\":\"\",\"potentialAction\":[{\"@type\":\"SearchAction\",\"target\":{\"@type\":\"EntryPoint\",\"urlTemplate\":\"https:\/\/portaltela.pt\/?s={search_term_string}\"},\"query-input\":{\"@type\":\"PropertyValueSpecification\",\"valueRequired\":true,\"valueName\":\"search_term_string\"}}],\"inLanguage\":\"pt-PT\"},{\"@type\":\"Person\",\"@id\":\"https:\/\/portaltela.pt\/#\/schema\/person\/c4278d4a6028830caff9ee44b42d32ed\",\"name\":\"Telinha\",\"image\":{\"@type\":\"ImageObject\",\"inLanguage\":\"pt-PT\",\"@id\":\"https:\/\/portaltela.pt\/s.01k8rhncp4jt1\/2025\/11\/talking-bot-125x125.png\",\"url\":\"https:\/\/portaltela.pt\/s.01k8rhncp4jt1\/2025\/11\/talking-bot-125x125.png\",\"contentUrl\":\"https:\/\/portaltela.pt\/s.01k8rhncp4jt1\/2025\/11\/talking-bot-125x125.png\",\"caption\":\"Telinha\"},\"sameAs\":[\"https:\/\/portaltela.pt\/\"],\"url\":\"https:\/\/portaltela.pt\/por\/367410592786\/\"}]}<\/script>\n<!-- \/ Yoast SEO plugin. -->","yoast_head_json":{"title":"Moedas nega ilegalidade com secret\u00e1rio-geral e ataca PS - Portal Tela Portugal","robots":{"index":"index","follow":"follow","max-snippet":"max-snippet:-1","max-image-preview":"max-image-preview:large","max-video-preview":"max-video-preview:-1"},"og_locale":"pt_PT","og_type":"article","og_title":"Moedas nega ilegalidade com secret\u00e1rio-geral e ataca PS - Portal Tela Portugal","og_description":"O presidente da C\u00e2mara de Lisboa, Carlos Moedas, negou ilegalidade na perman\u00eancia de Alberto Laplaine Guimar\u00e3es como secret\u00e1rio-geral e qualificou como \u201cdesconhecimento preocupante\u201d as cr\u00edticas de Alexandra Leit\u00e3o. Segundo o gabinete de Moedas, os limites temporais de cinco mais cinco anos aplicam-se apenas a dirigentes nomeados ap\u00f3s concurso ou em regime de comiss\u00e3o de servi\u00e7o, o que, afirma, n\u00e3o \u00e9 o caso. Alexandra Leit\u00e3o defendia que Laplaine Guimar\u00e3es deveria ter sido substitu\u00eddo em 2024, com base num m\u00e1ximo de dez anos consecutivos para cargos de dire\u00e7\u00e3o superior; a socialista aponta responsabilidade pol\u00edtica de Moedas. A pol\u00e9mica ocorre num contexto em que o secret\u00e1rio-geral foi detido pela Pol\u00edcia Judici\u00e1ria no \u00e2mbito da opera\u00e7\u00e3o \u201cL\u00famen\u201d, que investiga contratos de ilumina\u00e7\u00f5es festivas e poss\u00edvel corrup\u00e7\u00e3o. O Bloco de Esquerda solicita esclarecimentos sobre o funcionamento do canal de den\u00fancias da c\u00e2mara e pediu um pedido de inqu\u00e9rito interno sobre substitui\u00e7\u00e3o do secret\u00e1rio-geral e medidas para assegurar o normal funcionamento dos servi\u00e7os.","og_url":"https:\/\/portaltela.pt\/noticias\/2026\/03\/20\/moedas-nega-ilegalidade-com-secretario-geral-e-ataca-ps\/","og_site_name":"Portal Tela Portugal","article_published_time":"2026-03-20T16:53:00+00:00","author":"Telinha","twitter_card":"summary_large_image","twitter_misc":{"Escrito por":"Telinha","Tempo estimado de leitura":"1 minuto"},"schema":{"@context":"https:\/\/schema.org","@graph":[{"@type":"Article","@id":"https:\/\/portaltela.pt\/noticias\/2026\/03\/20\/moedas-nega-ilegalidade-com-secretario-geral-e-ataca-ps\/#article","isPartOf":{"@id":"https:\/\/portaltela.pt\/noticias\/2026\/03\/20\/moedas-nega-ilegalidade-com-secretario-geral-e-ataca-ps\/"},"author":{"name":"Telinha","@id":"https:\/\/portaltela.pt\/#\/schema\/person\/c4278d4a6028830caff9ee44b42d32ed"},"headline":"Moedas nega ilegalidade com secret\u00e1rio-geral e ataca PS","datePublished":"2026-03-20T16:53:00+00:00","mainEntityOfPage":{"@id":"https:\/\/portaltela.pt\/noticias\/2026\/03\/20\/moedas-nega-ilegalidade-com-secretario-geral-e-ataca-ps\/"},"wordCount":285,"image":{"@id":"https:\/\/portaltela.pt\/noticias\/2026\/03\/20\/moedas-nega-ilegalidade-com-secretario-geral-e-ataca-ps\/#primaryimage"},"thumbnailUrl":"https:\/\/portaltela.pt\/s.01k8rhncp4jt1\/2026\/03\/image-1360.jpg","keywords":["Bloco de Esquerda","corrup\u00e7\u00e3o","Lisboa","Pol\u00edcia Judici\u00e1ria","pol\u00edtica","PS"],"articleSection":["Pol\u00edtica","Sociedade"],"inLanguage":"pt-PT"},{"@type":"WebPage","@id":"https:\/\/portaltela.pt\/noticias\/2026\/03\/20\/moedas-nega-ilegalidade-com-secretario-geral-e-ataca-ps\/","url":"https:\/\/portaltela.pt\/noticias\/2026\/03\/20\/moedas-nega-ilegalidade-com-secretario-geral-e-ataca-ps\/","name":"Moedas nega ilegalidade com secret\u00e1rio-geral e ataca PS - Portal Tela Portugal","isPartOf":{"@id":"https:\/\/portaltela.pt\/#website"},"primaryImageOfPage":{"@id":"https:\/\/portaltela.pt\/noticias\/2026\/03\/20\/moedas-nega-ilegalidade-com-secretario-geral-e-ataca-ps\/#primaryimage"},"image":{"@id":"https:\/\/portaltela.pt\/noticias\/2026\/03\/20\/moedas-nega-ilegalidade-com-secretario-geral-e-ataca-ps\/#primaryimage"},"thumbnailUrl":"https:\/\/portaltela.pt\/s.01k8rhncp4jt1\/2026\/03\/image-1360.jpg","datePublished":"2026-03-20T16:53:00+00:00","author":{"@id":"https:\/\/portaltela.pt\/#\/schema\/person\/c4278d4a6028830caff9ee44b42d32ed"},"breadcrumb":{"@id":"https:\/\/portaltela.pt\/noticias\/2026\/03\/20\/moedas-nega-ilegalidade-com-secretario-geral-e-ataca-ps\/#breadcrumb"},"inLanguage":"pt-PT","potentialAction":[{"@type":"ReadAction","target":["https:\/\/portaltela.pt\/noticias\/2026\/03\/20\/moedas-nega-ilegalidade-com-secretario-geral-e-ataca-ps\/"]}]},{"@type":"ImageObject","inLanguage":"pt-PT","@id":"https:\/\/portaltela.pt\/noticias\/2026\/03\/20\/moedas-nega-ilegalidade-com-secretario-geral-e-ataca-ps\/#primaryimage","url":"https:\/\/portaltela.pt\/s.01k8rhncp4jt1\/2026\/03\/image-1360.jpg","contentUrl":"https:\/\/portaltela.pt\/s.01k8rhncp4jt1\/2026\/03\/image-1360.jpg","width":796,"height":448,"caption":"Carlos Moedas muito cr\u00edtico com Alexandra Leit\u00e3o"},{"@type":"BreadcrumbList","@id":"https:\/\/portaltela.pt\/noticias\/2026\/03\/20\/moedas-nega-ilegalidade-com-secretario-geral-e-ataca-ps\/#breadcrumb","itemListElement":[{"@type":"ListItem","position":1,"name":"In\u00edcio","item":"https:\/\/portaltela.pt\/"},{"@type":"ListItem","position":2,"name":"Moedas nega ilegalidade com secret\u00e1rio-geral e ataca PS"}]},{"@type":"WebSite","@id":"https:\/\/portaltela.pt\/#website","url":"https:\/\/portaltela.pt\/","name":"Portal Tela Portugal","description":"","potentialAction":[{"@type":"SearchAction","target":{"@type":"EntryPoint","urlTemplate":"https:\/\/portaltela.pt\/?s={search_term_string}"},"query-input":{"@type":"PropertyValueSpecification","valueRequired":true,"valueName":"search_term_string"}}],"inLanguage":"pt-PT"},{"@type":"Person","@id":"https:\/\/portaltela.pt\/#\/schema\/person\/c4278d4a6028830caff9ee44b42d32ed","name":"Telinha","image":{"@type":"ImageObject","inLanguage":"pt-PT","@id":"https:\/\/portaltela.pt\/s.01k8rhncp4jt1\/2025\/11\/talking-bot-125x125.png","url":"https:\/\/portaltela.pt\/s.01k8rhncp4jt1\/2025\/11\/talking-bot-125x125.png","contentUrl":"https:\/\/portaltela.pt\/s.01k8rhncp4jt1\/2025\/11\/talking-bot-125x125.png","caption":"Telinha"},"sameAs":["https:\/\/portaltela.pt\/"],"url":"https:\/\/portaltela.pt\/por\/367410592786\/"}]}},"_links":{"self":[{"href":"https:\/\/portaltela.pt\/api\/wp\/v2\/posts\/417680","targetHints":{"allow":["GET"]}}],"collection":[{"href":"https:\/\/portaltela.pt\/api\/wp\/v2\/posts"}],"about":[{"href":"https:\/\/portaltela.pt\/api\/wp\/v2\/types\/post"}],"author":[{"embeddable":true,"href":"https:\/\/portaltela.pt\/api\/wp\/v2\/users\/2"}],"replies":[{"embeddable":true,"href":"https:\/\/portaltela.pt\/api\/wp\/v2\/comments?post=417680"}],"version-history":[{"count":0,"href":"https:\/\/portaltela.pt\/api\/wp\/v2\/posts\/417680\/revisions"}],"wp:featuredmedia":[{"embeddable":true,"href":"https:\/\/portaltela.pt\/api\/wp\/v2\/media\/417684"}],"wp:attachment":[{"href":"https:\/\/portaltela.pt\/api\/wp\/v2\/media?parent=417680"}],"wp:term":[{"taxonomy":"category","embeddable":true,"href":"https:\/\/portaltela.pt\/api\/wp\/v2\/categories?post=417680"},{"taxonomy":"post_tag","embeddable":true,"href":"https:\/\/portaltela.pt\/api\/wp\/v2\/tags?post=417680"}],"curies":[{"name":"wp","href":"https:\/\/api.w.org\/{rel}","templated":true}]}}