{"id":417674,"date":"2026-03-20T12:21:00","date_gmt":"2026-03-20T15:21:00","guid":{"rendered":"https:\/\/portaltela.pt\/noticias\/2026\/03\/20\/psd-pede-recato-sobre-orgaos-externos-e-afirma-que-maiorias-sao-admissiveis\/"},"modified":"2026-03-20T12:21:00","modified_gmt":"2026-03-20T15:21:00","slug":"psd-pede-recato-sobre-orgaos-externos-e-afirma-que-maiorias-sao-admissiveis","status":"publish","type":"post","link":"https:\/\/portaltela.pt\/noticias\/politica\/2026\/03\/20\/psd-pede-recato-sobre-orgaos-externos-e-afirma-que-maiorias-sao-admissiveis\/","title":{"rendered":"PSD pede recato sobre \u00f3rg\u00e3os externos e afirma que maiorias s\u00e3o admiss\u00edveis"},"content":{"rendered":"<p>O PSD pediu recato sobre a atua\u00e7\u00e3o de \u00f3rg\u00e3os externos e afirmou que \u201ctodas as maiorias s\u00e3o admiss\u00edveis\u201d. A afirma\u00e7\u00e3o surge no \u00e2mbito de declara\u00e7\u00f5es do partido sobre estruturas e decis\u00f5es que envolvem entidades fora do \u00f3rg\u00e3o pol\u00edtico principal.<\/p>\n<p>Segundo o conte\u00fado dispon\u00edvel, ainda inacess\u00edvel na \u00edntegra, o PSD sustenta a necessidade de discri\u00e7\u00e3o quanto a influ\u00eancias externas e mant\u00e9m uma posi\u00e7\u00e3o flex\u00edvel sobre os tipos de maiorias que podem operar em determinadas decis\u00f5es. As motiva\u00e7\u00f5es n\u00e3o est\u00e3o totalmente publicadas.<\/p>\n<p>Detalhes adicionais, incluindo o contexto temporal, local e as poss\u00edveis consequ\u00eancias pol\u00edticas, permanecem indispon\u00edveis para subscritores. A reda\u00e7\u00e3o mant\u00e9m o foco em informa\u00e7\u00f5es verificados e apresentadas pela ag\u00eancia, sem extrapola\u00e7\u00f5es.<\/p>\n","protected":false},"excerpt":{"rendered":"<ul>\n<li>O PSD pediu recato sobre \u00f3rg\u00e3os externos.<\/li>\n<li>O partido disse que todas as maiorias s\u00e3o admiss\u00edveis.<\/li>\n<li>A not\u00edcia completa est\u00e1 dispon\u00edvel apenas para subscritores.<\/li>\n<li>O acesso requer entrada na \u00e1rea de subscri\u00e7\u00e3o.<\/li>\n<\/ul>\n","protected":false},"author":2,"featured_media":417675,"comment_status":"closed","ping_status":"closed","sticky":false,"template":"","format":"standard","meta":{"footnotes":""},"categories":[6912,5],"tags":[34,1732,2832,5698,3695,2458],"class_list":["post-417674","post","type-post","status-publish","format-standard","has-post-thumbnail","hentry","category-internacionais","category-politica","tag-governo","tag-partidos","tag-politica","tag-politica-internacional","tag-psd","tag-psd-cds"],"yoast_head":"<!-- This site is optimized with the Yoast SEO plugin v27.2 - https:\/\/yoast.com\/product\/yoast-seo-wordpress\/ -->\n<title>PSD pede recato sobre \u00f3rg\u00e3os externos e afirma que maiorias s\u00e3o admiss\u00edveis - Portal Tela Portugal<\/title>\n<meta name=\"robots\" content=\"index, follow, max-snippet:-1, max-image-preview:large, max-video-preview:-1\" \/>\n<meta property=\"og:locale\" content=\"pt_PT\" \/>\n<meta property=\"og:type\" content=\"article\" \/>\n<meta property=\"og:title\" content=\"PSD pede recato sobre \u00f3rg\u00e3os externos e afirma que maiorias s\u00e3o admiss\u00edveis - Portal Tela Portugal\" \/>\n<meta property=\"og:description\" content=\"O PSD pediu recato sobre \u00f3rg\u00e3os externos. O partido disse que todas as maiorias s\u00e3o admiss\u00edveis. A not\u00edcia completa est\u00e1 dispon\u00edvel apenas para subscritores. O acesso requer entrada na \u00e1rea de subscri\u00e7\u00e3o.\" \/>\n<meta property=\"og:url\" content=\"https:\/\/portaltela.pt\/noticias\/2026\/03\/20\/psd-pede-recato-sobre-orgaos-externos-e-afirma-que-maiorias-sao-admissiveis\/\" \/>\n<meta property=\"og:site_name\" content=\"Portal Tela Portugal\" \/>\n<meta property=\"article:published_time\" content=\"2026-03-20T15:21:00+00:00\" \/>\n<meta name=\"author\" content=\"Telinha\" \/>\n<meta name=\"twitter:card\" content=\"summary_large_image\" \/>\n<meta name=\"twitter:label1\" content=\"Escrito por\" \/>\n\t<meta name=\"twitter:data1\" content=\"Telinha\" \/>\n\t<meta name=\"twitter:label2\" content=\"Tempo estimado de leitura\" \/>\n\t<meta name=\"twitter:data2\" content=\"1 minuto\" \/>\n<script type=\"application\/ld+json\" class=\"yoast-schema-graph\">{\"@context\":\"https:\/\/schema.org\",\"@graph\":[{\"@type\":\"Article\",\"@id\":\"https:\/\/portaltela.pt\/noticias\/2026\/03\/20\/psd-pede-recato-sobre-orgaos-externos-e-afirma-que-maiorias-sao-admissiveis\/#article\",\"isPartOf\":{\"@id\":\"https:\/\/portaltela.pt\/noticias\/2026\/03\/20\/psd-pede-recato-sobre-orgaos-externos-e-afirma-que-maiorias-sao-admissiveis\/\"},\"author\":{\"name\":\"Telinha\",\"@id\":\"https:\/\/portaltela.pt\/#\/schema\/person\/c4278d4a6028830caff9ee44b42d32ed\"},\"headline\":\"PSD pede recato sobre \u00f3rg\u00e3os externos e afirma que maiorias s\u00e3o admiss\u00edveis\",\"datePublished\":\"2026-03-20T15:21:00+00:00\",\"mainEntityOfPage\":{\"@id\":\"https:\/\/portaltela.pt\/noticias\/2026\/03\/20\/psd-pede-recato-sobre-orgaos-externos-e-afirma-que-maiorias-sao-admissiveis\/\"},\"wordCount\":155,\"image\":{\"@id\":\"https:\/\/portaltela.pt\/noticias\/2026\/03\/20\/psd-pede-recato-sobre-orgaos-externos-e-afirma-que-maiorias-sao-admissiveis\/#primaryimage\"},\"thumbnailUrl\":\"https:\/\/portaltela.pt\/s.01k8rhncp4jt1\/2026\/03\/CACHE_780X1200_ANALOG_WATERMARKED_46686342_5840511_04032026033829-1.jpg\",\"keywords\":[\"governo\",\"partidos\",\"pol\u00edtica\",\"pol\u00edtica internacional\",\"PSD\",\"PSD\/CDS\"],\"articleSection\":[\"Internacionais\",\"Pol\u00edtica\"],\"inLanguage\":\"pt-PT\"},{\"@type\":\"WebPage\",\"@id\":\"https:\/\/portaltela.pt\/noticias\/2026\/03\/20\/psd-pede-recato-sobre-orgaos-externos-e-afirma-que-maiorias-sao-admissiveis\/\",\"url\":\"https:\/\/portaltela.pt\/noticias\/2026\/03\/20\/psd-pede-recato-sobre-orgaos-externos-e-afirma-que-maiorias-sao-admissiveis\/\",\"name\":\"PSD pede recato sobre \u00f3rg\u00e3os externos e afirma que maiorias s\u00e3o admiss\u00edveis - Portal Tela Portugal\",\"isPartOf\":{\"@id\":\"https:\/\/portaltela.pt\/#website\"},\"primaryImageOfPage\":{\"@id\":\"https:\/\/portaltela.pt\/noticias\/2026\/03\/20\/psd-pede-recato-sobre-orgaos-externos-e-afirma-que-maiorias-sao-admissiveis\/#primaryimage\"},\"image\":{\"@id\":\"https:\/\/portaltela.pt\/noticias\/2026\/03\/20\/psd-pede-recato-sobre-orgaos-externos-e-afirma-que-maiorias-sao-admissiveis\/#primaryimage\"},\"thumbnailUrl\":\"https:\/\/portaltela.pt\/s.01k8rhncp4jt1\/2026\/03\/CACHE_780X1200_ANALOG_WATERMARKED_46686342_5840511_04032026033829-1.jpg\",\"datePublished\":\"2026-03-20T15:21:00+00:00\",\"author\":{\"@id\":\"https:\/\/portaltela.pt\/#\/schema\/person\/c4278d4a6028830caff9ee44b42d32ed\"},\"breadcrumb\":{\"@id\":\"https:\/\/portaltela.pt\/noticias\/2026\/03\/20\/psd-pede-recato-sobre-orgaos-externos-e-afirma-que-maiorias-sao-admissiveis\/#breadcrumb\"},\"inLanguage\":\"pt-PT\",\"potentialAction\":[{\"@type\":\"ReadAction\",\"target\":[\"https:\/\/portaltela.pt\/noticias\/2026\/03\/20\/psd-pede-recato-sobre-orgaos-externos-e-afirma-que-maiorias-sao-admissiveis\/\"]}]},{\"@type\":\"ImageObject\",\"inLanguage\":\"pt-PT\",\"@id\":\"https:\/\/portaltela.pt\/noticias\/2026\/03\/20\/psd-pede-recato-sobre-orgaos-externos-e-afirma-que-maiorias-sao-admissiveis\/#primaryimage\",\"url\":\"https:\/\/portaltela.pt\/s.01k8rhncp4jt1\/2026\/03\/CACHE_780X1200_ANALOG_WATERMARKED_46686342_5840511_04032026033829-1.jpg\",\"contentUrl\":\"https:\/\/portaltela.pt\/s.01k8rhncp4jt1\/2026\/03\/CACHE_780X1200_ANALOG_WATERMARKED_46686342_5840511_04032026033829-1.jpg\",\"width\":796,\"height\":448,\"caption\":\"PSD pede recato sobre \u00f3rg\u00e3os externos e diz que todas as maiorias \u201cs\u00e3o admiss\u00edveis\u201d\"},{\"@type\":\"BreadcrumbList\",\"@id\":\"https:\/\/portaltela.pt\/noticias\/2026\/03\/20\/psd-pede-recato-sobre-orgaos-externos-e-afirma-que-maiorias-sao-admissiveis\/#breadcrumb\",\"itemListElement\":[{\"@type\":\"ListItem\",\"position\":1,\"name\":\"In\u00edcio\",\"item\":\"https:\/\/portaltela.pt\/\"},{\"@type\":\"ListItem\",\"position\":2,\"name\":\"PSD pede recato sobre \u00f3rg\u00e3os externos e afirma que maiorias s\u00e3o admiss\u00edveis\"}]},{\"@type\":\"WebSite\",\"@id\":\"https:\/\/portaltela.pt\/#website\",\"url\":\"https:\/\/portaltela.pt\/\",\"name\":\"Portal Tela Portugal\",\"description\":\"\",\"potentialAction\":[{\"@type\":\"SearchAction\",\"target\":{\"@type\":\"EntryPoint\",\"urlTemplate\":\"https:\/\/portaltela.pt\/?s={search_term_string}\"},\"query-input\":{\"@type\":\"PropertyValueSpecification\",\"valueRequired\":true,\"valueName\":\"search_term_string\"}}],\"inLanguage\":\"pt-PT\"},{\"@type\":\"Person\",\"@id\":\"https:\/\/portaltela.pt\/#\/schema\/person\/c4278d4a6028830caff9ee44b42d32ed\",\"name\":\"Telinha\",\"image\":{\"@type\":\"ImageObject\",\"inLanguage\":\"pt-PT\",\"@id\":\"https:\/\/portaltela.pt\/s.01k8rhncp4jt1\/2025\/11\/talking-bot-125x125.png\",\"url\":\"https:\/\/portaltela.pt\/s.01k8rhncp4jt1\/2025\/11\/talking-bot-125x125.png\",\"contentUrl\":\"https:\/\/portaltela.pt\/s.01k8rhncp4jt1\/2025\/11\/talking-bot-125x125.png\",\"caption\":\"Telinha\"},\"sameAs\":[\"https:\/\/portaltela.pt\/\"],\"url\":\"https:\/\/portaltela.pt\/por\/367410592786\/\"}]}<\/script>\n<!-- \/ Yoast SEO plugin. -->","yoast_head_json":{"title":"PSD pede recato sobre \u00f3rg\u00e3os externos e afirma que maiorias s\u00e3o admiss\u00edveis - Portal Tela Portugal","robots":{"index":"index","follow":"follow","max-snippet":"max-snippet:-1","max-image-preview":"max-image-preview:large","max-video-preview":"max-video-preview:-1"},"og_locale":"pt_PT","og_type":"article","og_title":"PSD pede recato sobre \u00f3rg\u00e3os externos e afirma que maiorias s\u00e3o admiss\u00edveis - Portal Tela Portugal","og_description":"O PSD pediu recato sobre \u00f3rg\u00e3os externos. O partido disse que todas as maiorias s\u00e3o admiss\u00edveis. A not\u00edcia completa est\u00e1 dispon\u00edvel apenas para subscritores. O acesso requer entrada na \u00e1rea de subscri\u00e7\u00e3o.","og_url":"https:\/\/portaltela.pt\/noticias\/2026\/03\/20\/psd-pede-recato-sobre-orgaos-externos-e-afirma-que-maiorias-sao-admissiveis\/","og_site_name":"Portal Tela Portugal","article_published_time":"2026-03-20T15:21:00+00:00","author":"Telinha","twitter_card":"summary_large_image","twitter_misc":{"Escrito por":"Telinha","Tempo estimado de leitura":"1 minuto"},"schema":{"@context":"https:\/\/schema.org","@graph":[{"@type":"Article","@id":"https:\/\/portaltela.pt\/noticias\/2026\/03\/20\/psd-pede-recato-sobre-orgaos-externos-e-afirma-que-maiorias-sao-admissiveis\/#article","isPartOf":{"@id":"https:\/\/portaltela.pt\/noticias\/2026\/03\/20\/psd-pede-recato-sobre-orgaos-externos-e-afirma-que-maiorias-sao-admissiveis\/"},"author":{"name":"Telinha","@id":"https:\/\/portaltela.pt\/#\/schema\/person\/c4278d4a6028830caff9ee44b42d32ed"},"headline":"PSD pede recato sobre \u00f3rg\u00e3os externos e afirma que maiorias s\u00e3o admiss\u00edveis","datePublished":"2026-03-20T15:21:00+00:00","mainEntityOfPage":{"@id":"https:\/\/portaltela.pt\/noticias\/2026\/03\/20\/psd-pede-recato-sobre-orgaos-externos-e-afirma-que-maiorias-sao-admissiveis\/"},"wordCount":155,"image":{"@id":"https:\/\/portaltela.pt\/noticias\/2026\/03\/20\/psd-pede-recato-sobre-orgaos-externos-e-afirma-que-maiorias-sao-admissiveis\/#primaryimage"},"thumbnailUrl":"https:\/\/portaltela.pt\/s.01k8rhncp4jt1\/2026\/03\/CACHE_780X1200_ANALOG_WATERMARKED_46686342_5840511_04032026033829-1.jpg","keywords":["governo","partidos","pol\u00edtica","pol\u00edtica internacional","PSD","PSD\/CDS"],"articleSection":["Internacionais","Pol\u00edtica"],"inLanguage":"pt-PT"},{"@type":"WebPage","@id":"https:\/\/portaltela.pt\/noticias\/2026\/03\/20\/psd-pede-recato-sobre-orgaos-externos-e-afirma-que-maiorias-sao-admissiveis\/","url":"https:\/\/portaltela.pt\/noticias\/2026\/03\/20\/psd-pede-recato-sobre-orgaos-externos-e-afirma-que-maiorias-sao-admissiveis\/","name":"PSD pede recato sobre \u00f3rg\u00e3os externos e afirma que maiorias s\u00e3o admiss\u00edveis - Portal Tela Portugal","isPartOf":{"@id":"https:\/\/portaltela.pt\/#website"},"primaryImageOfPage":{"@id":"https:\/\/portaltela.pt\/noticias\/2026\/03\/20\/psd-pede-recato-sobre-orgaos-externos-e-afirma-que-maiorias-sao-admissiveis\/#primaryimage"},"image":{"@id":"https:\/\/portaltela.pt\/noticias\/2026\/03\/20\/psd-pede-recato-sobre-orgaos-externos-e-afirma-que-maiorias-sao-admissiveis\/#primaryimage"},"thumbnailUrl":"https:\/\/portaltela.pt\/s.01k8rhncp4jt1\/2026\/03\/CACHE_780X1200_ANALOG_WATERMARKED_46686342_5840511_04032026033829-1.jpg","datePublished":"2026-03-20T15:21:00+00:00","author":{"@id":"https:\/\/portaltela.pt\/#\/schema\/person\/c4278d4a6028830caff9ee44b42d32ed"},"breadcrumb":{"@id":"https:\/\/portaltela.pt\/noticias\/2026\/03\/20\/psd-pede-recato-sobre-orgaos-externos-e-afirma-que-maiorias-sao-admissiveis\/#breadcrumb"},"inLanguage":"pt-PT","potentialAction":[{"@type":"ReadAction","target":["https:\/\/portaltela.pt\/noticias\/2026\/03\/20\/psd-pede-recato-sobre-orgaos-externos-e-afirma-que-maiorias-sao-admissiveis\/"]}]},{"@type":"ImageObject","inLanguage":"pt-PT","@id":"https:\/\/portaltela.pt\/noticias\/2026\/03\/20\/psd-pede-recato-sobre-orgaos-externos-e-afirma-que-maiorias-sao-admissiveis\/#primaryimage","url":"https:\/\/portaltela.pt\/s.01k8rhncp4jt1\/2026\/03\/CACHE_780X1200_ANALOG_WATERMARKED_46686342_5840511_04032026033829-1.jpg","contentUrl":"https:\/\/portaltela.pt\/s.01k8rhncp4jt1\/2026\/03\/CACHE_780X1200_ANALOG_WATERMARKED_46686342_5840511_04032026033829-1.jpg","width":796,"height":448,"caption":"PSD pede recato sobre \u00f3rg\u00e3os externos e diz que todas as maiorias \u201cs\u00e3o admiss\u00edveis\u201d"},{"@type":"BreadcrumbList","@id":"https:\/\/portaltela.pt\/noticias\/2026\/03\/20\/psd-pede-recato-sobre-orgaos-externos-e-afirma-que-maiorias-sao-admissiveis\/#breadcrumb","itemListElement":[{"@type":"ListItem","position":1,"name":"In\u00edcio","item":"https:\/\/portaltela.pt\/"},{"@type":"ListItem","position":2,"name":"PSD pede recato sobre \u00f3rg\u00e3os externos e afirma que maiorias s\u00e3o admiss\u00edveis"}]},{"@type":"WebSite","@id":"https:\/\/portaltela.pt\/#website","url":"https:\/\/portaltela.pt\/","name":"Portal Tela Portugal","description":"","potentialAction":[{"@type":"SearchAction","target":{"@type":"EntryPoint","urlTemplate":"https:\/\/portaltela.pt\/?s={search_term_string}"},"query-input":{"@type":"PropertyValueSpecification","valueRequired":true,"valueName":"search_term_string"}}],"inLanguage":"pt-PT"},{"@type":"Person","@id":"https:\/\/portaltela.pt\/#\/schema\/person\/c4278d4a6028830caff9ee44b42d32ed","name":"Telinha","image":{"@type":"ImageObject","inLanguage":"pt-PT","@id":"https:\/\/portaltela.pt\/s.01k8rhncp4jt1\/2025\/11\/talking-bot-125x125.png","url":"https:\/\/portaltela.pt\/s.01k8rhncp4jt1\/2025\/11\/talking-bot-125x125.png","contentUrl":"https:\/\/portaltela.pt\/s.01k8rhncp4jt1\/2025\/11\/talking-bot-125x125.png","caption":"Telinha"},"sameAs":["https:\/\/portaltela.pt\/"],"url":"https:\/\/portaltela.pt\/por\/367410592786\/"}]}},"_links":{"self":[{"href":"https:\/\/portaltela.pt\/api\/wp\/v2\/posts\/417674","targetHints":{"allow":["GET"]}}],"collection":[{"href":"https:\/\/portaltela.pt\/api\/wp\/v2\/posts"}],"about":[{"href":"https:\/\/portaltela.pt\/api\/wp\/v2\/types\/post"}],"author":[{"embeddable":true,"href":"https:\/\/portaltela.pt\/api\/wp\/v2\/users\/2"}],"replies":[{"embeddable":true,"href":"https:\/\/portaltela.pt\/api\/wp\/v2\/comments?post=417674"}],"version-history":[{"count":0,"href":"https:\/\/portaltela.pt\/api\/wp\/v2\/posts\/417674\/revisions"}],"wp:featuredmedia":[{"embeddable":true,"href":"https:\/\/portaltela.pt\/api\/wp\/v2\/media\/417675"}],"wp:attachment":[{"href":"https:\/\/portaltela.pt\/api\/wp\/v2\/media?parent=417674"}],"wp:term":[{"taxonomy":"category","embeddable":true,"href":"https:\/\/portaltela.pt\/api\/wp\/v2\/categories?post=417674"},{"taxonomy":"post_tag","embeddable":true,"href":"https:\/\/portaltela.pt\/api\/wp\/v2\/tags?post=417674"}],"curies":[{"name":"wp","href":"https:\/\/api.w.org\/{rel}","templated":true}]}}