{"id":417671,"date":"2026-03-20T13:40:42","date_gmt":"2026-03-20T16:40:42","guid":{"rendered":"https:\/\/portaltela.pt\/noticias\/2026\/03\/20\/liverpool-chocado-com-o-abuso-racista-dirigido-a-konate\/"},"modified":"2026-03-20T13:40:42","modified_gmt":"2026-03-20T16:40:42","slug":"liverpool-chocado-com-o-abuso-racista-dirigido-a-konate","status":"publish","type":"post","link":"https:\/\/portaltela.pt\/desporto\/futebol\/2026\/03\/20\/liverpool-chocado-com-o-abuso-racista-dirigido-a-konate\/","title":{"rendered":"Liverpool chocado com o abuso racista dirigido a Konat\u00e9"},"content":{"rendered":"<p>O Liverpool afirmou estar chocado e enojado com o abuso racista dirigido a Ibrahima Konat\u00e9 nas redes sociais, ap\u00f3s a vit\u00f3ria de 4-0 sobre o Galatasaray na segunda m\u00e3o dos oitavos de final da Liga dos Campe\u00f5es. O epis\u00f3dio ocorreu na sequ\u00eancia do jogo disputado na Turquia.<\/p>\n<p>O clube turco \u00e9 apontado como origem do coment\u00e1rio abusivo, que alegadamente ficou associado \u00e0 les\u00e3o do avan\u00e7ado Victor Osimhen por parte do defesa franc\u00eas. O Liverpool condena o comportamento como desumano e cobarde.<\/p>\n<p>A an\u00e1lise de entidades oficiais mostrou que o racismo permanece presente online, mesmo quando os advers\u00e1rios n\u00e3o est\u00e3o em campo. O Liverpool afirma apoiar Konat\u00e9 e trabalhar com autoridades para identificar os respons\u00e1veis.<\/p>\n<h3>Rea\u00e7\u00e3o do Liverpool<\/h3>\n<p>O clube sublinha que o \u00f3dio n\u00e3o tem lugar no futebol nem na sociedade, online ou offline. O comunicado refor\u00e7a que as plataformas devem agir com maior responsabilidade para impedir abusos.<\/p>\n<p>O Liverpool afirma ainda que continuar\u00e1 a apoiar Konat\u00e9 e a colaborar com as autoridades para responsabilizar quem propaga o discurso racista, sem colocar a carga apenas sobre jogadores e clubes.<\/p>\n<h3>Medidas e pr\u00f3ximos passos<\/h3>\n<p>A administra\u00e7\u00e3o do Liverpool pede a\u00e7\u00f5es r\u00e1pidas por parte das plataformas de redes sociais. O clube refor\u00e7a que o combate ao racismo requer resposta firme de toda a comunidade do desporto.<\/p>\n","protected":false},"excerpt":{"rendered":"<ul>\n<li>O Liverpool disse estar chocado e enojado com o abuso racista dirigido a Ibrahima Konat\u00e9 nas redes sociais, por adeptos do Galatasaray, ap\u00f3s a vit\u00f3ria de quatro a zero na segunda m\u00e3o dos oitavos de final da Liga dos Campe\u00f5es.<\/li>\n<li>O clube considera o racismo inaceit\u00e1vel, desumanizante e nocivo, dizendo que os jogadores s\u00e3o humanos e n\u00e3o alvos.<\/li>\n<li>O comunicado pede \u00e0s empresas de redes sociais que atuem, afirmando que t\u00eam poder para evitar o abuso, mas deixam-no persistir.<\/li>\n<li>O Liverpool acompanha Konat\u00e9 e colaborar\u00e1 com as autoridades para identificar os respons\u00e1veis, sempre que poss\u00edvel.<\/li>\n<li>O texto refor\u00e7a que a responsabilidade n\u00e3o pode recair apenas sobre jogadores e clubes e que o racismo deve ser enfrentado e eradicate agora.<\/li>\n<\/ul>\n","protected":false},"author":2,"featured_media":417673,"comment_status":"closed","ping_status":"closed","sticky":false,"template":"","format":"standard","meta":{"footnotes":""},"categories":[21,24],"tags":[3577,152,1904,32,4270,6032],"class_list":["post-417671","post","type-post","status-publish","format-standard","has-post-thumbnail","hentry","category-desporto","category-futebol","tag-champions-league","tag-desporto","tag-discurso-de-odio","tag-futebol","tag-galatasaray","tag-racismo"],"yoast_head":"<!-- This site is optimized with the Yoast SEO plugin v27.2 - https:\/\/yoast.com\/product\/yoast-seo-wordpress\/ -->\n<title>Liverpool chocado com o abuso racista dirigido a Konat\u00e9 - Portal Tela Portugal<\/title>\n<meta name=\"robots\" content=\"index, follow, max-snippet:-1, max-image-preview:large, max-video-preview:-1\" \/>\n<meta property=\"og:locale\" content=\"pt_PT\" \/>\n<meta property=\"og:type\" content=\"article\" \/>\n<meta property=\"og:title\" content=\"Liverpool chocado com o abuso racista dirigido a Konat\u00e9 - Portal Tela Portugal\" \/>\n<meta property=\"og:description\" content=\"O Liverpool disse estar chocado e enojado com o abuso racista dirigido a Ibrahima Konat\u00e9 nas redes sociais, por adeptos do Galatasaray, ap\u00f3s a vit\u00f3ria de quatro a zero na segunda m\u00e3o dos oitavos de final da Liga dos Campe\u00f5es. O clube considera o racismo inaceit\u00e1vel, desumanizante e nocivo, dizendo que os jogadores s\u00e3o humanos e n\u00e3o alvos. O comunicado pede \u00e0s empresas de redes sociais que atuem, afirmando que t\u00eam poder para evitar o abuso, mas deixam-no persistir. O Liverpool acompanha Konat\u00e9 e colaborar\u00e1 com as autoridades para identificar os respons\u00e1veis, sempre que poss\u00edvel. O texto refor\u00e7a que a responsabilidade n\u00e3o pode recair apenas sobre jogadores e clubes e que o racismo deve ser enfrentado e eradicate agora.\" \/>\n<meta property=\"og:url\" content=\"https:\/\/portaltela.pt\/noticias\/2026\/03\/20\/liverpool-chocado-com-o-abuso-racista-dirigido-a-konate\/\" \/>\n<meta property=\"og:site_name\" content=\"Portal Tela Portugal\" \/>\n<meta property=\"article:published_time\" content=\"2026-03-20T16:40:42+00:00\" \/>\n<meta name=\"author\" content=\"Telinha\" \/>\n<meta name=\"twitter:card\" content=\"summary_large_image\" \/>\n<meta name=\"twitter:label1\" content=\"Escrito por\" \/>\n\t<meta name=\"twitter:data1\" content=\"Telinha\" \/>\n\t<meta name=\"twitter:label2\" content=\"Tempo estimado de leitura\" \/>\n\t<meta name=\"twitter:data2\" content=\"1 minuto\" \/>\n<script type=\"application\/ld+json\" class=\"yoast-schema-graph\">{\"@context\":\"https:\/\/schema.org\",\"@graph\":[{\"@type\":\"Article\",\"@id\":\"https:\/\/portaltela.pt\/noticias\/2026\/03\/20\/liverpool-chocado-com-o-abuso-racista-dirigido-a-konate\/#article\",\"isPartOf\":{\"@id\":\"https:\/\/portaltela.pt\/noticias\/2026\/03\/20\/liverpool-chocado-com-o-abuso-racista-dirigido-a-konate\/\"},\"author\":{\"name\":\"Telinha\",\"@id\":\"https:\/\/portaltela.pt\/#\/schema\/person\/c4278d4a6028830caff9ee44b42d32ed\"},\"headline\":\"Liverpool chocado com o abuso racista dirigido a Konat\u00e9\",\"datePublished\":\"2026-03-20T16:40:42+00:00\",\"mainEntityOfPage\":{\"@id\":\"https:\/\/portaltela.pt\/noticias\/2026\/03\/20\/liverpool-chocado-com-o-abuso-racista-dirigido-a-konate\/\"},\"wordCount\":244,\"image\":{\"@id\":\"https:\/\/portaltela.pt\/noticias\/2026\/03\/20\/liverpool-chocado-com-o-abuso-racista-dirigido-a-konate\/#primaryimage\"},\"thumbnailUrl\":\"https:\/\/portaltela.pt\/s.01k8rhncp4jt1\/2026\/03\/img_920x518uu2025-10-14-10-16-01-2396056.jpg\",\"keywords\":[\"Champions League\",\"desporto\",\"discurso de \u00f3dio\",\"futebol\",\"Galatasaray\",\"racismo\"],\"articleSection\":[\"Desporto\",\"Futebol\"],\"inLanguage\":\"pt-PT\"},{\"@type\":\"WebPage\",\"@id\":\"https:\/\/portaltela.pt\/noticias\/2026\/03\/20\/liverpool-chocado-com-o-abuso-racista-dirigido-a-konate\/\",\"url\":\"https:\/\/portaltela.pt\/noticias\/2026\/03\/20\/liverpool-chocado-com-o-abuso-racista-dirigido-a-konate\/\",\"name\":\"Liverpool chocado com o abuso racista dirigido a Konat\u00e9 - Portal Tela Portugal\",\"isPartOf\":{\"@id\":\"https:\/\/portaltela.pt\/#website\"},\"primaryImageOfPage\":{\"@id\":\"https:\/\/portaltela.pt\/noticias\/2026\/03\/20\/liverpool-chocado-com-o-abuso-racista-dirigido-a-konate\/#primaryimage\"},\"image\":{\"@id\":\"https:\/\/portaltela.pt\/noticias\/2026\/03\/20\/liverpool-chocado-com-o-abuso-racista-dirigido-a-konate\/#primaryimage\"},\"thumbnailUrl\":\"https:\/\/portaltela.pt\/s.01k8rhncp4jt1\/2026\/03\/img_920x518uu2025-10-14-10-16-01-2396056.jpg\",\"datePublished\":\"2026-03-20T16:40:42+00:00\",\"author\":{\"@id\":\"https:\/\/portaltela.pt\/#\/schema\/person\/c4278d4a6028830caff9ee44b42d32ed\"},\"breadcrumb\":{\"@id\":\"https:\/\/portaltela.pt\/noticias\/2026\/03\/20\/liverpool-chocado-com-o-abuso-racista-dirigido-a-konate\/#breadcrumb\"},\"inLanguage\":\"pt-PT\",\"potentialAction\":[{\"@type\":\"ReadAction\",\"target\":[\"https:\/\/portaltela.pt\/noticias\/2026\/03\/20\/liverpool-chocado-com-o-abuso-racista-dirigido-a-konate\/\"]}]},{\"@type\":\"ImageObject\",\"inLanguage\":\"pt-PT\",\"@id\":\"https:\/\/portaltela.pt\/noticias\/2026\/03\/20\/liverpool-chocado-com-o-abuso-racista-dirigido-a-konate\/#primaryimage\",\"url\":\"https:\/\/portaltela.pt\/s.01k8rhncp4jt1\/2026\/03\/img_920x518uu2025-10-14-10-16-01-2396056.jpg\",\"contentUrl\":\"https:\/\/portaltela.pt\/s.01k8rhncp4jt1\/2026\/03\/img_920x518uu2025-10-14-10-16-01-2396056.jpg\",\"width\":796,\"height\":448,\"caption\":\"Ibrahima Konat\u00e9, jogador do Liverpool\"},{\"@type\":\"BreadcrumbList\",\"@id\":\"https:\/\/portaltela.pt\/noticias\/2026\/03\/20\/liverpool-chocado-com-o-abuso-racista-dirigido-a-konate\/#breadcrumb\",\"itemListElement\":[{\"@type\":\"ListItem\",\"position\":1,\"name\":\"In\u00edcio\",\"item\":\"https:\/\/portaltela.pt\/\"},{\"@type\":\"ListItem\",\"position\":2,\"name\":\"Liverpool chocado com o abuso racista dirigido a Konat\u00e9\"}]},{\"@type\":\"WebSite\",\"@id\":\"https:\/\/portaltela.pt\/#website\",\"url\":\"https:\/\/portaltela.pt\/\",\"name\":\"Portal Tela Portugal\",\"description\":\"\",\"potentialAction\":[{\"@type\":\"SearchAction\",\"target\":{\"@type\":\"EntryPoint\",\"urlTemplate\":\"https:\/\/portaltela.pt\/?s={search_term_string}\"},\"query-input\":{\"@type\":\"PropertyValueSpecification\",\"valueRequired\":true,\"valueName\":\"search_term_string\"}}],\"inLanguage\":\"pt-PT\"},{\"@type\":\"Person\",\"@id\":\"https:\/\/portaltela.pt\/#\/schema\/person\/c4278d4a6028830caff9ee44b42d32ed\",\"name\":\"Telinha\",\"image\":{\"@type\":\"ImageObject\",\"inLanguage\":\"pt-PT\",\"@id\":\"https:\/\/portaltela.pt\/s.01k8rhncp4jt1\/2025\/11\/talking-bot-125x125.png\",\"url\":\"https:\/\/portaltela.pt\/s.01k8rhncp4jt1\/2025\/11\/talking-bot-125x125.png\",\"contentUrl\":\"https:\/\/portaltela.pt\/s.01k8rhncp4jt1\/2025\/11\/talking-bot-125x125.png\",\"caption\":\"Telinha\"},\"sameAs\":[\"https:\/\/portaltela.pt\/\"],\"url\":\"https:\/\/portaltela.pt\/por\/367410592786\/\"}]}<\/script>\n<!-- \/ Yoast SEO plugin. -->","yoast_head_json":{"title":"Liverpool chocado com o abuso racista dirigido a Konat\u00e9 - Portal Tela Portugal","robots":{"index":"index","follow":"follow","max-snippet":"max-snippet:-1","max-image-preview":"max-image-preview:large","max-video-preview":"max-video-preview:-1"},"og_locale":"pt_PT","og_type":"article","og_title":"Liverpool chocado com o abuso racista dirigido a Konat\u00e9 - Portal Tela Portugal","og_description":"O Liverpool disse estar chocado e enojado com o abuso racista dirigido a Ibrahima Konat\u00e9 nas redes sociais, por adeptos do Galatasaray, ap\u00f3s a vit\u00f3ria de quatro a zero na segunda m\u00e3o dos oitavos de final da Liga dos Campe\u00f5es. O clube considera o racismo inaceit\u00e1vel, desumanizante e nocivo, dizendo que os jogadores s\u00e3o humanos e n\u00e3o alvos. O comunicado pede \u00e0s empresas de redes sociais que atuem, afirmando que t\u00eam poder para evitar o abuso, mas deixam-no persistir. O Liverpool acompanha Konat\u00e9 e colaborar\u00e1 com as autoridades para identificar os respons\u00e1veis, sempre que poss\u00edvel. O texto refor\u00e7a que a responsabilidade n\u00e3o pode recair apenas sobre jogadores e clubes e que o racismo deve ser enfrentado e eradicate agora.","og_url":"https:\/\/portaltela.pt\/noticias\/2026\/03\/20\/liverpool-chocado-com-o-abuso-racista-dirigido-a-konate\/","og_site_name":"Portal Tela Portugal","article_published_time":"2026-03-20T16:40:42+00:00","author":"Telinha","twitter_card":"summary_large_image","twitter_misc":{"Escrito por":"Telinha","Tempo estimado de leitura":"1 minuto"},"schema":{"@context":"https:\/\/schema.org","@graph":[{"@type":"Article","@id":"https:\/\/portaltela.pt\/noticias\/2026\/03\/20\/liverpool-chocado-com-o-abuso-racista-dirigido-a-konate\/#article","isPartOf":{"@id":"https:\/\/portaltela.pt\/noticias\/2026\/03\/20\/liverpool-chocado-com-o-abuso-racista-dirigido-a-konate\/"},"author":{"name":"Telinha","@id":"https:\/\/portaltela.pt\/#\/schema\/person\/c4278d4a6028830caff9ee44b42d32ed"},"headline":"Liverpool chocado com o abuso racista dirigido a Konat\u00e9","datePublished":"2026-03-20T16:40:42+00:00","mainEntityOfPage":{"@id":"https:\/\/portaltela.pt\/noticias\/2026\/03\/20\/liverpool-chocado-com-o-abuso-racista-dirigido-a-konate\/"},"wordCount":244,"image":{"@id":"https:\/\/portaltela.pt\/noticias\/2026\/03\/20\/liverpool-chocado-com-o-abuso-racista-dirigido-a-konate\/#primaryimage"},"thumbnailUrl":"https:\/\/portaltela.pt\/s.01k8rhncp4jt1\/2026\/03\/img_920x518uu2025-10-14-10-16-01-2396056.jpg","keywords":["Champions League","desporto","discurso de \u00f3dio","futebol","Galatasaray","racismo"],"articleSection":["Desporto","Futebol"],"inLanguage":"pt-PT"},{"@type":"WebPage","@id":"https:\/\/portaltela.pt\/noticias\/2026\/03\/20\/liverpool-chocado-com-o-abuso-racista-dirigido-a-konate\/","url":"https:\/\/portaltela.pt\/noticias\/2026\/03\/20\/liverpool-chocado-com-o-abuso-racista-dirigido-a-konate\/","name":"Liverpool chocado com o abuso racista dirigido a Konat\u00e9 - Portal Tela Portugal","isPartOf":{"@id":"https:\/\/portaltela.pt\/#website"},"primaryImageOfPage":{"@id":"https:\/\/portaltela.pt\/noticias\/2026\/03\/20\/liverpool-chocado-com-o-abuso-racista-dirigido-a-konate\/#primaryimage"},"image":{"@id":"https:\/\/portaltela.pt\/noticias\/2026\/03\/20\/liverpool-chocado-com-o-abuso-racista-dirigido-a-konate\/#primaryimage"},"thumbnailUrl":"https:\/\/portaltela.pt\/s.01k8rhncp4jt1\/2026\/03\/img_920x518uu2025-10-14-10-16-01-2396056.jpg","datePublished":"2026-03-20T16:40:42+00:00","author":{"@id":"https:\/\/portaltela.pt\/#\/schema\/person\/c4278d4a6028830caff9ee44b42d32ed"},"breadcrumb":{"@id":"https:\/\/portaltela.pt\/noticias\/2026\/03\/20\/liverpool-chocado-com-o-abuso-racista-dirigido-a-konate\/#breadcrumb"},"inLanguage":"pt-PT","potentialAction":[{"@type":"ReadAction","target":["https:\/\/portaltela.pt\/noticias\/2026\/03\/20\/liverpool-chocado-com-o-abuso-racista-dirigido-a-konate\/"]}]},{"@type":"ImageObject","inLanguage":"pt-PT","@id":"https:\/\/portaltela.pt\/noticias\/2026\/03\/20\/liverpool-chocado-com-o-abuso-racista-dirigido-a-konate\/#primaryimage","url":"https:\/\/portaltela.pt\/s.01k8rhncp4jt1\/2026\/03\/img_920x518uu2025-10-14-10-16-01-2396056.jpg","contentUrl":"https:\/\/portaltela.pt\/s.01k8rhncp4jt1\/2026\/03\/img_920x518uu2025-10-14-10-16-01-2396056.jpg","width":796,"height":448,"caption":"Ibrahima Konat\u00e9, jogador do Liverpool"},{"@type":"BreadcrumbList","@id":"https:\/\/portaltela.pt\/noticias\/2026\/03\/20\/liverpool-chocado-com-o-abuso-racista-dirigido-a-konate\/#breadcrumb","itemListElement":[{"@type":"ListItem","position":1,"name":"In\u00edcio","item":"https:\/\/portaltela.pt\/"},{"@type":"ListItem","position":2,"name":"Liverpool chocado com o abuso racista dirigido a Konat\u00e9"}]},{"@type":"WebSite","@id":"https:\/\/portaltela.pt\/#website","url":"https:\/\/portaltela.pt\/","name":"Portal Tela Portugal","description":"","potentialAction":[{"@type":"SearchAction","target":{"@type":"EntryPoint","urlTemplate":"https:\/\/portaltela.pt\/?s={search_term_string}"},"query-input":{"@type":"PropertyValueSpecification","valueRequired":true,"valueName":"search_term_string"}}],"inLanguage":"pt-PT"},{"@type":"Person","@id":"https:\/\/portaltela.pt\/#\/schema\/person\/c4278d4a6028830caff9ee44b42d32ed","name":"Telinha","image":{"@type":"ImageObject","inLanguage":"pt-PT","@id":"https:\/\/portaltela.pt\/s.01k8rhncp4jt1\/2025\/11\/talking-bot-125x125.png","url":"https:\/\/portaltela.pt\/s.01k8rhncp4jt1\/2025\/11\/talking-bot-125x125.png","contentUrl":"https:\/\/portaltela.pt\/s.01k8rhncp4jt1\/2025\/11\/talking-bot-125x125.png","caption":"Telinha"},"sameAs":["https:\/\/portaltela.pt\/"],"url":"https:\/\/portaltela.pt\/por\/367410592786\/"}]}},"_links":{"self":[{"href":"https:\/\/portaltela.pt\/api\/wp\/v2\/posts\/417671","targetHints":{"allow":["GET"]}}],"collection":[{"href":"https:\/\/portaltela.pt\/api\/wp\/v2\/posts"}],"about":[{"href":"https:\/\/portaltela.pt\/api\/wp\/v2\/types\/post"}],"author":[{"embeddable":true,"href":"https:\/\/portaltela.pt\/api\/wp\/v2\/users\/2"}],"replies":[{"embeddable":true,"href":"https:\/\/portaltela.pt\/api\/wp\/v2\/comments?post=417671"}],"version-history":[{"count":0,"href":"https:\/\/portaltela.pt\/api\/wp\/v2\/posts\/417671\/revisions"}],"wp:featuredmedia":[{"embeddable":true,"href":"https:\/\/portaltela.pt\/api\/wp\/v2\/media\/417673"}],"wp:attachment":[{"href":"https:\/\/portaltela.pt\/api\/wp\/v2\/media?parent=417671"}],"wp:term":[{"taxonomy":"category","embeddable":true,"href":"https:\/\/portaltela.pt\/api\/wp\/v2\/categories?post=417671"},{"taxonomy":"post_tag","embeddable":true,"href":"https:\/\/portaltela.pt\/api\/wp\/v2\/tags?post=417671"}],"curies":[{"name":"wp","href":"https:\/\/api.w.org\/{rel}","templated":true}]}}