{"id":417670,"date":"2026-03-20T13:44:23","date_gmt":"2026-03-20T16:44:23","guid":{"rendered":"https:\/\/portaltela.pt\/noticias\/2026\/03\/20\/cameron-mcevoy-bate-recorde-mundial-dos-50m-livres\/"},"modified":"2026-03-20T13:44:23","modified_gmt":"2026-03-20T16:44:23","slug":"cameron-mcevoy-bate-recorde-mundial-dos-50m-livres","status":"publish","type":"post","link":"https:\/\/portaltela.pt\/desporto\/futebol\/2026\/03\/20\/cameron-mcevoy-bate-recorde-mundial-dos-50m-livres\/","title":{"rendered":"Cameron McEvoy bate recorde mundial dos 50m livres"},"content":{"rendered":"<p>O nadador australiano Cameron McEvoy quebrou o recorde mundial dos 50 metros livres ao completar a prova em 20,88 segundos. A marca foi feita durante uma prova disputada em Shenzhen, China, na sexta-feira.<\/p>\n<p>McEvoy superou o tempo anterior de 20,91 segundos, registado por C\u00e9sar Cielo a 18 de dezembro de 2009, numa prova associada aos campeonatos brasileiros e aos trajes de poliuretano.<\/p>\n<p>A marca atual foi conseguida numa competi\u00e7\u00e3o em Shenzhen, onde McEvoy tamb\u00e9m bateu a sua melhor marca pessoal nos 50 metros, antes de o norte-americano Jack Alex e o tamb\u00e9m australiano Kyle Chalmers ficarem atr\u00e1s.<\/p>\n<p>C\u00e9sar Cielo reagiu \u00e0 not\u00edcia no Instagram, parabenizando o nadador. McEvoy respondeu, reconhecendo o legado do brasileiro no esporte e referindo ter sido inspirado por ele.<\/p>\n<p>Com 31 anos, McEvoy \u00e9 o campe\u00e3o ol\u00edmpico em t\u00edtulo dos 50 metros livres, conquista alcan\u00e7ada em Paris 2024, e agora aproxima-se do recorde mundial com a marca hist\u00f3rica.<\/p>\n","protected":false},"excerpt":{"rendered":"<ul>\n<li>O nadador australiano Cameron McEvoy bateu o recorde mundial dos 50 metros livres, completando a prova em 20,88 segundos, em Shenzhen.<\/li>\n<li>A nova marca supera o recorde anterior de 20,91, obtido por C\u00e9sar Cielo a 18 de dezembro de 2009, nos campeonatos brasileiros quando os nadadores usavam fatos de poliuretano.<\/li>\n<li>No final de 2009, a Federa\u00e7\u00e3o Internacional de Nata\u00e7\u00e3o (FINA), hoje World Aquatics, proibiu o uso de fatos poliuretano e neoprene em competi\u00e7\u00f5es oficiais.<\/li>\n<li>Em Shenzhen, McEvoy pulverizou a sua melhor marca nos 50 metros (21,06), superando o norte-americano Jack Alex (21,57) e o australiano Kyle Chalmers (22,01).<\/li>\n<li>O campe\u00e3o ol\u00edmpico em Paris 2024, de 31 anos, recebeu parab\u00e9ns de C\u00e9sar Cielo no Instagram, com McEvoy a agradecer e a reconhecer a influ\u00eancia do brasileiro.<\/li>\n<\/ul>\n","protected":false},"author":2,"featured_media":417672,"comment_status":"closed","ping_status":"closed","sticky":false,"template":"","format":"standard","meta":{"footnotes":""},"categories":[21,24],"tags":[252,1602,227,152,209,84],"class_list":["post-417670","post","type-post","status-publish","format-standard","has-post-thumbnail","hentry","category-desporto","category-futebol","tag-atletas","tag-australia","tag-campeonato","tag-desporto","tag-natacao","tag-olimpiadas"],"yoast_head":"<!-- This site is optimized with the Yoast SEO plugin v27.2 - https:\/\/yoast.com\/product\/yoast-seo-wordpress\/ -->\n<title>Cameron McEvoy bate recorde mundial dos 50m livres - Portal Tela Portugal<\/title>\n<meta name=\"robots\" content=\"index, follow, max-snippet:-1, max-image-preview:large, max-video-preview:-1\" \/>\n<meta property=\"og:locale\" content=\"pt_PT\" \/>\n<meta property=\"og:type\" content=\"article\" \/>\n<meta property=\"og:title\" content=\"Cameron McEvoy bate recorde mundial dos 50m livres - Portal Tela Portugal\" \/>\n<meta property=\"og:description\" content=\"O nadador australiano Cameron McEvoy bateu o recorde mundial dos 50 metros livres, completando a prova em 20,88 segundos, em Shenzhen. A nova marca supera o recorde anterior de 20,91, obtido por C\u00e9sar Cielo a 18 de dezembro de 2009, nos campeonatos brasileiros quando os nadadores usavam fatos de poliuretano. No final de 2009, a Federa\u00e7\u00e3o Internacional de Nata\u00e7\u00e3o (FINA), hoje World Aquatics, proibiu o uso de fatos poliuretano e neoprene em competi\u00e7\u00f5es oficiais. Em Shenzhen, McEvoy pulverizou a sua melhor marca nos 50 metros (21,06), superando o norte-americano Jack Alex (21,57) e o australiano Kyle Chalmers (22,01). O campe\u00e3o ol\u00edmpico em Paris 2024, de 31 anos, recebeu parab\u00e9ns de C\u00e9sar Cielo no Instagram, com McEvoy a agradecer e a reconhecer a influ\u00eancia do brasileiro.\" \/>\n<meta property=\"og:url\" content=\"https:\/\/portaltela.pt\/noticias\/2026\/03\/20\/cameron-mcevoy-bate-recorde-mundial-dos-50m-livres\/\" \/>\n<meta property=\"og:site_name\" content=\"Portal Tela Portugal\" \/>\n<meta property=\"article:published_time\" content=\"2026-03-20T16:44:23+00:00\" \/>\n<meta name=\"author\" content=\"Telinha\" \/>\n<meta name=\"twitter:card\" content=\"summary_large_image\" \/>\n<meta name=\"twitter:label1\" content=\"Escrito por\" \/>\n\t<meta name=\"twitter:data1\" content=\"Telinha\" \/>\n\t<meta name=\"twitter:label2\" content=\"Tempo estimado de leitura\" \/>\n\t<meta name=\"twitter:data2\" content=\"1 minuto\" \/>\n<script type=\"application\/ld+json\" class=\"yoast-schema-graph\">{\"@context\":\"https:\/\/schema.org\",\"@graph\":[{\"@type\":\"Article\",\"@id\":\"https:\/\/portaltela.pt\/noticias\/2026\/03\/20\/cameron-mcevoy-bate-recorde-mundial-dos-50m-livres\/#article\",\"isPartOf\":{\"@id\":\"https:\/\/portaltela.pt\/noticias\/2026\/03\/20\/cameron-mcevoy-bate-recorde-mundial-dos-50m-livres\/\"},\"author\":{\"name\":\"Telinha\",\"@id\":\"https:\/\/portaltela.pt\/#\/schema\/person\/c4278d4a6028830caff9ee44b42d32ed\"},\"headline\":\"Cameron McEvoy bate recorde mundial dos 50m livres\",\"datePublished\":\"2026-03-20T16:44:23+00:00\",\"mainEntityOfPage\":{\"@id\":\"https:\/\/portaltela.pt\/noticias\/2026\/03\/20\/cameron-mcevoy-bate-recorde-mundial-dos-50m-livres\/\"},\"wordCount\":161,\"image\":{\"@id\":\"https:\/\/portaltela.pt\/noticias\/2026\/03\/20\/cameron-mcevoy-bate-recorde-mundial-dos-50m-livres\/#primaryimage\"},\"thumbnailUrl\":\"https:\/\/portaltela.pt\/s.01k8rhncp4jt1\/2026\/03\/img_920x518uu2026-03-20-16-44-03-2428361.jpg\",\"keywords\":[\"atletas\",\"Austr\u00e1lia\",\"campeonato\",\"desporto\",\"nata\u00e7\u00e3o\",\"olimp\u00edadas\"],\"articleSection\":[\"Desporto\",\"Futebol\"],\"inLanguage\":\"pt-PT\"},{\"@type\":\"WebPage\",\"@id\":\"https:\/\/portaltela.pt\/noticias\/2026\/03\/20\/cameron-mcevoy-bate-recorde-mundial-dos-50m-livres\/\",\"url\":\"https:\/\/portaltela.pt\/noticias\/2026\/03\/20\/cameron-mcevoy-bate-recorde-mundial-dos-50m-livres\/\",\"name\":\"Cameron McEvoy bate recorde mundial dos 50m livres - Portal Tela Portugal\",\"isPartOf\":{\"@id\":\"https:\/\/portaltela.pt\/#website\"},\"primaryImageOfPage\":{\"@id\":\"https:\/\/portaltela.pt\/noticias\/2026\/03\/20\/cameron-mcevoy-bate-recorde-mundial-dos-50m-livres\/#primaryimage\"},\"image\":{\"@id\":\"https:\/\/portaltela.pt\/noticias\/2026\/03\/20\/cameron-mcevoy-bate-recorde-mundial-dos-50m-livres\/#primaryimage\"},\"thumbnailUrl\":\"https:\/\/portaltela.pt\/s.01k8rhncp4jt1\/2026\/03\/img_920x518uu2026-03-20-16-44-03-2428361.jpg\",\"datePublished\":\"2026-03-20T16:44:23+00:00\",\"author\":{\"@id\":\"https:\/\/portaltela.pt\/#\/schema\/person\/c4278d4a6028830caff9ee44b42d32ed\"},\"breadcrumb\":{\"@id\":\"https:\/\/portaltela.pt\/noticias\/2026\/03\/20\/cameron-mcevoy-bate-recorde-mundial-dos-50m-livres\/#breadcrumb\"},\"inLanguage\":\"pt-PT\",\"potentialAction\":[{\"@type\":\"ReadAction\",\"target\":[\"https:\/\/portaltela.pt\/noticias\/2026\/03\/20\/cameron-mcevoy-bate-recorde-mundial-dos-50m-livres\/\"]}]},{\"@type\":\"ImageObject\",\"inLanguage\":\"pt-PT\",\"@id\":\"https:\/\/portaltela.pt\/noticias\/2026\/03\/20\/cameron-mcevoy-bate-recorde-mundial-dos-50m-livres\/#primaryimage\",\"url\":\"https:\/\/portaltela.pt\/s.01k8rhncp4jt1\/2026\/03\/img_920x518uu2026-03-20-16-44-03-2428361.jpg\",\"contentUrl\":\"https:\/\/portaltela.pt\/s.01k8rhncp4jt1\/2026\/03\/img_920x518uu2026-03-20-16-44-03-2428361.jpg\",\"width\":796,\"height\":448,\"caption\":\"Cameron McEvoy bate recorde mundial dos 50 metros livres\"},{\"@type\":\"BreadcrumbList\",\"@id\":\"https:\/\/portaltela.pt\/noticias\/2026\/03\/20\/cameron-mcevoy-bate-recorde-mundial-dos-50m-livres\/#breadcrumb\",\"itemListElement\":[{\"@type\":\"ListItem\",\"position\":1,\"name\":\"In\u00edcio\",\"item\":\"https:\/\/portaltela.pt\/\"},{\"@type\":\"ListItem\",\"position\":2,\"name\":\"Cameron McEvoy bate recorde mundial dos 50m livres\"}]},{\"@type\":\"WebSite\",\"@id\":\"https:\/\/portaltela.pt\/#website\",\"url\":\"https:\/\/portaltela.pt\/\",\"name\":\"Portal Tela Portugal\",\"description\":\"\",\"potentialAction\":[{\"@type\":\"SearchAction\",\"target\":{\"@type\":\"EntryPoint\",\"urlTemplate\":\"https:\/\/portaltela.pt\/?s={search_term_string}\"},\"query-input\":{\"@type\":\"PropertyValueSpecification\",\"valueRequired\":true,\"valueName\":\"search_term_string\"}}],\"inLanguage\":\"pt-PT\"},{\"@type\":\"Person\",\"@id\":\"https:\/\/portaltela.pt\/#\/schema\/person\/c4278d4a6028830caff9ee44b42d32ed\",\"name\":\"Telinha\",\"image\":{\"@type\":\"ImageObject\",\"inLanguage\":\"pt-PT\",\"@id\":\"https:\/\/portaltela.pt\/s.01k8rhncp4jt1\/2025\/11\/talking-bot-125x125.png\",\"url\":\"https:\/\/portaltela.pt\/s.01k8rhncp4jt1\/2025\/11\/talking-bot-125x125.png\",\"contentUrl\":\"https:\/\/portaltela.pt\/s.01k8rhncp4jt1\/2025\/11\/talking-bot-125x125.png\",\"caption\":\"Telinha\"},\"sameAs\":[\"https:\/\/portaltela.pt\/\"],\"url\":\"https:\/\/portaltela.pt\/por\/367410592786\/\"}]}<\/script>\n<!-- \/ Yoast SEO plugin. -->","yoast_head_json":{"title":"Cameron McEvoy bate recorde mundial dos 50m livres - Portal Tela Portugal","robots":{"index":"index","follow":"follow","max-snippet":"max-snippet:-1","max-image-preview":"max-image-preview:large","max-video-preview":"max-video-preview:-1"},"og_locale":"pt_PT","og_type":"article","og_title":"Cameron McEvoy bate recorde mundial dos 50m livres - Portal Tela Portugal","og_description":"O nadador australiano Cameron McEvoy bateu o recorde mundial dos 50 metros livres, completando a prova em 20,88 segundos, em Shenzhen. A nova marca supera o recorde anterior de 20,91, obtido por C\u00e9sar Cielo a 18 de dezembro de 2009, nos campeonatos brasileiros quando os nadadores usavam fatos de poliuretano. No final de 2009, a Federa\u00e7\u00e3o Internacional de Nata\u00e7\u00e3o (FINA), hoje World Aquatics, proibiu o uso de fatos poliuretano e neoprene em competi\u00e7\u00f5es oficiais. Em Shenzhen, McEvoy pulverizou a sua melhor marca nos 50 metros (21,06), superando o norte-americano Jack Alex (21,57) e o australiano Kyle Chalmers (22,01). O campe\u00e3o ol\u00edmpico em Paris 2024, de 31 anos, recebeu parab\u00e9ns de C\u00e9sar Cielo no Instagram, com McEvoy a agradecer e a reconhecer a influ\u00eancia do brasileiro.","og_url":"https:\/\/portaltela.pt\/noticias\/2026\/03\/20\/cameron-mcevoy-bate-recorde-mundial-dos-50m-livres\/","og_site_name":"Portal Tela Portugal","article_published_time":"2026-03-20T16:44:23+00:00","author":"Telinha","twitter_card":"summary_large_image","twitter_misc":{"Escrito por":"Telinha","Tempo estimado de leitura":"1 minuto"},"schema":{"@context":"https:\/\/schema.org","@graph":[{"@type":"Article","@id":"https:\/\/portaltela.pt\/noticias\/2026\/03\/20\/cameron-mcevoy-bate-recorde-mundial-dos-50m-livres\/#article","isPartOf":{"@id":"https:\/\/portaltela.pt\/noticias\/2026\/03\/20\/cameron-mcevoy-bate-recorde-mundial-dos-50m-livres\/"},"author":{"name":"Telinha","@id":"https:\/\/portaltela.pt\/#\/schema\/person\/c4278d4a6028830caff9ee44b42d32ed"},"headline":"Cameron McEvoy bate recorde mundial dos 50m livres","datePublished":"2026-03-20T16:44:23+00:00","mainEntityOfPage":{"@id":"https:\/\/portaltela.pt\/noticias\/2026\/03\/20\/cameron-mcevoy-bate-recorde-mundial-dos-50m-livres\/"},"wordCount":161,"image":{"@id":"https:\/\/portaltela.pt\/noticias\/2026\/03\/20\/cameron-mcevoy-bate-recorde-mundial-dos-50m-livres\/#primaryimage"},"thumbnailUrl":"https:\/\/portaltela.pt\/s.01k8rhncp4jt1\/2026\/03\/img_920x518uu2026-03-20-16-44-03-2428361.jpg","keywords":["atletas","Austr\u00e1lia","campeonato","desporto","nata\u00e7\u00e3o","olimp\u00edadas"],"articleSection":["Desporto","Futebol"],"inLanguage":"pt-PT"},{"@type":"WebPage","@id":"https:\/\/portaltela.pt\/noticias\/2026\/03\/20\/cameron-mcevoy-bate-recorde-mundial-dos-50m-livres\/","url":"https:\/\/portaltela.pt\/noticias\/2026\/03\/20\/cameron-mcevoy-bate-recorde-mundial-dos-50m-livres\/","name":"Cameron McEvoy bate recorde mundial dos 50m livres - Portal Tela Portugal","isPartOf":{"@id":"https:\/\/portaltela.pt\/#website"},"primaryImageOfPage":{"@id":"https:\/\/portaltela.pt\/noticias\/2026\/03\/20\/cameron-mcevoy-bate-recorde-mundial-dos-50m-livres\/#primaryimage"},"image":{"@id":"https:\/\/portaltela.pt\/noticias\/2026\/03\/20\/cameron-mcevoy-bate-recorde-mundial-dos-50m-livres\/#primaryimage"},"thumbnailUrl":"https:\/\/portaltela.pt\/s.01k8rhncp4jt1\/2026\/03\/img_920x518uu2026-03-20-16-44-03-2428361.jpg","datePublished":"2026-03-20T16:44:23+00:00","author":{"@id":"https:\/\/portaltela.pt\/#\/schema\/person\/c4278d4a6028830caff9ee44b42d32ed"},"breadcrumb":{"@id":"https:\/\/portaltela.pt\/noticias\/2026\/03\/20\/cameron-mcevoy-bate-recorde-mundial-dos-50m-livres\/#breadcrumb"},"inLanguage":"pt-PT","potentialAction":[{"@type":"ReadAction","target":["https:\/\/portaltela.pt\/noticias\/2026\/03\/20\/cameron-mcevoy-bate-recorde-mundial-dos-50m-livres\/"]}]},{"@type":"ImageObject","inLanguage":"pt-PT","@id":"https:\/\/portaltela.pt\/noticias\/2026\/03\/20\/cameron-mcevoy-bate-recorde-mundial-dos-50m-livres\/#primaryimage","url":"https:\/\/portaltela.pt\/s.01k8rhncp4jt1\/2026\/03\/img_920x518uu2026-03-20-16-44-03-2428361.jpg","contentUrl":"https:\/\/portaltela.pt\/s.01k8rhncp4jt1\/2026\/03\/img_920x518uu2026-03-20-16-44-03-2428361.jpg","width":796,"height":448,"caption":"Cameron McEvoy bate recorde mundial dos 50 metros livres"},{"@type":"BreadcrumbList","@id":"https:\/\/portaltela.pt\/noticias\/2026\/03\/20\/cameron-mcevoy-bate-recorde-mundial-dos-50m-livres\/#breadcrumb","itemListElement":[{"@type":"ListItem","position":1,"name":"In\u00edcio","item":"https:\/\/portaltela.pt\/"},{"@type":"ListItem","position":2,"name":"Cameron McEvoy bate recorde mundial dos 50m livres"}]},{"@type":"WebSite","@id":"https:\/\/portaltela.pt\/#website","url":"https:\/\/portaltela.pt\/","name":"Portal Tela Portugal","description":"","potentialAction":[{"@type":"SearchAction","target":{"@type":"EntryPoint","urlTemplate":"https:\/\/portaltela.pt\/?s={search_term_string}"},"query-input":{"@type":"PropertyValueSpecification","valueRequired":true,"valueName":"search_term_string"}}],"inLanguage":"pt-PT"},{"@type":"Person","@id":"https:\/\/portaltela.pt\/#\/schema\/person\/c4278d4a6028830caff9ee44b42d32ed","name":"Telinha","image":{"@type":"ImageObject","inLanguage":"pt-PT","@id":"https:\/\/portaltela.pt\/s.01k8rhncp4jt1\/2025\/11\/talking-bot-125x125.png","url":"https:\/\/portaltela.pt\/s.01k8rhncp4jt1\/2025\/11\/talking-bot-125x125.png","contentUrl":"https:\/\/portaltela.pt\/s.01k8rhncp4jt1\/2025\/11\/talking-bot-125x125.png","caption":"Telinha"},"sameAs":["https:\/\/portaltela.pt\/"],"url":"https:\/\/portaltela.pt\/por\/367410592786\/"}]}},"_links":{"self":[{"href":"https:\/\/portaltela.pt\/api\/wp\/v2\/posts\/417670","targetHints":{"allow":["GET"]}}],"collection":[{"href":"https:\/\/portaltela.pt\/api\/wp\/v2\/posts"}],"about":[{"href":"https:\/\/portaltela.pt\/api\/wp\/v2\/types\/post"}],"author":[{"embeddable":true,"href":"https:\/\/portaltela.pt\/api\/wp\/v2\/users\/2"}],"replies":[{"embeddable":true,"href":"https:\/\/portaltela.pt\/api\/wp\/v2\/comments?post=417670"}],"version-history":[{"count":0,"href":"https:\/\/portaltela.pt\/api\/wp\/v2\/posts\/417670\/revisions"}],"wp:featuredmedia":[{"embeddable":true,"href":"https:\/\/portaltela.pt\/api\/wp\/v2\/media\/417672"}],"wp:attachment":[{"href":"https:\/\/portaltela.pt\/api\/wp\/v2\/media?parent=417670"}],"wp:term":[{"taxonomy":"category","embeddable":true,"href":"https:\/\/portaltela.pt\/api\/wp\/v2\/categories?post=417670"},{"taxonomy":"post_tag","embeddable":true,"href":"https:\/\/portaltela.pt\/api\/wp\/v2\/tags?post=417670"}],"curies":[{"name":"wp","href":"https:\/\/api.w.org\/{rel}","templated":true}]}}