{"id":417652,"date":"2026-03-20T13:45:11","date_gmt":"2026-03-20T16:45:11","guid":{"rendered":"https:\/\/portaltela.pt\/noticias\/2026\/03\/20\/cbs-news-encerra-estacao-de-radio-e-demite-6-dos-trabalhadores\/"},"modified":"2026-03-20T13:45:11","modified_gmt":"2026-03-20T16:45:11","slug":"cbs-news-encerra-estacao-de-radio-e-demite-6-dos-trabalhadores","status":"publish","type":"post","link":"https:\/\/portaltela.pt\/noticias\/internacional\/2026\/03\/20\/cbs-news-encerra-estacao-de-radio-e-demite-6-dos-trabalhadores\/","title":{"rendered":"CBS News encerra esta\u00e7\u00e3o de r\u00e1dio e demite 6% dos trabalhadores"},"content":{"rendered":"<p>A CBS News anunciou o encerramento da CBS News Radio, marcando o fim de um s\u00e9culo de emiss\u00e3o. A medida, que inclui o despedimento de 6% do quadro, foi comunicada aos trabalhadores numa mensagem interna assinada pela editora-chefe Bari Weiss e pelo presidente Tom Cibrowski. A not\u00edcia foi divulgada na sexta-feira e os cortes entram em vigor j\u00e1 no dia 22 de maio.<\/p>\n<p>Segundo o comunicado, a decis\u00e3o envolve a supress\u00e3o de todos os postos de trabalho da CBS News Radio. A CBS News reconheceu o impacto humano nos colaboradores, destacando que se trata de colegas talentosos que contribu\u00edram para cobrir grandes acontecimentos.<\/p>\n<p>Cerca de 70 funcion\u00e1rios devem ser abrangidos por este segundo redimensionamento desde a entrada de David Ellison como presidente executivo da Paramount Skydance, em agosto de 2025. A empresa sinaliza que pretende reduzir cerca de 2.000 postos na Paramount para refor\u00e7ar poupan\u00e7as.<\/p>\n<h3>Contexto e desdobramentos<\/h3>\n<p>Os dirigentes explicaram que o jornalismo passa por mudan\u00e7as radicais e que \u00e9 necess\u00e1rio adaptar-se a novos p\u00fablicos e espa\u00e7os de consumo. A decis\u00e3o \u00e9 apresentada como necess\u00e1ria para manter a competitividade e facilitar investimentos em \u00e1reas priorit\u00e1rias.<\/p>\n<p>O an\u00fancio surge numa altura em que outros grandes meios de comunica\u00e7\u00e3o nos EUA tamb\u00e9m t\u00eam anunciado cortes de pessoal, em linha com uma tend\u00eancia setorial. O The Washington Post, por exemplo, j\u00e1 comunicou redu\u00e7\u00f5es significativas ao seu quadro.<\/p>\n<p>A CBS News refor\u00e7a que a prioridade \u00e9 manter a cobertura de qualidade enquanto reorganiza estruturas. A mensagem devolve o foco \u00e0 adapta\u00e7\u00e3o cont\u00ednua \u00e0s exig\u00eancias do atual panorama jornal\u00edstico sem oferecer opini\u00f5es ou conclus\u00f5es.<\/p>\n","protected":false},"excerpt":{"rendered":"<ul>\n<li>A CBS News vai despedir 6% dos trabalhadores e encerrar a CBS News Radio, ap\u00f3s quase um s\u00e9culo no ar, conforme comunicado interno.<\/li>\n<li>A not\u00edcia foi comunicada esta sexta-feira aos funcion\u00e1rios, num texto assinado pela editora-chefe Bari Weiss e pelo presidente Tom Cibrowski.<\/li>\n<li>O encerramento da CBS News Radio est\u00e1 marcado para o pr\u00f3ximo dia 22 de maio e envolve cerca de 700 esta\u00e7\u00f5es da rede.<\/li>\n<li>Cerca de 70 trabalhadores poder\u00e3o ser dispensados, numa segunda rodada de cortes desde agosto de dois mil e vinte e cinco, quando David Ellison assumiu como presidente-executivo da Paramount Global.<\/li>\n<li>Os respons\u00e1veis justificaram a medida pela necessidade de adaptar o jornalismo aos novos p\u00fablicos e \u00e0 mudan\u00e7a radical no setor, destacando que algumas \u00e1reas da reda\u00e7\u00e3o dever\u00e3o tornar-se mais pequenas para manter a competitividade.<\/li>\n<\/ul>\n","protected":false},"author":2,"featured_media":417661,"comment_status":"closed","ping_status":"closed","sticky":false,"template":"","format":"standard","meta":{"footnotes":""},"categories":[4,1],"tags":[2607,3020,1600,195,5707,7221],"class_list":["post-417652","post","type-post","status-publish","format-standard","has-post-thumbnail","hentry","category-internacional","category-noticias","tag-comunicacao","tag-despedimentos","tag-estados-unidos","tag-informacao","tag-jornalistas","tag-noticias"],"yoast_head":"<!-- This site is optimized with the Yoast SEO plugin v27.2 - https:\/\/yoast.com\/product\/yoast-seo-wordpress\/ -->\n<title>CBS News encerra esta\u00e7\u00e3o de r\u00e1dio e demite 6% dos trabalhadores - Portal Tela Portugal<\/title>\n<meta name=\"robots\" content=\"index, follow, max-snippet:-1, max-image-preview:large, max-video-preview:-1\" \/>\n<meta property=\"og:locale\" content=\"pt_PT\" \/>\n<meta property=\"og:type\" content=\"article\" \/>\n<meta property=\"og:title\" content=\"CBS News encerra esta\u00e7\u00e3o de r\u00e1dio e demite 6% dos trabalhadores - Portal Tela Portugal\" \/>\n<meta property=\"og:description\" content=\"A CBS News vai despedir 6% dos trabalhadores e encerrar a CBS News Radio, ap\u00f3s quase um s\u00e9culo no ar, conforme comunicado interno. A not\u00edcia foi comunicada esta sexta-feira aos funcion\u00e1rios, num texto assinado pela editora-chefe Bari Weiss e pelo presidente Tom Cibrowski. O encerramento da CBS News Radio est\u00e1 marcado para o pr\u00f3ximo dia 22 de maio e envolve cerca de 700 esta\u00e7\u00f5es da rede. Cerca de 70 trabalhadores poder\u00e3o ser dispensados, numa segunda rodada de cortes desde agosto de dois mil e vinte e cinco, quando David Ellison assumiu como presidente-executivo da Paramount Global. Os respons\u00e1veis justificaram a medida pela necessidade de adaptar o jornalismo aos novos p\u00fablicos e \u00e0 mudan\u00e7a radical no setor, destacando que algumas \u00e1reas da reda\u00e7\u00e3o dever\u00e3o tornar-se mais pequenas para manter a competitividade.\" \/>\n<meta property=\"og:url\" content=\"https:\/\/portaltela.pt\/noticias\/2026\/03\/20\/cbs-news-encerra-estacao-de-radio-e-demite-6-dos-trabalhadores\/\" \/>\n<meta property=\"og:site_name\" content=\"Portal Tela Portugal\" \/>\n<meta property=\"article:published_time\" content=\"2026-03-20T16:45:11+00:00\" \/>\n<meta name=\"author\" content=\"Telinha\" \/>\n<meta name=\"twitter:card\" content=\"summary_large_image\" \/>\n<meta name=\"twitter:label1\" content=\"Escrito por\" \/>\n\t<meta name=\"twitter:data1\" content=\"Telinha\" \/>\n\t<meta name=\"twitter:label2\" content=\"Tempo estimado de leitura\" \/>\n\t<meta name=\"twitter:data2\" content=\"1 minuto\" \/>\n<script type=\"application\/ld+json\" class=\"yoast-schema-graph\">{\"@context\":\"https:\/\/schema.org\",\"@graph\":[{\"@type\":\"Article\",\"@id\":\"https:\/\/portaltela.pt\/noticias\/2026\/03\/20\/cbs-news-encerra-estacao-de-radio-e-demite-6-dos-trabalhadores\/#article\",\"isPartOf\":{\"@id\":\"https:\/\/portaltela.pt\/noticias\/2026\/03\/20\/cbs-news-encerra-estacao-de-radio-e-demite-6-dos-trabalhadores\/\"},\"author\":{\"name\":\"Telinha\",\"@id\":\"https:\/\/portaltela.pt\/#\/schema\/person\/c4278d4a6028830caff9ee44b42d32ed\"},\"headline\":\"CBS News encerra esta\u00e7\u00e3o de r\u00e1dio e demite 6% dos trabalhadores\",\"datePublished\":\"2026-03-20T16:45:11+00:00\",\"mainEntityOfPage\":{\"@id\":\"https:\/\/portaltela.pt\/noticias\/2026\/03\/20\/cbs-news-encerra-estacao-de-radio-e-demite-6-dos-trabalhadores\/\"},\"wordCount\":292,\"image\":{\"@id\":\"https:\/\/portaltela.pt\/noticias\/2026\/03\/20\/cbs-news-encerra-estacao-de-radio-e-demite-6-dos-trabalhadores\/#primaryimage\"},\"thumbnailUrl\":\"https:\/\/portaltela.pt\/s.01k8rhncp4jt1\/2026\/03\/img_1500x1000uu2026-03-20-16-45-02-2273716.jpg\",\"keywords\":[\"comunica\u00e7\u00e3o\",\"despedimentos\",\"Estados Unidos\",\"informa\u00e7\u00e3o\",\"jornalistas\",\"not\u00edcias\"],\"articleSection\":[\"Internacional\",\"Not\u00edcias\"],\"inLanguage\":\"pt-PT\"},{\"@type\":\"WebPage\",\"@id\":\"https:\/\/portaltela.pt\/noticias\/2026\/03\/20\/cbs-news-encerra-estacao-de-radio-e-demite-6-dos-trabalhadores\/\",\"url\":\"https:\/\/portaltela.pt\/noticias\/2026\/03\/20\/cbs-news-encerra-estacao-de-radio-e-demite-6-dos-trabalhadores\/\",\"name\":\"CBS News encerra esta\u00e7\u00e3o de r\u00e1dio e demite 6% dos trabalhadores - Portal Tela Portugal\",\"isPartOf\":{\"@id\":\"https:\/\/portaltela.pt\/#website\"},\"primaryImageOfPage\":{\"@id\":\"https:\/\/portaltela.pt\/noticias\/2026\/03\/20\/cbs-news-encerra-estacao-de-radio-e-demite-6-dos-trabalhadores\/#primaryimage\"},\"image\":{\"@id\":\"https:\/\/portaltela.pt\/noticias\/2026\/03\/20\/cbs-news-encerra-estacao-de-radio-e-demite-6-dos-trabalhadores\/#primaryimage\"},\"thumbnailUrl\":\"https:\/\/portaltela.pt\/s.01k8rhncp4jt1\/2026\/03\/img_1500x1000uu2026-03-20-16-45-02-2273716.jpg\",\"datePublished\":\"2026-03-20T16:45:11+00:00\",\"author\":{\"@id\":\"https:\/\/portaltela.pt\/#\/schema\/person\/c4278d4a6028830caff9ee44b42d32ed\"},\"breadcrumb\":{\"@id\":\"https:\/\/portaltela.pt\/noticias\/2026\/03\/20\/cbs-news-encerra-estacao-de-radio-e-demite-6-dos-trabalhadores\/#breadcrumb\"},\"inLanguage\":\"pt-PT\",\"potentialAction\":[{\"@type\":\"ReadAction\",\"target\":[\"https:\/\/portaltela.pt\/noticias\/2026\/03\/20\/cbs-news-encerra-estacao-de-radio-e-demite-6-dos-trabalhadores\/\"]}]},{\"@type\":\"ImageObject\",\"inLanguage\":\"pt-PT\",\"@id\":\"https:\/\/portaltela.pt\/noticias\/2026\/03\/20\/cbs-news-encerra-estacao-de-radio-e-demite-6-dos-trabalhadores\/#primaryimage\",\"url\":\"https:\/\/portaltela.pt\/s.01k8rhncp4jt1\/2026\/03\/img_1500x1000uu2026-03-20-16-45-02-2273716.jpg\",\"contentUrl\":\"https:\/\/portaltela.pt\/s.01k8rhncp4jt1\/2026\/03\/img_1500x1000uu2026-03-20-16-45-02-2273716.jpg\",\"width\":796,\"height\":448,\"caption\":\"CBS News\"},{\"@type\":\"BreadcrumbList\",\"@id\":\"https:\/\/portaltela.pt\/noticias\/2026\/03\/20\/cbs-news-encerra-estacao-de-radio-e-demite-6-dos-trabalhadores\/#breadcrumb\",\"itemListElement\":[{\"@type\":\"ListItem\",\"position\":1,\"name\":\"In\u00edcio\",\"item\":\"https:\/\/portaltela.pt\/\"},{\"@type\":\"ListItem\",\"position\":2,\"name\":\"CBS News encerra esta\u00e7\u00e3o de r\u00e1dio e demite 6% dos trabalhadores\"}]},{\"@type\":\"WebSite\",\"@id\":\"https:\/\/portaltela.pt\/#website\",\"url\":\"https:\/\/portaltela.pt\/\",\"name\":\"Portal Tela Portugal\",\"description\":\"\",\"potentialAction\":[{\"@type\":\"SearchAction\",\"target\":{\"@type\":\"EntryPoint\",\"urlTemplate\":\"https:\/\/portaltela.pt\/?s={search_term_string}\"},\"query-input\":{\"@type\":\"PropertyValueSpecification\",\"valueRequired\":true,\"valueName\":\"search_term_string\"}}],\"inLanguage\":\"pt-PT\"},{\"@type\":\"Person\",\"@id\":\"https:\/\/portaltela.pt\/#\/schema\/person\/c4278d4a6028830caff9ee44b42d32ed\",\"name\":\"Telinha\",\"image\":{\"@type\":\"ImageObject\",\"inLanguage\":\"pt-PT\",\"@id\":\"https:\/\/portaltela.pt\/s.01k8rhncp4jt1\/2025\/11\/talking-bot-125x125.png\",\"url\":\"https:\/\/portaltela.pt\/s.01k8rhncp4jt1\/2025\/11\/talking-bot-125x125.png\",\"contentUrl\":\"https:\/\/portaltela.pt\/s.01k8rhncp4jt1\/2025\/11\/talking-bot-125x125.png\",\"caption\":\"Telinha\"},\"sameAs\":[\"https:\/\/portaltela.pt\/\"],\"url\":\"https:\/\/portaltela.pt\/por\/367410592786\/\"}]}<\/script>\n<!-- \/ Yoast SEO plugin. -->","yoast_head_json":{"title":"CBS News encerra esta\u00e7\u00e3o de r\u00e1dio e demite 6% dos trabalhadores - Portal Tela Portugal","robots":{"index":"index","follow":"follow","max-snippet":"max-snippet:-1","max-image-preview":"max-image-preview:large","max-video-preview":"max-video-preview:-1"},"og_locale":"pt_PT","og_type":"article","og_title":"CBS News encerra esta\u00e7\u00e3o de r\u00e1dio e demite 6% dos trabalhadores - Portal Tela Portugal","og_description":"A CBS News vai despedir 6% dos trabalhadores e encerrar a CBS News Radio, ap\u00f3s quase um s\u00e9culo no ar, conforme comunicado interno. A not\u00edcia foi comunicada esta sexta-feira aos funcion\u00e1rios, num texto assinado pela editora-chefe Bari Weiss e pelo presidente Tom Cibrowski. O encerramento da CBS News Radio est\u00e1 marcado para o pr\u00f3ximo dia 22 de maio e envolve cerca de 700 esta\u00e7\u00f5es da rede. Cerca de 70 trabalhadores poder\u00e3o ser dispensados, numa segunda rodada de cortes desde agosto de dois mil e vinte e cinco, quando David Ellison assumiu como presidente-executivo da Paramount Global. Os respons\u00e1veis justificaram a medida pela necessidade de adaptar o jornalismo aos novos p\u00fablicos e \u00e0 mudan\u00e7a radical no setor, destacando que algumas \u00e1reas da reda\u00e7\u00e3o dever\u00e3o tornar-se mais pequenas para manter a competitividade.","og_url":"https:\/\/portaltela.pt\/noticias\/2026\/03\/20\/cbs-news-encerra-estacao-de-radio-e-demite-6-dos-trabalhadores\/","og_site_name":"Portal Tela Portugal","article_published_time":"2026-03-20T16:45:11+00:00","author":"Telinha","twitter_card":"summary_large_image","twitter_misc":{"Escrito por":"Telinha","Tempo estimado de leitura":"1 minuto"},"schema":{"@context":"https:\/\/schema.org","@graph":[{"@type":"Article","@id":"https:\/\/portaltela.pt\/noticias\/2026\/03\/20\/cbs-news-encerra-estacao-de-radio-e-demite-6-dos-trabalhadores\/#article","isPartOf":{"@id":"https:\/\/portaltela.pt\/noticias\/2026\/03\/20\/cbs-news-encerra-estacao-de-radio-e-demite-6-dos-trabalhadores\/"},"author":{"name":"Telinha","@id":"https:\/\/portaltela.pt\/#\/schema\/person\/c4278d4a6028830caff9ee44b42d32ed"},"headline":"CBS News encerra esta\u00e7\u00e3o de r\u00e1dio e demite 6% dos trabalhadores","datePublished":"2026-03-20T16:45:11+00:00","mainEntityOfPage":{"@id":"https:\/\/portaltela.pt\/noticias\/2026\/03\/20\/cbs-news-encerra-estacao-de-radio-e-demite-6-dos-trabalhadores\/"},"wordCount":292,"image":{"@id":"https:\/\/portaltela.pt\/noticias\/2026\/03\/20\/cbs-news-encerra-estacao-de-radio-e-demite-6-dos-trabalhadores\/#primaryimage"},"thumbnailUrl":"https:\/\/portaltela.pt\/s.01k8rhncp4jt1\/2026\/03\/img_1500x1000uu2026-03-20-16-45-02-2273716.jpg","keywords":["comunica\u00e7\u00e3o","despedimentos","Estados Unidos","informa\u00e7\u00e3o","jornalistas","not\u00edcias"],"articleSection":["Internacional","Not\u00edcias"],"inLanguage":"pt-PT"},{"@type":"WebPage","@id":"https:\/\/portaltela.pt\/noticias\/2026\/03\/20\/cbs-news-encerra-estacao-de-radio-e-demite-6-dos-trabalhadores\/","url":"https:\/\/portaltela.pt\/noticias\/2026\/03\/20\/cbs-news-encerra-estacao-de-radio-e-demite-6-dos-trabalhadores\/","name":"CBS News encerra esta\u00e7\u00e3o de r\u00e1dio e demite 6% dos trabalhadores - Portal Tela Portugal","isPartOf":{"@id":"https:\/\/portaltela.pt\/#website"},"primaryImageOfPage":{"@id":"https:\/\/portaltela.pt\/noticias\/2026\/03\/20\/cbs-news-encerra-estacao-de-radio-e-demite-6-dos-trabalhadores\/#primaryimage"},"image":{"@id":"https:\/\/portaltela.pt\/noticias\/2026\/03\/20\/cbs-news-encerra-estacao-de-radio-e-demite-6-dos-trabalhadores\/#primaryimage"},"thumbnailUrl":"https:\/\/portaltela.pt\/s.01k8rhncp4jt1\/2026\/03\/img_1500x1000uu2026-03-20-16-45-02-2273716.jpg","datePublished":"2026-03-20T16:45:11+00:00","author":{"@id":"https:\/\/portaltela.pt\/#\/schema\/person\/c4278d4a6028830caff9ee44b42d32ed"},"breadcrumb":{"@id":"https:\/\/portaltela.pt\/noticias\/2026\/03\/20\/cbs-news-encerra-estacao-de-radio-e-demite-6-dos-trabalhadores\/#breadcrumb"},"inLanguage":"pt-PT","potentialAction":[{"@type":"ReadAction","target":["https:\/\/portaltela.pt\/noticias\/2026\/03\/20\/cbs-news-encerra-estacao-de-radio-e-demite-6-dos-trabalhadores\/"]}]},{"@type":"ImageObject","inLanguage":"pt-PT","@id":"https:\/\/portaltela.pt\/noticias\/2026\/03\/20\/cbs-news-encerra-estacao-de-radio-e-demite-6-dos-trabalhadores\/#primaryimage","url":"https:\/\/portaltela.pt\/s.01k8rhncp4jt1\/2026\/03\/img_1500x1000uu2026-03-20-16-45-02-2273716.jpg","contentUrl":"https:\/\/portaltela.pt\/s.01k8rhncp4jt1\/2026\/03\/img_1500x1000uu2026-03-20-16-45-02-2273716.jpg","width":796,"height":448,"caption":"CBS News"},{"@type":"BreadcrumbList","@id":"https:\/\/portaltela.pt\/noticias\/2026\/03\/20\/cbs-news-encerra-estacao-de-radio-e-demite-6-dos-trabalhadores\/#breadcrumb","itemListElement":[{"@type":"ListItem","position":1,"name":"In\u00edcio","item":"https:\/\/portaltela.pt\/"},{"@type":"ListItem","position":2,"name":"CBS News encerra esta\u00e7\u00e3o de r\u00e1dio e demite 6% dos trabalhadores"}]},{"@type":"WebSite","@id":"https:\/\/portaltela.pt\/#website","url":"https:\/\/portaltela.pt\/","name":"Portal Tela Portugal","description":"","potentialAction":[{"@type":"SearchAction","target":{"@type":"EntryPoint","urlTemplate":"https:\/\/portaltela.pt\/?s={search_term_string}"},"query-input":{"@type":"PropertyValueSpecification","valueRequired":true,"valueName":"search_term_string"}}],"inLanguage":"pt-PT"},{"@type":"Person","@id":"https:\/\/portaltela.pt\/#\/schema\/person\/c4278d4a6028830caff9ee44b42d32ed","name":"Telinha","image":{"@type":"ImageObject","inLanguage":"pt-PT","@id":"https:\/\/portaltela.pt\/s.01k8rhncp4jt1\/2025\/11\/talking-bot-125x125.png","url":"https:\/\/portaltela.pt\/s.01k8rhncp4jt1\/2025\/11\/talking-bot-125x125.png","contentUrl":"https:\/\/portaltela.pt\/s.01k8rhncp4jt1\/2025\/11\/talking-bot-125x125.png","caption":"Telinha"},"sameAs":["https:\/\/portaltela.pt\/"],"url":"https:\/\/portaltela.pt\/por\/367410592786\/"}]}},"_links":{"self":[{"href":"https:\/\/portaltela.pt\/api\/wp\/v2\/posts\/417652","targetHints":{"allow":["GET"]}}],"collection":[{"href":"https:\/\/portaltela.pt\/api\/wp\/v2\/posts"}],"about":[{"href":"https:\/\/portaltela.pt\/api\/wp\/v2\/types\/post"}],"author":[{"embeddable":true,"href":"https:\/\/portaltela.pt\/api\/wp\/v2\/users\/2"}],"replies":[{"embeddable":true,"href":"https:\/\/portaltela.pt\/api\/wp\/v2\/comments?post=417652"}],"version-history":[{"count":0,"href":"https:\/\/portaltela.pt\/api\/wp\/v2\/posts\/417652\/revisions"}],"wp:featuredmedia":[{"embeddable":true,"href":"https:\/\/portaltela.pt\/api\/wp\/v2\/media\/417661"}],"wp:attachment":[{"href":"https:\/\/portaltela.pt\/api\/wp\/v2\/media?parent=417652"}],"wp:term":[{"taxonomy":"category","embeddable":true,"href":"https:\/\/portaltela.pt\/api\/wp\/v2\/categories?post=417652"},{"taxonomy":"post_tag","embeddable":true,"href":"https:\/\/portaltela.pt\/api\/wp\/v2\/tags?post=417652"}],"curies":[{"name":"wp","href":"https:\/\/api.w.org\/{rel}","templated":true}]}}