{"id":417650,"date":"2026-03-20T13:38:41","date_gmt":"2026-03-20T16:38:41","guid":{"rendered":"https:\/\/portaltela.pt\/noticias\/2026\/03\/20\/ruben-pacheco-correia-revela-historia-de-vida-apos-perder-93-kg\/"},"modified":"2026-03-20T13:38:41","modified_gmt":"2026-03-20T16:38:41","slug":"ruben-pacheco-correia-revela-historia-de-vida-apos-perder-93-kg","status":"publish","type":"post","link":"https:\/\/portaltela.pt\/saude\/2026\/03\/20\/ruben-pacheco-correia-revela-historia-de-vida-apos-perder-93-kg\/","title":{"rendered":"Ruben Pacheco Correia revela hist\u00f3ria de vida ap\u00f3s perder 93 kg"},"content":{"rendered":"<p>Ruben Pacheco Correia partilha a sua hist\u00f3ria de vida ap\u00f3s uma perda de 93 kg. O an\u00fancio surge com o objetivo de inspirar quem pretende seguir o seu exemplo e buscar mudan\u00e7as significativas. A participa\u00e7\u00e3o faz parte de uma rubrica hist\u00f3rica do programa matinal.<\/p>\n<p>A not\u00edcia foi publicada a 20 de mar\u00e7o de 2026, \u00e0s 16:38, sem indica\u00e7\u00e3o de local espec\u00edfico. O foco \u00e9 apresentar o percurso do entrevistado e as etapas que o conduziram \u00e0 transforma\u00e7\u00e3o f\u00edsica, bem como o impacto dessa experi\u00eancia na motiva\u00e7\u00e3o de outras pessoas.<\/p>\n<p>Correia passa a ser o novo mentor da rubrica do programa Ol\u00e1, Bom Dia!, com a miss\u00e3o de divulgar a mudan\u00e7a alcan\u00e7ada e apoiar quem quer iniciar um caminho semelhante. O formato pretende oferecer orienta\u00e7\u00e3o pr\u00e1tica e relatos de supera\u00e7\u00e3o.<\/p>\n<h3>O que muda na rubrica<\/h3>\n<p>A entrada do novo mentor pretende dinamizar a rubrica com um olhar pessoal sobre h\u00e1bitos, rotinas e metas realistas. O objetivo \u00e9 partilhar aprendizados \u00fateis para quem procura resultados duradouros.<\/p>\n<h3>Como se progressa a presta\u00e7\u00e3o<\/h3>\n<p>O programa ir\u00e1 juntar testemunhos do pr\u00f3prio Ruben, informa\u00e7\u00f5es sobre alimenta\u00e7\u00e3o equilibrada e treino moderado. A rubrica visa facilitar o acesso a recursos que ajudem quem est\u00e1 no processo de mudan\u00e7a.<\/p>\n<p>O formato mant\u00e9m o tom informativo, com foco em dados concretos e experi\u00eancias verific\u00e1veis. N\u00e3o h\u00e1 ju\u00edzos de valor nem avalia\u00e7\u00f5es morais sobre as escolhas feitas ao longo da (s) transforma\u00e7\u00e3o(\u00f5es).<\/p>\n<p>Ruben Pacheco Correia refor\u00e7a que a jornada continua, com objetivos orientados para a sa\u00fade e bem-estar. A novidade envolve participa\u00e7\u00e3o regular na rubrica, partilhando passos, dificuldades e progressos.<\/p>\n<p>O conte\u00fado \u00e9 distribu\u00eddo de forma objetiva, com linguagem clara e neutra. O p\u00fablico pode acompanhar a evolu\u00e7\u00e3o ao longo dos pr\u00f3ximos epis\u00f3dios do programa matinal.<\/p>\n","protected":false},"excerpt":{"rendered":"<ul>\n<li>Ruben Pacheco Correia perdeu 93 kg e partilha a sua hist\u00f3ria de vida.<\/li>\n<li>Passa a ser o novo mentor da rubrica do programa &#8220;Ol\u00e1, Bom dia!&#8221; para divulgar a transforma\u00e7\u00e3o.<\/li>\n<li>O objetivo \u00e9 ajudar outras pessoas a seguirem o seu exemplo e a promover mudan\u00e7as de vida.<\/li>\n<li>A not\u00edcia foi publicada a 20 de mar\u00e7o de 2026, \u00e0s 16:38.<\/li>\n<li>A iniciativa pretende apoiar quem procura mudan\u00e7as de sa\u00fade e estilo de vida.<\/li>\n<\/ul>\n","protected":false},"author":2,"featured_media":417657,"comment_status":"closed","ping_status":"closed","sticky":false,"template":"","format":"standard","meta":{"footnotes":""},"categories":[1,6745],"tags":[2464,163,4995,915,40,172],"class_list":["post-417650","post","type-post","status-publish","format-standard","has-post-thumbnail","hentry","category-noticias","category-saude","tag-atividade-fisica","tag-educacao","tag-educacao-alimentar","tag-nutricao","tag-pessoas","tag-saude"],"yoast_head":"<!-- This site is optimized with the Yoast SEO plugin v27.2 - https:\/\/yoast.com\/product\/yoast-seo-wordpress\/ -->\n<title>Ruben Pacheco Correia revela hist\u00f3ria de vida ap\u00f3s perder 93 kg - Portal Tela Portugal<\/title>\n<meta name=\"robots\" content=\"index, follow, max-snippet:-1, max-image-preview:large, max-video-preview:-1\" \/>\n<meta property=\"og:locale\" content=\"pt_PT\" \/>\n<meta property=\"og:type\" content=\"article\" \/>\n<meta property=\"og:title\" content=\"Ruben Pacheco Correia revela hist\u00f3ria de vida ap\u00f3s perder 93 kg - Portal Tela Portugal\" \/>\n<meta property=\"og:description\" content=\"Ruben Pacheco Correia perdeu 93 kg e partilha a sua hist\u00f3ria de vida. Passa a ser o novo mentor da rubrica do programa &quot;Ol\u00e1, Bom dia!&quot; para divulgar a transforma\u00e7\u00e3o. O objetivo \u00e9 ajudar outras pessoas a seguirem o seu exemplo e a promover mudan\u00e7as de vida. A not\u00edcia foi publicada a 20 de mar\u00e7o de 2026, \u00e0s 16:38. A iniciativa pretende apoiar quem procura mudan\u00e7as de sa\u00fade e estilo de vida.\" \/>\n<meta property=\"og:url\" content=\"https:\/\/portaltela.pt\/noticias\/2026\/03\/20\/ruben-pacheco-correia-revela-historia-de-vida-apos-perder-93-kg\/\" \/>\n<meta property=\"og:site_name\" content=\"Portal Tela Portugal\" \/>\n<meta property=\"article:published_time\" content=\"2026-03-20T16:38:41+00:00\" \/>\n<meta name=\"author\" content=\"Telinha\" \/>\n<meta name=\"twitter:card\" content=\"summary_large_image\" \/>\n<meta name=\"twitter:label1\" content=\"Escrito por\" \/>\n\t<meta name=\"twitter:data1\" content=\"Telinha\" \/>\n\t<meta name=\"twitter:label2\" content=\"Tempo estimado de leitura\" \/>\n\t<meta name=\"twitter:data2\" content=\"2 minutos\" \/>\n<script type=\"application\/ld+json\" class=\"yoast-schema-graph\">{\"@context\":\"https:\/\/schema.org\",\"@graph\":[{\"@type\":\"Article\",\"@id\":\"https:\/\/portaltela.pt\/noticias\/2026\/03\/20\/ruben-pacheco-correia-revela-historia-de-vida-apos-perder-93-kg\/#article\",\"isPartOf\":{\"@id\":\"https:\/\/portaltela.pt\/noticias\/2026\/03\/20\/ruben-pacheco-correia-revela-historia-de-vida-apos-perder-93-kg\/\"},\"author\":{\"name\":\"Telinha\",\"@id\":\"https:\/\/portaltela.pt\/#\/schema\/person\/c4278d4a6028830caff9ee44b42d32ed\"},\"headline\":\"Ruben Pacheco Correia revela hist\u00f3ria de vida ap\u00f3s perder 93 kg\",\"datePublished\":\"2026-03-20T16:38:41+00:00\",\"mainEntityOfPage\":{\"@id\":\"https:\/\/portaltela.pt\/noticias\/2026\/03\/20\/ruben-pacheco-correia-revela-historia-de-vida-apos-perder-93-kg\/\"},\"wordCount\":332,\"image\":{\"@id\":\"https:\/\/portaltela.pt\/noticias\/2026\/03\/20\/ruben-pacheco-correia-revela-historia-de-vida-apos-perder-93-kg\/#primaryimage\"},\"thumbnailUrl\":\"https:\/\/portaltela.pt\/s.01k8rhncp4jt1\/2026\/03\/img_1280x722uu2026-03-20-16-37-50-2273715.jpg\",\"keywords\":[\"atividade f\u00edsica\",\"educa\u00e7\u00e3o\",\"educa\u00e7\u00e3o alimentar\",\"nutri\u00e7\u00e3o\",\"pessoas\",\"sa\u00fade\"],\"articleSection\":[\"Not\u00edcias\",\"Sa\u00fade\"],\"inLanguage\":\"pt-PT\"},{\"@type\":\"WebPage\",\"@id\":\"https:\/\/portaltela.pt\/noticias\/2026\/03\/20\/ruben-pacheco-correia-revela-historia-de-vida-apos-perder-93-kg\/\",\"url\":\"https:\/\/portaltela.pt\/noticias\/2026\/03\/20\/ruben-pacheco-correia-revela-historia-de-vida-apos-perder-93-kg\/\",\"name\":\"Ruben Pacheco Correia revela hist\u00f3ria de vida ap\u00f3s perder 93 kg - Portal Tela Portugal\",\"isPartOf\":{\"@id\":\"https:\/\/portaltela.pt\/#website\"},\"primaryImageOfPage\":{\"@id\":\"https:\/\/portaltela.pt\/noticias\/2026\/03\/20\/ruben-pacheco-correia-revela-historia-de-vida-apos-perder-93-kg\/#primaryimage\"},\"image\":{\"@id\":\"https:\/\/portaltela.pt\/noticias\/2026\/03\/20\/ruben-pacheco-correia-revela-historia-de-vida-apos-perder-93-kg\/#primaryimage\"},\"thumbnailUrl\":\"https:\/\/portaltela.pt\/s.01k8rhncp4jt1\/2026\/03\/img_1280x722uu2026-03-20-16-37-50-2273715.jpg\",\"datePublished\":\"2026-03-20T16:38:41+00:00\",\"author\":{\"@id\":\"https:\/\/portaltela.pt\/#\/schema\/person\/c4278d4a6028830caff9ee44b42d32ed\"},\"breadcrumb\":{\"@id\":\"https:\/\/portaltela.pt\/noticias\/2026\/03\/20\/ruben-pacheco-correia-revela-historia-de-vida-apos-perder-93-kg\/#breadcrumb\"},\"inLanguage\":\"pt-PT\",\"potentialAction\":[{\"@type\":\"ReadAction\",\"target\":[\"https:\/\/portaltela.pt\/noticias\/2026\/03\/20\/ruben-pacheco-correia-revela-historia-de-vida-apos-perder-93-kg\/\"]}]},{\"@type\":\"ImageObject\",\"inLanguage\":\"pt-PT\",\"@id\":\"https:\/\/portaltela.pt\/noticias\/2026\/03\/20\/ruben-pacheco-correia-revela-historia-de-vida-apos-perder-93-kg\/#primaryimage\",\"url\":\"https:\/\/portaltela.pt\/s.01k8rhncp4jt1\/2026\/03\/img_1280x722uu2026-03-20-16-37-50-2273715.jpg\",\"contentUrl\":\"https:\/\/portaltela.pt\/s.01k8rhncp4jt1\/2026\/03\/img_1280x722uu2026-03-20-16-37-50-2273715.jpg\",\"width\":796,\"height\":448,\"caption\":\"Photo\"},{\"@type\":\"BreadcrumbList\",\"@id\":\"https:\/\/portaltela.pt\/noticias\/2026\/03\/20\/ruben-pacheco-correia-revela-historia-de-vida-apos-perder-93-kg\/#breadcrumb\",\"itemListElement\":[{\"@type\":\"ListItem\",\"position\":1,\"name\":\"In\u00edcio\",\"item\":\"https:\/\/portaltela.pt\/\"},{\"@type\":\"ListItem\",\"position\":2,\"name\":\"Ruben Pacheco Correia revela hist\u00f3ria de vida ap\u00f3s perder 93 kg\"}]},{\"@type\":\"WebSite\",\"@id\":\"https:\/\/portaltela.pt\/#website\",\"url\":\"https:\/\/portaltela.pt\/\",\"name\":\"Portal Tela Portugal\",\"description\":\"\",\"potentialAction\":[{\"@type\":\"SearchAction\",\"target\":{\"@type\":\"EntryPoint\",\"urlTemplate\":\"https:\/\/portaltela.pt\/?s={search_term_string}\"},\"query-input\":{\"@type\":\"PropertyValueSpecification\",\"valueRequired\":true,\"valueName\":\"search_term_string\"}}],\"inLanguage\":\"pt-PT\"},{\"@type\":\"Person\",\"@id\":\"https:\/\/portaltela.pt\/#\/schema\/person\/c4278d4a6028830caff9ee44b42d32ed\",\"name\":\"Telinha\",\"image\":{\"@type\":\"ImageObject\",\"inLanguage\":\"pt-PT\",\"@id\":\"https:\/\/portaltela.pt\/s.01k8rhncp4jt1\/2025\/11\/talking-bot-125x125.png\",\"url\":\"https:\/\/portaltela.pt\/s.01k8rhncp4jt1\/2025\/11\/talking-bot-125x125.png\",\"contentUrl\":\"https:\/\/portaltela.pt\/s.01k8rhncp4jt1\/2025\/11\/talking-bot-125x125.png\",\"caption\":\"Telinha\"},\"sameAs\":[\"https:\/\/portaltela.pt\/\"],\"url\":\"https:\/\/portaltela.pt\/por\/367410592786\/\"}]}<\/script>\n<!-- \/ Yoast SEO plugin. -->","yoast_head_json":{"title":"Ruben Pacheco Correia revela hist\u00f3ria de vida ap\u00f3s perder 93 kg - Portal Tela Portugal","robots":{"index":"index","follow":"follow","max-snippet":"max-snippet:-1","max-image-preview":"max-image-preview:large","max-video-preview":"max-video-preview:-1"},"og_locale":"pt_PT","og_type":"article","og_title":"Ruben Pacheco Correia revela hist\u00f3ria de vida ap\u00f3s perder 93 kg - Portal Tela Portugal","og_description":"Ruben Pacheco Correia perdeu 93 kg e partilha a sua hist\u00f3ria de vida. Passa a ser o novo mentor da rubrica do programa \"Ol\u00e1, Bom dia!\" para divulgar a transforma\u00e7\u00e3o. O objetivo \u00e9 ajudar outras pessoas a seguirem o seu exemplo e a promover mudan\u00e7as de vida. A not\u00edcia foi publicada a 20 de mar\u00e7o de 2026, \u00e0s 16:38. A iniciativa pretende apoiar quem procura mudan\u00e7as de sa\u00fade e estilo de vida.","og_url":"https:\/\/portaltela.pt\/noticias\/2026\/03\/20\/ruben-pacheco-correia-revela-historia-de-vida-apos-perder-93-kg\/","og_site_name":"Portal Tela Portugal","article_published_time":"2026-03-20T16:38:41+00:00","author":"Telinha","twitter_card":"summary_large_image","twitter_misc":{"Escrito por":"Telinha","Tempo estimado de leitura":"2 minutos"},"schema":{"@context":"https:\/\/schema.org","@graph":[{"@type":"Article","@id":"https:\/\/portaltela.pt\/noticias\/2026\/03\/20\/ruben-pacheco-correia-revela-historia-de-vida-apos-perder-93-kg\/#article","isPartOf":{"@id":"https:\/\/portaltela.pt\/noticias\/2026\/03\/20\/ruben-pacheco-correia-revela-historia-de-vida-apos-perder-93-kg\/"},"author":{"name":"Telinha","@id":"https:\/\/portaltela.pt\/#\/schema\/person\/c4278d4a6028830caff9ee44b42d32ed"},"headline":"Ruben Pacheco Correia revela hist\u00f3ria de vida ap\u00f3s perder 93 kg","datePublished":"2026-03-20T16:38:41+00:00","mainEntityOfPage":{"@id":"https:\/\/portaltela.pt\/noticias\/2026\/03\/20\/ruben-pacheco-correia-revela-historia-de-vida-apos-perder-93-kg\/"},"wordCount":332,"image":{"@id":"https:\/\/portaltela.pt\/noticias\/2026\/03\/20\/ruben-pacheco-correia-revela-historia-de-vida-apos-perder-93-kg\/#primaryimage"},"thumbnailUrl":"https:\/\/portaltela.pt\/s.01k8rhncp4jt1\/2026\/03\/img_1280x722uu2026-03-20-16-37-50-2273715.jpg","keywords":["atividade f\u00edsica","educa\u00e7\u00e3o","educa\u00e7\u00e3o alimentar","nutri\u00e7\u00e3o","pessoas","sa\u00fade"],"articleSection":["Not\u00edcias","Sa\u00fade"],"inLanguage":"pt-PT"},{"@type":"WebPage","@id":"https:\/\/portaltela.pt\/noticias\/2026\/03\/20\/ruben-pacheco-correia-revela-historia-de-vida-apos-perder-93-kg\/","url":"https:\/\/portaltela.pt\/noticias\/2026\/03\/20\/ruben-pacheco-correia-revela-historia-de-vida-apos-perder-93-kg\/","name":"Ruben Pacheco Correia revela hist\u00f3ria de vida ap\u00f3s perder 93 kg - Portal Tela Portugal","isPartOf":{"@id":"https:\/\/portaltela.pt\/#website"},"primaryImageOfPage":{"@id":"https:\/\/portaltela.pt\/noticias\/2026\/03\/20\/ruben-pacheco-correia-revela-historia-de-vida-apos-perder-93-kg\/#primaryimage"},"image":{"@id":"https:\/\/portaltela.pt\/noticias\/2026\/03\/20\/ruben-pacheco-correia-revela-historia-de-vida-apos-perder-93-kg\/#primaryimage"},"thumbnailUrl":"https:\/\/portaltela.pt\/s.01k8rhncp4jt1\/2026\/03\/img_1280x722uu2026-03-20-16-37-50-2273715.jpg","datePublished":"2026-03-20T16:38:41+00:00","author":{"@id":"https:\/\/portaltela.pt\/#\/schema\/person\/c4278d4a6028830caff9ee44b42d32ed"},"breadcrumb":{"@id":"https:\/\/portaltela.pt\/noticias\/2026\/03\/20\/ruben-pacheco-correia-revela-historia-de-vida-apos-perder-93-kg\/#breadcrumb"},"inLanguage":"pt-PT","potentialAction":[{"@type":"ReadAction","target":["https:\/\/portaltela.pt\/noticias\/2026\/03\/20\/ruben-pacheco-correia-revela-historia-de-vida-apos-perder-93-kg\/"]}]},{"@type":"ImageObject","inLanguage":"pt-PT","@id":"https:\/\/portaltela.pt\/noticias\/2026\/03\/20\/ruben-pacheco-correia-revela-historia-de-vida-apos-perder-93-kg\/#primaryimage","url":"https:\/\/portaltela.pt\/s.01k8rhncp4jt1\/2026\/03\/img_1280x722uu2026-03-20-16-37-50-2273715.jpg","contentUrl":"https:\/\/portaltela.pt\/s.01k8rhncp4jt1\/2026\/03\/img_1280x722uu2026-03-20-16-37-50-2273715.jpg","width":796,"height":448,"caption":"Photo"},{"@type":"BreadcrumbList","@id":"https:\/\/portaltela.pt\/noticias\/2026\/03\/20\/ruben-pacheco-correia-revela-historia-de-vida-apos-perder-93-kg\/#breadcrumb","itemListElement":[{"@type":"ListItem","position":1,"name":"In\u00edcio","item":"https:\/\/portaltela.pt\/"},{"@type":"ListItem","position":2,"name":"Ruben Pacheco Correia revela hist\u00f3ria de vida ap\u00f3s perder 93 kg"}]},{"@type":"WebSite","@id":"https:\/\/portaltela.pt\/#website","url":"https:\/\/portaltela.pt\/","name":"Portal Tela Portugal","description":"","potentialAction":[{"@type":"SearchAction","target":{"@type":"EntryPoint","urlTemplate":"https:\/\/portaltela.pt\/?s={search_term_string}"},"query-input":{"@type":"PropertyValueSpecification","valueRequired":true,"valueName":"search_term_string"}}],"inLanguage":"pt-PT"},{"@type":"Person","@id":"https:\/\/portaltela.pt\/#\/schema\/person\/c4278d4a6028830caff9ee44b42d32ed","name":"Telinha","image":{"@type":"ImageObject","inLanguage":"pt-PT","@id":"https:\/\/portaltela.pt\/s.01k8rhncp4jt1\/2025\/11\/talking-bot-125x125.png","url":"https:\/\/portaltela.pt\/s.01k8rhncp4jt1\/2025\/11\/talking-bot-125x125.png","contentUrl":"https:\/\/portaltela.pt\/s.01k8rhncp4jt1\/2025\/11\/talking-bot-125x125.png","caption":"Telinha"},"sameAs":["https:\/\/portaltela.pt\/"],"url":"https:\/\/portaltela.pt\/por\/367410592786\/"}]}},"_links":{"self":[{"href":"https:\/\/portaltela.pt\/api\/wp\/v2\/posts\/417650","targetHints":{"allow":["GET"]}}],"collection":[{"href":"https:\/\/portaltela.pt\/api\/wp\/v2\/posts"}],"about":[{"href":"https:\/\/portaltela.pt\/api\/wp\/v2\/types\/post"}],"author":[{"embeddable":true,"href":"https:\/\/portaltela.pt\/api\/wp\/v2\/users\/2"}],"replies":[{"embeddable":true,"href":"https:\/\/portaltela.pt\/api\/wp\/v2\/comments?post=417650"}],"version-history":[{"count":0,"href":"https:\/\/portaltela.pt\/api\/wp\/v2\/posts\/417650\/revisions"}],"wp:featuredmedia":[{"embeddable":true,"href":"https:\/\/portaltela.pt\/api\/wp\/v2\/media\/417657"}],"wp:attachment":[{"href":"https:\/\/portaltela.pt\/api\/wp\/v2\/media?parent=417650"}],"wp:term":[{"taxonomy":"category","embeddable":true,"href":"https:\/\/portaltela.pt\/api\/wp\/v2\/categories?post=417650"},{"taxonomy":"post_tag","embeddable":true,"href":"https:\/\/portaltela.pt\/api\/wp\/v2\/tags?post=417650"}],"curies":[{"name":"wp","href":"https:\/\/api.w.org\/{rel}","templated":true}]}}