{"id":417648,"date":"2026-03-20T13:34:00","date_gmt":"2026-03-20T16:34:00","guid":{"rendered":"https:\/\/portaltela.pt\/noticias\/2026\/03\/20\/tatuagem-artistica-impulsiona-negocio-de-brasileiro-no-porto\/"},"modified":"2026-03-20T13:34:00","modified_gmt":"2026-03-20T16:34:00","slug":"tatuagem-artistica-impulsiona-negocio-de-brasileiro-no-porto","status":"publish","type":"post","link":"https:\/\/portaltela.pt\/noticias\/2026\/03\/20\/tatuagem-artistica-impulsiona-negocio-de-brasileiro-no-porto\/","title":{"rendered":"Tatuagem art\u00edstica impulsiona neg\u00f3cio de brasileiro no Porto"},"content":{"rendered":"<p>O empres\u00e1rio e tatuador Rodrigo Marques vive no Porto desde 2022, onde lidera a expans\u00e3o internacional do est\u00fadio Tatooanjos. A empresa tem tr\u00eas unidades: a sede em Minas Gerais, criada em 2004, e duas unidades em Portugal. O neg\u00f3cio emprega dez pessoas e atende clientes de ambos os lados do Atl\u00e2ntico, unindo arte corporal e express\u00e3o global.<\/p>\n<p>Para Marques, a tatuagem ultrapassa a est\u00e9tica e representa valoriza\u00e7\u00e3o pessoal. Acredita que, quando a autoestima das pessoas aumenta, a arte envolve diferentes culturas e mercados, incluindo o portugu\u00eas. O est\u00fadio j\u00e1 foi reconhecido com o pr\u00e9mio Estrela do Atl\u00e2ntico, na categoria Servi\u00e7os de Excel\u00eancia.<\/p>\n<h3>Hist\u00f3ria e curiosidades do dia a dia<\/h3>\n<p>No quotidiano dos est\u00fadios surgem relatos curiosos, como clientes que repetem nomes de ex-novos nomes repetidamente, ou que escolhem locais inusitados para as tatuagens. O propriet\u00e1rio tamb\u00e9m revela experi\u00eancias com piercings em v\u00e1rias partes do corpo, incluindo \u00e1reas \u00edntimas.<\/p>\n<p>O grupo conta com dez colaboradores, sendo cinco no Brasil e cinco em Portugal. O plano de expans\u00e3o continua, com a inten\u00e7\u00e3o de abrir novas unidades no mercado portugu\u00eas e refor\u00e7ar a presen\u00e7a da marca no pa\u00eds.<\/p>\n<p>Rodrigo Marques refor\u00e7a que o crescimento da Tatooanjos resulta do profissionalismo aliado a valores pessoais, sem abrir m\u00e3o da \u00e9tica. Afirmou ainda que o importante \u00e9 trabalhar com dedica\u00e7\u00e3o, mantendo a integridade e o foco nos clientes.<\/p>\n","protected":false},"excerpt":{"rendered":"<ul>\n<li>O empres\u00e1rio e tatuador Rodrigo Marques vive no Porto desde 2022, tendo expandido o est\u00fadio Tatooanjos para Portugal, onde j\u00e1 tem duas unidades, al\u00e9m da sede em Minas Gerais, Brasil.<\/li>\n<li>O neg\u00f3cio emprega dez colaboradores, com cinco no Brasil e cinco em Portugal, e atende clientes de ambos os lados do Atl\u00e2ntico.<\/li>\n<li>Em Portugal, a procura por tatuagens tem crescido como express\u00e3o de identidade, contribuindo para o reconhecimento do est\u00fadio, que recebeu o pr\u00e9mio Estrela do Atl\u00e2ntico na categoria Servi\u00e7os de Excel\u00eancia.<\/li>\n<li>A sede brasileira foi criada em 2004, e est\u00e1 prevista a abertura de novas unidades no mercado portugu\u00eas, ampliando a presen\u00e7a da marca no pa\u00eds.<\/li>\n<\/ul>\n","protected":false},"author":2,"featured_media":417654,"comment_status":"closed","ping_status":"closed","sticky":false,"template":"","format":"standard","meta":{"footnotes":""},"categories":[6735,1],"tags":[70,2547,28,4904,982,1014],"class_list":["post-417648","post","type-post","status-publish","format-standard","has-post-thumbnail","hentry","category-negocios","category-noticias","tag-arte","tag-brasil","tag-economia","tag-empreendedores","tag-porto","tag-portugal"],"yoast_head":"<!-- This site is optimized with the Yoast SEO plugin v27.2 - https:\/\/yoast.com\/product\/yoast-seo-wordpress\/ -->\n<title>Tatuagem art\u00edstica impulsiona neg\u00f3cio de brasileiro no Porto - Portal Tela Portugal<\/title>\n<meta name=\"robots\" content=\"index, follow, max-snippet:-1, max-image-preview:large, max-video-preview:-1\" \/>\n<meta property=\"og:locale\" content=\"pt_PT\" \/>\n<meta property=\"og:type\" content=\"article\" \/>\n<meta property=\"og:title\" content=\"Tatuagem art\u00edstica impulsiona neg\u00f3cio de brasileiro no Porto - Portal Tela Portugal\" \/>\n<meta property=\"og:description\" content=\"O empres\u00e1rio e tatuador Rodrigo Marques vive no Porto desde 2022, tendo expandido o est\u00fadio Tatooanjos para Portugal, onde j\u00e1 tem duas unidades, al\u00e9m da sede em Minas Gerais, Brasil. O neg\u00f3cio emprega dez colaboradores, com cinco no Brasil e cinco em Portugal, e atende clientes de ambos os lados do Atl\u00e2ntico. Em Portugal, a procura por tatuagens tem crescido como express\u00e3o de identidade, contribuindo para o reconhecimento do est\u00fadio, que recebeu o pr\u00e9mio Estrela do Atl\u00e2ntico na categoria Servi\u00e7os de Excel\u00eancia. A sede brasileira foi criada em 2004, e est\u00e1 prevista a abertura de novas unidades no mercado portugu\u00eas, ampliando a presen\u00e7a da marca no pa\u00eds.\" \/>\n<meta property=\"og:url\" content=\"https:\/\/portaltela.pt\/noticias\/2026\/03\/20\/tatuagem-artistica-impulsiona-negocio-de-brasileiro-no-porto\/\" \/>\n<meta property=\"og:site_name\" content=\"Portal Tela Portugal\" \/>\n<meta property=\"article:published_time\" content=\"2026-03-20T16:34:00+00:00\" \/>\n<meta name=\"author\" content=\"Telinha\" \/>\n<meta name=\"twitter:card\" content=\"summary_large_image\" \/>\n<meta name=\"twitter:label1\" content=\"Escrito por\" \/>\n\t<meta name=\"twitter:data1\" content=\"Telinha\" \/>\n\t<meta name=\"twitter:label2\" content=\"Tempo estimado de leitura\" \/>\n\t<meta name=\"twitter:data2\" content=\"1 minuto\" \/>\n<script type=\"application\/ld+json\" class=\"yoast-schema-graph\">{\"@context\":\"https:\/\/schema.org\",\"@graph\":[{\"@type\":\"Article\",\"@id\":\"https:\/\/portaltela.pt\/noticias\/2026\/03\/20\/tatuagem-artistica-impulsiona-negocio-de-brasileiro-no-porto\/#article\",\"isPartOf\":{\"@id\":\"https:\/\/portaltela.pt\/noticias\/2026\/03\/20\/tatuagem-artistica-impulsiona-negocio-de-brasileiro-no-porto\/\"},\"author\":{\"name\":\"Telinha\",\"@id\":\"https:\/\/portaltela.pt\/#\/schema\/person\/c4278d4a6028830caff9ee44b42d32ed\"},\"headline\":\"Tatuagem art\u00edstica impulsiona neg\u00f3cio de brasileiro no Porto\",\"datePublished\":\"2026-03-20T16:34:00+00:00\",\"mainEntityOfPage\":{\"@id\":\"https:\/\/portaltela.pt\/noticias\/2026\/03\/20\/tatuagem-artistica-impulsiona-negocio-de-brasileiro-no-porto\/\"},\"wordCount\":259,\"image\":{\"@id\":\"https:\/\/portaltela.pt\/noticias\/2026\/03\/20\/tatuagem-artistica-impulsiona-negocio-de-brasileiro-no-porto\/#primaryimage\"},\"thumbnailUrl\":\"https:\/\/portaltela.pt\/s.01k8rhncp4jt1\/2026\/03\/2075757.jpg\",\"keywords\":[\"arte\",\"Brasil\",\"economia\",\"empreendedores\",\"Porto\",\"Portugal\"],\"articleSection\":[\"Neg\u00f3cios\",\"Not\u00edcias\"],\"inLanguage\":\"pt-PT\"},{\"@type\":\"WebPage\",\"@id\":\"https:\/\/portaltela.pt\/noticias\/2026\/03\/20\/tatuagem-artistica-impulsiona-negocio-de-brasileiro-no-porto\/\",\"url\":\"https:\/\/portaltela.pt\/noticias\/2026\/03\/20\/tatuagem-artistica-impulsiona-negocio-de-brasileiro-no-porto\/\",\"name\":\"Tatuagem art\u00edstica impulsiona neg\u00f3cio de brasileiro no Porto - Portal Tela Portugal\",\"isPartOf\":{\"@id\":\"https:\/\/portaltela.pt\/#website\"},\"primaryImageOfPage\":{\"@id\":\"https:\/\/portaltela.pt\/noticias\/2026\/03\/20\/tatuagem-artistica-impulsiona-negocio-de-brasileiro-no-porto\/#primaryimage\"},\"image\":{\"@id\":\"https:\/\/portaltela.pt\/noticias\/2026\/03\/20\/tatuagem-artistica-impulsiona-negocio-de-brasileiro-no-porto\/#primaryimage\"},\"thumbnailUrl\":\"https:\/\/portaltela.pt\/s.01k8rhncp4jt1\/2026\/03\/2075757.jpg\",\"datePublished\":\"2026-03-20T16:34:00+00:00\",\"author\":{\"@id\":\"https:\/\/portaltela.pt\/#\/schema\/person\/c4278d4a6028830caff9ee44b42d32ed\"},\"breadcrumb\":{\"@id\":\"https:\/\/portaltela.pt\/noticias\/2026\/03\/20\/tatuagem-artistica-impulsiona-negocio-de-brasileiro-no-porto\/#breadcrumb\"},\"inLanguage\":\"pt-PT\",\"potentialAction\":[{\"@type\":\"ReadAction\",\"target\":[\"https:\/\/portaltela.pt\/noticias\/2026\/03\/20\/tatuagem-artistica-impulsiona-negocio-de-brasileiro-no-porto\/\"]}]},{\"@type\":\"ImageObject\",\"inLanguage\":\"pt-PT\",\"@id\":\"https:\/\/portaltela.pt\/noticias\/2026\/03\/20\/tatuagem-artistica-impulsiona-negocio-de-brasileiro-no-porto\/#primaryimage\",\"url\":\"https:\/\/portaltela.pt\/s.01k8rhncp4jt1\/2026\/03\/2075757.jpg\",\"contentUrl\":\"https:\/\/portaltela.pt\/s.01k8rhncp4jt1\/2026\/03\/2075757.jpg\",\"width\":796,\"height\":448,\"caption\":\"Rodrigo Marques mant\u00eam est\u00fadios de tatuagem em Portugal e no Brasil e emprega 10 pessoas\"},{\"@type\":\"BreadcrumbList\",\"@id\":\"https:\/\/portaltela.pt\/noticias\/2026\/03\/20\/tatuagem-artistica-impulsiona-negocio-de-brasileiro-no-porto\/#breadcrumb\",\"itemListElement\":[{\"@type\":\"ListItem\",\"position\":1,\"name\":\"In\u00edcio\",\"item\":\"https:\/\/portaltela.pt\/\"},{\"@type\":\"ListItem\",\"position\":2,\"name\":\"Tatuagem art\u00edstica impulsiona neg\u00f3cio de brasileiro no Porto\"}]},{\"@type\":\"WebSite\",\"@id\":\"https:\/\/portaltela.pt\/#website\",\"url\":\"https:\/\/portaltela.pt\/\",\"name\":\"Portal Tela Portugal\",\"description\":\"\",\"potentialAction\":[{\"@type\":\"SearchAction\",\"target\":{\"@type\":\"EntryPoint\",\"urlTemplate\":\"https:\/\/portaltela.pt\/?s={search_term_string}\"},\"query-input\":{\"@type\":\"PropertyValueSpecification\",\"valueRequired\":true,\"valueName\":\"search_term_string\"}}],\"inLanguage\":\"pt-PT\"},{\"@type\":\"Person\",\"@id\":\"https:\/\/portaltela.pt\/#\/schema\/person\/c4278d4a6028830caff9ee44b42d32ed\",\"name\":\"Telinha\",\"image\":{\"@type\":\"ImageObject\",\"inLanguage\":\"pt-PT\",\"@id\":\"https:\/\/portaltela.pt\/s.01k8rhncp4jt1\/2025\/11\/talking-bot-125x125.png\",\"url\":\"https:\/\/portaltela.pt\/s.01k8rhncp4jt1\/2025\/11\/talking-bot-125x125.png\",\"contentUrl\":\"https:\/\/portaltela.pt\/s.01k8rhncp4jt1\/2025\/11\/talking-bot-125x125.png\",\"caption\":\"Telinha\"},\"sameAs\":[\"https:\/\/portaltela.pt\/\"],\"url\":\"https:\/\/portaltela.pt\/por\/367410592786\/\"}]}<\/script>\n<!-- \/ Yoast SEO plugin. -->","yoast_head_json":{"title":"Tatuagem art\u00edstica impulsiona neg\u00f3cio de brasileiro no Porto - Portal Tela Portugal","robots":{"index":"index","follow":"follow","max-snippet":"max-snippet:-1","max-image-preview":"max-image-preview:large","max-video-preview":"max-video-preview:-1"},"og_locale":"pt_PT","og_type":"article","og_title":"Tatuagem art\u00edstica impulsiona neg\u00f3cio de brasileiro no Porto - Portal Tela Portugal","og_description":"O empres\u00e1rio e tatuador Rodrigo Marques vive no Porto desde 2022, tendo expandido o est\u00fadio Tatooanjos para Portugal, onde j\u00e1 tem duas unidades, al\u00e9m da sede em Minas Gerais, Brasil. O neg\u00f3cio emprega dez colaboradores, com cinco no Brasil e cinco em Portugal, e atende clientes de ambos os lados do Atl\u00e2ntico. Em Portugal, a procura por tatuagens tem crescido como express\u00e3o de identidade, contribuindo para o reconhecimento do est\u00fadio, que recebeu o pr\u00e9mio Estrela do Atl\u00e2ntico na categoria Servi\u00e7os de Excel\u00eancia. A sede brasileira foi criada em 2004, e est\u00e1 prevista a abertura de novas unidades no mercado portugu\u00eas, ampliando a presen\u00e7a da marca no pa\u00eds.","og_url":"https:\/\/portaltela.pt\/noticias\/2026\/03\/20\/tatuagem-artistica-impulsiona-negocio-de-brasileiro-no-porto\/","og_site_name":"Portal Tela Portugal","article_published_time":"2026-03-20T16:34:00+00:00","author":"Telinha","twitter_card":"summary_large_image","twitter_misc":{"Escrito por":"Telinha","Tempo estimado de leitura":"1 minuto"},"schema":{"@context":"https:\/\/schema.org","@graph":[{"@type":"Article","@id":"https:\/\/portaltela.pt\/noticias\/2026\/03\/20\/tatuagem-artistica-impulsiona-negocio-de-brasileiro-no-porto\/#article","isPartOf":{"@id":"https:\/\/portaltela.pt\/noticias\/2026\/03\/20\/tatuagem-artistica-impulsiona-negocio-de-brasileiro-no-porto\/"},"author":{"name":"Telinha","@id":"https:\/\/portaltela.pt\/#\/schema\/person\/c4278d4a6028830caff9ee44b42d32ed"},"headline":"Tatuagem art\u00edstica impulsiona neg\u00f3cio de brasileiro no Porto","datePublished":"2026-03-20T16:34:00+00:00","mainEntityOfPage":{"@id":"https:\/\/portaltela.pt\/noticias\/2026\/03\/20\/tatuagem-artistica-impulsiona-negocio-de-brasileiro-no-porto\/"},"wordCount":259,"image":{"@id":"https:\/\/portaltela.pt\/noticias\/2026\/03\/20\/tatuagem-artistica-impulsiona-negocio-de-brasileiro-no-porto\/#primaryimage"},"thumbnailUrl":"https:\/\/portaltela.pt\/s.01k8rhncp4jt1\/2026\/03\/2075757.jpg","keywords":["arte","Brasil","economia","empreendedores","Porto","Portugal"],"articleSection":["Neg\u00f3cios","Not\u00edcias"],"inLanguage":"pt-PT"},{"@type":"WebPage","@id":"https:\/\/portaltela.pt\/noticias\/2026\/03\/20\/tatuagem-artistica-impulsiona-negocio-de-brasileiro-no-porto\/","url":"https:\/\/portaltela.pt\/noticias\/2026\/03\/20\/tatuagem-artistica-impulsiona-negocio-de-brasileiro-no-porto\/","name":"Tatuagem art\u00edstica impulsiona neg\u00f3cio de brasileiro no Porto - Portal Tela Portugal","isPartOf":{"@id":"https:\/\/portaltela.pt\/#website"},"primaryImageOfPage":{"@id":"https:\/\/portaltela.pt\/noticias\/2026\/03\/20\/tatuagem-artistica-impulsiona-negocio-de-brasileiro-no-porto\/#primaryimage"},"image":{"@id":"https:\/\/portaltela.pt\/noticias\/2026\/03\/20\/tatuagem-artistica-impulsiona-negocio-de-brasileiro-no-porto\/#primaryimage"},"thumbnailUrl":"https:\/\/portaltela.pt\/s.01k8rhncp4jt1\/2026\/03\/2075757.jpg","datePublished":"2026-03-20T16:34:00+00:00","author":{"@id":"https:\/\/portaltela.pt\/#\/schema\/person\/c4278d4a6028830caff9ee44b42d32ed"},"breadcrumb":{"@id":"https:\/\/portaltela.pt\/noticias\/2026\/03\/20\/tatuagem-artistica-impulsiona-negocio-de-brasileiro-no-porto\/#breadcrumb"},"inLanguage":"pt-PT","potentialAction":[{"@type":"ReadAction","target":["https:\/\/portaltela.pt\/noticias\/2026\/03\/20\/tatuagem-artistica-impulsiona-negocio-de-brasileiro-no-porto\/"]}]},{"@type":"ImageObject","inLanguage":"pt-PT","@id":"https:\/\/portaltela.pt\/noticias\/2026\/03\/20\/tatuagem-artistica-impulsiona-negocio-de-brasileiro-no-porto\/#primaryimage","url":"https:\/\/portaltela.pt\/s.01k8rhncp4jt1\/2026\/03\/2075757.jpg","contentUrl":"https:\/\/portaltela.pt\/s.01k8rhncp4jt1\/2026\/03\/2075757.jpg","width":796,"height":448,"caption":"Rodrigo Marques mant\u00eam est\u00fadios de tatuagem em Portugal e no Brasil e emprega 10 pessoas"},{"@type":"BreadcrumbList","@id":"https:\/\/portaltela.pt\/noticias\/2026\/03\/20\/tatuagem-artistica-impulsiona-negocio-de-brasileiro-no-porto\/#breadcrumb","itemListElement":[{"@type":"ListItem","position":1,"name":"In\u00edcio","item":"https:\/\/portaltela.pt\/"},{"@type":"ListItem","position":2,"name":"Tatuagem art\u00edstica impulsiona neg\u00f3cio de brasileiro no Porto"}]},{"@type":"WebSite","@id":"https:\/\/portaltela.pt\/#website","url":"https:\/\/portaltela.pt\/","name":"Portal Tela Portugal","description":"","potentialAction":[{"@type":"SearchAction","target":{"@type":"EntryPoint","urlTemplate":"https:\/\/portaltela.pt\/?s={search_term_string}"},"query-input":{"@type":"PropertyValueSpecification","valueRequired":true,"valueName":"search_term_string"}}],"inLanguage":"pt-PT"},{"@type":"Person","@id":"https:\/\/portaltela.pt\/#\/schema\/person\/c4278d4a6028830caff9ee44b42d32ed","name":"Telinha","image":{"@type":"ImageObject","inLanguage":"pt-PT","@id":"https:\/\/portaltela.pt\/s.01k8rhncp4jt1\/2025\/11\/talking-bot-125x125.png","url":"https:\/\/portaltela.pt\/s.01k8rhncp4jt1\/2025\/11\/talking-bot-125x125.png","contentUrl":"https:\/\/portaltela.pt\/s.01k8rhncp4jt1\/2025\/11\/talking-bot-125x125.png","caption":"Telinha"},"sameAs":["https:\/\/portaltela.pt\/"],"url":"https:\/\/portaltela.pt\/por\/367410592786\/"}]}},"_links":{"self":[{"href":"https:\/\/portaltela.pt\/api\/wp\/v2\/posts\/417648","targetHints":{"allow":["GET"]}}],"collection":[{"href":"https:\/\/portaltela.pt\/api\/wp\/v2\/posts"}],"about":[{"href":"https:\/\/portaltela.pt\/api\/wp\/v2\/types\/post"}],"author":[{"embeddable":true,"href":"https:\/\/portaltela.pt\/api\/wp\/v2\/users\/2"}],"replies":[{"embeddable":true,"href":"https:\/\/portaltela.pt\/api\/wp\/v2\/comments?post=417648"}],"version-history":[{"count":0,"href":"https:\/\/portaltela.pt\/api\/wp\/v2\/posts\/417648\/revisions"}],"wp:featuredmedia":[{"embeddable":true,"href":"https:\/\/portaltela.pt\/api\/wp\/v2\/media\/417654"}],"wp:attachment":[{"href":"https:\/\/portaltela.pt\/api\/wp\/v2\/media?parent=417648"}],"wp:term":[{"taxonomy":"category","embeddable":true,"href":"https:\/\/portaltela.pt\/api\/wp\/v2\/categories?post=417648"},{"taxonomy":"post_tag","embeddable":true,"href":"https:\/\/portaltela.pt\/api\/wp\/v2\/tags?post=417648"}],"curies":[{"name":"wp","href":"https:\/\/api.w.org\/{rel}","templated":true}]}}