{"id":417634,"date":"2026-03-20T13:26:14","date_gmt":"2026-03-20T16:26:14","guid":{"rendered":"https:\/\/portaltela.pt\/noticias\/2026\/03\/20\/benfica-exige-sancoes-ao-fc-porto-e-questiona-conselho-de-disciplina\/"},"modified":"2026-03-20T13:26:14","modified_gmt":"2026-03-20T16:26:14","slug":"benfica-exige-sancoes-ao-fc-porto-e-questiona-conselho-de-disciplina","status":"publish","type":"post","link":"https:\/\/portaltela.pt\/desporto\/futebol\/2026\/03\/20\/benfica-exige-sancoes-ao-fc-porto-e-questiona-conselho-de-disciplina\/","title":{"rendered":"Benfica exige san\u00e7\u00f5es ao FC Porto e questiona Conselho de Disciplina"},"content":{"rendered":"<p>O Benfica pediu ao Conselho de Disciplina da Federa\u00e7\u00e3o Portuguesa de Futebol que sejam aplicadas san\u00e7\u00f5es desportivas \u00e0 FC Porto SAD, relacionadas com o denominado caso dos emails. A nota oficial tamb\u00e9m requer esclarecimentos sobre as medidas que o \u00f3rg\u00e3o disciplinar ir\u00e1 tomar, \u00e0 luz da decis\u00e3o judicial j\u00e1 transitada em julgado.<\/p>\n<p>Entre abril de 2017 e fevereiro de 2018, o FC Porto SAD, atrav\u00e9s do seu ent\u00e3o Diretor de Comunica\u00e7\u00e3o, utilizou canais oficiais do clube para divulgar conte\u00fados obtidos ilicitamente, acusa o clube da Luz. Foram feitas afirma\u00e7\u00f5es p\u00fablicas sobre corrup\u00e7\u00e3o, manipula\u00e7\u00e3o de \u00e1rbitros e adultera\u00e7\u00e3o da verdade desportiva em rela\u00e7\u00e3o ao Benfica.<\/p>\n<p>Em fevereiro do ano passado, o Supremo Tribunal de Justi\u00e7a manteve as decis\u00f5es da Rela\u00e7\u00e3o no caso dos emails, obrigando o FC Porto a pagar ao Benfica 605.300,90 euros, mais juros, totalizando perto de 770 mil euros. O veredito reconheceu falsidade das acusa\u00e7\u00f5es e dano reputacional ao futebol nacional.<\/p>\n<h3>Pedido de esclarecimento ao Conselho de Disciplina<\/h3>\n<p>O Benfica afirma que as condutas ocorreram com conhecimento, valida\u00e7\u00e3o e apoio p\u00fablico da administra\u00e7\u00e3o da FC Porto SAD, n\u00e3o sendo atos isolados. O clube acrescenta que o processo disciplinar iniciou em finais de 2017 e que, passados mais de oito anos, n\u00e3o houve desenvolvimento. O objetivo \u00e9 obter, com urg\u00eancia, a defini\u00e7\u00e3o das san\u00e7\u00f5es a aplicar \u00e0 FC Porto SAD.<\/p>\n","protected":false},"excerpt":{"rendered":"<ul>\n<li>O Benfica pediu ao Conselho de Disciplina san\u00e7\u00f5es desportivas para a FC Porto SAD, ap\u00f3s a decis\u00e3o judicial no caso dos emails, solicitando esclarecimentos sobre as medidas que ser\u00e3o aplicadas.<\/li>\n<li>O clube recorda que entre abril de dois mil e dezassete e fevereiro de dois mil e dezoito a FC Porto SAD, via o seu antigo diretor de comunica\u00e7\u00e3o, divulgou conte\u00fados obtidos ilicitamente, fazendo acusa\u00e7\u00f5es graves de corrup\u00e7\u00e3o e manipula\u00e7\u00e3o de \u00e1rbitros.<\/li>\n<li>Em fevereiro do ano passado, o Supremo Tribunal de Justi\u00e7a manteve a decis\u00e3o da Rela\u00e7\u00e3o e condenou a FC Porto SAD a pagar ao Benfica, totalizando cerca de setecentos e setenta mil euros.<\/li>\n<li>A condena\u00e7\u00e3o envolve a administra\u00e7\u00e3o da altura, liderada pelo falecido Pinto da Costa, a pagar 605 mil euros, acrescidos de juros de mora de 164 mil euros.<\/li>\n<li>O Benfica afirma que, com o tr\u00e2nsito em julgado da decis\u00e3o, n\u00e3o subsistem factos por apurar e instou o Conselho de Disciplina a esclarecer de forma inequ\u00edvoca as san\u00e7\u00f5es desportivas a aplicar, devido \u00e0 gravidade dos factos comprovados em tribunal.<\/li>\n<\/ul>\n","protected":false},"author":2,"featured_media":417639,"comment_status":"closed","ping_status":"closed","sticky":false,"template":"","format":"standard","meta":{"footnotes":""},"categories":[21,24],"tags":[1946,6698,83,32,982,6371],"class_list":["post-417634","post","type-post","status-publish","format-standard","has-post-thumbnail","hentry","category-desporto","category-futebol","tag-benfica","tag-conselho-de-disciplina","tag-corrupcao","tag-futebol","tag-porto","tag-sancoes"],"yoast_head":"<!-- This site is optimized with the Yoast SEO plugin v27.2 - https:\/\/yoast.com\/product\/yoast-seo-wordpress\/ -->\n<title>Benfica exige san\u00e7\u00f5es ao FC Porto e questiona Conselho de Disciplina - Portal Tela Portugal<\/title>\n<meta name=\"robots\" content=\"index, follow, max-snippet:-1, max-image-preview:large, max-video-preview:-1\" \/>\n<meta property=\"og:locale\" content=\"pt_PT\" \/>\n<meta property=\"og:type\" content=\"article\" \/>\n<meta property=\"og:title\" content=\"Benfica exige san\u00e7\u00f5es ao FC Porto e questiona Conselho de Disciplina - Portal Tela Portugal\" \/>\n<meta property=\"og:description\" content=\"O Benfica pediu ao Conselho de Disciplina san\u00e7\u00f5es desportivas para a FC Porto SAD, ap\u00f3s a decis\u00e3o judicial no caso dos emails, solicitando esclarecimentos sobre as medidas que ser\u00e3o aplicadas. O clube recorda que entre abril de dois mil e dezassete e fevereiro de dois mil e dezoito a FC Porto SAD, via o seu antigo diretor de comunica\u00e7\u00e3o, divulgou conte\u00fados obtidos ilicitamente, fazendo acusa\u00e7\u00f5es graves de corrup\u00e7\u00e3o e manipula\u00e7\u00e3o de \u00e1rbitros. Em fevereiro do ano passado, o Supremo Tribunal de Justi\u00e7a manteve a decis\u00e3o da Rela\u00e7\u00e3o e condenou a FC Porto SAD a pagar ao Benfica, totalizando cerca de setecentos e setenta mil euros. A condena\u00e7\u00e3o envolve a administra\u00e7\u00e3o da altura, liderada pelo falecido Pinto da Costa, a pagar 605 mil euros, acrescidos de juros de mora de 164 mil euros. O Benfica afirma que, com o tr\u00e2nsito em julgado da decis\u00e3o, n\u00e3o subsistem factos por apurar e instou o Conselho de Disciplina a esclarecer de forma inequ\u00edvoca as san\u00e7\u00f5es desportivas a aplicar, devido \u00e0 gravidade dos factos comprovados em tribunal.\" \/>\n<meta property=\"og:url\" content=\"https:\/\/portaltela.pt\/noticias\/2026\/03\/20\/benfica-exige-sancoes-ao-fc-porto-e-questiona-conselho-de-disciplina\/\" \/>\n<meta property=\"og:site_name\" content=\"Portal Tela Portugal\" \/>\n<meta property=\"article:published_time\" content=\"2026-03-20T16:26:14+00:00\" \/>\n<meta name=\"author\" content=\"Telinha\" \/>\n<meta name=\"twitter:card\" content=\"summary_large_image\" \/>\n<meta name=\"twitter:label1\" content=\"Escrito por\" \/>\n\t<meta name=\"twitter:data1\" content=\"Telinha\" \/>\n\t<meta name=\"twitter:label2\" content=\"Tempo estimado de leitura\" \/>\n\t<meta name=\"twitter:data2\" content=\"1 minuto\" \/>\n<script type=\"application\/ld+json\" class=\"yoast-schema-graph\">{\"@context\":\"https:\/\/schema.org\",\"@graph\":[{\"@type\":\"Article\",\"@id\":\"https:\/\/portaltela.pt\/noticias\/2026\/03\/20\/benfica-exige-sancoes-ao-fc-porto-e-questiona-conselho-de-disciplina\/#article\",\"isPartOf\":{\"@id\":\"https:\/\/portaltela.pt\/noticias\/2026\/03\/20\/benfica-exige-sancoes-ao-fc-porto-e-questiona-conselho-de-disciplina\/\"},\"author\":{\"name\":\"Telinha\",\"@id\":\"https:\/\/portaltela.pt\/#\/schema\/person\/c4278d4a6028830caff9ee44b42d32ed\"},\"headline\":\"Benfica exige san\u00e7\u00f5es ao FC Porto e questiona Conselho de Disciplina\",\"datePublished\":\"2026-03-20T16:26:14+00:00\",\"mainEntityOfPage\":{\"@id\":\"https:\/\/portaltela.pt\/noticias\/2026\/03\/20\/benfica-exige-sancoes-ao-fc-porto-e-questiona-conselho-de-disciplina\/\"},\"wordCount\":251,\"image\":{\"@id\":\"https:\/\/portaltela.pt\/noticias\/2026\/03\/20\/benfica-exige-sancoes-ao-fc-porto-e-questiona-conselho-de-disciplina\/#primaryimage\"},\"thumbnailUrl\":\"https:\/\/portaltela.pt\/s.01k8rhncp4jt1\/2026\/03\/img_920x518uu2025-03-18-19-58-54-2350171.jpg\",\"keywords\":[\"Benfica\",\"Conselho de Disciplina\",\"corrup\u00e7\u00e3o\",\"futebol\",\"Porto\",\"san\u00e7\u00f5es\"],\"articleSection\":[\"Desporto\",\"Futebol\"],\"inLanguage\":\"pt-PT\"},{\"@type\":\"WebPage\",\"@id\":\"https:\/\/portaltela.pt\/noticias\/2026\/03\/20\/benfica-exige-sancoes-ao-fc-porto-e-questiona-conselho-de-disciplina\/\",\"url\":\"https:\/\/portaltela.pt\/noticias\/2026\/03\/20\/benfica-exige-sancoes-ao-fc-porto-e-questiona-conselho-de-disciplina\/\",\"name\":\"Benfica exige san\u00e7\u00f5es ao FC Porto e questiona Conselho de Disciplina - Portal Tela Portugal\",\"isPartOf\":{\"@id\":\"https:\/\/portaltela.pt\/#website\"},\"primaryImageOfPage\":{\"@id\":\"https:\/\/portaltela.pt\/noticias\/2026\/03\/20\/benfica-exige-sancoes-ao-fc-porto-e-questiona-conselho-de-disciplina\/#primaryimage\"},\"image\":{\"@id\":\"https:\/\/portaltela.pt\/noticias\/2026\/03\/20\/benfica-exige-sancoes-ao-fc-porto-e-questiona-conselho-de-disciplina\/#primaryimage\"},\"thumbnailUrl\":\"https:\/\/portaltela.pt\/s.01k8rhncp4jt1\/2026\/03\/img_920x518uu2025-03-18-19-58-54-2350171.jpg\",\"datePublished\":\"2026-03-20T16:26:14+00:00\",\"author\":{\"@id\":\"https:\/\/portaltela.pt\/#\/schema\/person\/c4278d4a6028830caff9ee44b42d32ed\"},\"breadcrumb\":{\"@id\":\"https:\/\/portaltela.pt\/noticias\/2026\/03\/20\/benfica-exige-sancoes-ao-fc-porto-e-questiona-conselho-de-disciplina\/#breadcrumb\"},\"inLanguage\":\"pt-PT\",\"potentialAction\":[{\"@type\":\"ReadAction\",\"target\":[\"https:\/\/portaltela.pt\/noticias\/2026\/03\/20\/benfica-exige-sancoes-ao-fc-porto-e-questiona-conselho-de-disciplina\/\"]}]},{\"@type\":\"ImageObject\",\"inLanguage\":\"pt-PT\",\"@id\":\"https:\/\/portaltela.pt\/noticias\/2026\/03\/20\/benfica-exige-sancoes-ao-fc-porto-e-questiona-conselho-de-disciplina\/#primaryimage\",\"url\":\"https:\/\/portaltela.pt\/s.01k8rhncp4jt1\/2026\/03\/img_920x518uu2025-03-18-19-58-54-2350171.jpg\",\"contentUrl\":\"https:\/\/portaltela.pt\/s.01k8rhncp4jt1\/2026\/03\/img_920x518uu2025-03-18-19-58-54-2350171.jpg\",\"width\":796,\"height\":448,\"caption\":\"Bandeira do Benfica\"},{\"@type\":\"BreadcrumbList\",\"@id\":\"https:\/\/portaltela.pt\/noticias\/2026\/03\/20\/benfica-exige-sancoes-ao-fc-porto-e-questiona-conselho-de-disciplina\/#breadcrumb\",\"itemListElement\":[{\"@type\":\"ListItem\",\"position\":1,\"name\":\"In\u00edcio\",\"item\":\"https:\/\/portaltela.pt\/\"},{\"@type\":\"ListItem\",\"position\":2,\"name\":\"Benfica exige san\u00e7\u00f5es ao FC Porto e questiona Conselho de Disciplina\"}]},{\"@type\":\"WebSite\",\"@id\":\"https:\/\/portaltela.pt\/#website\",\"url\":\"https:\/\/portaltela.pt\/\",\"name\":\"Portal Tela Portugal\",\"description\":\"\",\"potentialAction\":[{\"@type\":\"SearchAction\",\"target\":{\"@type\":\"EntryPoint\",\"urlTemplate\":\"https:\/\/portaltela.pt\/?s={search_term_string}\"},\"query-input\":{\"@type\":\"PropertyValueSpecification\",\"valueRequired\":true,\"valueName\":\"search_term_string\"}}],\"inLanguage\":\"pt-PT\"},{\"@type\":\"Person\",\"@id\":\"https:\/\/portaltela.pt\/#\/schema\/person\/c4278d4a6028830caff9ee44b42d32ed\",\"name\":\"Telinha\",\"image\":{\"@type\":\"ImageObject\",\"inLanguage\":\"pt-PT\",\"@id\":\"https:\/\/portaltela.pt\/s.01k8rhncp4jt1\/2025\/11\/talking-bot-125x125.png\",\"url\":\"https:\/\/portaltela.pt\/s.01k8rhncp4jt1\/2025\/11\/talking-bot-125x125.png\",\"contentUrl\":\"https:\/\/portaltela.pt\/s.01k8rhncp4jt1\/2025\/11\/talking-bot-125x125.png\",\"caption\":\"Telinha\"},\"sameAs\":[\"https:\/\/portaltela.pt\/\"],\"url\":\"https:\/\/portaltela.pt\/por\/367410592786\/\"}]}<\/script>\n<!-- \/ Yoast SEO plugin. -->","yoast_head_json":{"title":"Benfica exige san\u00e7\u00f5es ao FC Porto e questiona Conselho de Disciplina - Portal Tela Portugal","robots":{"index":"index","follow":"follow","max-snippet":"max-snippet:-1","max-image-preview":"max-image-preview:large","max-video-preview":"max-video-preview:-1"},"og_locale":"pt_PT","og_type":"article","og_title":"Benfica exige san\u00e7\u00f5es ao FC Porto e questiona Conselho de Disciplina - Portal Tela Portugal","og_description":"O Benfica pediu ao Conselho de Disciplina san\u00e7\u00f5es desportivas para a FC Porto SAD, ap\u00f3s a decis\u00e3o judicial no caso dos emails, solicitando esclarecimentos sobre as medidas que ser\u00e3o aplicadas. O clube recorda que entre abril de dois mil e dezassete e fevereiro de dois mil e dezoito a FC Porto SAD, via o seu antigo diretor de comunica\u00e7\u00e3o, divulgou conte\u00fados obtidos ilicitamente, fazendo acusa\u00e7\u00f5es graves de corrup\u00e7\u00e3o e manipula\u00e7\u00e3o de \u00e1rbitros. Em fevereiro do ano passado, o Supremo Tribunal de Justi\u00e7a manteve a decis\u00e3o da Rela\u00e7\u00e3o e condenou a FC Porto SAD a pagar ao Benfica, totalizando cerca de setecentos e setenta mil euros. A condena\u00e7\u00e3o envolve a administra\u00e7\u00e3o da altura, liderada pelo falecido Pinto da Costa, a pagar 605 mil euros, acrescidos de juros de mora de 164 mil euros. O Benfica afirma que, com o tr\u00e2nsito em julgado da decis\u00e3o, n\u00e3o subsistem factos por apurar e instou o Conselho de Disciplina a esclarecer de forma inequ\u00edvoca as san\u00e7\u00f5es desportivas a aplicar, devido \u00e0 gravidade dos factos comprovados em tribunal.","og_url":"https:\/\/portaltela.pt\/noticias\/2026\/03\/20\/benfica-exige-sancoes-ao-fc-porto-e-questiona-conselho-de-disciplina\/","og_site_name":"Portal Tela Portugal","article_published_time":"2026-03-20T16:26:14+00:00","author":"Telinha","twitter_card":"summary_large_image","twitter_misc":{"Escrito por":"Telinha","Tempo estimado de leitura":"1 minuto"},"schema":{"@context":"https:\/\/schema.org","@graph":[{"@type":"Article","@id":"https:\/\/portaltela.pt\/noticias\/2026\/03\/20\/benfica-exige-sancoes-ao-fc-porto-e-questiona-conselho-de-disciplina\/#article","isPartOf":{"@id":"https:\/\/portaltela.pt\/noticias\/2026\/03\/20\/benfica-exige-sancoes-ao-fc-porto-e-questiona-conselho-de-disciplina\/"},"author":{"name":"Telinha","@id":"https:\/\/portaltela.pt\/#\/schema\/person\/c4278d4a6028830caff9ee44b42d32ed"},"headline":"Benfica exige san\u00e7\u00f5es ao FC Porto e questiona Conselho de Disciplina","datePublished":"2026-03-20T16:26:14+00:00","mainEntityOfPage":{"@id":"https:\/\/portaltela.pt\/noticias\/2026\/03\/20\/benfica-exige-sancoes-ao-fc-porto-e-questiona-conselho-de-disciplina\/"},"wordCount":251,"image":{"@id":"https:\/\/portaltela.pt\/noticias\/2026\/03\/20\/benfica-exige-sancoes-ao-fc-porto-e-questiona-conselho-de-disciplina\/#primaryimage"},"thumbnailUrl":"https:\/\/portaltela.pt\/s.01k8rhncp4jt1\/2026\/03\/img_920x518uu2025-03-18-19-58-54-2350171.jpg","keywords":["Benfica","Conselho de Disciplina","corrup\u00e7\u00e3o","futebol","Porto","san\u00e7\u00f5es"],"articleSection":["Desporto","Futebol"],"inLanguage":"pt-PT"},{"@type":"WebPage","@id":"https:\/\/portaltela.pt\/noticias\/2026\/03\/20\/benfica-exige-sancoes-ao-fc-porto-e-questiona-conselho-de-disciplina\/","url":"https:\/\/portaltela.pt\/noticias\/2026\/03\/20\/benfica-exige-sancoes-ao-fc-porto-e-questiona-conselho-de-disciplina\/","name":"Benfica exige san\u00e7\u00f5es ao FC Porto e questiona Conselho de Disciplina - Portal Tela Portugal","isPartOf":{"@id":"https:\/\/portaltela.pt\/#website"},"primaryImageOfPage":{"@id":"https:\/\/portaltela.pt\/noticias\/2026\/03\/20\/benfica-exige-sancoes-ao-fc-porto-e-questiona-conselho-de-disciplina\/#primaryimage"},"image":{"@id":"https:\/\/portaltela.pt\/noticias\/2026\/03\/20\/benfica-exige-sancoes-ao-fc-porto-e-questiona-conselho-de-disciplina\/#primaryimage"},"thumbnailUrl":"https:\/\/portaltela.pt\/s.01k8rhncp4jt1\/2026\/03\/img_920x518uu2025-03-18-19-58-54-2350171.jpg","datePublished":"2026-03-20T16:26:14+00:00","author":{"@id":"https:\/\/portaltela.pt\/#\/schema\/person\/c4278d4a6028830caff9ee44b42d32ed"},"breadcrumb":{"@id":"https:\/\/portaltela.pt\/noticias\/2026\/03\/20\/benfica-exige-sancoes-ao-fc-porto-e-questiona-conselho-de-disciplina\/#breadcrumb"},"inLanguage":"pt-PT","potentialAction":[{"@type":"ReadAction","target":["https:\/\/portaltela.pt\/noticias\/2026\/03\/20\/benfica-exige-sancoes-ao-fc-porto-e-questiona-conselho-de-disciplina\/"]}]},{"@type":"ImageObject","inLanguage":"pt-PT","@id":"https:\/\/portaltela.pt\/noticias\/2026\/03\/20\/benfica-exige-sancoes-ao-fc-porto-e-questiona-conselho-de-disciplina\/#primaryimage","url":"https:\/\/portaltela.pt\/s.01k8rhncp4jt1\/2026\/03\/img_920x518uu2025-03-18-19-58-54-2350171.jpg","contentUrl":"https:\/\/portaltela.pt\/s.01k8rhncp4jt1\/2026\/03\/img_920x518uu2025-03-18-19-58-54-2350171.jpg","width":796,"height":448,"caption":"Bandeira do Benfica"},{"@type":"BreadcrumbList","@id":"https:\/\/portaltela.pt\/noticias\/2026\/03\/20\/benfica-exige-sancoes-ao-fc-porto-e-questiona-conselho-de-disciplina\/#breadcrumb","itemListElement":[{"@type":"ListItem","position":1,"name":"In\u00edcio","item":"https:\/\/portaltela.pt\/"},{"@type":"ListItem","position":2,"name":"Benfica exige san\u00e7\u00f5es ao FC Porto e questiona Conselho de Disciplina"}]},{"@type":"WebSite","@id":"https:\/\/portaltela.pt\/#website","url":"https:\/\/portaltela.pt\/","name":"Portal Tela Portugal","description":"","potentialAction":[{"@type":"SearchAction","target":{"@type":"EntryPoint","urlTemplate":"https:\/\/portaltela.pt\/?s={search_term_string}"},"query-input":{"@type":"PropertyValueSpecification","valueRequired":true,"valueName":"search_term_string"}}],"inLanguage":"pt-PT"},{"@type":"Person","@id":"https:\/\/portaltela.pt\/#\/schema\/person\/c4278d4a6028830caff9ee44b42d32ed","name":"Telinha","image":{"@type":"ImageObject","inLanguage":"pt-PT","@id":"https:\/\/portaltela.pt\/s.01k8rhncp4jt1\/2025\/11\/talking-bot-125x125.png","url":"https:\/\/portaltela.pt\/s.01k8rhncp4jt1\/2025\/11\/talking-bot-125x125.png","contentUrl":"https:\/\/portaltela.pt\/s.01k8rhncp4jt1\/2025\/11\/talking-bot-125x125.png","caption":"Telinha"},"sameAs":["https:\/\/portaltela.pt\/"],"url":"https:\/\/portaltela.pt\/por\/367410592786\/"}]}},"_links":{"self":[{"href":"https:\/\/portaltela.pt\/api\/wp\/v2\/posts\/417634","targetHints":{"allow":["GET"]}}],"collection":[{"href":"https:\/\/portaltela.pt\/api\/wp\/v2\/posts"}],"about":[{"href":"https:\/\/portaltela.pt\/api\/wp\/v2\/types\/post"}],"author":[{"embeddable":true,"href":"https:\/\/portaltela.pt\/api\/wp\/v2\/users\/2"}],"replies":[{"embeddable":true,"href":"https:\/\/portaltela.pt\/api\/wp\/v2\/comments?post=417634"}],"version-history":[{"count":0,"href":"https:\/\/portaltela.pt\/api\/wp\/v2\/posts\/417634\/revisions"}],"wp:featuredmedia":[{"embeddable":true,"href":"https:\/\/portaltela.pt\/api\/wp\/v2\/media\/417639"}],"wp:attachment":[{"href":"https:\/\/portaltela.pt\/api\/wp\/v2\/media?parent=417634"}],"wp:term":[{"taxonomy":"category","embeddable":true,"href":"https:\/\/portaltela.pt\/api\/wp\/v2\/categories?post=417634"},{"taxonomy":"post_tag","embeddable":true,"href":"https:\/\/portaltela.pt\/api\/wp\/v2\/tags?post=417634"}],"curies":[{"name":"wp","href":"https:\/\/api.w.org\/{rel}","templated":true}]}}