{"id":417628,"date":"2026-03-20T13:06:00","date_gmt":"2026-03-20T16:06:00","guid":{"rendered":"https:\/\/portaltela.pt\/noticias\/2026\/03\/20\/mais-de-metade-das-casas-anteriores-a-1960-tem-baixa-eficiencia-energetica\/"},"modified":"2026-03-20T13:06:00","modified_gmt":"2026-03-20T16:06:00","slug":"mais-de-metade-das-casas-anteriores-a-1960-tem-baixa-eficiencia-energetica","status":"publish","type":"post","link":"https:\/\/portaltela.pt\/sociedade\/2026\/03\/20\/mais-de-metade-das-casas-anteriores-a-1960-tem-baixa-eficiencia-energetica\/","title":{"rendered":"Mais de metade das casas anteriores a 1960 t\u00eam baixa efici\u00eancia energ\u00e9tica"},"content":{"rendered":"<p>As habita\u00e7\u00f5es portuguesas mais antigas concentram-se em \u00e1reas de maior vulnerabilidade econ\u00f3mica. Um inqu\u00e9rito do Instituto Nacional de Estat\u00edstica (INE), realizado em 2025, revela que mais da metade das casas anteriores a 1960 n\u00e3o recebeu obras de renova\u00e7\u00e3o para melhorar a efici\u00eancia energ\u00e9tica.<\/p>\n<p>O estudo indica que 54,7% dos agregados em lares constru\u00eddos antes de 1960 n\u00e3o registaram melhorias de efici\u00eancia energ\u00e9tica, mesmo quando essa melhoria era necess\u00e1ria. Em contraste, 21,6% das fam\u00edlias em alojamentos recentes, ap\u00f3s 2015, beneficiaram de pelo menos uma medida de renova\u00e7\u00e3o.<\/p>\n<h3>Pobreza e habita\u00e7\u00e3o<\/h3>\n<p>A s\u00edntese do INE mostra que 30,1% dos alojamentos antes de 1945 s\u00e3o ocupados por fam\u00edlias em risco de pobreza, enquanto apenas 11,4% dos alojamentos criados depois de 2015 o s\u00e3o. O inqu\u00e9rito liga pobreza a condi\u00e7\u00f5es de habita\u00e7\u00e3o mais degradadas.<\/p>\n<p>Custos de renova\u00e7\u00e3o aparecem como principal motivo para n\u00e3o realizar obras. Entre as habita\u00e7\u00f5es antigas, a largura da fraqueza energ\u00e9tica agrava o desconforto t\u00e9rmico no Ver\u00e3o e no Inverno, apontado por fam\u00edlias em situa\u00e7\u00e3o de pobreza. A estat\u00edstica tamb\u00e9m aponta que 90,1% das pessoas em risco de pobreza vivem com habita\u00e7\u00f5es pouco eficientes.<\/p>\n<h3>Danos ambiental e pobreza<\/h3>\n<p>Danos causados por fen\u00f3menos ambientais ou meteorol\u00f3gicos afectam 7,5% da popula\u00e7\u00e3o em risco de pobreza, valor superior aos 6,9% da popula\u00e7\u00e3o sem esse enquadramento. As zonas urbanas registaram maior incid\u00eancia de danos, comparadas com \u00e1reas rurais.<\/p>\n<p>Acapta\u00e7\u00e3o de energia e custos<\/p>\n<p>Condi\u00e7\u00f5es de pobreza intensificam-se pela elevada sobrecarga das despesas com habita\u00e7\u00e3o, com 24,4% entre os pobres face a 2,9% na popula\u00e7\u00e3o fora desse escal\u00e3o. Mesmo assim, grande parte das fam\u00edlias em risco de pobreza expressa satisfa\u00e7\u00e3o com o lar.<\/p>\n<h3>Crian\u00e7as e proximidade verde<\/h3>\n<p>As fam\u00edlias com crian\u00e7as apresentam maiores n\u00edveis de priva\u00e7\u00e3o habitacional, com taxas de sobrelota\u00e7\u00e3o superiores \u00e0s de agregados sem menores. Em 2025, 44,9% das fam\u00edlias sem crian\u00e7as viviam a menos de 400 metros de espa\u00e7o verde; para as fam\u00edlias com crian\u00e7as, essa propor\u00e7\u00e3o sobe para 47%.<\/p>\n<p>Habitua\u00e7\u00e3o e consumo energ\u00e9tico<\/p>\n<p>Ainda segundo o inqu\u00e9rito, 72,7% dos agregados afirmam separar sempre ou quase sempre o pl\u00e1stico para reciclagem. O parque autom\u00f3vel familiar \u00e9 dominado por combust\u00edvel f\u00f3ssil: mais de 90% usam ve\u00edculos a gas\u00f3leo ou gasolina, com 4% a h\u00edbridos e 3,4% el\u00e9tricos.<\/p>\n","protected":false},"excerpt":{"rendered":"<ul>\n<li>Em 2025, o INE indica que 54,7% dos agregados em habita\u00e7\u00f5es anteriores a 1960 n\u00e3o sofreram qualquer renova\u00e7\u00e3o para melhorar a efici\u00eancia energ\u00e9tica.<\/li>\n<li>30,1% das habita\u00e7\u00f5es constru\u00eddas antes de 1945 s\u00e3o ocupadas por fam\u00edlias em risco de pobreza.<\/li>\n<li>J\u00e1 21,6% das fam\u00edlias em alojamentos constru\u00eddos ap\u00f3s 2015 beneficiaram de pelo menos uma medida de renova\u00e7\u00e3o para aumentar a efici\u00eancia energ\u00e9tica.<\/li>\n<li>O custo \u00e9 o principal motivo apontado para n\u00e3o se realizarem obras de renova\u00e7\u00e3o nas casas, visando conforto t\u00e9rmico no ver\u00e3o e no inverno.<\/li>\n<li>O inqu\u00e9rito tamb\u00e9m mostra que 7,5% das pessoas em risco de pobreza sofreram danos na habita\u00e7\u00e3o por fatores ambientais ou meteorol\u00f3gicos, com maior frequ\u00eancia em \u00e1reas urbanas.<\/li>\n<\/ul>\n","protected":false},"author":2,"featured_media":417635,"comment_status":"closed","ping_status":"closed","sticky":false,"template":"","format":"standard","meta":{"footnotes":""},"categories":[1,6871],"tags":[167,28,174,150,2817,6642],"class_list":["post-417628","post","type-post","status-publish","format-standard","has-post-thumbnail","hentry","category-noticias","category-sociedade","tag-ambiente","tag-economia","tag-energia","tag-habitacao","tag-habitacoes","tag-pobreza"],"yoast_head":"<!-- This site is optimized with the Yoast SEO plugin v27.2 - https:\/\/yoast.com\/product\/yoast-seo-wordpress\/ -->\n<title>Mais de metade das casas anteriores a 1960 t\u00eam baixa efici\u00eancia energ\u00e9tica - Portal Tela Portugal<\/title>\n<meta name=\"robots\" content=\"index, follow, max-snippet:-1, max-image-preview:large, max-video-preview:-1\" \/>\n<meta property=\"og:locale\" content=\"pt_PT\" \/>\n<meta property=\"og:type\" content=\"article\" \/>\n<meta property=\"og:title\" content=\"Mais de metade das casas anteriores a 1960 t\u00eam baixa efici\u00eancia energ\u00e9tica - Portal Tela Portugal\" \/>\n<meta property=\"og:description\" content=\"Em 2025, o INE indica que 54,7% dos agregados em habita\u00e7\u00f5es anteriores a 1960 n\u00e3o sofreram qualquer renova\u00e7\u00e3o para melhorar a efici\u00eancia energ\u00e9tica. 30,1% das habita\u00e7\u00f5es constru\u00eddas antes de 1945 s\u00e3o ocupadas por fam\u00edlias em risco de pobreza. J\u00e1 21,6% das fam\u00edlias em alojamentos constru\u00eddos ap\u00f3s 2015 beneficiaram de pelo menos uma medida de renova\u00e7\u00e3o para aumentar a efici\u00eancia energ\u00e9tica. O custo \u00e9 o principal motivo apontado para n\u00e3o se realizarem obras de renova\u00e7\u00e3o nas casas, visando conforto t\u00e9rmico no ver\u00e3o e no inverno. O inqu\u00e9rito tamb\u00e9m mostra que 7,5% das pessoas em risco de pobreza sofreram danos na habita\u00e7\u00e3o por fatores ambientais ou meteorol\u00f3gicos, com maior frequ\u00eancia em \u00e1reas urbanas.\" \/>\n<meta property=\"og:url\" content=\"https:\/\/portaltela.pt\/noticias\/2026\/03\/20\/mais-de-metade-das-casas-anteriores-a-1960-tem-baixa-eficiencia-energetica\/\" \/>\n<meta property=\"og:site_name\" content=\"Portal Tela Portugal\" \/>\n<meta property=\"article:published_time\" content=\"2026-03-20T16:06:00+00:00\" \/>\n<meta name=\"author\" content=\"Telinha\" \/>\n<meta name=\"twitter:card\" content=\"summary_large_image\" \/>\n<meta name=\"twitter:label1\" content=\"Escrito por\" \/>\n\t<meta name=\"twitter:data1\" content=\"Telinha\" \/>\n\t<meta name=\"twitter:label2\" content=\"Tempo estimado de leitura\" \/>\n\t<meta name=\"twitter:data2\" content=\"2 minutos\" \/>\n<script type=\"application\/ld+json\" class=\"yoast-schema-graph\">{\"@context\":\"https:\/\/schema.org\",\"@graph\":[{\"@type\":\"Article\",\"@id\":\"https:\/\/portaltela.pt\/noticias\/2026\/03\/20\/mais-de-metade-das-casas-anteriores-a-1960-tem-baixa-eficiencia-energetica\/#article\",\"isPartOf\":{\"@id\":\"https:\/\/portaltela.pt\/noticias\/2026\/03\/20\/mais-de-metade-das-casas-anteriores-a-1960-tem-baixa-eficiencia-energetica\/\"},\"author\":{\"name\":\"Telinha\",\"@id\":\"https:\/\/portaltela.pt\/#\/schema\/person\/c4278d4a6028830caff9ee44b42d32ed\"},\"headline\":\"Mais de metade das casas anteriores a 1960 t\u00eam baixa efici\u00eancia energ\u00e9tica\",\"datePublished\":\"2026-03-20T16:06:00+00:00\",\"mainEntityOfPage\":{\"@id\":\"https:\/\/portaltela.pt\/noticias\/2026\/03\/20\/mais-de-metade-das-casas-anteriores-a-1960-tem-baixa-eficiencia-energetica\/\"},\"wordCount\":423,\"image\":{\"@id\":\"https:\/\/portaltela.pt\/noticias\/2026\/03\/20\/mais-de-metade-das-casas-anteriores-a-1960-tem-baixa-eficiencia-energetica\/#primaryimage\"},\"thumbnailUrl\":\"https:\/\/portaltela.pt\/s.01k8rhncp4jt1\/2026\/03\/2075831.jpg\",\"keywords\":[\"ambiente\",\"economia\",\"energia\",\"habita\u00e7\u00e3o\",\"habita\u00e7\u00f5es\",\"pobreza\"],\"articleSection\":[\"Not\u00edcias\",\"Sociedade\"],\"inLanguage\":\"pt-PT\"},{\"@type\":\"WebPage\",\"@id\":\"https:\/\/portaltela.pt\/noticias\/2026\/03\/20\/mais-de-metade-das-casas-anteriores-a-1960-tem-baixa-eficiencia-energetica\/\",\"url\":\"https:\/\/portaltela.pt\/noticias\/2026\/03\/20\/mais-de-metade-das-casas-anteriores-a-1960-tem-baixa-eficiencia-energetica\/\",\"name\":\"Mais de metade das casas anteriores a 1960 t\u00eam baixa efici\u00eancia energ\u00e9tica - Portal Tela Portugal\",\"isPartOf\":{\"@id\":\"https:\/\/portaltela.pt\/#website\"},\"primaryImageOfPage\":{\"@id\":\"https:\/\/portaltela.pt\/noticias\/2026\/03\/20\/mais-de-metade-das-casas-anteriores-a-1960-tem-baixa-eficiencia-energetica\/#primaryimage\"},\"image\":{\"@id\":\"https:\/\/portaltela.pt\/noticias\/2026\/03\/20\/mais-de-metade-das-casas-anteriores-a-1960-tem-baixa-eficiencia-energetica\/#primaryimage\"},\"thumbnailUrl\":\"https:\/\/portaltela.pt\/s.01k8rhncp4jt1\/2026\/03\/2075831.jpg\",\"datePublished\":\"2026-03-20T16:06:00+00:00\",\"author\":{\"@id\":\"https:\/\/portaltela.pt\/#\/schema\/person\/c4278d4a6028830caff9ee44b42d32ed\"},\"breadcrumb\":{\"@id\":\"https:\/\/portaltela.pt\/noticias\/2026\/03\/20\/mais-de-metade-das-casas-anteriores-a-1960-tem-baixa-eficiencia-energetica\/#breadcrumb\"},\"inLanguage\":\"pt-PT\",\"potentialAction\":[{\"@type\":\"ReadAction\",\"target\":[\"https:\/\/portaltela.pt\/noticias\/2026\/03\/20\/mais-de-metade-das-casas-anteriores-a-1960-tem-baixa-eficiencia-energetica\/\"]}]},{\"@type\":\"ImageObject\",\"inLanguage\":\"pt-PT\",\"@id\":\"https:\/\/portaltela.pt\/noticias\/2026\/03\/20\/mais-de-metade-das-casas-anteriores-a-1960-tem-baixa-eficiencia-energetica\/#primaryimage\",\"url\":\"https:\/\/portaltela.pt\/s.01k8rhncp4jt1\/2026\/03\/2075831.jpg\",\"contentUrl\":\"https:\/\/portaltela.pt\/s.01k8rhncp4jt1\/2026\/03\/2075831.jpg\",\"width\":796,\"height\":448,\"caption\":\"Os custos das obras s\u00e3o o principal motivo para as fam\u00edlias n\u00e3o aumentarem a efici\u00eancia energ\u00e9tica das habita\u00e7\u00f5es\"},{\"@type\":\"BreadcrumbList\",\"@id\":\"https:\/\/portaltela.pt\/noticias\/2026\/03\/20\/mais-de-metade-das-casas-anteriores-a-1960-tem-baixa-eficiencia-energetica\/#breadcrumb\",\"itemListElement\":[{\"@type\":\"ListItem\",\"position\":1,\"name\":\"In\u00edcio\",\"item\":\"https:\/\/portaltela.pt\/\"},{\"@type\":\"ListItem\",\"position\":2,\"name\":\"Mais de metade das casas anteriores a 1960 t\u00eam baixa efici\u00eancia energ\u00e9tica\"}]},{\"@type\":\"WebSite\",\"@id\":\"https:\/\/portaltela.pt\/#website\",\"url\":\"https:\/\/portaltela.pt\/\",\"name\":\"Portal Tela Portugal\",\"description\":\"\",\"potentialAction\":[{\"@type\":\"SearchAction\",\"target\":{\"@type\":\"EntryPoint\",\"urlTemplate\":\"https:\/\/portaltela.pt\/?s={search_term_string}\"},\"query-input\":{\"@type\":\"PropertyValueSpecification\",\"valueRequired\":true,\"valueName\":\"search_term_string\"}}],\"inLanguage\":\"pt-PT\"},{\"@type\":\"Person\",\"@id\":\"https:\/\/portaltela.pt\/#\/schema\/person\/c4278d4a6028830caff9ee44b42d32ed\",\"name\":\"Telinha\",\"image\":{\"@type\":\"ImageObject\",\"inLanguage\":\"pt-PT\",\"@id\":\"https:\/\/portaltela.pt\/s.01k8rhncp4jt1\/2025\/11\/talking-bot-125x125.png\",\"url\":\"https:\/\/portaltela.pt\/s.01k8rhncp4jt1\/2025\/11\/talking-bot-125x125.png\",\"contentUrl\":\"https:\/\/portaltela.pt\/s.01k8rhncp4jt1\/2025\/11\/talking-bot-125x125.png\",\"caption\":\"Telinha\"},\"sameAs\":[\"https:\/\/portaltela.pt\/\"],\"url\":\"https:\/\/portaltela.pt\/por\/367410592786\/\"}]}<\/script>\n<!-- \/ Yoast SEO plugin. -->","yoast_head_json":{"title":"Mais de metade das casas anteriores a 1960 t\u00eam baixa efici\u00eancia energ\u00e9tica - Portal Tela Portugal","robots":{"index":"index","follow":"follow","max-snippet":"max-snippet:-1","max-image-preview":"max-image-preview:large","max-video-preview":"max-video-preview:-1"},"og_locale":"pt_PT","og_type":"article","og_title":"Mais de metade das casas anteriores a 1960 t\u00eam baixa efici\u00eancia energ\u00e9tica - Portal Tela Portugal","og_description":"Em 2025, o INE indica que 54,7% dos agregados em habita\u00e7\u00f5es anteriores a 1960 n\u00e3o sofreram qualquer renova\u00e7\u00e3o para melhorar a efici\u00eancia energ\u00e9tica. 30,1% das habita\u00e7\u00f5es constru\u00eddas antes de 1945 s\u00e3o ocupadas por fam\u00edlias em risco de pobreza. J\u00e1 21,6% das fam\u00edlias em alojamentos constru\u00eddos ap\u00f3s 2015 beneficiaram de pelo menos uma medida de renova\u00e7\u00e3o para aumentar a efici\u00eancia energ\u00e9tica. O custo \u00e9 o principal motivo apontado para n\u00e3o se realizarem obras de renova\u00e7\u00e3o nas casas, visando conforto t\u00e9rmico no ver\u00e3o e no inverno. O inqu\u00e9rito tamb\u00e9m mostra que 7,5% das pessoas em risco de pobreza sofreram danos na habita\u00e7\u00e3o por fatores ambientais ou meteorol\u00f3gicos, com maior frequ\u00eancia em \u00e1reas urbanas.","og_url":"https:\/\/portaltela.pt\/noticias\/2026\/03\/20\/mais-de-metade-das-casas-anteriores-a-1960-tem-baixa-eficiencia-energetica\/","og_site_name":"Portal Tela Portugal","article_published_time":"2026-03-20T16:06:00+00:00","author":"Telinha","twitter_card":"summary_large_image","twitter_misc":{"Escrito por":"Telinha","Tempo estimado de leitura":"2 minutos"},"schema":{"@context":"https:\/\/schema.org","@graph":[{"@type":"Article","@id":"https:\/\/portaltela.pt\/noticias\/2026\/03\/20\/mais-de-metade-das-casas-anteriores-a-1960-tem-baixa-eficiencia-energetica\/#article","isPartOf":{"@id":"https:\/\/portaltela.pt\/noticias\/2026\/03\/20\/mais-de-metade-das-casas-anteriores-a-1960-tem-baixa-eficiencia-energetica\/"},"author":{"name":"Telinha","@id":"https:\/\/portaltela.pt\/#\/schema\/person\/c4278d4a6028830caff9ee44b42d32ed"},"headline":"Mais de metade das casas anteriores a 1960 t\u00eam baixa efici\u00eancia energ\u00e9tica","datePublished":"2026-03-20T16:06:00+00:00","mainEntityOfPage":{"@id":"https:\/\/portaltela.pt\/noticias\/2026\/03\/20\/mais-de-metade-das-casas-anteriores-a-1960-tem-baixa-eficiencia-energetica\/"},"wordCount":423,"image":{"@id":"https:\/\/portaltela.pt\/noticias\/2026\/03\/20\/mais-de-metade-das-casas-anteriores-a-1960-tem-baixa-eficiencia-energetica\/#primaryimage"},"thumbnailUrl":"https:\/\/portaltela.pt\/s.01k8rhncp4jt1\/2026\/03\/2075831.jpg","keywords":["ambiente","economia","energia","habita\u00e7\u00e3o","habita\u00e7\u00f5es","pobreza"],"articleSection":["Not\u00edcias","Sociedade"],"inLanguage":"pt-PT"},{"@type":"WebPage","@id":"https:\/\/portaltela.pt\/noticias\/2026\/03\/20\/mais-de-metade-das-casas-anteriores-a-1960-tem-baixa-eficiencia-energetica\/","url":"https:\/\/portaltela.pt\/noticias\/2026\/03\/20\/mais-de-metade-das-casas-anteriores-a-1960-tem-baixa-eficiencia-energetica\/","name":"Mais de metade das casas anteriores a 1960 t\u00eam baixa efici\u00eancia energ\u00e9tica - Portal Tela Portugal","isPartOf":{"@id":"https:\/\/portaltela.pt\/#website"},"primaryImageOfPage":{"@id":"https:\/\/portaltela.pt\/noticias\/2026\/03\/20\/mais-de-metade-das-casas-anteriores-a-1960-tem-baixa-eficiencia-energetica\/#primaryimage"},"image":{"@id":"https:\/\/portaltela.pt\/noticias\/2026\/03\/20\/mais-de-metade-das-casas-anteriores-a-1960-tem-baixa-eficiencia-energetica\/#primaryimage"},"thumbnailUrl":"https:\/\/portaltela.pt\/s.01k8rhncp4jt1\/2026\/03\/2075831.jpg","datePublished":"2026-03-20T16:06:00+00:00","author":{"@id":"https:\/\/portaltela.pt\/#\/schema\/person\/c4278d4a6028830caff9ee44b42d32ed"},"breadcrumb":{"@id":"https:\/\/portaltela.pt\/noticias\/2026\/03\/20\/mais-de-metade-das-casas-anteriores-a-1960-tem-baixa-eficiencia-energetica\/#breadcrumb"},"inLanguage":"pt-PT","potentialAction":[{"@type":"ReadAction","target":["https:\/\/portaltela.pt\/noticias\/2026\/03\/20\/mais-de-metade-das-casas-anteriores-a-1960-tem-baixa-eficiencia-energetica\/"]}]},{"@type":"ImageObject","inLanguage":"pt-PT","@id":"https:\/\/portaltela.pt\/noticias\/2026\/03\/20\/mais-de-metade-das-casas-anteriores-a-1960-tem-baixa-eficiencia-energetica\/#primaryimage","url":"https:\/\/portaltela.pt\/s.01k8rhncp4jt1\/2026\/03\/2075831.jpg","contentUrl":"https:\/\/portaltela.pt\/s.01k8rhncp4jt1\/2026\/03\/2075831.jpg","width":796,"height":448,"caption":"Os custos das obras s\u00e3o o principal motivo para as fam\u00edlias n\u00e3o aumentarem a efici\u00eancia energ\u00e9tica das habita\u00e7\u00f5es"},{"@type":"BreadcrumbList","@id":"https:\/\/portaltela.pt\/noticias\/2026\/03\/20\/mais-de-metade-das-casas-anteriores-a-1960-tem-baixa-eficiencia-energetica\/#breadcrumb","itemListElement":[{"@type":"ListItem","position":1,"name":"In\u00edcio","item":"https:\/\/portaltela.pt\/"},{"@type":"ListItem","position":2,"name":"Mais de metade das casas anteriores a 1960 t\u00eam baixa efici\u00eancia energ\u00e9tica"}]},{"@type":"WebSite","@id":"https:\/\/portaltela.pt\/#website","url":"https:\/\/portaltela.pt\/","name":"Portal Tela Portugal","description":"","potentialAction":[{"@type":"SearchAction","target":{"@type":"EntryPoint","urlTemplate":"https:\/\/portaltela.pt\/?s={search_term_string}"},"query-input":{"@type":"PropertyValueSpecification","valueRequired":true,"valueName":"search_term_string"}}],"inLanguage":"pt-PT"},{"@type":"Person","@id":"https:\/\/portaltela.pt\/#\/schema\/person\/c4278d4a6028830caff9ee44b42d32ed","name":"Telinha","image":{"@type":"ImageObject","inLanguage":"pt-PT","@id":"https:\/\/portaltela.pt\/s.01k8rhncp4jt1\/2025\/11\/talking-bot-125x125.png","url":"https:\/\/portaltela.pt\/s.01k8rhncp4jt1\/2025\/11\/talking-bot-125x125.png","contentUrl":"https:\/\/portaltela.pt\/s.01k8rhncp4jt1\/2025\/11\/talking-bot-125x125.png","caption":"Telinha"},"sameAs":["https:\/\/portaltela.pt\/"],"url":"https:\/\/portaltela.pt\/por\/367410592786\/"}]}},"_links":{"self":[{"href":"https:\/\/portaltela.pt\/api\/wp\/v2\/posts\/417628","targetHints":{"allow":["GET"]}}],"collection":[{"href":"https:\/\/portaltela.pt\/api\/wp\/v2\/posts"}],"about":[{"href":"https:\/\/portaltela.pt\/api\/wp\/v2\/types\/post"}],"author":[{"embeddable":true,"href":"https:\/\/portaltela.pt\/api\/wp\/v2\/users\/2"}],"replies":[{"embeddable":true,"href":"https:\/\/portaltela.pt\/api\/wp\/v2\/comments?post=417628"}],"version-history":[{"count":0,"href":"https:\/\/portaltela.pt\/api\/wp\/v2\/posts\/417628\/revisions"}],"wp:featuredmedia":[{"embeddable":true,"href":"https:\/\/portaltela.pt\/api\/wp\/v2\/media\/417635"}],"wp:attachment":[{"href":"https:\/\/portaltela.pt\/api\/wp\/v2\/media?parent=417628"}],"wp:term":[{"taxonomy":"category","embeddable":true,"href":"https:\/\/portaltela.pt\/api\/wp\/v2\/categories?post=417628"},{"taxonomy":"post_tag","embeddable":true,"href":"https:\/\/portaltela.pt\/api\/wp\/v2\/tags?post=417628"}],"curies":[{"name":"wp","href":"https:\/\/api.w.org\/{rel}","templated":true}]}}