{"id":417623,"date":"2026-03-20T12:45:00","date_gmt":"2026-03-20T15:45:00","guid":{"rendered":"https:\/\/portaltela.pt\/noticias\/2026\/03\/20\/governo-prepara-integracao-dos-docentes-das-escolas-artisticas-2\/"},"modified":"2026-03-20T12:45:00","modified_gmt":"2026-03-20T15:45:00","slug":"governo-prepara-integracao-dos-docentes-das-escolas-artisticas-2","status":"publish","type":"post","link":"https:\/\/portaltela.pt\/noticias\/politica\/2026\/03\/20\/governo-prepara-integracao-dos-docentes-das-escolas-artisticas-2\/","title":{"rendered":"Governo prepara integra\u00e7\u00e3o dos docentes das escolas art\u00edsticas"},"content":{"rendered":"<p>O Governo est\u00e1 a preparar a integra\u00e7\u00e3o dos docentes das escolas art\u00edsticas, criando grupos de recrutamento e cursos de profissionaliza\u00e7\u00e3o para permitir a conclus\u00e3o da habilita\u00e7\u00e3o profissional. A medida foi anunciada pela tutela.<\/p>\n<p>A Fenprof sustenta que muitos docentes continuam em precariedade, citando, como exemplo, o atraso na cria\u00e7\u00e3o dos grupos de recrutamento prometidos em 2023. A organiza\u00e7\u00e3o aponta que mais de 200 profissionais tamb\u00e9m n\u00e3o est\u00e3o vinculados aos quadros.<\/p>\n<p>Professores da Escola Art\u00edstica Ant\u00f3nio Arroio, em Lisboa, e da Escola Art\u00edstica Soares dos Reis, no Porto, manifestaram-se esta semana, exigindo o fim dos v\u00ednculos prec\u00e1rios e a vincula\u00e7\u00e3o aos quadros no quadro de recrutamento adequado.<\/p>\n<p>Em 2023 foi aprovado um diploma que previa concurso extraordin\u00e1rio, regime ordin\u00e1rio de recrutamento e habilita\u00e7\u00f5es profissionais para docentes das \u00e1reas art\u00edsticas. O diploma ainda n\u00e3o ter\u00e1 sido plenamente implementado.<\/p>\n<h3>Medidas em implementa\u00e7\u00e3o<\/h3>\n<p>O Minist\u00e9rio da Educa\u00e7\u00e3o afirma estar a redefinir e criar grupos de recrutamento para adaptar a especificidade dos docentes destas escolas, no \u00e2mbito da revis\u00e3o do Estatuto da Carreira Docente. A tutela detalha ainda que est\u00e1 a resolver a situa\u00e7\u00e3o decorrente de decretos de 2018 e 2023.<\/p>\n<p>A Ag\u00eancia para a Gest\u00e3o do Sistema Educativo (AGSE) est\u00e1 a contactar uma institui\u00e7\u00e3o de ensino superior para criar cursos de profissionaliza\u00e7\u00e3o em servi\u00e7o, assegurando a conclus\u00e3o da habilita\u00e7\u00e3o profissional exigida. N\u00e3o se entende que tal atraso seja imput\u00e1vel aos docentes.<\/p>\n<p>Para os profissionais n\u00e3o profissionalizados e sem v\u00ednculo provis\u00f3rio, o minist\u00e9rio indica que poder\u00e3o regularizar a situa\u00e7\u00e3o com o novo Estatuto da Carreira Docente em revis\u00e3o, quando entrar em vigor.<\/p>\n<h3>Pr\u00f3ximos passos<\/h3>\n<p>A Fenprof continua a exigir, de forma p\u00fablica, a plena aplica\u00e7\u00e3o do diploma de 2023 e a r\u00e1pida implementa\u00e7\u00e3o dos grupos de recrutamento para as \u00e1reas das artes visuais e audiovisuais, conforme o Decreto-Lei n.\u00ba 94\/2023. O governo n\u00e3o aboliu o regime vigente.<\/p>\n","protected":false},"excerpt":{"rendered":"<ul>\n<li>O Minist\u00e9rio da Educa\u00e7\u00e3o est\u00e1 a criar grupos de recrutamento para integrar docentes das escolas art\u00edsticas e vai abrir cursos de profissionaliza\u00e7\u00e3o para concluir a habilita\u00e7\u00e3o profissional.<\/li>\n<li>S\u00e3o cerca de 200 docentes das componentes t\u00e9cnico-art\u00edsticas \u2014 como Fotografia, Cinema, Multim\u00e9dia, Design de comunica\u00e7\u00e3o, Cer\u00e2mica, Ourivesaria ou Design de produto \u2014 que ainda n\u00e3o foram vinculados, apesar de serem chamados todos os anos.<\/li>\n<li>Em 2023 foi aprovado um diploma que previa concurso extraordin\u00e1rio, regime ordin\u00e1rio de sele\u00e7\u00e3o e recrutamento e a cria\u00e7\u00e3o de habilita\u00e7\u00f5es profissionais para estas \u00e1reas.<\/li>\n<li>A Ag\u00eancia para a Gest\u00e3o do Sistema Educativo est\u00e1 em contacto com uma institui\u00e7\u00e3o de ensino superior para criar e implementar cursos de profissionaliza\u00e7\u00e3o em servi\u00e7o, assegurando a conclus\u00e3o da habilita\u00e7\u00e3o exigida.<\/li>\n<li>A Fenprof acusa o Governo de n\u00e3o cumprir o Decreto-Lei n.\u00ba 94\/2023; o minist\u00e9rio afirma que a revis\u00e3o do Estatuto da Carreira Docente definir\u00e1 novos grupos de recrutamento e regularizar\u00e1 a situa\u00e7\u00e3o dos docentes n\u00e3o profissionalizados.<\/li>\n<\/ul>\n","protected":false},"author":2,"featured_media":417627,"comment_status":"closed","ping_status":"closed","sticky":false,"template":"","format":"standard","meta":{"footnotes":""},"categories":[1,5],"tags":[6331,6073,163,2443,6473,97],"class_list":["post-417623","post","type-post","status-publish","format-standard","has-post-thumbnail","hentry","category-noticias","category-politica","tag-condicoes-de-trabalho","tag-docentes","tag-educacao","tag-educacao-publica","tag-planeamento-escolar","tag-professores"],"yoast_head":"<!-- This site is optimized with the Yoast SEO plugin v27.2 - https:\/\/yoast.com\/product\/yoast-seo-wordpress\/ -->\n<title>Governo prepara integra\u00e7\u00e3o dos docentes das escolas art\u00edsticas - Portal Tela Portugal<\/title>\n<meta name=\"robots\" content=\"index, follow, max-snippet:-1, max-image-preview:large, max-video-preview:-1\" \/>\n<meta property=\"og:locale\" content=\"pt_PT\" \/>\n<meta property=\"og:type\" content=\"article\" \/>\n<meta property=\"og:title\" content=\"Governo prepara integra\u00e7\u00e3o dos docentes das escolas art\u00edsticas - Portal Tela Portugal\" \/>\n<meta property=\"og:description\" content=\"O Minist\u00e9rio da Educa\u00e7\u00e3o est\u00e1 a criar grupos de recrutamento para integrar docentes das escolas art\u00edsticas e vai abrir cursos de profissionaliza\u00e7\u00e3o para concluir a habilita\u00e7\u00e3o profissional. S\u00e3o cerca de 200 docentes das componentes t\u00e9cnico-art\u00edsticas \u2014 como Fotografia, Cinema, Multim\u00e9dia, Design de comunica\u00e7\u00e3o, Cer\u00e2mica, Ourivesaria ou Design de produto \u2014 que ainda n\u00e3o foram vinculados, apesar de serem chamados todos os anos. Em 2023 foi aprovado um diploma que previa concurso extraordin\u00e1rio, regime ordin\u00e1rio de sele\u00e7\u00e3o e recrutamento e a cria\u00e7\u00e3o de habilita\u00e7\u00f5es profissionais para estas \u00e1reas. A Ag\u00eancia para a Gest\u00e3o do Sistema Educativo est\u00e1 em contacto com uma institui\u00e7\u00e3o de ensino superior para criar e implementar cursos de profissionaliza\u00e7\u00e3o em servi\u00e7o, assegurando a conclus\u00e3o da habilita\u00e7\u00e3o exigida. A Fenprof acusa o Governo de n\u00e3o cumprir o Decreto-Lei n.\u00ba 94\/2023; o minist\u00e9rio afirma que a revis\u00e3o do Estatuto da Carreira Docente definir\u00e1 novos grupos de recrutamento e regularizar\u00e1 a situa\u00e7\u00e3o dos docentes n\u00e3o profissionalizados.\" \/>\n<meta property=\"og:url\" content=\"https:\/\/portaltela.pt\/noticias\/2026\/03\/20\/governo-prepara-integracao-dos-docentes-das-escolas-artisticas-2\/\" \/>\n<meta property=\"og:site_name\" content=\"Portal Tela Portugal\" \/>\n<meta property=\"article:published_time\" content=\"2026-03-20T15:45:00+00:00\" \/>\n<meta name=\"author\" content=\"Telinha\" \/>\n<meta name=\"twitter:card\" content=\"summary_large_image\" \/>\n<meta name=\"twitter:label1\" content=\"Escrito por\" \/>\n\t<meta name=\"twitter:data1\" content=\"Telinha\" \/>\n\t<meta name=\"twitter:label2\" content=\"Tempo estimado de leitura\" \/>\n\t<meta name=\"twitter:data2\" content=\"2 minutos\" \/>\n<script type=\"application\/ld+json\" class=\"yoast-schema-graph\">{\"@context\":\"https:\/\/schema.org\",\"@graph\":[{\"@type\":\"Article\",\"@id\":\"https:\/\/portaltela.pt\/noticias\/2026\/03\/20\/governo-prepara-integracao-dos-docentes-das-escolas-artisticas-2\/#article\",\"isPartOf\":{\"@id\":\"https:\/\/portaltela.pt\/noticias\/2026\/03\/20\/governo-prepara-integracao-dos-docentes-das-escolas-artisticas-2\/\"},\"author\":{\"name\":\"Telinha\",\"@id\":\"https:\/\/portaltela.pt\/#\/schema\/person\/c4278d4a6028830caff9ee44b42d32ed\"},\"headline\":\"Governo prepara integra\u00e7\u00e3o dos docentes das escolas art\u00edsticas\",\"datePublished\":\"2026-03-20T15:45:00+00:00\",\"mainEntityOfPage\":{\"@id\":\"https:\/\/portaltela.pt\/noticias\/2026\/03\/20\/governo-prepara-integracao-dos-docentes-das-escolas-artisticas-2\/\"},\"wordCount\":353,\"image\":{\"@id\":\"https:\/\/portaltela.pt\/noticias\/2026\/03\/20\/governo-prepara-integracao-dos-docentes-das-escolas-artisticas-2\/#primaryimage\"},\"thumbnailUrl\":\"https:\/\/portaltela.pt\/s.01k8rhncp4jt1\/2026\/03\/2075845.jpg\",\"keywords\":[\"condi\u00e7\u00f5es de trabalho\",\"docentes\",\"educa\u00e7\u00e3o\",\"educa\u00e7\u00e3o p\u00fablica\",\"planeamento escolar\",\"professores\"],\"articleSection\":[\"Not\u00edcias\",\"Pol\u00edtica\"],\"inLanguage\":\"pt-PT\"},{\"@type\":\"WebPage\",\"@id\":\"https:\/\/portaltela.pt\/noticias\/2026\/03\/20\/governo-prepara-integracao-dos-docentes-das-escolas-artisticas-2\/\",\"url\":\"https:\/\/portaltela.pt\/noticias\/2026\/03\/20\/governo-prepara-integracao-dos-docentes-das-escolas-artisticas-2\/\",\"name\":\"Governo prepara integra\u00e7\u00e3o dos docentes das escolas art\u00edsticas - Portal Tela Portugal\",\"isPartOf\":{\"@id\":\"https:\/\/portaltela.pt\/#website\"},\"primaryImageOfPage\":{\"@id\":\"https:\/\/portaltela.pt\/noticias\/2026\/03\/20\/governo-prepara-integracao-dos-docentes-das-escolas-artisticas-2\/#primaryimage\"},\"image\":{\"@id\":\"https:\/\/portaltela.pt\/noticias\/2026\/03\/20\/governo-prepara-integracao-dos-docentes-das-escolas-artisticas-2\/#primaryimage\"},\"thumbnailUrl\":\"https:\/\/portaltela.pt\/s.01k8rhncp4jt1\/2026\/03\/2075845.jpg\",\"datePublished\":\"2026-03-20T15:45:00+00:00\",\"author\":{\"@id\":\"https:\/\/portaltela.pt\/#\/schema\/person\/c4278d4a6028830caff9ee44b42d32ed\"},\"breadcrumb\":{\"@id\":\"https:\/\/portaltela.pt\/noticias\/2026\/03\/20\/governo-prepara-integracao-dos-docentes-das-escolas-artisticas-2\/#breadcrumb\"},\"inLanguage\":\"pt-PT\",\"potentialAction\":[{\"@type\":\"ReadAction\",\"target\":[\"https:\/\/portaltela.pt\/noticias\/2026\/03\/20\/governo-prepara-integracao-dos-docentes-das-escolas-artisticas-2\/\"]}]},{\"@type\":\"ImageObject\",\"inLanguage\":\"pt-PT\",\"@id\":\"https:\/\/portaltela.pt\/noticias\/2026\/03\/20\/governo-prepara-integracao-dos-docentes-das-escolas-artisticas-2\/#primaryimage\",\"url\":\"https:\/\/portaltela.pt\/s.01k8rhncp4jt1\/2026\/03\/2075845.jpg\",\"contentUrl\":\"https:\/\/portaltela.pt\/s.01k8rhncp4jt1\/2026\/03\/2075845.jpg\",\"width\":796,\"height\":448,\"caption\":\"Professores da Escola Art\u00edstica Ant\u00f3nio Arroio, em Lisboa, e da Escola Art\u00edstica Soares dos Reis, no Porto, manifestaram-se esta semana\"},{\"@type\":\"BreadcrumbList\",\"@id\":\"https:\/\/portaltela.pt\/noticias\/2026\/03\/20\/governo-prepara-integracao-dos-docentes-das-escolas-artisticas-2\/#breadcrumb\",\"itemListElement\":[{\"@type\":\"ListItem\",\"position\":1,\"name\":\"In\u00edcio\",\"item\":\"https:\/\/portaltela.pt\/\"},{\"@type\":\"ListItem\",\"position\":2,\"name\":\"Governo prepara integra\u00e7\u00e3o dos docentes das escolas art\u00edsticas\"}]},{\"@type\":\"WebSite\",\"@id\":\"https:\/\/portaltela.pt\/#website\",\"url\":\"https:\/\/portaltela.pt\/\",\"name\":\"Portal Tela Portugal\",\"description\":\"\",\"potentialAction\":[{\"@type\":\"SearchAction\",\"target\":{\"@type\":\"EntryPoint\",\"urlTemplate\":\"https:\/\/portaltela.pt\/?s={search_term_string}\"},\"query-input\":{\"@type\":\"PropertyValueSpecification\",\"valueRequired\":true,\"valueName\":\"search_term_string\"}}],\"inLanguage\":\"pt-PT\"},{\"@type\":\"Person\",\"@id\":\"https:\/\/portaltela.pt\/#\/schema\/person\/c4278d4a6028830caff9ee44b42d32ed\",\"name\":\"Telinha\",\"image\":{\"@type\":\"ImageObject\",\"inLanguage\":\"pt-PT\",\"@id\":\"https:\/\/portaltela.pt\/s.01k8rhncp4jt1\/2025\/11\/talking-bot-125x125.png\",\"url\":\"https:\/\/portaltela.pt\/s.01k8rhncp4jt1\/2025\/11\/talking-bot-125x125.png\",\"contentUrl\":\"https:\/\/portaltela.pt\/s.01k8rhncp4jt1\/2025\/11\/talking-bot-125x125.png\",\"caption\":\"Telinha\"},\"sameAs\":[\"https:\/\/portaltela.pt\/\"],\"url\":\"https:\/\/portaltela.pt\/por\/367410592786\/\"}]}<\/script>\n<!-- \/ Yoast SEO plugin. -->","yoast_head_json":{"title":"Governo prepara integra\u00e7\u00e3o dos docentes das escolas art\u00edsticas - Portal Tela Portugal","robots":{"index":"index","follow":"follow","max-snippet":"max-snippet:-1","max-image-preview":"max-image-preview:large","max-video-preview":"max-video-preview:-1"},"og_locale":"pt_PT","og_type":"article","og_title":"Governo prepara integra\u00e7\u00e3o dos docentes das escolas art\u00edsticas - Portal Tela Portugal","og_description":"O Minist\u00e9rio da Educa\u00e7\u00e3o est\u00e1 a criar grupos de recrutamento para integrar docentes das escolas art\u00edsticas e vai abrir cursos de profissionaliza\u00e7\u00e3o para concluir a habilita\u00e7\u00e3o profissional. S\u00e3o cerca de 200 docentes das componentes t\u00e9cnico-art\u00edsticas \u2014 como Fotografia, Cinema, Multim\u00e9dia, Design de comunica\u00e7\u00e3o, Cer\u00e2mica, Ourivesaria ou Design de produto \u2014 que ainda n\u00e3o foram vinculados, apesar de serem chamados todos os anos. Em 2023 foi aprovado um diploma que previa concurso extraordin\u00e1rio, regime ordin\u00e1rio de sele\u00e7\u00e3o e recrutamento e a cria\u00e7\u00e3o de habilita\u00e7\u00f5es profissionais para estas \u00e1reas. A Ag\u00eancia para a Gest\u00e3o do Sistema Educativo est\u00e1 em contacto com uma institui\u00e7\u00e3o de ensino superior para criar e implementar cursos de profissionaliza\u00e7\u00e3o em servi\u00e7o, assegurando a conclus\u00e3o da habilita\u00e7\u00e3o exigida. A Fenprof acusa o Governo de n\u00e3o cumprir o Decreto-Lei n.\u00ba 94\/2023; o minist\u00e9rio afirma que a revis\u00e3o do Estatuto da Carreira Docente definir\u00e1 novos grupos de recrutamento e regularizar\u00e1 a situa\u00e7\u00e3o dos docentes n\u00e3o profissionalizados.","og_url":"https:\/\/portaltela.pt\/noticias\/2026\/03\/20\/governo-prepara-integracao-dos-docentes-das-escolas-artisticas-2\/","og_site_name":"Portal Tela Portugal","article_published_time":"2026-03-20T15:45:00+00:00","author":"Telinha","twitter_card":"summary_large_image","twitter_misc":{"Escrito por":"Telinha","Tempo estimado de leitura":"2 minutos"},"schema":{"@context":"https:\/\/schema.org","@graph":[{"@type":"Article","@id":"https:\/\/portaltela.pt\/noticias\/2026\/03\/20\/governo-prepara-integracao-dos-docentes-das-escolas-artisticas-2\/#article","isPartOf":{"@id":"https:\/\/portaltela.pt\/noticias\/2026\/03\/20\/governo-prepara-integracao-dos-docentes-das-escolas-artisticas-2\/"},"author":{"name":"Telinha","@id":"https:\/\/portaltela.pt\/#\/schema\/person\/c4278d4a6028830caff9ee44b42d32ed"},"headline":"Governo prepara integra\u00e7\u00e3o dos docentes das escolas art\u00edsticas","datePublished":"2026-03-20T15:45:00+00:00","mainEntityOfPage":{"@id":"https:\/\/portaltela.pt\/noticias\/2026\/03\/20\/governo-prepara-integracao-dos-docentes-das-escolas-artisticas-2\/"},"wordCount":353,"image":{"@id":"https:\/\/portaltela.pt\/noticias\/2026\/03\/20\/governo-prepara-integracao-dos-docentes-das-escolas-artisticas-2\/#primaryimage"},"thumbnailUrl":"https:\/\/portaltela.pt\/s.01k8rhncp4jt1\/2026\/03\/2075845.jpg","keywords":["condi\u00e7\u00f5es de trabalho","docentes","educa\u00e7\u00e3o","educa\u00e7\u00e3o p\u00fablica","planeamento escolar","professores"],"articleSection":["Not\u00edcias","Pol\u00edtica"],"inLanguage":"pt-PT"},{"@type":"WebPage","@id":"https:\/\/portaltela.pt\/noticias\/2026\/03\/20\/governo-prepara-integracao-dos-docentes-das-escolas-artisticas-2\/","url":"https:\/\/portaltela.pt\/noticias\/2026\/03\/20\/governo-prepara-integracao-dos-docentes-das-escolas-artisticas-2\/","name":"Governo prepara integra\u00e7\u00e3o dos docentes das escolas art\u00edsticas - Portal Tela Portugal","isPartOf":{"@id":"https:\/\/portaltela.pt\/#website"},"primaryImageOfPage":{"@id":"https:\/\/portaltela.pt\/noticias\/2026\/03\/20\/governo-prepara-integracao-dos-docentes-das-escolas-artisticas-2\/#primaryimage"},"image":{"@id":"https:\/\/portaltela.pt\/noticias\/2026\/03\/20\/governo-prepara-integracao-dos-docentes-das-escolas-artisticas-2\/#primaryimage"},"thumbnailUrl":"https:\/\/portaltela.pt\/s.01k8rhncp4jt1\/2026\/03\/2075845.jpg","datePublished":"2026-03-20T15:45:00+00:00","author":{"@id":"https:\/\/portaltela.pt\/#\/schema\/person\/c4278d4a6028830caff9ee44b42d32ed"},"breadcrumb":{"@id":"https:\/\/portaltela.pt\/noticias\/2026\/03\/20\/governo-prepara-integracao-dos-docentes-das-escolas-artisticas-2\/#breadcrumb"},"inLanguage":"pt-PT","potentialAction":[{"@type":"ReadAction","target":["https:\/\/portaltela.pt\/noticias\/2026\/03\/20\/governo-prepara-integracao-dos-docentes-das-escolas-artisticas-2\/"]}]},{"@type":"ImageObject","inLanguage":"pt-PT","@id":"https:\/\/portaltela.pt\/noticias\/2026\/03\/20\/governo-prepara-integracao-dos-docentes-das-escolas-artisticas-2\/#primaryimage","url":"https:\/\/portaltela.pt\/s.01k8rhncp4jt1\/2026\/03\/2075845.jpg","contentUrl":"https:\/\/portaltela.pt\/s.01k8rhncp4jt1\/2026\/03\/2075845.jpg","width":796,"height":448,"caption":"Professores da Escola Art\u00edstica Ant\u00f3nio Arroio, em Lisboa, e da Escola Art\u00edstica Soares dos Reis, no Porto, manifestaram-se esta semana"},{"@type":"BreadcrumbList","@id":"https:\/\/portaltela.pt\/noticias\/2026\/03\/20\/governo-prepara-integracao-dos-docentes-das-escolas-artisticas-2\/#breadcrumb","itemListElement":[{"@type":"ListItem","position":1,"name":"In\u00edcio","item":"https:\/\/portaltela.pt\/"},{"@type":"ListItem","position":2,"name":"Governo prepara integra\u00e7\u00e3o dos docentes das escolas art\u00edsticas"}]},{"@type":"WebSite","@id":"https:\/\/portaltela.pt\/#website","url":"https:\/\/portaltela.pt\/","name":"Portal Tela Portugal","description":"","potentialAction":[{"@type":"SearchAction","target":{"@type":"EntryPoint","urlTemplate":"https:\/\/portaltela.pt\/?s={search_term_string}"},"query-input":{"@type":"PropertyValueSpecification","valueRequired":true,"valueName":"search_term_string"}}],"inLanguage":"pt-PT"},{"@type":"Person","@id":"https:\/\/portaltela.pt\/#\/schema\/person\/c4278d4a6028830caff9ee44b42d32ed","name":"Telinha","image":{"@type":"ImageObject","inLanguage":"pt-PT","@id":"https:\/\/portaltela.pt\/s.01k8rhncp4jt1\/2025\/11\/talking-bot-125x125.png","url":"https:\/\/portaltela.pt\/s.01k8rhncp4jt1\/2025\/11\/talking-bot-125x125.png","contentUrl":"https:\/\/portaltela.pt\/s.01k8rhncp4jt1\/2025\/11\/talking-bot-125x125.png","caption":"Telinha"},"sameAs":["https:\/\/portaltela.pt\/"],"url":"https:\/\/portaltela.pt\/por\/367410592786\/"}]}},"_links":{"self":[{"href":"https:\/\/portaltela.pt\/api\/wp\/v2\/posts\/417623","targetHints":{"allow":["GET"]}}],"collection":[{"href":"https:\/\/portaltela.pt\/api\/wp\/v2\/posts"}],"about":[{"href":"https:\/\/portaltela.pt\/api\/wp\/v2\/types\/post"}],"author":[{"embeddable":true,"href":"https:\/\/portaltela.pt\/api\/wp\/v2\/users\/2"}],"replies":[{"embeddable":true,"href":"https:\/\/portaltela.pt\/api\/wp\/v2\/comments?post=417623"}],"version-history":[{"count":0,"href":"https:\/\/portaltela.pt\/api\/wp\/v2\/posts\/417623\/revisions"}],"wp:featuredmedia":[{"embeddable":true,"href":"https:\/\/portaltela.pt\/api\/wp\/v2\/media\/417627"}],"wp:attachment":[{"href":"https:\/\/portaltela.pt\/api\/wp\/v2\/media?parent=417623"}],"wp:term":[{"taxonomy":"category","embeddable":true,"href":"https:\/\/portaltela.pt\/api\/wp\/v2\/categories?post=417623"},{"taxonomy":"post_tag","embeddable":true,"href":"https:\/\/portaltela.pt\/api\/wp\/v2\/tags?post=417623"}],"curies":[{"name":"wp","href":"https:\/\/api.w.org\/{rel}","templated":true}]}}