{"id":417607,"date":"2026-03-20T13:11:58","date_gmt":"2026-03-20T16:11:58","guid":{"rendered":"https:\/\/portaltela.pt\/noticias\/2026\/03\/20\/brasileiros-destacam-licao-de-humanidade-de-luis-castro\/"},"modified":"2026-03-20T13:11:58","modified_gmt":"2026-03-20T16:11:58","slug":"brasileiros-destacam-licao-de-humanidade-de-luis-castro","status":"publish","type":"post","link":"https:\/\/portaltela.pt\/desporto\/futebol\/2026\/03\/20\/brasileiros-destacam-licao-de-humanidade-de-luis-castro\/","title":{"rendered":"Brasileiros destacam li\u00e7\u00e3o de humanidade de Lu\u00eds Castro"},"content":{"rendered":"<p>O treino de futebol que ocorreu ontem ficou marcado pela les\u00e3o grave de Marlon, no jogo contra o Vit\u00f3ria. A partida chamou a aten\u00e7\u00e3o pela gravidade do incident\u0435 e pela resposta da equipa m\u00e9dica presente no relvado.<\/p>\n<p>O treinador Lu\u00eds Castro, de nacionalidade portuguesa, foi o principal protagonista das declara\u00e7\u00f5es associadas ao incidente. Visivelmente emocionado, o t\u00e9cnico refletiu sobre a humanidade dos jogadores, destacando que antes de qualquer atleta est\u00e1 um ser humano.<\/p>\n<p>A reflex\u00e3o de Castro tem recebido elogios nos media brasileiros, que a t\u00eam apresentado como um exemplo de lideran\u00e7a e respeito no futebol. N\u00e3o foram divulgadas mais informa\u00e7\u00f5es sobre o estado atual de Marlon nem sobre o desfecho da partida.<\/p>\n","protected":false},"excerpt":{"rendered":"<ul>\n<li>Marlon sofreu uma les\u00e3o grave no jogo de ontem contra o Vit\u00f3ria, deixando Lu\u00eds Castro visivelmente abalado.<\/li>\n<li>O t\u00e9cnico portugu\u00eas deixou uma reflex\u00e3o que tem sido amplamente elogiada pela imprensa brasileira.<\/li>\n<li>A narrativa \u00e9 apresentada como uma \u201caula de humanidade\u201d, destacando a prioridade ao ser humano acima do papel de futebolista.<\/li>\n<li>A cobertura brasileira aponta a postura do treinador comme exemplo de sensibilidade e humanidade no desporto.<\/li>\n<li>N\u00e3o foram divulgados detalhes adicionais sobre o estado de Marlon ou desdobramentos imediatos do jogo.<\/li>\n<\/ul>\n","protected":false},"author":2,"featured_media":417610,"comment_status":"closed","ping_status":"closed","sticky":false,"template":"","format":"standard","meta":{"footnotes":""},"categories":[21,24],"tags":[4172,32,2538,6793,1731,2428],"class_list":["post-417607","post","type-post","status-publish","format-standard","has-post-thumbnail","hentry","category-desporto","category-futebol","tag-brasileiro","tag-futebol","tag-lesoes","tag-luis-castro","tag-treino","tag-vitoria"],"yoast_head":"<!-- This site is optimized with the Yoast SEO plugin v27.2 - https:\/\/yoast.com\/product\/yoast-seo-wordpress\/ -->\n<title>Brasileiros destacam li\u00e7\u00e3o de humanidade de Lu\u00eds Castro - Portal Tela Portugal<\/title>\n<meta name=\"robots\" content=\"index, follow, max-snippet:-1, max-image-preview:large, max-video-preview:-1\" \/>\n<meta property=\"og:locale\" content=\"pt_PT\" \/>\n<meta property=\"og:type\" content=\"article\" \/>\n<meta property=\"og:title\" content=\"Brasileiros destacam li\u00e7\u00e3o de humanidade de Lu\u00eds Castro - Portal Tela Portugal\" \/>\n<meta property=\"og:description\" content=\"Marlon sofreu uma les\u00e3o grave no jogo de ontem contra o Vit\u00f3ria, deixando Lu\u00eds Castro visivelmente abalado. O t\u00e9cnico portugu\u00eas deixou uma reflex\u00e3o que tem sido amplamente elogiada pela imprensa brasileira. A narrativa \u00e9 apresentada como uma \u201caula de humanidade\u201d, destacando a prioridade ao ser humano acima do papel de futebolista. A cobertura brasileira aponta a postura do treinador comme exemplo de sensibilidade e humanidade no desporto. N\u00e3o foram divulgados detalhes adicionais sobre o estado de Marlon ou desdobramentos imediatos do jogo.\" \/>\n<meta property=\"og:url\" content=\"https:\/\/portaltela.pt\/noticias\/2026\/03\/20\/brasileiros-destacam-licao-de-humanidade-de-luis-castro\/\" \/>\n<meta property=\"og:site_name\" content=\"Portal Tela Portugal\" \/>\n<meta property=\"article:published_time\" content=\"2026-03-20T16:11:58+00:00\" \/>\n<meta name=\"author\" content=\"Telinha\" \/>\n<meta name=\"twitter:card\" content=\"summary_large_image\" \/>\n<meta name=\"twitter:label1\" content=\"Escrito por\" \/>\n\t<meta name=\"twitter:data1\" content=\"Telinha\" \/>\n\t<meta name=\"twitter:label2\" content=\"Tempo estimado de leitura\" \/>\n\t<meta name=\"twitter:data2\" content=\"1 minuto\" \/>\n<script type=\"application\/ld+json\" class=\"yoast-schema-graph\">{\"@context\":\"https:\/\/schema.org\",\"@graph\":[{\"@type\":\"Article\",\"@id\":\"https:\/\/portaltela.pt\/noticias\/2026\/03\/20\/brasileiros-destacam-licao-de-humanidade-de-luis-castro\/#article\",\"isPartOf\":{\"@id\":\"https:\/\/portaltela.pt\/noticias\/2026\/03\/20\/brasileiros-destacam-licao-de-humanidade-de-luis-castro\/\"},\"author\":{\"name\":\"Telinha\",\"@id\":\"https:\/\/portaltela.pt\/#\/schema\/person\/c4278d4a6028830caff9ee44b42d32ed\"},\"headline\":\"Brasileiros destacam li\u00e7\u00e3o de humanidade de Lu\u00eds Castro\",\"datePublished\":\"2026-03-20T16:11:58+00:00\",\"mainEntityOfPage\":{\"@id\":\"https:\/\/portaltela.pt\/noticias\/2026\/03\/20\/brasileiros-destacam-licao-de-humanidade-de-luis-castro\/\"},\"wordCount\":135,\"image\":{\"@id\":\"https:\/\/portaltela.pt\/noticias\/2026\/03\/20\/brasileiros-destacam-licao-de-humanidade-de-luis-castro\/#primaryimage\"},\"thumbnailUrl\":\"https:\/\/portaltela.pt\/s.01k8rhncp4jt1\/2026\/03\/img_1200x721uu2026-03-20-16-10-59-2428347.jpg\",\"keywords\":[\"brasileiro\",\"futebol\",\"les\u00f5es\",\"Lu\u00eds Castro\",\"treino\",\"Vit\u00f3ria\"],\"articleSection\":[\"Desporto\",\"Futebol\"],\"inLanguage\":\"pt-PT\"},{\"@type\":\"WebPage\",\"@id\":\"https:\/\/portaltela.pt\/noticias\/2026\/03\/20\/brasileiros-destacam-licao-de-humanidade-de-luis-castro\/\",\"url\":\"https:\/\/portaltela.pt\/noticias\/2026\/03\/20\/brasileiros-destacam-licao-de-humanidade-de-luis-castro\/\",\"name\":\"Brasileiros destacam li\u00e7\u00e3o de humanidade de Lu\u00eds Castro - Portal Tela Portugal\",\"isPartOf\":{\"@id\":\"https:\/\/portaltela.pt\/#website\"},\"primaryImageOfPage\":{\"@id\":\"https:\/\/portaltela.pt\/noticias\/2026\/03\/20\/brasileiros-destacam-licao-de-humanidade-de-luis-castro\/#primaryimage\"},\"image\":{\"@id\":\"https:\/\/portaltela.pt\/noticias\/2026\/03\/20\/brasileiros-destacam-licao-de-humanidade-de-luis-castro\/#primaryimage\"},\"thumbnailUrl\":\"https:\/\/portaltela.pt\/s.01k8rhncp4jt1\/2026\/03\/img_1200x721uu2026-03-20-16-10-59-2428347.jpg\",\"datePublished\":\"2026-03-20T16:11:58+00:00\",\"author\":{\"@id\":\"https:\/\/portaltela.pt\/#\/schema\/person\/c4278d4a6028830caff9ee44b42d32ed\"},\"breadcrumb\":{\"@id\":\"https:\/\/portaltela.pt\/noticias\/2026\/03\/20\/brasileiros-destacam-licao-de-humanidade-de-luis-castro\/#breadcrumb\"},\"inLanguage\":\"pt-PT\",\"potentialAction\":[{\"@type\":\"ReadAction\",\"target\":[\"https:\/\/portaltela.pt\/noticias\/2026\/03\/20\/brasileiros-destacam-licao-de-humanidade-de-luis-castro\/\"]}]},{\"@type\":\"ImageObject\",\"inLanguage\":\"pt-PT\",\"@id\":\"https:\/\/portaltela.pt\/noticias\/2026\/03\/20\/brasileiros-destacam-licao-de-humanidade-de-luis-castro\/#primaryimage\",\"url\":\"https:\/\/portaltela.pt\/s.01k8rhncp4jt1\/2026\/03\/img_1200x721uu2026-03-20-16-10-59-2428347.jpg\",\"contentUrl\":\"https:\/\/portaltela.pt\/s.01k8rhncp4jt1\/2026\/03\/img_1200x721uu2026-03-20-16-10-59-2428347.jpg\",\"width\":796,\"height\":448,\"caption\":\"\u00abAntes de um futebolista, est\u00e1 um ser humano\u00bb: brasileiros destacam \\\"aula de humanidade\\\" de Lu\u00eds Castro\"},{\"@type\":\"BreadcrumbList\",\"@id\":\"https:\/\/portaltela.pt\/noticias\/2026\/03\/20\/brasileiros-destacam-licao-de-humanidade-de-luis-castro\/#breadcrumb\",\"itemListElement\":[{\"@type\":\"ListItem\",\"position\":1,\"name\":\"In\u00edcio\",\"item\":\"https:\/\/portaltela.pt\/\"},{\"@type\":\"ListItem\",\"position\":2,\"name\":\"Brasileiros destacam li\u00e7\u00e3o de humanidade de Lu\u00eds Castro\"}]},{\"@type\":\"WebSite\",\"@id\":\"https:\/\/portaltela.pt\/#website\",\"url\":\"https:\/\/portaltela.pt\/\",\"name\":\"Portal Tela Portugal\",\"description\":\"\",\"potentialAction\":[{\"@type\":\"SearchAction\",\"target\":{\"@type\":\"EntryPoint\",\"urlTemplate\":\"https:\/\/portaltela.pt\/?s={search_term_string}\"},\"query-input\":{\"@type\":\"PropertyValueSpecification\",\"valueRequired\":true,\"valueName\":\"search_term_string\"}}],\"inLanguage\":\"pt-PT\"},{\"@type\":\"Person\",\"@id\":\"https:\/\/portaltela.pt\/#\/schema\/person\/c4278d4a6028830caff9ee44b42d32ed\",\"name\":\"Telinha\",\"image\":{\"@type\":\"ImageObject\",\"inLanguage\":\"pt-PT\",\"@id\":\"https:\/\/portaltela.pt\/s.01k8rhncp4jt1\/2025\/11\/talking-bot-125x125.png\",\"url\":\"https:\/\/portaltela.pt\/s.01k8rhncp4jt1\/2025\/11\/talking-bot-125x125.png\",\"contentUrl\":\"https:\/\/portaltela.pt\/s.01k8rhncp4jt1\/2025\/11\/talking-bot-125x125.png\",\"caption\":\"Telinha\"},\"sameAs\":[\"https:\/\/portaltela.pt\/\"],\"url\":\"https:\/\/portaltela.pt\/por\/367410592786\/\"}]}<\/script>\n<!-- \/ Yoast SEO plugin. -->","yoast_head_json":{"title":"Brasileiros destacam li\u00e7\u00e3o de humanidade de Lu\u00eds Castro - Portal Tela Portugal","robots":{"index":"index","follow":"follow","max-snippet":"max-snippet:-1","max-image-preview":"max-image-preview:large","max-video-preview":"max-video-preview:-1"},"og_locale":"pt_PT","og_type":"article","og_title":"Brasileiros destacam li\u00e7\u00e3o de humanidade de Lu\u00eds Castro - Portal Tela Portugal","og_description":"Marlon sofreu uma les\u00e3o grave no jogo de ontem contra o Vit\u00f3ria, deixando Lu\u00eds Castro visivelmente abalado. O t\u00e9cnico portugu\u00eas deixou uma reflex\u00e3o que tem sido amplamente elogiada pela imprensa brasileira. A narrativa \u00e9 apresentada como uma \u201caula de humanidade\u201d, destacando a prioridade ao ser humano acima do papel de futebolista. A cobertura brasileira aponta a postura do treinador comme exemplo de sensibilidade e humanidade no desporto. N\u00e3o foram divulgados detalhes adicionais sobre o estado de Marlon ou desdobramentos imediatos do jogo.","og_url":"https:\/\/portaltela.pt\/noticias\/2026\/03\/20\/brasileiros-destacam-licao-de-humanidade-de-luis-castro\/","og_site_name":"Portal Tela Portugal","article_published_time":"2026-03-20T16:11:58+00:00","author":"Telinha","twitter_card":"summary_large_image","twitter_misc":{"Escrito por":"Telinha","Tempo estimado de leitura":"1 minuto"},"schema":{"@context":"https:\/\/schema.org","@graph":[{"@type":"Article","@id":"https:\/\/portaltela.pt\/noticias\/2026\/03\/20\/brasileiros-destacam-licao-de-humanidade-de-luis-castro\/#article","isPartOf":{"@id":"https:\/\/portaltela.pt\/noticias\/2026\/03\/20\/brasileiros-destacam-licao-de-humanidade-de-luis-castro\/"},"author":{"name":"Telinha","@id":"https:\/\/portaltela.pt\/#\/schema\/person\/c4278d4a6028830caff9ee44b42d32ed"},"headline":"Brasileiros destacam li\u00e7\u00e3o de humanidade de Lu\u00eds Castro","datePublished":"2026-03-20T16:11:58+00:00","mainEntityOfPage":{"@id":"https:\/\/portaltela.pt\/noticias\/2026\/03\/20\/brasileiros-destacam-licao-de-humanidade-de-luis-castro\/"},"wordCount":135,"image":{"@id":"https:\/\/portaltela.pt\/noticias\/2026\/03\/20\/brasileiros-destacam-licao-de-humanidade-de-luis-castro\/#primaryimage"},"thumbnailUrl":"https:\/\/portaltela.pt\/s.01k8rhncp4jt1\/2026\/03\/img_1200x721uu2026-03-20-16-10-59-2428347.jpg","keywords":["brasileiro","futebol","les\u00f5es","Lu\u00eds Castro","treino","Vit\u00f3ria"],"articleSection":["Desporto","Futebol"],"inLanguage":"pt-PT"},{"@type":"WebPage","@id":"https:\/\/portaltela.pt\/noticias\/2026\/03\/20\/brasileiros-destacam-licao-de-humanidade-de-luis-castro\/","url":"https:\/\/portaltela.pt\/noticias\/2026\/03\/20\/brasileiros-destacam-licao-de-humanidade-de-luis-castro\/","name":"Brasileiros destacam li\u00e7\u00e3o de humanidade de Lu\u00eds Castro - Portal Tela Portugal","isPartOf":{"@id":"https:\/\/portaltela.pt\/#website"},"primaryImageOfPage":{"@id":"https:\/\/portaltela.pt\/noticias\/2026\/03\/20\/brasileiros-destacam-licao-de-humanidade-de-luis-castro\/#primaryimage"},"image":{"@id":"https:\/\/portaltela.pt\/noticias\/2026\/03\/20\/brasileiros-destacam-licao-de-humanidade-de-luis-castro\/#primaryimage"},"thumbnailUrl":"https:\/\/portaltela.pt\/s.01k8rhncp4jt1\/2026\/03\/img_1200x721uu2026-03-20-16-10-59-2428347.jpg","datePublished":"2026-03-20T16:11:58+00:00","author":{"@id":"https:\/\/portaltela.pt\/#\/schema\/person\/c4278d4a6028830caff9ee44b42d32ed"},"breadcrumb":{"@id":"https:\/\/portaltela.pt\/noticias\/2026\/03\/20\/brasileiros-destacam-licao-de-humanidade-de-luis-castro\/#breadcrumb"},"inLanguage":"pt-PT","potentialAction":[{"@type":"ReadAction","target":["https:\/\/portaltela.pt\/noticias\/2026\/03\/20\/brasileiros-destacam-licao-de-humanidade-de-luis-castro\/"]}]},{"@type":"ImageObject","inLanguage":"pt-PT","@id":"https:\/\/portaltela.pt\/noticias\/2026\/03\/20\/brasileiros-destacam-licao-de-humanidade-de-luis-castro\/#primaryimage","url":"https:\/\/portaltela.pt\/s.01k8rhncp4jt1\/2026\/03\/img_1200x721uu2026-03-20-16-10-59-2428347.jpg","contentUrl":"https:\/\/portaltela.pt\/s.01k8rhncp4jt1\/2026\/03\/img_1200x721uu2026-03-20-16-10-59-2428347.jpg","width":796,"height":448,"caption":"\u00abAntes de um futebolista, est\u00e1 um ser humano\u00bb: brasileiros destacam \"aula de humanidade\" de Lu\u00eds Castro"},{"@type":"BreadcrumbList","@id":"https:\/\/portaltela.pt\/noticias\/2026\/03\/20\/brasileiros-destacam-licao-de-humanidade-de-luis-castro\/#breadcrumb","itemListElement":[{"@type":"ListItem","position":1,"name":"In\u00edcio","item":"https:\/\/portaltela.pt\/"},{"@type":"ListItem","position":2,"name":"Brasileiros destacam li\u00e7\u00e3o de humanidade de Lu\u00eds Castro"}]},{"@type":"WebSite","@id":"https:\/\/portaltela.pt\/#website","url":"https:\/\/portaltela.pt\/","name":"Portal Tela Portugal","description":"","potentialAction":[{"@type":"SearchAction","target":{"@type":"EntryPoint","urlTemplate":"https:\/\/portaltela.pt\/?s={search_term_string}"},"query-input":{"@type":"PropertyValueSpecification","valueRequired":true,"valueName":"search_term_string"}}],"inLanguage":"pt-PT"},{"@type":"Person","@id":"https:\/\/portaltela.pt\/#\/schema\/person\/c4278d4a6028830caff9ee44b42d32ed","name":"Telinha","image":{"@type":"ImageObject","inLanguage":"pt-PT","@id":"https:\/\/portaltela.pt\/s.01k8rhncp4jt1\/2025\/11\/talking-bot-125x125.png","url":"https:\/\/portaltela.pt\/s.01k8rhncp4jt1\/2025\/11\/talking-bot-125x125.png","contentUrl":"https:\/\/portaltela.pt\/s.01k8rhncp4jt1\/2025\/11\/talking-bot-125x125.png","caption":"Telinha"},"sameAs":["https:\/\/portaltela.pt\/"],"url":"https:\/\/portaltela.pt\/por\/367410592786\/"}]}},"_links":{"self":[{"href":"https:\/\/portaltela.pt\/api\/wp\/v2\/posts\/417607","targetHints":{"allow":["GET"]}}],"collection":[{"href":"https:\/\/portaltela.pt\/api\/wp\/v2\/posts"}],"about":[{"href":"https:\/\/portaltela.pt\/api\/wp\/v2\/types\/post"}],"author":[{"embeddable":true,"href":"https:\/\/portaltela.pt\/api\/wp\/v2\/users\/2"}],"replies":[{"embeddable":true,"href":"https:\/\/portaltela.pt\/api\/wp\/v2\/comments?post=417607"}],"version-history":[{"count":0,"href":"https:\/\/portaltela.pt\/api\/wp\/v2\/posts\/417607\/revisions"}],"wp:featuredmedia":[{"embeddable":true,"href":"https:\/\/portaltela.pt\/api\/wp\/v2\/media\/417610"}],"wp:attachment":[{"href":"https:\/\/portaltela.pt\/api\/wp\/v2\/media?parent=417607"}],"wp:term":[{"taxonomy":"category","embeddable":true,"href":"https:\/\/portaltela.pt\/api\/wp\/v2\/categories?post=417607"},{"taxonomy":"post_tag","embeddable":true,"href":"https:\/\/portaltela.pt\/api\/wp\/v2\/tags?post=417607"}],"curies":[{"name":"wp","href":"https:\/\/api.w.org\/{rel}","templated":true}]}}