{"id":417592,"date":"2026-03-20T12:50:00","date_gmt":"2026-03-20T15:50:00","guid":{"rendered":"https:\/\/portaltela.pt\/noticias\/2026\/03\/20\/febre-aftosa-agrava-se-na-europa-apelo-a-reforco-da-prevencao\/"},"modified":"2026-03-20T12:50:00","modified_gmt":"2026-03-20T15:50:00","slug":"febre-aftosa-agrava-se-na-europa-apelo-a-reforco-da-prevencao","status":"publish","type":"post","link":"https:\/\/portaltela.pt\/saude\/2026\/03\/20\/febre-aftosa-agrava-se-na-europa-apelo-a-reforco-da-prevencao\/","title":{"rendered":"Febre aftosa agrava-se na Europa; apelo a refor\u00e7o da preven\u00e7\u00e3o"},"content":{"rendered":"<p>A febre aftosa agravou-se na Europa, com novos focos identificados na Gr\u00e9cia e no Chipre. A DGAV pediu refor\u00e7ar as medidas preventivas junto de produtores, veterin\u00e1rios, transportadores e lojistas, para conter a propaga\u00e7\u00e3o.<\/p>\n<p>Em 15 de mar\u00e7o, foi confirmado um foco na ilha de Lesvos, Gr\u00e9cia, numa explora\u00e7\u00e3o de bovinos e ovinos com 288 animais. Foram aplicadas medidas de controlo, incluindo o abate dos animais afetados.<\/p>\n<p>Na Rep\u00fablica de Chipre, o primeiro foco surgiu na regi\u00e3o de Larnaka. At\u00e9 ao momento, j\u00e1 foram confirmados 42 focos e foi iniciada vacina\u00e7\u00e3o de emerg\u00eancia, associada a outras medidas de biosseguran\u00e7a.<\/p>\n<p>A situa\u00e7\u00e3o envolve ainda a Turquia, pa\u00eds lim\u00edtrofe \u00e0 UE, que representa um risco adicional, com a doen\u00e7a j\u00e1 presente em \u00c1frica, M\u00e9dio Oriente e \u00c1sia. Desde 2025, t\u00eam sido reportados casos em Ir\u00e3o, Iraque e L\u00edbano, entre outros.<\/p>\n<p>Diante deste cen\u00e1rio, a DGAV apelou a todos os intervenientes para refor\u00e7ar a limpeza e desinfe\u00e7\u00e3o de ve\u00edculos e embarca\u00e7\u00f5es que transportam animais, bem como a limpeza de superf\u00edcies de manuseio de alimentos usados na alimenta\u00e7\u00e3o animal.<\/p>\n<p>Tamb\u00e9m se declarou proibida a alimenta\u00e7\u00e3o de animais com restos de cozinha lavados e outros res\u00edduos alimentares, e recomendou a destrui\u00e7\u00e3o de subprodutos. Restos de comida acess\u00edveis a javalis devem ser eliminados.<\/p>\n<p>Qualquer ocorr\u00eancia ou suspeita de febre aftosa deve ser comunicada de imediato \u00e0 DGAV, para avalia\u00e7\u00e3o e eventuais medidas. A doen\u00e7a pode provocar diminui\u00e7\u00e3o da produ\u00e7\u00e3o de leite, perda de apetite, abortos ou morte s\u00fabita, com poss\u00edveis ves\u00edculas na boca, l\u00e1bios, tetas e cora\u00e7\u00e3o. N\u00e3o existe tratamento espec\u00edfico e a vacina\u00e7\u00e3o \u00e9 permitida apenas em situa\u00e7\u00f5es de emerg\u00eancia na UE.<\/p>\n","protected":false},"excerpt":{"rendered":"<ul>\n<li>A febre aftosa agravou-se na Europa, com novos focos na Gr\u00e9cia (ilha de Lesvos) em mar\u00e7o e no Chipre (regi\u00e3o de Larnaka); na Gr\u00e9cia houve abate de 288 animais.<\/li>\n<li>No Chipre j\u00e1 foram confirmados quarenta e dois focos e est\u00e1 em vigor vacina\u00e7\u00e3o de emerg\u00eancia; a Turquia, que faz fronteira com a UE, \u00e9 um fator de risco adicional.<\/li>\n<li>A DGAV (Dire\u00e7\u00e3o-Geral de Alimenta\u00e7\u00e3o e Veterin\u00e1ria) apelou ao refor\u00e7o das medidas preventivas em toda a cadeia agroalimentar e de transporte de animais.<\/li>\n<li>Medidas recomendadas incluem limpeza e desinfe\u00e7\u00e3o de ve\u00edculos e navios que transportam animais, proibi\u00e7\u00e3o de lavaduras e restos de cozinha, e destrui\u00e7\u00e3o de subprodutos de animais.<\/li>\n<li>Qualquer ocorr\u00eancia ou suspeita de febre aftosa deve ser comunicada \u00e0 DGAV; a doen\u00e7a pode provocar queda da produ\u00e7\u00e3o, diminui\u00e7\u00e3o do apetite,abortos, ou morte s\u00fabita, e n\u00e3o h\u00e1 tratamento; a vacina\u00e7\u00e3o na Uni\u00e3o Europeia \u00e9 proibida, exceto em situa\u00e7\u00e3o de emerg\u00eancia.<\/li>\n<\/ul>\n","protected":false},"author":2,"featured_media":417593,"comment_status":"closed","ping_status":"closed","sticky":false,"template":"","format":"standard","meta":{"footnotes":""},"categories":[7371,6745],"tags":[760,3771,61,5928,695,3499],"class_list":["post-417592","post","type-post","status-publish","format-standard","has-post-thumbnail","hentry","category-medicina","category-saude","tag-agroalimentar","tag-biosseguranca","tag-doencas","tag-emergencia","tag-fiscalizacao","tag-pecuaria"],"yoast_head":"<!-- This site is optimized with the Yoast SEO plugin v27.2 - https:\/\/yoast.com\/product\/yoast-seo-wordpress\/ -->\n<title>Febre aftosa agrava-se na Europa; apelo a refor\u00e7o da preven\u00e7\u00e3o - Portal Tela Portugal<\/title>\n<meta name=\"robots\" content=\"index, follow, max-snippet:-1, max-image-preview:large, max-video-preview:-1\" \/>\n<meta property=\"og:locale\" content=\"pt_PT\" \/>\n<meta property=\"og:type\" content=\"article\" \/>\n<meta property=\"og:title\" content=\"Febre aftosa agrava-se na Europa; apelo a refor\u00e7o da preven\u00e7\u00e3o - Portal Tela Portugal\" \/>\n<meta property=\"og:description\" content=\"A febre aftosa agravou-se na Europa, com novos focos na Gr\u00e9cia (ilha de Lesvos) em mar\u00e7o e no Chipre (regi\u00e3o de Larnaka); na Gr\u00e9cia houve abate de 288 animais. No Chipre j\u00e1 foram confirmados quarenta e dois focos e est\u00e1 em vigor vacina\u00e7\u00e3o de emerg\u00eancia; a Turquia, que faz fronteira com a UE, \u00e9 um fator de risco adicional. A DGAV (Dire\u00e7\u00e3o-Geral de Alimenta\u00e7\u00e3o e Veterin\u00e1ria) apelou ao refor\u00e7o das medidas preventivas em toda a cadeia agroalimentar e de transporte de animais. Medidas recomendadas incluem limpeza e desinfe\u00e7\u00e3o de ve\u00edculos e navios que transportam animais, proibi\u00e7\u00e3o de lavaduras e restos de cozinha, e destrui\u00e7\u00e3o de subprodutos de animais. Qualquer ocorr\u00eancia ou suspeita de febre aftosa deve ser comunicada \u00e0 DGAV; a doen\u00e7a pode provocar queda da produ\u00e7\u00e3o, diminui\u00e7\u00e3o do apetite,abortos, ou morte s\u00fabita, e n\u00e3o h\u00e1 tratamento; a vacina\u00e7\u00e3o na Uni\u00e3o Europeia \u00e9 proibida, exceto em situa\u00e7\u00e3o de emerg\u00eancia.\" \/>\n<meta property=\"og:url\" content=\"https:\/\/portaltela.pt\/noticias\/2026\/03\/20\/febre-aftosa-agrava-se-na-europa-apelo-a-reforco-da-prevencao\/\" \/>\n<meta property=\"og:site_name\" content=\"Portal Tela Portugal\" \/>\n<meta property=\"article:published_time\" content=\"2026-03-20T15:50:00+00:00\" \/>\n<meta name=\"author\" content=\"Telinha\" \/>\n<meta name=\"twitter:card\" content=\"summary_large_image\" \/>\n<meta name=\"twitter:label1\" content=\"Escrito por\" \/>\n\t<meta name=\"twitter:data1\" content=\"Telinha\" \/>\n\t<meta name=\"twitter:label2\" content=\"Tempo estimado de leitura\" \/>\n\t<meta name=\"twitter:data2\" content=\"2 minutos\" \/>\n<script type=\"application\/ld+json\" class=\"yoast-schema-graph\">{\"@context\":\"https:\/\/schema.org\",\"@graph\":[{\"@type\":\"Article\",\"@id\":\"https:\/\/portaltela.pt\/noticias\/2026\/03\/20\/febre-aftosa-agrava-se-na-europa-apelo-a-reforco-da-prevencao\/#article\",\"isPartOf\":{\"@id\":\"https:\/\/portaltela.pt\/noticias\/2026\/03\/20\/febre-aftosa-agrava-se-na-europa-apelo-a-reforco-da-prevencao\/\"},\"author\":{\"name\":\"Telinha\",\"@id\":\"https:\/\/portaltela.pt\/#\/schema\/person\/c4278d4a6028830caff9ee44b42d32ed\"},\"headline\":\"Febre aftosa agrava-se na Europa; apelo a refor\u00e7o da preven\u00e7\u00e3o\",\"datePublished\":\"2026-03-20T15:50:00+00:00\",\"mainEntityOfPage\":{\"@id\":\"https:\/\/portaltela.pt\/noticias\/2026\/03\/20\/febre-aftosa-agrava-se-na-europa-apelo-a-reforco-da-prevencao\/\"},\"wordCount\":318,\"image\":{\"@id\":\"https:\/\/portaltela.pt\/noticias\/2026\/03\/20\/febre-aftosa-agrava-se-na-europa-apelo-a-reforco-da-prevencao\/#primaryimage\"},\"thumbnailUrl\":\"https:\/\/portaltela.pt\/s.01k8rhncp4jt1\/2026\/03\/image-1359.jpg\",\"keywords\":[\"agroalimentar\",\"biosseguran\u00e7a\",\"doen\u00e7as\",\"emerg\u00eancia\",\"fiscaliza\u00e7\u00e3o\",\"pecu\u00e1ria\"],\"articleSection\":[\"Medicina\",\"Sa\u00fade\"],\"inLanguage\":\"pt-PT\"},{\"@type\":\"WebPage\",\"@id\":\"https:\/\/portaltela.pt\/noticias\/2026\/03\/20\/febre-aftosa-agrava-se-na-europa-apelo-a-reforco-da-prevencao\/\",\"url\":\"https:\/\/portaltela.pt\/noticias\/2026\/03\/20\/febre-aftosa-agrava-se-na-europa-apelo-a-reforco-da-prevencao\/\",\"name\":\"Febre aftosa agrava-se na Europa; apelo a refor\u00e7o da preven\u00e7\u00e3o - Portal Tela Portugal\",\"isPartOf\":{\"@id\":\"https:\/\/portaltela.pt\/#website\"},\"primaryImageOfPage\":{\"@id\":\"https:\/\/portaltela.pt\/noticias\/2026\/03\/20\/febre-aftosa-agrava-se-na-europa-apelo-a-reforco-da-prevencao\/#primaryimage\"},\"image\":{\"@id\":\"https:\/\/portaltela.pt\/noticias\/2026\/03\/20\/febre-aftosa-agrava-se-na-europa-apelo-a-reforco-da-prevencao\/#primaryimage\"},\"thumbnailUrl\":\"https:\/\/portaltela.pt\/s.01k8rhncp4jt1\/2026\/03\/image-1359.jpg\",\"datePublished\":\"2026-03-20T15:50:00+00:00\",\"author\":{\"@id\":\"https:\/\/portaltela.pt\/#\/schema\/person\/c4278d4a6028830caff9ee44b42d32ed\"},\"breadcrumb\":{\"@id\":\"https:\/\/portaltela.pt\/noticias\/2026\/03\/20\/febre-aftosa-agrava-se-na-europa-apelo-a-reforco-da-prevencao\/#breadcrumb\"},\"inLanguage\":\"pt-PT\",\"potentialAction\":[{\"@type\":\"ReadAction\",\"target\":[\"https:\/\/portaltela.pt\/noticias\/2026\/03\/20\/febre-aftosa-agrava-se-na-europa-apelo-a-reforco-da-prevencao\/\"]}]},{\"@type\":\"ImageObject\",\"inLanguage\":\"pt-PT\",\"@id\":\"https:\/\/portaltela.pt\/noticias\/2026\/03\/20\/febre-aftosa-agrava-se-na-europa-apelo-a-reforco-da-prevencao\/#primaryimage\",\"url\":\"https:\/\/portaltela.pt\/s.01k8rhncp4jt1\/2026\/03\/image-1359.jpg\",\"contentUrl\":\"https:\/\/portaltela.pt\/s.01k8rhncp4jt1\/2026\/03\/image-1359.jpg\",\"width\":796,\"height\":448,\"caption\":\"Febre aftosa afeta bovinos, ovinos, caprinos e su\u00ednos\"},{\"@type\":\"BreadcrumbList\",\"@id\":\"https:\/\/portaltela.pt\/noticias\/2026\/03\/20\/febre-aftosa-agrava-se-na-europa-apelo-a-reforco-da-prevencao\/#breadcrumb\",\"itemListElement\":[{\"@type\":\"ListItem\",\"position\":1,\"name\":\"In\u00edcio\",\"item\":\"https:\/\/portaltela.pt\/\"},{\"@type\":\"ListItem\",\"position\":2,\"name\":\"Febre aftosa agrava-se na Europa; apelo a refor\u00e7o da preven\u00e7\u00e3o\"}]},{\"@type\":\"WebSite\",\"@id\":\"https:\/\/portaltela.pt\/#website\",\"url\":\"https:\/\/portaltela.pt\/\",\"name\":\"Portal Tela Portugal\",\"description\":\"\",\"potentialAction\":[{\"@type\":\"SearchAction\",\"target\":{\"@type\":\"EntryPoint\",\"urlTemplate\":\"https:\/\/portaltela.pt\/?s={search_term_string}\"},\"query-input\":{\"@type\":\"PropertyValueSpecification\",\"valueRequired\":true,\"valueName\":\"search_term_string\"}}],\"inLanguage\":\"pt-PT\"},{\"@type\":\"Person\",\"@id\":\"https:\/\/portaltela.pt\/#\/schema\/person\/c4278d4a6028830caff9ee44b42d32ed\",\"name\":\"Telinha\",\"image\":{\"@type\":\"ImageObject\",\"inLanguage\":\"pt-PT\",\"@id\":\"https:\/\/portaltela.pt\/s.01k8rhncp4jt1\/2025\/11\/talking-bot-125x125.png\",\"url\":\"https:\/\/portaltela.pt\/s.01k8rhncp4jt1\/2025\/11\/talking-bot-125x125.png\",\"contentUrl\":\"https:\/\/portaltela.pt\/s.01k8rhncp4jt1\/2025\/11\/talking-bot-125x125.png\",\"caption\":\"Telinha\"},\"sameAs\":[\"https:\/\/portaltela.pt\/\"],\"url\":\"https:\/\/portaltela.pt\/por\/367410592786\/\"}]}<\/script>\n<!-- \/ Yoast SEO plugin. -->","yoast_head_json":{"title":"Febre aftosa agrava-se na Europa; apelo a refor\u00e7o da preven\u00e7\u00e3o - Portal Tela Portugal","robots":{"index":"index","follow":"follow","max-snippet":"max-snippet:-1","max-image-preview":"max-image-preview:large","max-video-preview":"max-video-preview:-1"},"og_locale":"pt_PT","og_type":"article","og_title":"Febre aftosa agrava-se na Europa; apelo a refor\u00e7o da preven\u00e7\u00e3o - Portal Tela Portugal","og_description":"A febre aftosa agravou-se na Europa, com novos focos na Gr\u00e9cia (ilha de Lesvos) em mar\u00e7o e no Chipre (regi\u00e3o de Larnaka); na Gr\u00e9cia houve abate de 288 animais. No Chipre j\u00e1 foram confirmados quarenta e dois focos e est\u00e1 em vigor vacina\u00e7\u00e3o de emerg\u00eancia; a Turquia, que faz fronteira com a UE, \u00e9 um fator de risco adicional. A DGAV (Dire\u00e7\u00e3o-Geral de Alimenta\u00e7\u00e3o e Veterin\u00e1ria) apelou ao refor\u00e7o das medidas preventivas em toda a cadeia agroalimentar e de transporte de animais. Medidas recomendadas incluem limpeza e desinfe\u00e7\u00e3o de ve\u00edculos e navios que transportam animais, proibi\u00e7\u00e3o de lavaduras e restos de cozinha, e destrui\u00e7\u00e3o de subprodutos de animais. Qualquer ocorr\u00eancia ou suspeita de febre aftosa deve ser comunicada \u00e0 DGAV; a doen\u00e7a pode provocar queda da produ\u00e7\u00e3o, diminui\u00e7\u00e3o do apetite,abortos, ou morte s\u00fabita, e n\u00e3o h\u00e1 tratamento; a vacina\u00e7\u00e3o na Uni\u00e3o Europeia \u00e9 proibida, exceto em situa\u00e7\u00e3o de emerg\u00eancia.","og_url":"https:\/\/portaltela.pt\/noticias\/2026\/03\/20\/febre-aftosa-agrava-se-na-europa-apelo-a-reforco-da-prevencao\/","og_site_name":"Portal Tela Portugal","article_published_time":"2026-03-20T15:50:00+00:00","author":"Telinha","twitter_card":"summary_large_image","twitter_misc":{"Escrito por":"Telinha","Tempo estimado de leitura":"2 minutos"},"schema":{"@context":"https:\/\/schema.org","@graph":[{"@type":"Article","@id":"https:\/\/portaltela.pt\/noticias\/2026\/03\/20\/febre-aftosa-agrava-se-na-europa-apelo-a-reforco-da-prevencao\/#article","isPartOf":{"@id":"https:\/\/portaltela.pt\/noticias\/2026\/03\/20\/febre-aftosa-agrava-se-na-europa-apelo-a-reforco-da-prevencao\/"},"author":{"name":"Telinha","@id":"https:\/\/portaltela.pt\/#\/schema\/person\/c4278d4a6028830caff9ee44b42d32ed"},"headline":"Febre aftosa agrava-se na Europa; apelo a refor\u00e7o da preven\u00e7\u00e3o","datePublished":"2026-03-20T15:50:00+00:00","mainEntityOfPage":{"@id":"https:\/\/portaltela.pt\/noticias\/2026\/03\/20\/febre-aftosa-agrava-se-na-europa-apelo-a-reforco-da-prevencao\/"},"wordCount":318,"image":{"@id":"https:\/\/portaltela.pt\/noticias\/2026\/03\/20\/febre-aftosa-agrava-se-na-europa-apelo-a-reforco-da-prevencao\/#primaryimage"},"thumbnailUrl":"https:\/\/portaltela.pt\/s.01k8rhncp4jt1\/2026\/03\/image-1359.jpg","keywords":["agroalimentar","biosseguran\u00e7a","doen\u00e7as","emerg\u00eancia","fiscaliza\u00e7\u00e3o","pecu\u00e1ria"],"articleSection":["Medicina","Sa\u00fade"],"inLanguage":"pt-PT"},{"@type":"WebPage","@id":"https:\/\/portaltela.pt\/noticias\/2026\/03\/20\/febre-aftosa-agrava-se-na-europa-apelo-a-reforco-da-prevencao\/","url":"https:\/\/portaltela.pt\/noticias\/2026\/03\/20\/febre-aftosa-agrava-se-na-europa-apelo-a-reforco-da-prevencao\/","name":"Febre aftosa agrava-se na Europa; apelo a refor\u00e7o da preven\u00e7\u00e3o - Portal Tela Portugal","isPartOf":{"@id":"https:\/\/portaltela.pt\/#website"},"primaryImageOfPage":{"@id":"https:\/\/portaltela.pt\/noticias\/2026\/03\/20\/febre-aftosa-agrava-se-na-europa-apelo-a-reforco-da-prevencao\/#primaryimage"},"image":{"@id":"https:\/\/portaltela.pt\/noticias\/2026\/03\/20\/febre-aftosa-agrava-se-na-europa-apelo-a-reforco-da-prevencao\/#primaryimage"},"thumbnailUrl":"https:\/\/portaltela.pt\/s.01k8rhncp4jt1\/2026\/03\/image-1359.jpg","datePublished":"2026-03-20T15:50:00+00:00","author":{"@id":"https:\/\/portaltela.pt\/#\/schema\/person\/c4278d4a6028830caff9ee44b42d32ed"},"breadcrumb":{"@id":"https:\/\/portaltela.pt\/noticias\/2026\/03\/20\/febre-aftosa-agrava-se-na-europa-apelo-a-reforco-da-prevencao\/#breadcrumb"},"inLanguage":"pt-PT","potentialAction":[{"@type":"ReadAction","target":["https:\/\/portaltela.pt\/noticias\/2026\/03\/20\/febre-aftosa-agrava-se-na-europa-apelo-a-reforco-da-prevencao\/"]}]},{"@type":"ImageObject","inLanguage":"pt-PT","@id":"https:\/\/portaltela.pt\/noticias\/2026\/03\/20\/febre-aftosa-agrava-se-na-europa-apelo-a-reforco-da-prevencao\/#primaryimage","url":"https:\/\/portaltela.pt\/s.01k8rhncp4jt1\/2026\/03\/image-1359.jpg","contentUrl":"https:\/\/portaltela.pt\/s.01k8rhncp4jt1\/2026\/03\/image-1359.jpg","width":796,"height":448,"caption":"Febre aftosa afeta bovinos, ovinos, caprinos e su\u00ednos"},{"@type":"BreadcrumbList","@id":"https:\/\/portaltela.pt\/noticias\/2026\/03\/20\/febre-aftosa-agrava-se-na-europa-apelo-a-reforco-da-prevencao\/#breadcrumb","itemListElement":[{"@type":"ListItem","position":1,"name":"In\u00edcio","item":"https:\/\/portaltela.pt\/"},{"@type":"ListItem","position":2,"name":"Febre aftosa agrava-se na Europa; apelo a refor\u00e7o da preven\u00e7\u00e3o"}]},{"@type":"WebSite","@id":"https:\/\/portaltela.pt\/#website","url":"https:\/\/portaltela.pt\/","name":"Portal Tela Portugal","description":"","potentialAction":[{"@type":"SearchAction","target":{"@type":"EntryPoint","urlTemplate":"https:\/\/portaltela.pt\/?s={search_term_string}"},"query-input":{"@type":"PropertyValueSpecification","valueRequired":true,"valueName":"search_term_string"}}],"inLanguage":"pt-PT"},{"@type":"Person","@id":"https:\/\/portaltela.pt\/#\/schema\/person\/c4278d4a6028830caff9ee44b42d32ed","name":"Telinha","image":{"@type":"ImageObject","inLanguage":"pt-PT","@id":"https:\/\/portaltela.pt\/s.01k8rhncp4jt1\/2025\/11\/talking-bot-125x125.png","url":"https:\/\/portaltela.pt\/s.01k8rhncp4jt1\/2025\/11\/talking-bot-125x125.png","contentUrl":"https:\/\/portaltela.pt\/s.01k8rhncp4jt1\/2025\/11\/talking-bot-125x125.png","caption":"Telinha"},"sameAs":["https:\/\/portaltela.pt\/"],"url":"https:\/\/portaltela.pt\/por\/367410592786\/"}]}},"_links":{"self":[{"href":"https:\/\/portaltela.pt\/api\/wp\/v2\/posts\/417592","targetHints":{"allow":["GET"]}}],"collection":[{"href":"https:\/\/portaltela.pt\/api\/wp\/v2\/posts"}],"about":[{"href":"https:\/\/portaltela.pt\/api\/wp\/v2\/types\/post"}],"author":[{"embeddable":true,"href":"https:\/\/portaltela.pt\/api\/wp\/v2\/users\/2"}],"replies":[{"embeddable":true,"href":"https:\/\/portaltela.pt\/api\/wp\/v2\/comments?post=417592"}],"version-history":[{"count":0,"href":"https:\/\/portaltela.pt\/api\/wp\/v2\/posts\/417592\/revisions"}],"wp:featuredmedia":[{"embeddable":true,"href":"https:\/\/portaltela.pt\/api\/wp\/v2\/media\/417593"}],"wp:attachment":[{"href":"https:\/\/portaltela.pt\/api\/wp\/v2\/media?parent=417592"}],"wp:term":[{"taxonomy":"category","embeddable":true,"href":"https:\/\/portaltela.pt\/api\/wp\/v2\/categories?post=417592"},{"taxonomy":"post_tag","embeddable":true,"href":"https:\/\/portaltela.pt\/api\/wp\/v2\/tags?post=417592"}],"curies":[{"name":"wp","href":"https:\/\/api.w.org\/{rel}","templated":true}]}}