{"id":417589,"date":"2026-03-20T12:49:00","date_gmt":"2026-03-20T15:49:00","guid":{"rendered":"https:\/\/portaltela.pt\/noticias\/2026\/03\/20\/tres-veiculos-ardem-num-armazem-de-lenha\/"},"modified":"2026-03-20T12:49:00","modified_gmt":"2026-03-20T15:49:00","slug":"tres-veiculos-ardem-num-armazem-de-lenha","status":"publish","type":"post","link":"https:\/\/portaltela.pt\/noticias\/2026\/03\/20\/tres-veiculos-ardem-num-armazem-de-lenha\/","title":{"rendered":"Tr\u00eas ve\u00edculos ardem num armaz\u00e9m de lenha"},"content":{"rendered":"<p>As chamas consumiram um armaz\u00e9m de lenha na rua de S. Jo\u00e3o, Nine, Vila Nova de Famalic\u00e3o. O incidente ocorreu \u00e0s 11h15 desta sexta-feira, com v\u00e1rias explos\u00f5es ouvidas no local. Tr\u00eas viaturas ficaram a arder, assim como v\u00e1rios bid\u00f5es de \u00f3leo.<\/p>\n<p>No local, estiveram 28 operacionais dos Bombeiros Famalicenses a combater o fogo. Ao chegar, parte do edif\u00edcio j\u00e1 estava tomada pelas chamas, dificultando as opera\u00e7\u00f5es e exigindo arrefecimento de zonas sens\u00edveis.<\/p>\n<p>O inc\u00eandio ocorreu num armaz\u00e9m que continha lenha, com fogo a consumir um carro, uma carrinha e um trator estacionados no pavilh\u00e3o. Os trabalhadores tentaram salvar o trator ao chega\u200br ao local, mas este j\u00e1 apresentava danos graves.<\/p>\n<h3>Interven\u00e7\u00e3o e danos<\/h3>\n<p>Os bombeiros evitaram que as chamas atingissem o dep\u00f3sito de gas\u00f3leo existente no local, mantendo o foco no arrefecimento e na conten\u00e7\u00e3o do fogo. O pavilh\u00e3o ficou com destrui\u00e7\u00e3o parcial e quase total.<\/p>\n<p>Apesar da gravidade, n\u00e3o houve feridos. Um c\u00e3o da ra\u00e7a S\u00e3o Bernardo foi resgatado pelo Centro de Resgate Animal de Famalic\u00e3o, que passava no momento. A GNR registou a ocorr\u00eancia e acompanha o processo.<\/p>\n<h3>Situa\u00e7\u00e3o e registo<\/h3>\n<p>A opera\u00e7\u00e3o envolveu v\u00e1rias viaturas e o apoio de equipas de resgate, com a prioridade a salvaguardar estruturas lim\u00edtrofes e evitar alastramento. O estado exacto das estruturas ser\u00e1 alvo de avalia\u00e7\u00e3o t\u00e9cnica.<\/p>\n","protected":false},"excerpt":{"rendered":"<ul>\n<li>O inc\u00eandio ocorreu \u00e0s 11h15 de sexta-feira no armaz\u00e9m de lenha na rua de S. Jo\u00e3o, Nine, Vila Nova de Famalic\u00e3o, que ficou destru\u00eddo pelas chamas.<\/li>\n<li>Em a\u00e7\u00e3o estiveram 28 operacionais dos bombeiros, com tr\u00eas viaturas, que enfrentaram fogo intenso no edif\u00edcio.<\/li>\n<li>Tr\u00eas viaturas arderam, assim como muitos bid\u00f5es de \u00f3leo; foi feito arrefecimento da zona para evitar que as chamas atingissem o dep\u00f3sito de gas\u00f3leo.<\/li>\n<li>Trabalhadores presentes no monte tentaram salvar o trator, que j\u00e1 estava em chamas quando chegaram ao local.<\/li>\n<li>N\u00e3o houve feridos; um c\u00e3o de ra\u00e7a S\u00e3o Bernardo foi resgatado pela equipa do Centro de Resgate Animal de Famalic\u00e3o, e a GNR registou a ocorr\u00eancia.<\/li>\n<\/ul>\n","protected":false},"author":2,"featured_media":417590,"comment_status":"closed","ping_status":"closed","sticky":false,"template":"","format":"standard","meta":{"footnotes":""},"categories":[6849,1],"tags":[3091,3765,971,1396,1438],"class_list":["post-417589","post","type-post","status-publish","format-standard","has-post-thumbnail","hentry","category-acidentes","category-noticias","tag-animais","tag-armazens","tag-bombeiros","tag-famalicao","tag-incendio"],"yoast_head":"<!-- This site is optimized with the Yoast SEO plugin v27.2 - https:\/\/yoast.com\/product\/yoast-seo-wordpress\/ -->\n<title>Tr\u00eas ve\u00edculos ardem num armaz\u00e9m de lenha - Portal Tela Portugal<\/title>\n<meta name=\"robots\" content=\"index, follow, max-snippet:-1, max-image-preview:large, max-video-preview:-1\" \/>\n<meta property=\"og:locale\" content=\"pt_PT\" \/>\n<meta property=\"og:type\" content=\"article\" \/>\n<meta property=\"og:title\" content=\"Tr\u00eas ve\u00edculos ardem num armaz\u00e9m de lenha - Portal Tela Portugal\" \/>\n<meta property=\"og:description\" content=\"O inc\u00eandio ocorreu \u00e0s 11h15 de sexta-feira no armaz\u00e9m de lenha na rua de S. Jo\u00e3o, Nine, Vila Nova de Famalic\u00e3o, que ficou destru\u00eddo pelas chamas. Em a\u00e7\u00e3o estiveram 28 operacionais dos bombeiros, com tr\u00eas viaturas, que enfrentaram fogo intenso no edif\u00edcio. Tr\u00eas viaturas arderam, assim como muitos bid\u00f5es de \u00f3leo; foi feito arrefecimento da zona para evitar que as chamas atingissem o dep\u00f3sito de gas\u00f3leo. Trabalhadores presentes no monte tentaram salvar o trator, que j\u00e1 estava em chamas quando chegaram ao local. N\u00e3o houve feridos; um c\u00e3o de ra\u00e7a S\u00e3o Bernardo foi resgatado pela equipa do Centro de Resgate Animal de Famalic\u00e3o, e a GNR registou a ocorr\u00eancia.\" \/>\n<meta property=\"og:url\" content=\"https:\/\/portaltela.pt\/noticias\/2026\/03\/20\/tres-veiculos-ardem-num-armazem-de-lenha\/\" \/>\n<meta property=\"og:site_name\" content=\"Portal Tela Portugal\" \/>\n<meta property=\"article:published_time\" content=\"2026-03-20T15:49:00+00:00\" \/>\n<meta name=\"author\" content=\"Telinha\" \/>\n<meta name=\"twitter:card\" content=\"summary_large_image\" \/>\n<meta name=\"twitter:label1\" content=\"Escrito por\" \/>\n\t<meta name=\"twitter:data1\" content=\"Telinha\" \/>\n\t<meta name=\"twitter:label2\" content=\"Tempo estimado de leitura\" \/>\n\t<meta name=\"twitter:data2\" content=\"1 minuto\" \/>\n<script type=\"application\/ld+json\" class=\"yoast-schema-graph\">{\"@context\":\"https:\/\/schema.org\",\"@graph\":[{\"@type\":\"Article\",\"@id\":\"https:\/\/portaltela.pt\/noticias\/2026\/03\/20\/tres-veiculos-ardem-num-armazem-de-lenha\/#article\",\"isPartOf\":{\"@id\":\"https:\/\/portaltela.pt\/noticias\/2026\/03\/20\/tres-veiculos-ardem-num-armazem-de-lenha\/\"},\"author\":{\"name\":\"Telinha\",\"@id\":\"https:\/\/portaltela.pt\/#\/schema\/person\/c4278d4a6028830caff9ee44b42d32ed\"},\"headline\":\"Tr\u00eas ve\u00edculos ardem num armaz\u00e9m de lenha\",\"datePublished\":\"2026-03-20T15:49:00+00:00\",\"mainEntityOfPage\":{\"@id\":\"https:\/\/portaltela.pt\/noticias\/2026\/03\/20\/tres-veiculos-ardem-num-armazem-de-lenha\/\"},\"wordCount\":257,\"image\":{\"@id\":\"https:\/\/portaltela.pt\/noticias\/2026\/03\/20\/tres-veiculos-ardem-num-armazem-de-lenha\/#primaryimage\"},\"thumbnailUrl\":\"https:\/\/portaltela.pt\/s.01k8rhncp4jt1\/2026\/03\/img_1280x721uu2026-03-20-15-52-00-2273703.jpg\",\"keywords\":[\"animais\",\"armaz\u00e9ns\",\"bombeiros\",\"Famalic\u00e3o\",\"inc\u00eandio\"],\"articleSection\":[\"Acidentes\",\"Not\u00edcias\"],\"inLanguage\":\"pt-PT\"},{\"@type\":\"WebPage\",\"@id\":\"https:\/\/portaltela.pt\/noticias\/2026\/03\/20\/tres-veiculos-ardem-num-armazem-de-lenha\/\",\"url\":\"https:\/\/portaltela.pt\/noticias\/2026\/03\/20\/tres-veiculos-ardem-num-armazem-de-lenha\/\",\"name\":\"Tr\u00eas ve\u00edculos ardem num armaz\u00e9m de lenha - Portal Tela Portugal\",\"isPartOf\":{\"@id\":\"https:\/\/portaltela.pt\/#website\"},\"primaryImageOfPage\":{\"@id\":\"https:\/\/portaltela.pt\/noticias\/2026\/03\/20\/tres-veiculos-ardem-num-armazem-de-lenha\/#primaryimage\"},\"image\":{\"@id\":\"https:\/\/portaltela.pt\/noticias\/2026\/03\/20\/tres-veiculos-ardem-num-armazem-de-lenha\/#primaryimage\"},\"thumbnailUrl\":\"https:\/\/portaltela.pt\/s.01k8rhncp4jt1\/2026\/03\/img_1280x721uu2026-03-20-15-52-00-2273703.jpg\",\"datePublished\":\"2026-03-20T15:49:00+00:00\",\"author\":{\"@id\":\"https:\/\/portaltela.pt\/#\/schema\/person\/c4278d4a6028830caff9ee44b42d32ed\"},\"breadcrumb\":{\"@id\":\"https:\/\/portaltela.pt\/noticias\/2026\/03\/20\/tres-veiculos-ardem-num-armazem-de-lenha\/#breadcrumb\"},\"inLanguage\":\"pt-PT\",\"potentialAction\":[{\"@type\":\"ReadAction\",\"target\":[\"https:\/\/portaltela.pt\/noticias\/2026\/03\/20\/tres-veiculos-ardem-num-armazem-de-lenha\/\"]}]},{\"@type\":\"ImageObject\",\"inLanguage\":\"pt-PT\",\"@id\":\"https:\/\/portaltela.pt\/noticias\/2026\/03\/20\/tres-veiculos-ardem-num-armazem-de-lenha\/#primaryimage\",\"url\":\"https:\/\/portaltela.pt\/s.01k8rhncp4jt1\/2026\/03\/img_1280x721uu2026-03-20-15-52-00-2273703.jpg\",\"contentUrl\":\"https:\/\/portaltela.pt\/s.01k8rhncp4jt1\/2026\/03\/img_1280x721uu2026-03-20-15-52-00-2273703.jpg\",\"width\":796,\"height\":448,\"caption\":\"Tr\u00eas ve\u00edculos ardem em inc\u00eandio num armaz\u00e9m de lenha\"},{\"@type\":\"BreadcrumbList\",\"@id\":\"https:\/\/portaltela.pt\/noticias\/2026\/03\/20\/tres-veiculos-ardem-num-armazem-de-lenha\/#breadcrumb\",\"itemListElement\":[{\"@type\":\"ListItem\",\"position\":1,\"name\":\"In\u00edcio\",\"item\":\"https:\/\/portaltela.pt\/\"},{\"@type\":\"ListItem\",\"position\":2,\"name\":\"Tr\u00eas ve\u00edculos ardem num armaz\u00e9m de lenha\"}]},{\"@type\":\"WebSite\",\"@id\":\"https:\/\/portaltela.pt\/#website\",\"url\":\"https:\/\/portaltela.pt\/\",\"name\":\"Portal Tela Portugal\",\"description\":\"\",\"potentialAction\":[{\"@type\":\"SearchAction\",\"target\":{\"@type\":\"EntryPoint\",\"urlTemplate\":\"https:\/\/portaltela.pt\/?s={search_term_string}\"},\"query-input\":{\"@type\":\"PropertyValueSpecification\",\"valueRequired\":true,\"valueName\":\"search_term_string\"}}],\"inLanguage\":\"pt-PT\"},{\"@type\":\"Person\",\"@id\":\"https:\/\/portaltela.pt\/#\/schema\/person\/c4278d4a6028830caff9ee44b42d32ed\",\"name\":\"Telinha\",\"image\":{\"@type\":\"ImageObject\",\"inLanguage\":\"pt-PT\",\"@id\":\"https:\/\/portaltela.pt\/s.01k8rhncp4jt1\/2025\/11\/talking-bot-125x125.png\",\"url\":\"https:\/\/portaltela.pt\/s.01k8rhncp4jt1\/2025\/11\/talking-bot-125x125.png\",\"contentUrl\":\"https:\/\/portaltela.pt\/s.01k8rhncp4jt1\/2025\/11\/talking-bot-125x125.png\",\"caption\":\"Telinha\"},\"sameAs\":[\"https:\/\/portaltela.pt\/\"],\"url\":\"https:\/\/portaltela.pt\/por\/367410592786\/\"}]}<\/script>\n<!-- \/ Yoast SEO plugin. -->","yoast_head_json":{"title":"Tr\u00eas ve\u00edculos ardem num armaz\u00e9m de lenha - Portal Tela Portugal","robots":{"index":"index","follow":"follow","max-snippet":"max-snippet:-1","max-image-preview":"max-image-preview:large","max-video-preview":"max-video-preview:-1"},"og_locale":"pt_PT","og_type":"article","og_title":"Tr\u00eas ve\u00edculos ardem num armaz\u00e9m de lenha - Portal Tela Portugal","og_description":"O inc\u00eandio ocorreu \u00e0s 11h15 de sexta-feira no armaz\u00e9m de lenha na rua de S. Jo\u00e3o, Nine, Vila Nova de Famalic\u00e3o, que ficou destru\u00eddo pelas chamas. Em a\u00e7\u00e3o estiveram 28 operacionais dos bombeiros, com tr\u00eas viaturas, que enfrentaram fogo intenso no edif\u00edcio. Tr\u00eas viaturas arderam, assim como muitos bid\u00f5es de \u00f3leo; foi feito arrefecimento da zona para evitar que as chamas atingissem o dep\u00f3sito de gas\u00f3leo. Trabalhadores presentes no monte tentaram salvar o trator, que j\u00e1 estava em chamas quando chegaram ao local. N\u00e3o houve feridos; um c\u00e3o de ra\u00e7a S\u00e3o Bernardo foi resgatado pela equipa do Centro de Resgate Animal de Famalic\u00e3o, e a GNR registou a ocorr\u00eancia.","og_url":"https:\/\/portaltela.pt\/noticias\/2026\/03\/20\/tres-veiculos-ardem-num-armazem-de-lenha\/","og_site_name":"Portal Tela Portugal","article_published_time":"2026-03-20T15:49:00+00:00","author":"Telinha","twitter_card":"summary_large_image","twitter_misc":{"Escrito por":"Telinha","Tempo estimado de leitura":"1 minuto"},"schema":{"@context":"https:\/\/schema.org","@graph":[{"@type":"Article","@id":"https:\/\/portaltela.pt\/noticias\/2026\/03\/20\/tres-veiculos-ardem-num-armazem-de-lenha\/#article","isPartOf":{"@id":"https:\/\/portaltela.pt\/noticias\/2026\/03\/20\/tres-veiculos-ardem-num-armazem-de-lenha\/"},"author":{"name":"Telinha","@id":"https:\/\/portaltela.pt\/#\/schema\/person\/c4278d4a6028830caff9ee44b42d32ed"},"headline":"Tr\u00eas ve\u00edculos ardem num armaz\u00e9m de lenha","datePublished":"2026-03-20T15:49:00+00:00","mainEntityOfPage":{"@id":"https:\/\/portaltela.pt\/noticias\/2026\/03\/20\/tres-veiculos-ardem-num-armazem-de-lenha\/"},"wordCount":257,"image":{"@id":"https:\/\/portaltela.pt\/noticias\/2026\/03\/20\/tres-veiculos-ardem-num-armazem-de-lenha\/#primaryimage"},"thumbnailUrl":"https:\/\/portaltela.pt\/s.01k8rhncp4jt1\/2026\/03\/img_1280x721uu2026-03-20-15-52-00-2273703.jpg","keywords":["animais","armaz\u00e9ns","bombeiros","Famalic\u00e3o","inc\u00eandio"],"articleSection":["Acidentes","Not\u00edcias"],"inLanguage":"pt-PT"},{"@type":"WebPage","@id":"https:\/\/portaltela.pt\/noticias\/2026\/03\/20\/tres-veiculos-ardem-num-armazem-de-lenha\/","url":"https:\/\/portaltela.pt\/noticias\/2026\/03\/20\/tres-veiculos-ardem-num-armazem-de-lenha\/","name":"Tr\u00eas ve\u00edculos ardem num armaz\u00e9m de lenha - Portal Tela Portugal","isPartOf":{"@id":"https:\/\/portaltela.pt\/#website"},"primaryImageOfPage":{"@id":"https:\/\/portaltela.pt\/noticias\/2026\/03\/20\/tres-veiculos-ardem-num-armazem-de-lenha\/#primaryimage"},"image":{"@id":"https:\/\/portaltela.pt\/noticias\/2026\/03\/20\/tres-veiculos-ardem-num-armazem-de-lenha\/#primaryimage"},"thumbnailUrl":"https:\/\/portaltela.pt\/s.01k8rhncp4jt1\/2026\/03\/img_1280x721uu2026-03-20-15-52-00-2273703.jpg","datePublished":"2026-03-20T15:49:00+00:00","author":{"@id":"https:\/\/portaltela.pt\/#\/schema\/person\/c4278d4a6028830caff9ee44b42d32ed"},"breadcrumb":{"@id":"https:\/\/portaltela.pt\/noticias\/2026\/03\/20\/tres-veiculos-ardem-num-armazem-de-lenha\/#breadcrumb"},"inLanguage":"pt-PT","potentialAction":[{"@type":"ReadAction","target":["https:\/\/portaltela.pt\/noticias\/2026\/03\/20\/tres-veiculos-ardem-num-armazem-de-lenha\/"]}]},{"@type":"ImageObject","inLanguage":"pt-PT","@id":"https:\/\/portaltela.pt\/noticias\/2026\/03\/20\/tres-veiculos-ardem-num-armazem-de-lenha\/#primaryimage","url":"https:\/\/portaltela.pt\/s.01k8rhncp4jt1\/2026\/03\/img_1280x721uu2026-03-20-15-52-00-2273703.jpg","contentUrl":"https:\/\/portaltela.pt\/s.01k8rhncp4jt1\/2026\/03\/img_1280x721uu2026-03-20-15-52-00-2273703.jpg","width":796,"height":448,"caption":"Tr\u00eas ve\u00edculos ardem em inc\u00eandio num armaz\u00e9m de lenha"},{"@type":"BreadcrumbList","@id":"https:\/\/portaltela.pt\/noticias\/2026\/03\/20\/tres-veiculos-ardem-num-armazem-de-lenha\/#breadcrumb","itemListElement":[{"@type":"ListItem","position":1,"name":"In\u00edcio","item":"https:\/\/portaltela.pt\/"},{"@type":"ListItem","position":2,"name":"Tr\u00eas ve\u00edculos ardem num armaz\u00e9m de lenha"}]},{"@type":"WebSite","@id":"https:\/\/portaltela.pt\/#website","url":"https:\/\/portaltela.pt\/","name":"Portal Tela Portugal","description":"","potentialAction":[{"@type":"SearchAction","target":{"@type":"EntryPoint","urlTemplate":"https:\/\/portaltela.pt\/?s={search_term_string}"},"query-input":{"@type":"PropertyValueSpecification","valueRequired":true,"valueName":"search_term_string"}}],"inLanguage":"pt-PT"},{"@type":"Person","@id":"https:\/\/portaltela.pt\/#\/schema\/person\/c4278d4a6028830caff9ee44b42d32ed","name":"Telinha","image":{"@type":"ImageObject","inLanguage":"pt-PT","@id":"https:\/\/portaltela.pt\/s.01k8rhncp4jt1\/2025\/11\/talking-bot-125x125.png","url":"https:\/\/portaltela.pt\/s.01k8rhncp4jt1\/2025\/11\/talking-bot-125x125.png","contentUrl":"https:\/\/portaltela.pt\/s.01k8rhncp4jt1\/2025\/11\/talking-bot-125x125.png","caption":"Telinha"},"sameAs":["https:\/\/portaltela.pt\/"],"url":"https:\/\/portaltela.pt\/por\/367410592786\/"}]}},"_links":{"self":[{"href":"https:\/\/portaltela.pt\/api\/wp\/v2\/posts\/417589","targetHints":{"allow":["GET"]}}],"collection":[{"href":"https:\/\/portaltela.pt\/api\/wp\/v2\/posts"}],"about":[{"href":"https:\/\/portaltela.pt\/api\/wp\/v2\/types\/post"}],"author":[{"embeddable":true,"href":"https:\/\/portaltela.pt\/api\/wp\/v2\/users\/2"}],"replies":[{"embeddable":true,"href":"https:\/\/portaltela.pt\/api\/wp\/v2\/comments?post=417589"}],"version-history":[{"count":0,"href":"https:\/\/portaltela.pt\/api\/wp\/v2\/posts\/417589\/revisions"}],"wp:featuredmedia":[{"embeddable":true,"href":"https:\/\/portaltela.pt\/api\/wp\/v2\/media\/417590"}],"wp:attachment":[{"href":"https:\/\/portaltela.pt\/api\/wp\/v2\/media?parent=417589"}],"wp:term":[{"taxonomy":"category","embeddable":true,"href":"https:\/\/portaltela.pt\/api\/wp\/v2\/categories?post=417589"},{"taxonomy":"post_tag","embeddable":true,"href":"https:\/\/portaltela.pt\/api\/wp\/v2\/tags?post=417589"}],"curies":[{"name":"wp","href":"https:\/\/api.w.org\/{rel}","templated":true}]}}