{"id":417580,"date":"2026-03-20T12:36:00","date_gmt":"2026-03-20T15:36:00","guid":{"rendered":"https:\/\/portaltela.pt\/noticias\/2026\/03\/20\/ministro-da-educacao-diz-ser-absolutamente-fundamental-eleicao-de-reitor-na-utad\/"},"modified":"2026-03-20T12:36:00","modified_gmt":"2026-03-20T15:36:00","slug":"ministro-da-educacao-diz-ser-absolutamente-fundamental-eleicao-de-reitor-na-utad","status":"publish","type":"post","link":"https:\/\/portaltela.pt\/noticias\/politica\/2026\/03\/20\/ministro-da-educacao-diz-ser-absolutamente-fundamental-eleicao-de-reitor-na-utad\/","title":{"rendered":"Ministro da Educa\u00e7\u00e3o diz ser absolutamente fundamental elei\u00e7\u00e3o de reitor na UTAD"},"content":{"rendered":"<p>O ministro da Educa\u00e7\u00e3o, Fernando Alexandre, afirmou que \u00e9 absolutamente fundamental a elei\u00e7\u00e3o do novo reitor da UTAD, considerando que a universidade est\u00e1 h\u00e1 muito tempo em gest\u00e3o corrente. A posi\u00e7\u00e3o foi revelada em Vila Real, durante o 40.\u00ba anivers\u00e1rio da institui\u00e7\u00e3o.<\/p>\n<p>Segundo o ministro, o reitor interino nomeado em outubro n\u00e3o pode promover mudan\u00e7as estrat\u00e9gicas, limitando-se \u00e0 gest\u00e3o di\u00e1ria. A crise institucional iniciou-se em mar\u00e7o de 2025 e agravou-se com a sa\u00edda do anterior reitor em setembro desse ano.<\/p>\n<p>Uma decis\u00e3o recente do Tribunal Administrativo j\u00e1 determinou que o reitor Jorge Ventura notifique os membros cooptados para o Conselho Geral, abrindo caminho \u00e0 sua instala\u00e7\u00e3o e \u00e0 marca\u00e7\u00e3o da elei\u00e7\u00e3o. O ministro sublinhou que a normaliza\u00e7\u00e3o institucional \u00e9 crucial para o desenvolvimento da UTAD.<\/p>\n<p>No \u00e2mbito acad\u00e9mico, o curso de Medicina, que abre este ano 40 vagas, s\u00f3 poder\u00e1 ter o contrato de programa assinado com o novo reitor. O ministro acrescentou que, sem este \u00f3rg\u00e3o, h\u00e1 atraso na implementa\u00e7\u00e3o e funcionamento do curso para o primeiro ano.<\/p>\n<p>A UTAD vai abrir o mestrado integrado em Medicina no ano letivo de 2026\/27, com 40 vagas, em parceria com a Unidade Local de Sa\u00fade de Tr\u00e1s-os-Montes e Alto Douro. A institui\u00e7\u00e3o assinou tamb\u00e9m um memorando com 21 munic\u00edpios para apoiar a forma\u00e7\u00e3o dos futuros alunos nas USF.<\/p>\n<p>Para Fernando Alexandre, a coopera\u00e7\u00e3o entre academia, autarquias e servi\u00e7os regionais \u00e9 fundamental para a qualidade dos servi\u00e7os de sa\u00fade. O Governo interv\u00e9m apenas em situa\u00e7\u00f5es de crise institucional que comprometam a miss\u00e3o p\u00fablica da institui\u00e7\u00e3o.<\/p>\n<p>A interven\u00e7\u00e3o governamental na UTAD, por nomea\u00e7\u00e3o de um reitor interino, ocorreu para assegurar a continuidade administrativa. O ministro disse que espera n\u00e3o ter de repetir esse tipo de medida, mas reiterou que a fun\u00e7\u00e3o p\u00fablica exige funcionamento adequado.<\/p>\n","protected":false},"excerpt":{"rendered":"<ul>\n<li>O ministro da Educa\u00e7\u00e3o, Fernando Alexandre, afirmou que a elei\u00e7\u00e3o do novo reitor da UTAD \u00e9 \u201cabsolutamente fundamental\u201d para permitir o desenvolvimento institucional da universidade.<\/li>\n<li>A UTAD est\u00e1 h\u00e1 muito tempo em gest\u00e3o corrente, o que limita a capacidade de decis\u00e3o estrat\u00e9gica da institui\u00e7\u00e3o.<\/li>\n<li>O reitor interino foi nomeado pelo ministro em outubro, devido a uma crise institucional causada pelo impasse na instala\u00e7\u00e3o do Conselho Geral.<\/li>\n<li>O impasse teve in\u00edcio em mar\u00e7o de 2025 e agravou-se com a sa\u00edda do anterior reitor em setembro; o Supremo Tribunal Administrativo pode levar \u00e0 instala\u00e7\u00e3o do Conselho Geral e marcar a elei\u00e7\u00e3o para reitor.<\/li>\n<li>O curso de Medicina vai abrir este ano com 40 vagas, mas o contrato de programa s\u00f3 poder\u00e1 ser assinado com o novo reitor, o que implica atraso na implementa\u00e7\u00e3o do curso. A UTAD assinou hoje um memorando com 21 munic\u00edpios para colabora\u00e7\u00e3o na forma\u00e7\u00e3o dos futuros estudantes.<\/li>\n<\/ul>\n","protected":false},"author":2,"featured_media":417585,"comment_status":"closed","ping_status":"closed","sticky":false,"template":"","format":"standard","meta":{"footnotes":""},"categories":[1,5],"tags":[163,34,7283,6261,1811,1665],"class_list":["post-417580","post","type-post","status-publish","format-standard","has-post-thumbnail","hentry","category-noticias","category-politica","tag-educacao","tag-governo","tag-instituicao-publica","tag-regiao-norte","tag-tras-os-montes","tag-vila-real"],"yoast_head":"<!-- This site is optimized with the Yoast SEO plugin v27.2 - https:\/\/yoast.com\/product\/yoast-seo-wordpress\/ -->\n<title>Ministro da Educa\u00e7\u00e3o diz ser absolutamente fundamental elei\u00e7\u00e3o de reitor na UTAD - Portal Tela Portugal<\/title>\n<meta name=\"robots\" content=\"index, follow, max-snippet:-1, max-image-preview:large, max-video-preview:-1\" \/>\n<meta property=\"og:locale\" content=\"pt_PT\" \/>\n<meta property=\"og:type\" content=\"article\" \/>\n<meta property=\"og:title\" content=\"Ministro da Educa\u00e7\u00e3o diz ser absolutamente fundamental elei\u00e7\u00e3o de reitor na UTAD - Portal Tela Portugal\" \/>\n<meta property=\"og:description\" content=\"O ministro da Educa\u00e7\u00e3o, Fernando Alexandre, afirmou que a elei\u00e7\u00e3o do novo reitor da UTAD \u00e9 \u201cabsolutamente fundamental\u201d para permitir o desenvolvimento institucional da universidade. A UTAD est\u00e1 h\u00e1 muito tempo em gest\u00e3o corrente, o que limita a capacidade de decis\u00e3o estrat\u00e9gica da institui\u00e7\u00e3o. O reitor interino foi nomeado pelo ministro em outubro, devido a uma crise institucional causada pelo impasse na instala\u00e7\u00e3o do Conselho Geral. O impasse teve in\u00edcio em mar\u00e7o de 2025 e agravou-se com a sa\u00edda do anterior reitor em setembro; o Supremo Tribunal Administrativo pode levar \u00e0 instala\u00e7\u00e3o do Conselho Geral e marcar a elei\u00e7\u00e3o para reitor. O curso de Medicina vai abrir este ano com 40 vagas, mas o contrato de programa s\u00f3 poder\u00e1 ser assinado com o novo reitor, o que implica atraso na implementa\u00e7\u00e3o do curso. A UTAD assinou hoje um memorando com 21 munic\u00edpios para colabora\u00e7\u00e3o na forma\u00e7\u00e3o dos futuros estudantes.\" \/>\n<meta property=\"og:url\" content=\"https:\/\/portaltela.pt\/noticias\/2026\/03\/20\/ministro-da-educacao-diz-ser-absolutamente-fundamental-eleicao-de-reitor-na-utad\/\" \/>\n<meta property=\"og:site_name\" content=\"Portal Tela Portugal\" \/>\n<meta property=\"article:published_time\" content=\"2026-03-20T15:36:00+00:00\" \/>\n<meta name=\"author\" content=\"Telinha\" \/>\n<meta name=\"twitter:card\" content=\"summary_large_image\" \/>\n<meta name=\"twitter:label1\" content=\"Escrito por\" \/>\n\t<meta name=\"twitter:data1\" content=\"Telinha\" \/>\n\t<meta name=\"twitter:label2\" content=\"Tempo estimado de leitura\" \/>\n\t<meta name=\"twitter:data2\" content=\"2 minutos\" \/>\n<script type=\"application\/ld+json\" class=\"yoast-schema-graph\">{\"@context\":\"https:\/\/schema.org\",\"@graph\":[{\"@type\":\"Article\",\"@id\":\"https:\/\/portaltela.pt\/noticias\/2026\/03\/20\/ministro-da-educacao-diz-ser-absolutamente-fundamental-eleicao-de-reitor-na-utad\/#article\",\"isPartOf\":{\"@id\":\"https:\/\/portaltela.pt\/noticias\/2026\/03\/20\/ministro-da-educacao-diz-ser-absolutamente-fundamental-eleicao-de-reitor-na-utad\/\"},\"author\":{\"name\":\"Telinha\",\"@id\":\"https:\/\/portaltela.pt\/#\/schema\/person\/c4278d4a6028830caff9ee44b42d32ed\"},\"headline\":\"Ministro da Educa\u00e7\u00e3o diz ser absolutamente fundamental elei\u00e7\u00e3o de reitor na UTAD\",\"datePublished\":\"2026-03-20T15:36:00+00:00\",\"mainEntityOfPage\":{\"@id\":\"https:\/\/portaltela.pt\/noticias\/2026\/03\/20\/ministro-da-educacao-diz-ser-absolutamente-fundamental-eleicao-de-reitor-na-utad\/\"},\"wordCount\":335,\"image\":{\"@id\":\"https:\/\/portaltela.pt\/noticias\/2026\/03\/20\/ministro-da-educacao-diz-ser-absolutamente-fundamental-eleicao-de-reitor-na-utad\/#primaryimage\"},\"thumbnailUrl\":\"https:\/\/portaltela.pt\/s.01k8rhncp4jt1\/2026\/03\/2075838.jpg\",\"keywords\":[\"educa\u00e7\u00e3o\",\"governo\",\"institui\u00e7\u00e3o p\u00fablica\",\"Regi\u00e3o Norte\",\"Tr\u00e1s-os-Montes\",\"Vila Real\"],\"articleSection\":[\"Not\u00edcias\",\"Pol\u00edtica\"],\"inLanguage\":\"pt-PT\"},{\"@type\":\"WebPage\",\"@id\":\"https:\/\/portaltela.pt\/noticias\/2026\/03\/20\/ministro-da-educacao-diz-ser-absolutamente-fundamental-eleicao-de-reitor-na-utad\/\",\"url\":\"https:\/\/portaltela.pt\/noticias\/2026\/03\/20\/ministro-da-educacao-diz-ser-absolutamente-fundamental-eleicao-de-reitor-na-utad\/\",\"name\":\"Ministro da Educa\u00e7\u00e3o diz ser absolutamente fundamental elei\u00e7\u00e3o de reitor na UTAD - Portal Tela Portugal\",\"isPartOf\":{\"@id\":\"https:\/\/portaltela.pt\/#website\"},\"primaryImageOfPage\":{\"@id\":\"https:\/\/portaltela.pt\/noticias\/2026\/03\/20\/ministro-da-educacao-diz-ser-absolutamente-fundamental-eleicao-de-reitor-na-utad\/#primaryimage\"},\"image\":{\"@id\":\"https:\/\/portaltela.pt\/noticias\/2026\/03\/20\/ministro-da-educacao-diz-ser-absolutamente-fundamental-eleicao-de-reitor-na-utad\/#primaryimage\"},\"thumbnailUrl\":\"https:\/\/portaltela.pt\/s.01k8rhncp4jt1\/2026\/03\/2075838.jpg\",\"datePublished\":\"2026-03-20T15:36:00+00:00\",\"author\":{\"@id\":\"https:\/\/portaltela.pt\/#\/schema\/person\/c4278d4a6028830caff9ee44b42d32ed\"},\"breadcrumb\":{\"@id\":\"https:\/\/portaltela.pt\/noticias\/2026\/03\/20\/ministro-da-educacao-diz-ser-absolutamente-fundamental-eleicao-de-reitor-na-utad\/#breadcrumb\"},\"inLanguage\":\"pt-PT\",\"potentialAction\":[{\"@type\":\"ReadAction\",\"target\":[\"https:\/\/portaltela.pt\/noticias\/2026\/03\/20\/ministro-da-educacao-diz-ser-absolutamente-fundamental-eleicao-de-reitor-na-utad\/\"]}]},{\"@type\":\"ImageObject\",\"inLanguage\":\"pt-PT\",\"@id\":\"https:\/\/portaltela.pt\/noticias\/2026\/03\/20\/ministro-da-educacao-diz-ser-absolutamente-fundamental-eleicao-de-reitor-na-utad\/#primaryimage\",\"url\":\"https:\/\/portaltela.pt\/s.01k8rhncp4jt1\/2026\/03\/2075838.jpg\",\"contentUrl\":\"https:\/\/portaltela.pt\/s.01k8rhncp4jt1\/2026\/03\/2075838.jpg\",\"width\":796,\"height\":448,\"caption\":\"Fernando Alexandre: \\\"Quando h\u00e1 uma crise institucional que p\u00f5e em causa o cumprimento da miss\u00e3o p\u00fablica a obriga\u00e7\u00e3o do Governo \u00e9 intervir\\\"\"},{\"@type\":\"BreadcrumbList\",\"@id\":\"https:\/\/portaltela.pt\/noticias\/2026\/03\/20\/ministro-da-educacao-diz-ser-absolutamente-fundamental-eleicao-de-reitor-na-utad\/#breadcrumb\",\"itemListElement\":[{\"@type\":\"ListItem\",\"position\":1,\"name\":\"In\u00edcio\",\"item\":\"https:\/\/portaltela.pt\/\"},{\"@type\":\"ListItem\",\"position\":2,\"name\":\"Ministro da Educa\u00e7\u00e3o diz ser absolutamente fundamental elei\u00e7\u00e3o de reitor na UTAD\"}]},{\"@type\":\"WebSite\",\"@id\":\"https:\/\/portaltela.pt\/#website\",\"url\":\"https:\/\/portaltela.pt\/\",\"name\":\"Portal Tela Portugal\",\"description\":\"\",\"potentialAction\":[{\"@type\":\"SearchAction\",\"target\":{\"@type\":\"EntryPoint\",\"urlTemplate\":\"https:\/\/portaltela.pt\/?s={search_term_string}\"},\"query-input\":{\"@type\":\"PropertyValueSpecification\",\"valueRequired\":true,\"valueName\":\"search_term_string\"}}],\"inLanguage\":\"pt-PT\"},{\"@type\":\"Person\",\"@id\":\"https:\/\/portaltela.pt\/#\/schema\/person\/c4278d4a6028830caff9ee44b42d32ed\",\"name\":\"Telinha\",\"image\":{\"@type\":\"ImageObject\",\"inLanguage\":\"pt-PT\",\"@id\":\"https:\/\/portaltela.pt\/s.01k8rhncp4jt1\/2025\/11\/talking-bot-125x125.png\",\"url\":\"https:\/\/portaltela.pt\/s.01k8rhncp4jt1\/2025\/11\/talking-bot-125x125.png\",\"contentUrl\":\"https:\/\/portaltela.pt\/s.01k8rhncp4jt1\/2025\/11\/talking-bot-125x125.png\",\"caption\":\"Telinha\"},\"sameAs\":[\"https:\/\/portaltela.pt\/\"],\"url\":\"https:\/\/portaltela.pt\/por\/367410592786\/\"}]}<\/script>\n<!-- \/ Yoast SEO plugin. -->","yoast_head_json":{"title":"Ministro da Educa\u00e7\u00e3o diz ser absolutamente fundamental elei\u00e7\u00e3o de reitor na UTAD - Portal Tela Portugal","robots":{"index":"index","follow":"follow","max-snippet":"max-snippet:-1","max-image-preview":"max-image-preview:large","max-video-preview":"max-video-preview:-1"},"og_locale":"pt_PT","og_type":"article","og_title":"Ministro da Educa\u00e7\u00e3o diz ser absolutamente fundamental elei\u00e7\u00e3o de reitor na UTAD - Portal Tela Portugal","og_description":"O ministro da Educa\u00e7\u00e3o, Fernando Alexandre, afirmou que a elei\u00e7\u00e3o do novo reitor da UTAD \u00e9 \u201cabsolutamente fundamental\u201d para permitir o desenvolvimento institucional da universidade. A UTAD est\u00e1 h\u00e1 muito tempo em gest\u00e3o corrente, o que limita a capacidade de decis\u00e3o estrat\u00e9gica da institui\u00e7\u00e3o. O reitor interino foi nomeado pelo ministro em outubro, devido a uma crise institucional causada pelo impasse na instala\u00e7\u00e3o do Conselho Geral. O impasse teve in\u00edcio em mar\u00e7o de 2025 e agravou-se com a sa\u00edda do anterior reitor em setembro; o Supremo Tribunal Administrativo pode levar \u00e0 instala\u00e7\u00e3o do Conselho Geral e marcar a elei\u00e7\u00e3o para reitor. O curso de Medicina vai abrir este ano com 40 vagas, mas o contrato de programa s\u00f3 poder\u00e1 ser assinado com o novo reitor, o que implica atraso na implementa\u00e7\u00e3o do curso. A UTAD assinou hoje um memorando com 21 munic\u00edpios para colabora\u00e7\u00e3o na forma\u00e7\u00e3o dos futuros estudantes.","og_url":"https:\/\/portaltela.pt\/noticias\/2026\/03\/20\/ministro-da-educacao-diz-ser-absolutamente-fundamental-eleicao-de-reitor-na-utad\/","og_site_name":"Portal Tela Portugal","article_published_time":"2026-03-20T15:36:00+00:00","author":"Telinha","twitter_card":"summary_large_image","twitter_misc":{"Escrito por":"Telinha","Tempo estimado de leitura":"2 minutos"},"schema":{"@context":"https:\/\/schema.org","@graph":[{"@type":"Article","@id":"https:\/\/portaltela.pt\/noticias\/2026\/03\/20\/ministro-da-educacao-diz-ser-absolutamente-fundamental-eleicao-de-reitor-na-utad\/#article","isPartOf":{"@id":"https:\/\/portaltela.pt\/noticias\/2026\/03\/20\/ministro-da-educacao-diz-ser-absolutamente-fundamental-eleicao-de-reitor-na-utad\/"},"author":{"name":"Telinha","@id":"https:\/\/portaltela.pt\/#\/schema\/person\/c4278d4a6028830caff9ee44b42d32ed"},"headline":"Ministro da Educa\u00e7\u00e3o diz ser absolutamente fundamental elei\u00e7\u00e3o de reitor na UTAD","datePublished":"2026-03-20T15:36:00+00:00","mainEntityOfPage":{"@id":"https:\/\/portaltela.pt\/noticias\/2026\/03\/20\/ministro-da-educacao-diz-ser-absolutamente-fundamental-eleicao-de-reitor-na-utad\/"},"wordCount":335,"image":{"@id":"https:\/\/portaltela.pt\/noticias\/2026\/03\/20\/ministro-da-educacao-diz-ser-absolutamente-fundamental-eleicao-de-reitor-na-utad\/#primaryimage"},"thumbnailUrl":"https:\/\/portaltela.pt\/s.01k8rhncp4jt1\/2026\/03\/2075838.jpg","keywords":["educa\u00e7\u00e3o","governo","institui\u00e7\u00e3o p\u00fablica","Regi\u00e3o Norte","Tr\u00e1s-os-Montes","Vila Real"],"articleSection":["Not\u00edcias","Pol\u00edtica"],"inLanguage":"pt-PT"},{"@type":"WebPage","@id":"https:\/\/portaltela.pt\/noticias\/2026\/03\/20\/ministro-da-educacao-diz-ser-absolutamente-fundamental-eleicao-de-reitor-na-utad\/","url":"https:\/\/portaltela.pt\/noticias\/2026\/03\/20\/ministro-da-educacao-diz-ser-absolutamente-fundamental-eleicao-de-reitor-na-utad\/","name":"Ministro da Educa\u00e7\u00e3o diz ser absolutamente fundamental elei\u00e7\u00e3o de reitor na UTAD - Portal Tela Portugal","isPartOf":{"@id":"https:\/\/portaltela.pt\/#website"},"primaryImageOfPage":{"@id":"https:\/\/portaltela.pt\/noticias\/2026\/03\/20\/ministro-da-educacao-diz-ser-absolutamente-fundamental-eleicao-de-reitor-na-utad\/#primaryimage"},"image":{"@id":"https:\/\/portaltela.pt\/noticias\/2026\/03\/20\/ministro-da-educacao-diz-ser-absolutamente-fundamental-eleicao-de-reitor-na-utad\/#primaryimage"},"thumbnailUrl":"https:\/\/portaltela.pt\/s.01k8rhncp4jt1\/2026\/03\/2075838.jpg","datePublished":"2026-03-20T15:36:00+00:00","author":{"@id":"https:\/\/portaltela.pt\/#\/schema\/person\/c4278d4a6028830caff9ee44b42d32ed"},"breadcrumb":{"@id":"https:\/\/portaltela.pt\/noticias\/2026\/03\/20\/ministro-da-educacao-diz-ser-absolutamente-fundamental-eleicao-de-reitor-na-utad\/#breadcrumb"},"inLanguage":"pt-PT","potentialAction":[{"@type":"ReadAction","target":["https:\/\/portaltela.pt\/noticias\/2026\/03\/20\/ministro-da-educacao-diz-ser-absolutamente-fundamental-eleicao-de-reitor-na-utad\/"]}]},{"@type":"ImageObject","inLanguage":"pt-PT","@id":"https:\/\/portaltela.pt\/noticias\/2026\/03\/20\/ministro-da-educacao-diz-ser-absolutamente-fundamental-eleicao-de-reitor-na-utad\/#primaryimage","url":"https:\/\/portaltela.pt\/s.01k8rhncp4jt1\/2026\/03\/2075838.jpg","contentUrl":"https:\/\/portaltela.pt\/s.01k8rhncp4jt1\/2026\/03\/2075838.jpg","width":796,"height":448,"caption":"Fernando Alexandre: \"Quando h\u00e1 uma crise institucional que p\u00f5e em causa o cumprimento da miss\u00e3o p\u00fablica a obriga\u00e7\u00e3o do Governo \u00e9 intervir\""},{"@type":"BreadcrumbList","@id":"https:\/\/portaltela.pt\/noticias\/2026\/03\/20\/ministro-da-educacao-diz-ser-absolutamente-fundamental-eleicao-de-reitor-na-utad\/#breadcrumb","itemListElement":[{"@type":"ListItem","position":1,"name":"In\u00edcio","item":"https:\/\/portaltela.pt\/"},{"@type":"ListItem","position":2,"name":"Ministro da Educa\u00e7\u00e3o diz ser absolutamente fundamental elei\u00e7\u00e3o de reitor na UTAD"}]},{"@type":"WebSite","@id":"https:\/\/portaltela.pt\/#website","url":"https:\/\/portaltela.pt\/","name":"Portal Tela Portugal","description":"","potentialAction":[{"@type":"SearchAction","target":{"@type":"EntryPoint","urlTemplate":"https:\/\/portaltela.pt\/?s={search_term_string}"},"query-input":{"@type":"PropertyValueSpecification","valueRequired":true,"valueName":"search_term_string"}}],"inLanguage":"pt-PT"},{"@type":"Person","@id":"https:\/\/portaltela.pt\/#\/schema\/person\/c4278d4a6028830caff9ee44b42d32ed","name":"Telinha","image":{"@type":"ImageObject","inLanguage":"pt-PT","@id":"https:\/\/portaltela.pt\/s.01k8rhncp4jt1\/2025\/11\/talking-bot-125x125.png","url":"https:\/\/portaltela.pt\/s.01k8rhncp4jt1\/2025\/11\/talking-bot-125x125.png","contentUrl":"https:\/\/portaltela.pt\/s.01k8rhncp4jt1\/2025\/11\/talking-bot-125x125.png","caption":"Telinha"},"sameAs":["https:\/\/portaltela.pt\/"],"url":"https:\/\/portaltela.pt\/por\/367410592786\/"}]}},"_links":{"self":[{"href":"https:\/\/portaltela.pt\/api\/wp\/v2\/posts\/417580","targetHints":{"allow":["GET"]}}],"collection":[{"href":"https:\/\/portaltela.pt\/api\/wp\/v2\/posts"}],"about":[{"href":"https:\/\/portaltela.pt\/api\/wp\/v2\/types\/post"}],"author":[{"embeddable":true,"href":"https:\/\/portaltela.pt\/api\/wp\/v2\/users\/2"}],"replies":[{"embeddable":true,"href":"https:\/\/portaltela.pt\/api\/wp\/v2\/comments?post=417580"}],"version-history":[{"count":0,"href":"https:\/\/portaltela.pt\/api\/wp\/v2\/posts\/417580\/revisions"}],"wp:featuredmedia":[{"embeddable":true,"href":"https:\/\/portaltela.pt\/api\/wp\/v2\/media\/417585"}],"wp:attachment":[{"href":"https:\/\/portaltela.pt\/api\/wp\/v2\/media?parent=417580"}],"wp:term":[{"taxonomy":"category","embeddable":true,"href":"https:\/\/portaltela.pt\/api\/wp\/v2\/categories?post=417580"},{"taxonomy":"post_tag","embeddable":true,"href":"https:\/\/portaltela.pt\/api\/wp\/v2\/tags?post=417580"}],"curies":[{"name":"wp","href":"https:\/\/api.w.org\/{rel}","templated":true}]}}