{"id":417574,"date":"2026-03-20T12:51:10","date_gmt":"2026-03-20T15:51:10","guid":{"rendered":"https:\/\/portaltela.pt\/noticias\/2026\/03\/20\/miguel-moita-diz-que-nunca-falou-em-subida-dentro-do-balneario\/"},"modified":"2026-03-20T12:51:10","modified_gmt":"2026-03-20T15:51:10","slug":"miguel-moita-diz-que-nunca-falou-em-subida-dentro-do-balneario","status":"publish","type":"post","link":"https:\/\/portaltela.pt\/desporto\/futebol\/2026\/03\/20\/miguel-moita-diz-que-nunca-falou-em-subida-dentro-do-balneario\/","title":{"rendered":"Miguel Moita diz que nunca falou em subida dentro do balne\u00e1rio"},"content":{"rendered":"<p>O treinador do Mar\u00edtimo, Miguel Moita, mant\u00e9m o foco no jogo a jogo e rejeita qualquer ideia de subida de divis\u00e3o. A equipa lidera a 2.\u00aa Liga e a abordagem permanece a de responsabilidade m\u00e1xima, com os p\u00e9s bem assentes na terra.<\/p>\n<p>Moita relembra o in\u00edcio da temporada e refor\u00e7a que o objetivo \u00e9 manter o equil\u00edbrio entre desempenho e consist\u00eancia. O foco est\u00e1 na pr\u00f3xima partida contra a UD Oliveirente, marcada para este s\u00e1bado, no Caldeir\u00e3o.<\/p>\n<p>O t\u00e9cnico real\u00e7a que o plantel est\u00e1 preparado para enfrentar advers\u00e1rio com identidade em desenvolvimento. A Oliveirense foi avaliada como equipa compacta, com qualidade nas bolas paradas e no jogo em profundidade dos extremos, exigindo jogo muito competitivo.<\/p>\n<h3>Jogo e prepara\u00e7\u00e3o<\/h3>\n<p>Moita afirma que querem ter mais posse, mas reconhece que o advers\u00e1rio tamb\u00e9m pode controlar o jogo. A prioridade continua a vencer duelos, segundas bolas e situa\u00e7\u00f5es menos vis\u00edveis, para depois explorar o meio campo ofensivo com intensidade.<\/p>\n<p>Foi celebrado o regresso de Danilovic, que cumpriu castigo e j\u00e1 est\u00e1 dispon\u00edvel. O treinador elogia a resposta da massa adepta verde-rubra, que se deslocou em bom n\u00famero a Alverca, e espera novo apoio no pr\u00f3ximo encontro nos Barreiros.<\/p>\n<h3>Apoio dos adeptos<\/h3>\n<p>A equipa tem visto o apoio aumentar tanto fora como em casa. A onda verde-rubra \u00e9 indicada como fator motivador para os jogadores. Moita pede que o Caldeir\u00e3o se encha para atuar como d\u00e9cimo segundo jogador no embate com a Oliveirense.<\/p>\n","protected":false},"excerpt":{"rendered":"<ul>\n<li>Miguel Moita mant\u00e9m o foco no jogo a jogo e n\u00e3o fala em subida nem no t\u00edtulo da segunda liga.<\/li>\n<li>O Mar\u00edtimo est\u00e1 em primeiro lugar, com seis pontos de vantagem sobre o segundo classificado.<\/li>\n<li>O pr\u00f3ximo jogo \u00e9 frente \u00e0 UD Oliveirense, com cautelas e an\u00e1lise \u00e0 identidade do advers\u00e1rio.<\/li>\n<li>O treinador refor\u00e7a a import\u00e2ncia de ganhar duelos, segundas bolas e explorar o meio campo ofensivo, caso haja oportunidade de ter mais bola.<\/li>\n<li>Danilovic volta ap\u00f3s castigo; os adeptos continuam a apoiar, com 1.017 presentes em Alverca, e o t\u00e9cnico quer o Caldeir\u00e3o cheio no pr\u00f3ximo jogo.<\/li>\n<\/ul>\n","protected":false},"author":2,"featured_media":417579,"comment_status":"closed","ping_status":"closed","sticky":false,"template":"","format":"standard","meta":{"footnotes":""},"categories":[21,24],"tags":[4175,2533,1230,32,3097,3894],"class_list":["post-417574","post","type-post","status-publish","format-standard","has-post-thumbnail","hentry","category-desporto","category-futebol","tag-2-a-liga","tag-adeptos","tag-alverca","tag-futebol","tag-maritimo","tag-oliveirense"],"yoast_head":"<!-- This site is optimized with the Yoast SEO plugin v27.2 - https:\/\/yoast.com\/product\/yoast-seo-wordpress\/ -->\n<title>Miguel Moita diz que nunca falou em subida dentro do balne\u00e1rio - Portal Tela Portugal<\/title>\n<meta name=\"robots\" content=\"index, follow, max-snippet:-1, max-image-preview:large, max-video-preview:-1\" \/>\n<meta property=\"og:locale\" content=\"pt_PT\" \/>\n<meta property=\"og:type\" content=\"article\" \/>\n<meta property=\"og:title\" content=\"Miguel Moita diz que nunca falou em subida dentro do balne\u00e1rio - Portal Tela Portugal\" \/>\n<meta property=\"og:description\" content=\"Miguel Moita mant\u00e9m o foco no jogo a jogo e n\u00e3o fala em subida nem no t\u00edtulo da segunda liga. O Mar\u00edtimo est\u00e1 em primeiro lugar, com seis pontos de vantagem sobre o segundo classificado. O pr\u00f3ximo jogo \u00e9 frente \u00e0 UD Oliveirense, com cautelas e an\u00e1lise \u00e0 identidade do advers\u00e1rio. O treinador refor\u00e7a a import\u00e2ncia de ganhar duelos, segundas bolas e explorar o meio campo ofensivo, caso haja oportunidade de ter mais bola. Danilovic volta ap\u00f3s castigo; os adeptos continuam a apoiar, com 1.017 presentes em Alverca, e o t\u00e9cnico quer o Caldeir\u00e3o cheio no pr\u00f3ximo jogo.\" \/>\n<meta property=\"og:url\" content=\"https:\/\/portaltela.pt\/noticias\/2026\/03\/20\/miguel-moita-diz-que-nunca-falou-em-subida-dentro-do-balneario\/\" \/>\n<meta property=\"og:site_name\" content=\"Portal Tela Portugal\" \/>\n<meta property=\"article:published_time\" content=\"2026-03-20T15:51:10+00:00\" \/>\n<meta name=\"author\" content=\"Telinha\" \/>\n<meta name=\"twitter:card\" content=\"summary_large_image\" \/>\n<meta name=\"twitter:label1\" content=\"Escrito por\" \/>\n\t<meta name=\"twitter:data1\" content=\"Telinha\" \/>\n\t<meta name=\"twitter:label2\" content=\"Tempo estimado de leitura\" \/>\n\t<meta name=\"twitter:data2\" content=\"1 minuto\" \/>\n<script type=\"application\/ld+json\" class=\"yoast-schema-graph\">{\"@context\":\"https:\/\/schema.org\",\"@graph\":[{\"@type\":\"Article\",\"@id\":\"https:\/\/portaltela.pt\/noticias\/2026\/03\/20\/miguel-moita-diz-que-nunca-falou-em-subida-dentro-do-balneario\/#article\",\"isPartOf\":{\"@id\":\"https:\/\/portaltela.pt\/noticias\/2026\/03\/20\/miguel-moita-diz-que-nunca-falou-em-subida-dentro-do-balneario\/\"},\"author\":{\"name\":\"Telinha\",\"@id\":\"https:\/\/portaltela.pt\/#\/schema\/person\/c4278d4a6028830caff9ee44b42d32ed\"},\"headline\":\"Miguel Moita diz que nunca falou em subida dentro do balne\u00e1rio\",\"datePublished\":\"2026-03-20T15:51:10+00:00\",\"mainEntityOfPage\":{\"@id\":\"https:\/\/portaltela.pt\/noticias\/2026\/03\/20\/miguel-moita-diz-que-nunca-falou-em-subida-dentro-do-balneario\/\"},\"wordCount\":273,\"image\":{\"@id\":\"https:\/\/portaltela.pt\/noticias\/2026\/03\/20\/miguel-moita-diz-que-nunca-falou-em-subida-dentro-do-balneario\/#primaryimage\"},\"thumbnailUrl\":\"https:\/\/portaltela.pt\/s.01k8rhncp4jt1\/2026\/03\/img_920x518uu2026-03-20-15-38-46-2428343.jpg\",\"keywords\":[\"2.\u00aa Liga\",\"adeptos\",\"Alverca\",\"futebol\",\"Mar\u00edtimo\",\"Oliveirense\"],\"articleSection\":[\"Desporto\",\"Futebol\"],\"inLanguage\":\"pt-PT\"},{\"@type\":\"WebPage\",\"@id\":\"https:\/\/portaltela.pt\/noticias\/2026\/03\/20\/miguel-moita-diz-que-nunca-falou-em-subida-dentro-do-balneario\/\",\"url\":\"https:\/\/portaltela.pt\/noticias\/2026\/03\/20\/miguel-moita-diz-que-nunca-falou-em-subida-dentro-do-balneario\/\",\"name\":\"Miguel Moita diz que nunca falou em subida dentro do balne\u00e1rio - Portal Tela Portugal\",\"isPartOf\":{\"@id\":\"https:\/\/portaltela.pt\/#website\"},\"primaryImageOfPage\":{\"@id\":\"https:\/\/portaltela.pt\/noticias\/2026\/03\/20\/miguel-moita-diz-que-nunca-falou-em-subida-dentro-do-balneario\/#primaryimage\"},\"image\":{\"@id\":\"https:\/\/portaltela.pt\/noticias\/2026\/03\/20\/miguel-moita-diz-que-nunca-falou-em-subida-dentro-do-balneario\/#primaryimage\"},\"thumbnailUrl\":\"https:\/\/portaltela.pt\/s.01k8rhncp4jt1\/2026\/03\/img_920x518uu2026-03-20-15-38-46-2428343.jpg\",\"datePublished\":\"2026-03-20T15:51:10+00:00\",\"author\":{\"@id\":\"https:\/\/portaltela.pt\/#\/schema\/person\/c4278d4a6028830caff9ee44b42d32ed\"},\"breadcrumb\":{\"@id\":\"https:\/\/portaltela.pt\/noticias\/2026\/03\/20\/miguel-moita-diz-que-nunca-falou-em-subida-dentro-do-balneario\/#breadcrumb\"},\"inLanguage\":\"pt-PT\",\"potentialAction\":[{\"@type\":\"ReadAction\",\"target\":[\"https:\/\/portaltela.pt\/noticias\/2026\/03\/20\/miguel-moita-diz-que-nunca-falou-em-subida-dentro-do-balneario\/\"]}]},{\"@type\":\"ImageObject\",\"inLanguage\":\"pt-PT\",\"@id\":\"https:\/\/portaltela.pt\/noticias\/2026\/03\/20\/miguel-moita-diz-que-nunca-falou-em-subida-dentro-do-balneario\/#primaryimage\",\"url\":\"https:\/\/portaltela.pt\/s.01k8rhncp4jt1\/2026\/03\/img_920x518uu2026-03-20-15-38-46-2428343.jpg\",\"contentUrl\":\"https:\/\/portaltela.pt\/s.01k8rhncp4jt1\/2026\/03\/img_920x518uu2026-03-20-15-38-46-2428343.jpg\",\"width\":796,\"height\":448,\"caption\":\"Miguel Moita, treinador do Mar\u00edtimo\"},{\"@type\":\"BreadcrumbList\",\"@id\":\"https:\/\/portaltela.pt\/noticias\/2026\/03\/20\/miguel-moita-diz-que-nunca-falou-em-subida-dentro-do-balneario\/#breadcrumb\",\"itemListElement\":[{\"@type\":\"ListItem\",\"position\":1,\"name\":\"In\u00edcio\",\"item\":\"https:\/\/portaltela.pt\/\"},{\"@type\":\"ListItem\",\"position\":2,\"name\":\"Miguel Moita diz que nunca falou em subida dentro do balne\u00e1rio\"}]},{\"@type\":\"WebSite\",\"@id\":\"https:\/\/portaltela.pt\/#website\",\"url\":\"https:\/\/portaltela.pt\/\",\"name\":\"Portal Tela Portugal\",\"description\":\"\",\"potentialAction\":[{\"@type\":\"SearchAction\",\"target\":{\"@type\":\"EntryPoint\",\"urlTemplate\":\"https:\/\/portaltela.pt\/?s={search_term_string}\"},\"query-input\":{\"@type\":\"PropertyValueSpecification\",\"valueRequired\":true,\"valueName\":\"search_term_string\"}}],\"inLanguage\":\"pt-PT\"},{\"@type\":\"Person\",\"@id\":\"https:\/\/portaltela.pt\/#\/schema\/person\/c4278d4a6028830caff9ee44b42d32ed\",\"name\":\"Telinha\",\"image\":{\"@type\":\"ImageObject\",\"inLanguage\":\"pt-PT\",\"@id\":\"https:\/\/portaltela.pt\/s.01k8rhncp4jt1\/2025\/11\/talking-bot-125x125.png\",\"url\":\"https:\/\/portaltela.pt\/s.01k8rhncp4jt1\/2025\/11\/talking-bot-125x125.png\",\"contentUrl\":\"https:\/\/portaltela.pt\/s.01k8rhncp4jt1\/2025\/11\/talking-bot-125x125.png\",\"caption\":\"Telinha\"},\"sameAs\":[\"https:\/\/portaltela.pt\/\"],\"url\":\"https:\/\/portaltela.pt\/por\/367410592786\/\"}]}<\/script>\n<!-- \/ Yoast SEO plugin. -->","yoast_head_json":{"title":"Miguel Moita diz que nunca falou em subida dentro do balne\u00e1rio - Portal Tela Portugal","robots":{"index":"index","follow":"follow","max-snippet":"max-snippet:-1","max-image-preview":"max-image-preview:large","max-video-preview":"max-video-preview:-1"},"og_locale":"pt_PT","og_type":"article","og_title":"Miguel Moita diz que nunca falou em subida dentro do balne\u00e1rio - Portal Tela Portugal","og_description":"Miguel Moita mant\u00e9m o foco no jogo a jogo e n\u00e3o fala em subida nem no t\u00edtulo da segunda liga. O Mar\u00edtimo est\u00e1 em primeiro lugar, com seis pontos de vantagem sobre o segundo classificado. O pr\u00f3ximo jogo \u00e9 frente \u00e0 UD Oliveirense, com cautelas e an\u00e1lise \u00e0 identidade do advers\u00e1rio. O treinador refor\u00e7a a import\u00e2ncia de ganhar duelos, segundas bolas e explorar o meio campo ofensivo, caso haja oportunidade de ter mais bola. Danilovic volta ap\u00f3s castigo; os adeptos continuam a apoiar, com 1.017 presentes em Alverca, e o t\u00e9cnico quer o Caldeir\u00e3o cheio no pr\u00f3ximo jogo.","og_url":"https:\/\/portaltela.pt\/noticias\/2026\/03\/20\/miguel-moita-diz-que-nunca-falou-em-subida-dentro-do-balneario\/","og_site_name":"Portal Tela Portugal","article_published_time":"2026-03-20T15:51:10+00:00","author":"Telinha","twitter_card":"summary_large_image","twitter_misc":{"Escrito por":"Telinha","Tempo estimado de leitura":"1 minuto"},"schema":{"@context":"https:\/\/schema.org","@graph":[{"@type":"Article","@id":"https:\/\/portaltela.pt\/noticias\/2026\/03\/20\/miguel-moita-diz-que-nunca-falou-em-subida-dentro-do-balneario\/#article","isPartOf":{"@id":"https:\/\/portaltela.pt\/noticias\/2026\/03\/20\/miguel-moita-diz-que-nunca-falou-em-subida-dentro-do-balneario\/"},"author":{"name":"Telinha","@id":"https:\/\/portaltela.pt\/#\/schema\/person\/c4278d4a6028830caff9ee44b42d32ed"},"headline":"Miguel Moita diz que nunca falou em subida dentro do balne\u00e1rio","datePublished":"2026-03-20T15:51:10+00:00","mainEntityOfPage":{"@id":"https:\/\/portaltela.pt\/noticias\/2026\/03\/20\/miguel-moita-diz-que-nunca-falou-em-subida-dentro-do-balneario\/"},"wordCount":273,"image":{"@id":"https:\/\/portaltela.pt\/noticias\/2026\/03\/20\/miguel-moita-diz-que-nunca-falou-em-subida-dentro-do-balneario\/#primaryimage"},"thumbnailUrl":"https:\/\/portaltela.pt\/s.01k8rhncp4jt1\/2026\/03\/img_920x518uu2026-03-20-15-38-46-2428343.jpg","keywords":["2.\u00aa Liga","adeptos","Alverca","futebol","Mar\u00edtimo","Oliveirense"],"articleSection":["Desporto","Futebol"],"inLanguage":"pt-PT"},{"@type":"WebPage","@id":"https:\/\/portaltela.pt\/noticias\/2026\/03\/20\/miguel-moita-diz-que-nunca-falou-em-subida-dentro-do-balneario\/","url":"https:\/\/portaltela.pt\/noticias\/2026\/03\/20\/miguel-moita-diz-que-nunca-falou-em-subida-dentro-do-balneario\/","name":"Miguel Moita diz que nunca falou em subida dentro do balne\u00e1rio - Portal Tela Portugal","isPartOf":{"@id":"https:\/\/portaltela.pt\/#website"},"primaryImageOfPage":{"@id":"https:\/\/portaltela.pt\/noticias\/2026\/03\/20\/miguel-moita-diz-que-nunca-falou-em-subida-dentro-do-balneario\/#primaryimage"},"image":{"@id":"https:\/\/portaltela.pt\/noticias\/2026\/03\/20\/miguel-moita-diz-que-nunca-falou-em-subida-dentro-do-balneario\/#primaryimage"},"thumbnailUrl":"https:\/\/portaltela.pt\/s.01k8rhncp4jt1\/2026\/03\/img_920x518uu2026-03-20-15-38-46-2428343.jpg","datePublished":"2026-03-20T15:51:10+00:00","author":{"@id":"https:\/\/portaltela.pt\/#\/schema\/person\/c4278d4a6028830caff9ee44b42d32ed"},"breadcrumb":{"@id":"https:\/\/portaltela.pt\/noticias\/2026\/03\/20\/miguel-moita-diz-que-nunca-falou-em-subida-dentro-do-balneario\/#breadcrumb"},"inLanguage":"pt-PT","potentialAction":[{"@type":"ReadAction","target":["https:\/\/portaltela.pt\/noticias\/2026\/03\/20\/miguel-moita-diz-que-nunca-falou-em-subida-dentro-do-balneario\/"]}]},{"@type":"ImageObject","inLanguage":"pt-PT","@id":"https:\/\/portaltela.pt\/noticias\/2026\/03\/20\/miguel-moita-diz-que-nunca-falou-em-subida-dentro-do-balneario\/#primaryimage","url":"https:\/\/portaltela.pt\/s.01k8rhncp4jt1\/2026\/03\/img_920x518uu2026-03-20-15-38-46-2428343.jpg","contentUrl":"https:\/\/portaltela.pt\/s.01k8rhncp4jt1\/2026\/03\/img_920x518uu2026-03-20-15-38-46-2428343.jpg","width":796,"height":448,"caption":"Miguel Moita, treinador do Mar\u00edtimo"},{"@type":"BreadcrumbList","@id":"https:\/\/portaltela.pt\/noticias\/2026\/03\/20\/miguel-moita-diz-que-nunca-falou-em-subida-dentro-do-balneario\/#breadcrumb","itemListElement":[{"@type":"ListItem","position":1,"name":"In\u00edcio","item":"https:\/\/portaltela.pt\/"},{"@type":"ListItem","position":2,"name":"Miguel Moita diz que nunca falou em subida dentro do balne\u00e1rio"}]},{"@type":"WebSite","@id":"https:\/\/portaltela.pt\/#website","url":"https:\/\/portaltela.pt\/","name":"Portal Tela Portugal","description":"","potentialAction":[{"@type":"SearchAction","target":{"@type":"EntryPoint","urlTemplate":"https:\/\/portaltela.pt\/?s={search_term_string}"},"query-input":{"@type":"PropertyValueSpecification","valueRequired":true,"valueName":"search_term_string"}}],"inLanguage":"pt-PT"},{"@type":"Person","@id":"https:\/\/portaltela.pt\/#\/schema\/person\/c4278d4a6028830caff9ee44b42d32ed","name":"Telinha","image":{"@type":"ImageObject","inLanguage":"pt-PT","@id":"https:\/\/portaltela.pt\/s.01k8rhncp4jt1\/2025\/11\/talking-bot-125x125.png","url":"https:\/\/portaltela.pt\/s.01k8rhncp4jt1\/2025\/11\/talking-bot-125x125.png","contentUrl":"https:\/\/portaltela.pt\/s.01k8rhncp4jt1\/2025\/11\/talking-bot-125x125.png","caption":"Telinha"},"sameAs":["https:\/\/portaltela.pt\/"],"url":"https:\/\/portaltela.pt\/por\/367410592786\/"}]}},"_links":{"self":[{"href":"https:\/\/portaltela.pt\/api\/wp\/v2\/posts\/417574","targetHints":{"allow":["GET"]}}],"collection":[{"href":"https:\/\/portaltela.pt\/api\/wp\/v2\/posts"}],"about":[{"href":"https:\/\/portaltela.pt\/api\/wp\/v2\/types\/post"}],"author":[{"embeddable":true,"href":"https:\/\/portaltela.pt\/api\/wp\/v2\/users\/2"}],"replies":[{"embeddable":true,"href":"https:\/\/portaltela.pt\/api\/wp\/v2\/comments?post=417574"}],"version-history":[{"count":0,"href":"https:\/\/portaltela.pt\/api\/wp\/v2\/posts\/417574\/revisions"}],"wp:featuredmedia":[{"embeddable":true,"href":"https:\/\/portaltela.pt\/api\/wp\/v2\/media\/417579"}],"wp:attachment":[{"href":"https:\/\/portaltela.pt\/api\/wp\/v2\/media?parent=417574"}],"wp:term":[{"taxonomy":"category","embeddable":true,"href":"https:\/\/portaltela.pt\/api\/wp\/v2\/categories?post=417574"},{"taxonomy":"post_tag","embeddable":true,"href":"https:\/\/portaltela.pt\/api\/wp\/v2\/tags?post=417574"}],"curies":[{"name":"wp","href":"https:\/\/api.w.org\/{rel}","templated":true}]}}