{"id":417573,"date":"2026-03-20T12:50:09","date_gmt":"2026-03-20T15:50:09","guid":{"rendered":"https:\/\/portaltela.pt\/noticias\/2026\/03\/20\/paulo-joao-santos-discute-guerra-no-medio-oriente-e-ocupacao-de-kharg-pelos-eua\/"},"modified":"2026-03-20T12:50:09","modified_gmt":"2026-03-20T15:50:09","slug":"paulo-joao-santos-discute-guerra-no-medio-oriente-e-ocupacao-de-kharg-pelos-eua","status":"publish","type":"post","link":"https:\/\/portaltela.pt\/geopolitica\/2026\/03\/20\/paulo-joao-santos-discute-guerra-no-medio-oriente-e-ocupacao-de-kharg-pelos-eua\/","title":{"rendered":"Paulo Jo\u00e3o Santos discute guerra no M\u00e9dio Oriente e ocupa\u00e7\u00e3o de Kharg pelos EUA"},"content":{"rendered":"<p>O diretor executivo do CM, Paulo Jo\u00e3o Santos, falou hoje sobre a guerra no M\u00e9dio Oriente e sobre a poss\u00edvel decis\u00e3o do presidente dos EUA de ocupar a ilha iraniana de Kharg. O posicionamento foi transmitido pela reda\u00e7\u00e3o da not\u00edcia, que acompanha o tema com foco informativo.<\/p>\n<p>Segundo a fala de Santos, ainda n\u00e3o h\u00e1 sinal de resolu\u00e7\u00e3o r\u00e1pida no conflito. O CM aponta que a capacidade de resposta do Ir\u00e3o tem surpreendido observadores, sem detalhar cen\u00e1rios ou estrat\u00e9gias.<\/p>\n<p>A ilha de Kharg, situada no golfo P\u00e9rsico, \u00e9 citada como ponto de interesse em discuss\u00f5es geopol\u00edticas atuais. A not\u00edcia resume a posi\u00e7\u00e3o do CM sem confirmar a\u00e7\u00f5es concretas, mantendo o foco na evolu\u00e7\u00e3o do conflito e nas rea\u00e7\u00f5es das partes envolvidas.<\/p>\n<h3>Contexto regional<\/h3>\n<p>O conte\u00fado destaca a t\u00f3nica de tens\u00e3o no M\u00e9dio Oriente e o papel de intervenientes internacionais na regi\u00e3o, sem avan\u00e7ar previs\u00f5es ou opini\u00f5es. A reda\u00e7\u00e3o continua a acompanhar desenvolvimentos relevantes para a estabilidade regional e para as possibilidades de resposta dos pa\u00edses implicados.<\/p>\n","protected":false},"excerpt":{"rendered":"<ul>\n<li>Paulo Jo\u00e3o Santos comenta a guerra no M\u00e9dio Oriente.<\/li>\n<li>O diretor executivo do CM diz n\u00e3o haver sinal de &#8220;fumo branco&#8221; no conflito.<\/li>\n<li>A capacidade de resposta do Ir\u00e3o est\u00e1 a surpreender os observadores.<\/li>\n<li>O tema inclui ainda a possibilidade mencionada de os EUA ponderarem ocupar a ilha iraniana de Kharg.<\/li>\n<li>Nota publicada em 20 de mar\u00e7o de 2026 \u00e0s 15:50.<\/li>\n<\/ul>\n","protected":false},"author":2,"featured_media":417577,"comment_status":"closed","ping_status":"closed","sticky":false,"template":"","format":"standard","meta":{"footnotes":""},"categories":[6814],"tags":[2198,66,62,2108,5698],"class_list":["post-417573","post","type-post","status-publish","format-standard","has-post-thumbnail","hentry","category-geopolitica","tag-conflitos-internacionais","tag-geopolitica","tag-guerra","tag-intervencao-internacional","tag-politica-internacional"],"yoast_head":"<!-- This site is optimized with the Yoast SEO plugin v27.2 - https:\/\/yoast.com\/product\/yoast-seo-wordpress\/ -->\n<title>Paulo Jo\u00e3o Santos discute guerra no M\u00e9dio Oriente e ocupa\u00e7\u00e3o de Kharg pelos EUA - Portal Tela Portugal<\/title>\n<meta name=\"robots\" content=\"index, follow, max-snippet:-1, max-image-preview:large, max-video-preview:-1\" \/>\n<meta property=\"og:locale\" content=\"pt_PT\" \/>\n<meta property=\"og:type\" content=\"article\" \/>\n<meta property=\"og:title\" content=\"Paulo Jo\u00e3o Santos discute guerra no M\u00e9dio Oriente e ocupa\u00e7\u00e3o de Kharg pelos EUA - Portal Tela Portugal\" \/>\n<meta property=\"og:description\" content=\"Paulo Jo\u00e3o Santos comenta a guerra no M\u00e9dio Oriente. O diretor executivo do CM diz n\u00e3o haver sinal de &quot;fumo branco&quot; no conflito. A capacidade de resposta do Ir\u00e3o est\u00e1 a surpreender os observadores. O tema inclui ainda a possibilidade mencionada de os EUA ponderarem ocupar a ilha iraniana de Kharg. Nota publicada em 20 de mar\u00e7o de 2026 \u00e0s 15:50.\" \/>\n<meta property=\"og:url\" content=\"https:\/\/portaltela.pt\/noticias\/2026\/03\/20\/paulo-joao-santos-discute-guerra-no-medio-oriente-e-ocupacao-de-kharg-pelos-eua\/\" \/>\n<meta property=\"og:site_name\" content=\"Portal Tela Portugal\" \/>\n<meta property=\"article:published_time\" content=\"2026-03-20T15:50:09+00:00\" \/>\n<meta name=\"author\" content=\"Telinha\" \/>\n<meta name=\"twitter:card\" content=\"summary_large_image\" \/>\n<meta name=\"twitter:label1\" content=\"Escrito por\" \/>\n\t<meta name=\"twitter:data1\" content=\"Telinha\" \/>\n\t<meta name=\"twitter:label2\" content=\"Tempo estimado de leitura\" \/>\n\t<meta name=\"twitter:data2\" content=\"1 minuto\" \/>\n<script type=\"application\/ld+json\" class=\"yoast-schema-graph\">{\"@context\":\"https:\/\/schema.org\",\"@graph\":[{\"@type\":\"Article\",\"@id\":\"https:\/\/portaltela.pt\/noticias\/2026\/03\/20\/paulo-joao-santos-discute-guerra-no-medio-oriente-e-ocupacao-de-kharg-pelos-eua\/#article\",\"isPartOf\":{\"@id\":\"https:\/\/portaltela.pt\/noticias\/2026\/03\/20\/paulo-joao-santos-discute-guerra-no-medio-oriente-e-ocupacao-de-kharg-pelos-eua\/\"},\"author\":{\"name\":\"Telinha\",\"@id\":\"https:\/\/portaltela.pt\/#\/schema\/person\/c4278d4a6028830caff9ee44b42d32ed\"},\"headline\":\"Paulo Jo\u00e3o Santos discute guerra no M\u00e9dio Oriente e ocupa\u00e7\u00e3o de Kharg pelos EUA\",\"datePublished\":\"2026-03-20T15:50:09+00:00\",\"mainEntityOfPage\":{\"@id\":\"https:\/\/portaltela.pt\/noticias\/2026\/03\/20\/paulo-joao-santos-discute-guerra-no-medio-oriente-e-ocupacao-de-kharg-pelos-eua\/\"},\"wordCount\":212,\"image\":{\"@id\":\"https:\/\/portaltela.pt\/noticias\/2026\/03\/20\/paulo-joao-santos-discute-guerra-no-medio-oriente-e-ocupacao-de-kharg-pelos-eua\/#primaryimage\"},\"thumbnailUrl\":\"https:\/\/portaltela.pt\/s.01k8rhncp4jt1\/2026\/03\/img_1280x722uu2026-03-20-15-46-07-2273700.jpg\",\"keywords\":[\"conflitos internacionais\",\"geopol\u00edtica\",\"guerra\",\"interven\u00e7\u00e3o internacional\",\"pol\u00edtica internacional\"],\"articleSection\":[\"Geopol\u00edtica\"],\"inLanguage\":\"pt-PT\"},{\"@type\":\"WebPage\",\"@id\":\"https:\/\/portaltela.pt\/noticias\/2026\/03\/20\/paulo-joao-santos-discute-guerra-no-medio-oriente-e-ocupacao-de-kharg-pelos-eua\/\",\"url\":\"https:\/\/portaltela.pt\/noticias\/2026\/03\/20\/paulo-joao-santos-discute-guerra-no-medio-oriente-e-ocupacao-de-kharg-pelos-eua\/\",\"name\":\"Paulo Jo\u00e3o Santos discute guerra no M\u00e9dio Oriente e ocupa\u00e7\u00e3o de Kharg pelos EUA - Portal Tela Portugal\",\"isPartOf\":{\"@id\":\"https:\/\/portaltela.pt\/#website\"},\"primaryImageOfPage\":{\"@id\":\"https:\/\/portaltela.pt\/noticias\/2026\/03\/20\/paulo-joao-santos-discute-guerra-no-medio-oriente-e-ocupacao-de-kharg-pelos-eua\/#primaryimage\"},\"image\":{\"@id\":\"https:\/\/portaltela.pt\/noticias\/2026\/03\/20\/paulo-joao-santos-discute-guerra-no-medio-oriente-e-ocupacao-de-kharg-pelos-eua\/#primaryimage\"},\"thumbnailUrl\":\"https:\/\/portaltela.pt\/s.01k8rhncp4jt1\/2026\/03\/img_1280x722uu2026-03-20-15-46-07-2273700.jpg\",\"datePublished\":\"2026-03-20T15:50:09+00:00\",\"author\":{\"@id\":\"https:\/\/portaltela.pt\/#\/schema\/person\/c4278d4a6028830caff9ee44b42d32ed\"},\"breadcrumb\":{\"@id\":\"https:\/\/portaltela.pt\/noticias\/2026\/03\/20\/paulo-joao-santos-discute-guerra-no-medio-oriente-e-ocupacao-de-kharg-pelos-eua\/#breadcrumb\"},\"inLanguage\":\"pt-PT\",\"potentialAction\":[{\"@type\":\"ReadAction\",\"target\":[\"https:\/\/portaltela.pt\/noticias\/2026\/03\/20\/paulo-joao-santos-discute-guerra-no-medio-oriente-e-ocupacao-de-kharg-pelos-eua\/\"]}]},{\"@type\":\"ImageObject\",\"inLanguage\":\"pt-PT\",\"@id\":\"https:\/\/portaltela.pt\/noticias\/2026\/03\/20\/paulo-joao-santos-discute-guerra-no-medio-oriente-e-ocupacao-de-kharg-pelos-eua\/#primaryimage\",\"url\":\"https:\/\/portaltela.pt\/s.01k8rhncp4jt1\/2026\/03\/img_1280x722uu2026-03-20-15-46-07-2273700.jpg\",\"contentUrl\":\"https:\/\/portaltela.pt\/s.01k8rhncp4jt1\/2026\/03\/img_1280x722uu2026-03-20-15-46-07-2273700.jpg\",\"width\":796,\"height\":448,\"caption\":\"Photo\"},{\"@type\":\"BreadcrumbList\",\"@id\":\"https:\/\/portaltela.pt\/noticias\/2026\/03\/20\/paulo-joao-santos-discute-guerra-no-medio-oriente-e-ocupacao-de-kharg-pelos-eua\/#breadcrumb\",\"itemListElement\":[{\"@type\":\"ListItem\",\"position\":1,\"name\":\"In\u00edcio\",\"item\":\"https:\/\/portaltela.pt\/\"},{\"@type\":\"ListItem\",\"position\":2,\"name\":\"Paulo Jo\u00e3o Santos discute guerra no M\u00e9dio Oriente e ocupa\u00e7\u00e3o de Kharg pelos EUA\"}]},{\"@type\":\"WebSite\",\"@id\":\"https:\/\/portaltela.pt\/#website\",\"url\":\"https:\/\/portaltela.pt\/\",\"name\":\"Portal Tela Portugal\",\"description\":\"\",\"potentialAction\":[{\"@type\":\"SearchAction\",\"target\":{\"@type\":\"EntryPoint\",\"urlTemplate\":\"https:\/\/portaltela.pt\/?s={search_term_string}\"},\"query-input\":{\"@type\":\"PropertyValueSpecification\",\"valueRequired\":true,\"valueName\":\"search_term_string\"}}],\"inLanguage\":\"pt-PT\"},{\"@type\":\"Person\",\"@id\":\"https:\/\/portaltela.pt\/#\/schema\/person\/c4278d4a6028830caff9ee44b42d32ed\",\"name\":\"Telinha\",\"image\":{\"@type\":\"ImageObject\",\"inLanguage\":\"pt-PT\",\"@id\":\"https:\/\/portaltela.pt\/s.01k8rhncp4jt1\/2025\/11\/talking-bot-125x125.png\",\"url\":\"https:\/\/portaltela.pt\/s.01k8rhncp4jt1\/2025\/11\/talking-bot-125x125.png\",\"contentUrl\":\"https:\/\/portaltela.pt\/s.01k8rhncp4jt1\/2025\/11\/talking-bot-125x125.png\",\"caption\":\"Telinha\"},\"sameAs\":[\"https:\/\/portaltela.pt\/\"],\"url\":\"https:\/\/portaltela.pt\/por\/367410592786\/\"}]}<\/script>\n<!-- \/ Yoast SEO plugin. -->","yoast_head_json":{"title":"Paulo Jo\u00e3o Santos discute guerra no M\u00e9dio Oriente e ocupa\u00e7\u00e3o de Kharg pelos EUA - Portal Tela Portugal","robots":{"index":"index","follow":"follow","max-snippet":"max-snippet:-1","max-image-preview":"max-image-preview:large","max-video-preview":"max-video-preview:-1"},"og_locale":"pt_PT","og_type":"article","og_title":"Paulo Jo\u00e3o Santos discute guerra no M\u00e9dio Oriente e ocupa\u00e7\u00e3o de Kharg pelos EUA - Portal Tela Portugal","og_description":"Paulo Jo\u00e3o Santos comenta a guerra no M\u00e9dio Oriente. O diretor executivo do CM diz n\u00e3o haver sinal de \"fumo branco\" no conflito. A capacidade de resposta do Ir\u00e3o est\u00e1 a surpreender os observadores. O tema inclui ainda a possibilidade mencionada de os EUA ponderarem ocupar a ilha iraniana de Kharg. Nota publicada em 20 de mar\u00e7o de 2026 \u00e0s 15:50.","og_url":"https:\/\/portaltela.pt\/noticias\/2026\/03\/20\/paulo-joao-santos-discute-guerra-no-medio-oriente-e-ocupacao-de-kharg-pelos-eua\/","og_site_name":"Portal Tela Portugal","article_published_time":"2026-03-20T15:50:09+00:00","author":"Telinha","twitter_card":"summary_large_image","twitter_misc":{"Escrito por":"Telinha","Tempo estimado de leitura":"1 minuto"},"schema":{"@context":"https:\/\/schema.org","@graph":[{"@type":"Article","@id":"https:\/\/portaltela.pt\/noticias\/2026\/03\/20\/paulo-joao-santos-discute-guerra-no-medio-oriente-e-ocupacao-de-kharg-pelos-eua\/#article","isPartOf":{"@id":"https:\/\/portaltela.pt\/noticias\/2026\/03\/20\/paulo-joao-santos-discute-guerra-no-medio-oriente-e-ocupacao-de-kharg-pelos-eua\/"},"author":{"name":"Telinha","@id":"https:\/\/portaltela.pt\/#\/schema\/person\/c4278d4a6028830caff9ee44b42d32ed"},"headline":"Paulo Jo\u00e3o Santos discute guerra no M\u00e9dio Oriente e ocupa\u00e7\u00e3o de Kharg pelos EUA","datePublished":"2026-03-20T15:50:09+00:00","mainEntityOfPage":{"@id":"https:\/\/portaltela.pt\/noticias\/2026\/03\/20\/paulo-joao-santos-discute-guerra-no-medio-oriente-e-ocupacao-de-kharg-pelos-eua\/"},"wordCount":212,"image":{"@id":"https:\/\/portaltela.pt\/noticias\/2026\/03\/20\/paulo-joao-santos-discute-guerra-no-medio-oriente-e-ocupacao-de-kharg-pelos-eua\/#primaryimage"},"thumbnailUrl":"https:\/\/portaltela.pt\/s.01k8rhncp4jt1\/2026\/03\/img_1280x722uu2026-03-20-15-46-07-2273700.jpg","keywords":["conflitos internacionais","geopol\u00edtica","guerra","interven\u00e7\u00e3o internacional","pol\u00edtica internacional"],"articleSection":["Geopol\u00edtica"],"inLanguage":"pt-PT"},{"@type":"WebPage","@id":"https:\/\/portaltela.pt\/noticias\/2026\/03\/20\/paulo-joao-santos-discute-guerra-no-medio-oriente-e-ocupacao-de-kharg-pelos-eua\/","url":"https:\/\/portaltela.pt\/noticias\/2026\/03\/20\/paulo-joao-santos-discute-guerra-no-medio-oriente-e-ocupacao-de-kharg-pelos-eua\/","name":"Paulo Jo\u00e3o Santos discute guerra no M\u00e9dio Oriente e ocupa\u00e7\u00e3o de Kharg pelos EUA - Portal Tela Portugal","isPartOf":{"@id":"https:\/\/portaltela.pt\/#website"},"primaryImageOfPage":{"@id":"https:\/\/portaltela.pt\/noticias\/2026\/03\/20\/paulo-joao-santos-discute-guerra-no-medio-oriente-e-ocupacao-de-kharg-pelos-eua\/#primaryimage"},"image":{"@id":"https:\/\/portaltela.pt\/noticias\/2026\/03\/20\/paulo-joao-santos-discute-guerra-no-medio-oriente-e-ocupacao-de-kharg-pelos-eua\/#primaryimage"},"thumbnailUrl":"https:\/\/portaltela.pt\/s.01k8rhncp4jt1\/2026\/03\/img_1280x722uu2026-03-20-15-46-07-2273700.jpg","datePublished":"2026-03-20T15:50:09+00:00","author":{"@id":"https:\/\/portaltela.pt\/#\/schema\/person\/c4278d4a6028830caff9ee44b42d32ed"},"breadcrumb":{"@id":"https:\/\/portaltela.pt\/noticias\/2026\/03\/20\/paulo-joao-santos-discute-guerra-no-medio-oriente-e-ocupacao-de-kharg-pelos-eua\/#breadcrumb"},"inLanguage":"pt-PT","potentialAction":[{"@type":"ReadAction","target":["https:\/\/portaltela.pt\/noticias\/2026\/03\/20\/paulo-joao-santos-discute-guerra-no-medio-oriente-e-ocupacao-de-kharg-pelos-eua\/"]}]},{"@type":"ImageObject","inLanguage":"pt-PT","@id":"https:\/\/portaltela.pt\/noticias\/2026\/03\/20\/paulo-joao-santos-discute-guerra-no-medio-oriente-e-ocupacao-de-kharg-pelos-eua\/#primaryimage","url":"https:\/\/portaltela.pt\/s.01k8rhncp4jt1\/2026\/03\/img_1280x722uu2026-03-20-15-46-07-2273700.jpg","contentUrl":"https:\/\/portaltela.pt\/s.01k8rhncp4jt1\/2026\/03\/img_1280x722uu2026-03-20-15-46-07-2273700.jpg","width":796,"height":448,"caption":"Photo"},{"@type":"BreadcrumbList","@id":"https:\/\/portaltela.pt\/noticias\/2026\/03\/20\/paulo-joao-santos-discute-guerra-no-medio-oriente-e-ocupacao-de-kharg-pelos-eua\/#breadcrumb","itemListElement":[{"@type":"ListItem","position":1,"name":"In\u00edcio","item":"https:\/\/portaltela.pt\/"},{"@type":"ListItem","position":2,"name":"Paulo Jo\u00e3o Santos discute guerra no M\u00e9dio Oriente e ocupa\u00e7\u00e3o de Kharg pelos EUA"}]},{"@type":"WebSite","@id":"https:\/\/portaltela.pt\/#website","url":"https:\/\/portaltela.pt\/","name":"Portal Tela Portugal","description":"","potentialAction":[{"@type":"SearchAction","target":{"@type":"EntryPoint","urlTemplate":"https:\/\/portaltela.pt\/?s={search_term_string}"},"query-input":{"@type":"PropertyValueSpecification","valueRequired":true,"valueName":"search_term_string"}}],"inLanguage":"pt-PT"},{"@type":"Person","@id":"https:\/\/portaltela.pt\/#\/schema\/person\/c4278d4a6028830caff9ee44b42d32ed","name":"Telinha","image":{"@type":"ImageObject","inLanguage":"pt-PT","@id":"https:\/\/portaltela.pt\/s.01k8rhncp4jt1\/2025\/11\/talking-bot-125x125.png","url":"https:\/\/portaltela.pt\/s.01k8rhncp4jt1\/2025\/11\/talking-bot-125x125.png","contentUrl":"https:\/\/portaltela.pt\/s.01k8rhncp4jt1\/2025\/11\/talking-bot-125x125.png","caption":"Telinha"},"sameAs":["https:\/\/portaltela.pt\/"],"url":"https:\/\/portaltela.pt\/por\/367410592786\/"}]}},"_links":{"self":[{"href":"https:\/\/portaltela.pt\/api\/wp\/v2\/posts\/417573","targetHints":{"allow":["GET"]}}],"collection":[{"href":"https:\/\/portaltela.pt\/api\/wp\/v2\/posts"}],"about":[{"href":"https:\/\/portaltela.pt\/api\/wp\/v2\/types\/post"}],"author":[{"embeddable":true,"href":"https:\/\/portaltela.pt\/api\/wp\/v2\/users\/2"}],"replies":[{"embeddable":true,"href":"https:\/\/portaltela.pt\/api\/wp\/v2\/comments?post=417573"}],"version-history":[{"count":0,"href":"https:\/\/portaltela.pt\/api\/wp\/v2\/posts\/417573\/revisions"}],"wp:featuredmedia":[{"embeddable":true,"href":"https:\/\/portaltela.pt\/api\/wp\/v2\/media\/417577"}],"wp:attachment":[{"href":"https:\/\/portaltela.pt\/api\/wp\/v2\/media?parent=417573"}],"wp:term":[{"taxonomy":"category","embeddable":true,"href":"https:\/\/portaltela.pt\/api\/wp\/v2\/categories?post=417573"},{"taxonomy":"post_tag","embeddable":true,"href":"https:\/\/portaltela.pt\/api\/wp\/v2\/tags?post=417573"}],"curies":[{"name":"wp","href":"https:\/\/api.w.org\/{rel}","templated":true}]}}