{"id":417572,"date":"2026-03-20T12:40:00","date_gmt":"2026-03-20T15:40:00","guid":{"rendered":"https:\/\/portaltela.pt\/noticias\/2026\/03\/20\/dentistas-criticam-reducao-do-valor-do-cheque-e-temem-que-programa-nao-saia-do-papel\/"},"modified":"2026-03-20T12:40:00","modified_gmt":"2026-03-20T15:40:00","slug":"dentistas-criticam-reducao-do-valor-do-cheque-e-temem-que-programa-nao-saia-do-papel","status":"publish","type":"post","link":"https:\/\/portaltela.pt\/saude\/2026\/03\/20\/dentistas-criticam-reducao-do-valor-do-cheque-e-temem-que-programa-nao-saia-do-papel\/","title":{"rendered":"Dentistas criticam redu\u00e7\u00e3o do valor do cheque e temem que programa n\u00e3o saia do papel"},"content":{"rendered":"<p>A Ordem dos M\u00e9dicos Dentistas (OMD) teme que o novo Programa Nacional de Promo\u00e7\u00e3o da Sa\u00fade Oral 2030 (PNPSO 2030) fique apenas no papel. O baston\u00e1rio Miguel Pav\u00e3o aponta que a implementa\u00e7\u00e3o est\u00e1 prevista para 2027, mas v\u00e1rias medidas j\u00e1 constavam na portaria anterior sem terem sido aplicadas.<\/p>\n<p>Para a OMD, a demora e a redu\u00e7\u00e3o do valor do cheque-dentista continuam a comprometer o acesso. Pav\u00e3o frisa que o documento atual repete caminhos j\u00e1 descritos em relat\u00f3rios e portarias anteriores, sem execu\u00e7\u00e3o pr\u00e1tica at\u00e9 ao momento.<\/p>\n<p>O PNPSO 2030 prev\u00ea a automa\u00e7\u00e3o e desmaterializa\u00e7\u00e3o do cheque-dentista atrav\u00e9s do Sistema de Informa\u00e7\u00e3o de Sa\u00fade Oral (SISO) e a monitoriza\u00e7\u00e3o de indicadores. A data estimada de entrada em opera\u00e7\u00e3o \u00e9 1 de Janeiro de 2027.<\/p>\n<h3>Contexto e resposta oficial<\/h3>\n<p>A ministra da Sa\u00fade, Ana Paula Martins, afirmou que o programa j\u00e1 est\u00e1 a ser implementado e que a rede nacional consolidar-se-\u00e1 em 2027. Segundo a governante, todos os programas requerem or\u00e7amento plurianual, com o alargamento do acesso a implicar muitos milh\u00f5es de euros.<\/p>\n<p>Martins acrescentou que o cheque-dentista foi alargado a \u00e1reas antes n\u00e3o abrangidas e que o objetivo \u00e9 alcan\u00e7ar popula\u00e7\u00f5es mais vulner\u00e1veis, incluindo o cheque prot\u00e9sico, no pr\u00f3ximo ano. Refere que o investimento justifica-se pela necessidade de planeamento or\u00e7amental.<\/p>\n<p>O baston\u00e1rio ressalva que a revis\u00e3o do valor pago pelo cheque-dentista contraria a narrativa de refor\u00e7o do acesso. O valor para crian\u00e7as e jovens at\u00e9 18 anos passa a 40 euros, com os restantes a 45 euros, conforme a portaria em vigor de 2023.<\/p>\n<p>Apesar das cr\u00edticas, Pav\u00e3o reconhece avan\u00e7os, como a possibilidade de alargar os cheques de tratamento e a cria\u00e7\u00e3o da Rede Nacional de Sa\u00fade Oral. A OMD, no entanto, considera que o mapeamento existente n\u00e3o est\u00e1 atualizado desde 2018.<\/p>\n<h3>Desafios t\u00e9cnicos e debates<\/h3>\n<p>A OMD alerta para a desmaterializa\u00e7\u00e3o do cheque-dentista e a actualizaci\u00f3n do SISO 2.0, que permanece inalterado desde 2008. A associa\u00e7\u00e3o diz que medidas j\u00e1 planeadas s\u00e3o necess\u00e1rias, desde que executadas com impacto real na vida das pessoas.<\/p>\n<p>O que est\u00e1 em jogo, segundo a OMD, \u00e9 a coer\u00eancia entre an\u00fancio de reformas e a pr\u00e1tica. O grupo chama aten\u00e7\u00e3o para a necessidade de envolvimento dos intervenientes do setor no desenho de futuras normas.<\/p>\n","protected":false},"excerpt":{"rendered":"<ul>\n<li>A Ordem dos M\u00e9dicos Dentistas teme que o Novo Programa Nacional de Promo\u00e7\u00e3o da Sa\u00fade Oral 2030 (PNPSO 2030) n\u00e3o se realize, j\u00e1 que a implementa\u00e7\u00e3o est\u00e1 prevista apenas para 2027.<\/li>\n<li>A portaria atual prev\u00ea que os cheques-dentista iniciais para fam\u00edlias com diagn\u00f3stico at\u00e9 aos 18 anos passam a valer 40 euros, sendo os seguintes pagos a 45 euros; a OMD acusa redu\u00e7\u00e3o de valor e questiona o refor\u00e7o do acesso.<\/li>\n<li>A desmaterializa\u00e7\u00e3o do cheque-dentista e a atualiza\u00e7\u00e3o do sistema inform\u00e1tico SISO 2.0 permanecem sem altera\u00e7\u00f5es desde 2008, segundo a Ordem.<\/li>\n<li>A Rede Nacional de Sa\u00fade Oral \u00e9 apontada pela OMD como positivo, mas o \u00f3rg\u00e3o diz tratar-se de um mapeamento j\u00e1 existente que n\u00e3o est\u00e1 atualizado desde 2018.<\/li>\n<li>A ministra da Sa\u00fade afirma que o programa j\u00e1 est\u00e1 a ser implementado e que a rede consolidar-se-\u00e1 em 2027, destacando a necessidade de or\u00e7amento plurianual para estender o acesso, incluindo o alargamento do cheque-dentista a outras \u00e1reas.<\/li>\n<\/ul>\n","protected":false},"author":2,"featured_media":417578,"comment_status":"closed","ping_status":"closed","sticky":false,"template":"","format":"standard","meta":{"footnotes":""},"categories":[6745],"tags":[229,2022,271,153,759],"class_list":["post-417572","post","type-post","status-publish","format-standard","has-post-thumbnail","hentry","category-saude","tag-politica-publica","tag-saude-oral","tag-saude-publica","tag-tecnologia","tag-transformacao-digital"],"yoast_head":"<!-- This site is optimized with the Yoast SEO plugin v27.2 - https:\/\/yoast.com\/product\/yoast-seo-wordpress\/ -->\n<title>Dentistas criticam redu\u00e7\u00e3o do valor do cheque e temem que programa n\u00e3o saia do papel - Portal Tela Portugal<\/title>\n<meta name=\"robots\" content=\"index, follow, max-snippet:-1, max-image-preview:large, max-video-preview:-1\" \/>\n<meta property=\"og:locale\" content=\"pt_PT\" \/>\n<meta property=\"og:type\" content=\"article\" \/>\n<meta property=\"og:title\" content=\"Dentistas criticam redu\u00e7\u00e3o do valor do cheque e temem que programa n\u00e3o saia do papel - Portal Tela Portugal\" \/>\n<meta property=\"og:description\" content=\"A Ordem dos M\u00e9dicos Dentistas teme que o Novo Programa Nacional de Promo\u00e7\u00e3o da Sa\u00fade Oral 2030 (PNPSO 2030) n\u00e3o se realize, j\u00e1 que a implementa\u00e7\u00e3o est\u00e1 prevista apenas para 2027. A portaria atual prev\u00ea que os cheques-dentista iniciais para fam\u00edlias com diagn\u00f3stico at\u00e9 aos 18 anos passam a valer 40 euros, sendo os seguintes pagos a 45 euros; a OMD acusa redu\u00e7\u00e3o de valor e questiona o refor\u00e7o do acesso. A desmaterializa\u00e7\u00e3o do cheque-dentista e a atualiza\u00e7\u00e3o do sistema inform\u00e1tico SISO 2.0 permanecem sem altera\u00e7\u00f5es desde 2008, segundo a Ordem. A Rede Nacional de Sa\u00fade Oral \u00e9 apontada pela OMD como positivo, mas o \u00f3rg\u00e3o diz tratar-se de um mapeamento j\u00e1 existente que n\u00e3o est\u00e1 atualizado desde 2018. A ministra da Sa\u00fade afirma que o programa j\u00e1 est\u00e1 a ser implementado e que a rede consolidar-se-\u00e1 em 2027, destacando a necessidade de or\u00e7amento plurianual para estender o acesso, incluindo o alargamento do cheque-dentista a outras \u00e1reas.\" \/>\n<meta property=\"og:url\" content=\"https:\/\/portaltela.pt\/noticias\/2026\/03\/20\/dentistas-criticam-reducao-do-valor-do-cheque-e-temem-que-programa-nao-saia-do-papel\/\" \/>\n<meta property=\"og:site_name\" content=\"Portal Tela Portugal\" \/>\n<meta property=\"article:published_time\" content=\"2026-03-20T15:40:00+00:00\" \/>\n<meta name=\"author\" content=\"Telinha\" \/>\n<meta name=\"twitter:card\" content=\"summary_large_image\" \/>\n<meta name=\"twitter:label1\" content=\"Escrito por\" \/>\n\t<meta name=\"twitter:data1\" content=\"Telinha\" \/>\n\t<meta name=\"twitter:label2\" content=\"Tempo estimado de leitura\" \/>\n\t<meta name=\"twitter:data2\" content=\"2 minutos\" \/>\n<script type=\"application\/ld+json\" class=\"yoast-schema-graph\">{\"@context\":\"https:\/\/schema.org\",\"@graph\":[{\"@type\":\"Article\",\"@id\":\"https:\/\/portaltela.pt\/noticias\/2026\/03\/20\/dentistas-criticam-reducao-do-valor-do-cheque-e-temem-que-programa-nao-saia-do-papel\/#article\",\"isPartOf\":{\"@id\":\"https:\/\/portaltela.pt\/noticias\/2026\/03\/20\/dentistas-criticam-reducao-do-valor-do-cheque-e-temem-que-programa-nao-saia-do-papel\/\"},\"author\":{\"name\":\"Telinha\",\"@id\":\"https:\/\/portaltela.pt\/#\/schema\/person\/c4278d4a6028830caff9ee44b42d32ed\"},\"headline\":\"Dentistas criticam redu\u00e7\u00e3o do valor do cheque e temem que programa n\u00e3o saia do papel\",\"datePublished\":\"2026-03-20T15:40:00+00:00\",\"mainEntityOfPage\":{\"@id\":\"https:\/\/portaltela.pt\/noticias\/2026\/03\/20\/dentistas-criticam-reducao-do-valor-do-cheque-e-temem-que-programa-nao-saia-do-papel\/\"},\"wordCount\":418,\"image\":{\"@id\":\"https:\/\/portaltela.pt\/noticias\/2026\/03\/20\/dentistas-criticam-reducao-do-valor-do-cheque-e-temem-que-programa-nao-saia-do-papel\/#primaryimage\"},\"thumbnailUrl\":\"https:\/\/portaltela.pt\/s.01k8rhncp4jt1\/2026\/03\/2075826.jpg\",\"keywords\":[\"pol\u00edtica p\u00fablica\",\"Sa\u00fade Oral\",\"sa\u00fade p\u00fablica\",\"tecnologia\",\"transforma\u00e7\u00e3o digital\"],\"articleSection\":[\"Sa\u00fade\"],\"inLanguage\":\"pt-PT\"},{\"@type\":\"WebPage\",\"@id\":\"https:\/\/portaltela.pt\/noticias\/2026\/03\/20\/dentistas-criticam-reducao-do-valor-do-cheque-e-temem-que-programa-nao-saia-do-papel\/\",\"url\":\"https:\/\/portaltela.pt\/noticias\/2026\/03\/20\/dentistas-criticam-reducao-do-valor-do-cheque-e-temem-que-programa-nao-saia-do-papel\/\",\"name\":\"Dentistas criticam redu\u00e7\u00e3o do valor do cheque e temem que programa n\u00e3o saia do papel - Portal Tela Portugal\",\"isPartOf\":{\"@id\":\"https:\/\/portaltela.pt\/#website\"},\"primaryImageOfPage\":{\"@id\":\"https:\/\/portaltela.pt\/noticias\/2026\/03\/20\/dentistas-criticam-reducao-do-valor-do-cheque-e-temem-que-programa-nao-saia-do-papel\/#primaryimage\"},\"image\":{\"@id\":\"https:\/\/portaltela.pt\/noticias\/2026\/03\/20\/dentistas-criticam-reducao-do-valor-do-cheque-e-temem-que-programa-nao-saia-do-papel\/#primaryimage\"},\"thumbnailUrl\":\"https:\/\/portaltela.pt\/s.01k8rhncp4jt1\/2026\/03\/2075826.jpg\",\"datePublished\":\"2026-03-20T15:40:00+00:00\",\"author\":{\"@id\":\"https:\/\/portaltela.pt\/#\/schema\/person\/c4278d4a6028830caff9ee44b42d32ed\"},\"breadcrumb\":{\"@id\":\"https:\/\/portaltela.pt\/noticias\/2026\/03\/20\/dentistas-criticam-reducao-do-valor-do-cheque-e-temem-que-programa-nao-saia-do-papel\/#breadcrumb\"},\"inLanguage\":\"pt-PT\",\"potentialAction\":[{\"@type\":\"ReadAction\",\"target\":[\"https:\/\/portaltela.pt\/noticias\/2026\/03\/20\/dentistas-criticam-reducao-do-valor-do-cheque-e-temem-que-programa-nao-saia-do-papel\/\"]}]},{\"@type\":\"ImageObject\",\"inLanguage\":\"pt-PT\",\"@id\":\"https:\/\/portaltela.pt\/noticias\/2026\/03\/20\/dentistas-criticam-reducao-do-valor-do-cheque-e-temem-que-programa-nao-saia-do-papel\/#primaryimage\",\"url\":\"https:\/\/portaltela.pt\/s.01k8rhncp4jt1\/2026\/03\/2075826.jpg\",\"contentUrl\":\"https:\/\/portaltela.pt\/s.01k8rhncp4jt1\/2026\/03\/2075826.jpg\",\"width\":796,\"height\":448,\"caption\":\"Segundo a Ordem dos Dentistas, entre 2008 e Julho de 2025, dos mais de 7,5 milh\u00f5es de cheques-dentista emitidos para crian\u00e7as e jovens at\u00e9 aos 18 anos, s\u00f3 5,1 milh\u00f5es foram usados\"},{\"@type\":\"BreadcrumbList\",\"@id\":\"https:\/\/portaltela.pt\/noticias\/2026\/03\/20\/dentistas-criticam-reducao-do-valor-do-cheque-e-temem-que-programa-nao-saia-do-papel\/#breadcrumb\",\"itemListElement\":[{\"@type\":\"ListItem\",\"position\":1,\"name\":\"In\u00edcio\",\"item\":\"https:\/\/portaltela.pt\/\"},{\"@type\":\"ListItem\",\"position\":2,\"name\":\"Dentistas criticam redu\u00e7\u00e3o do valor do cheque e temem que programa n\u00e3o saia do papel\"}]},{\"@type\":\"WebSite\",\"@id\":\"https:\/\/portaltela.pt\/#website\",\"url\":\"https:\/\/portaltela.pt\/\",\"name\":\"Portal Tela Portugal\",\"description\":\"\",\"potentialAction\":[{\"@type\":\"SearchAction\",\"target\":{\"@type\":\"EntryPoint\",\"urlTemplate\":\"https:\/\/portaltela.pt\/?s={search_term_string}\"},\"query-input\":{\"@type\":\"PropertyValueSpecification\",\"valueRequired\":true,\"valueName\":\"search_term_string\"}}],\"inLanguage\":\"pt-PT\"},{\"@type\":\"Person\",\"@id\":\"https:\/\/portaltela.pt\/#\/schema\/person\/c4278d4a6028830caff9ee44b42d32ed\",\"name\":\"Telinha\",\"image\":{\"@type\":\"ImageObject\",\"inLanguage\":\"pt-PT\",\"@id\":\"https:\/\/portaltela.pt\/s.01k8rhncp4jt1\/2025\/11\/talking-bot-125x125.png\",\"url\":\"https:\/\/portaltela.pt\/s.01k8rhncp4jt1\/2025\/11\/talking-bot-125x125.png\",\"contentUrl\":\"https:\/\/portaltela.pt\/s.01k8rhncp4jt1\/2025\/11\/talking-bot-125x125.png\",\"caption\":\"Telinha\"},\"sameAs\":[\"https:\/\/portaltela.pt\/\"],\"url\":\"https:\/\/portaltela.pt\/por\/367410592786\/\"}]}<\/script>\n<!-- \/ Yoast SEO plugin. -->","yoast_head_json":{"title":"Dentistas criticam redu\u00e7\u00e3o do valor do cheque e temem que programa n\u00e3o saia do papel - Portal Tela Portugal","robots":{"index":"index","follow":"follow","max-snippet":"max-snippet:-1","max-image-preview":"max-image-preview:large","max-video-preview":"max-video-preview:-1"},"og_locale":"pt_PT","og_type":"article","og_title":"Dentistas criticam redu\u00e7\u00e3o do valor do cheque e temem que programa n\u00e3o saia do papel - Portal Tela Portugal","og_description":"A Ordem dos M\u00e9dicos Dentistas teme que o Novo Programa Nacional de Promo\u00e7\u00e3o da Sa\u00fade Oral 2030 (PNPSO 2030) n\u00e3o se realize, j\u00e1 que a implementa\u00e7\u00e3o est\u00e1 prevista apenas para 2027. A portaria atual prev\u00ea que os cheques-dentista iniciais para fam\u00edlias com diagn\u00f3stico at\u00e9 aos 18 anos passam a valer 40 euros, sendo os seguintes pagos a 45 euros; a OMD acusa redu\u00e7\u00e3o de valor e questiona o refor\u00e7o do acesso. A desmaterializa\u00e7\u00e3o do cheque-dentista e a atualiza\u00e7\u00e3o do sistema inform\u00e1tico SISO 2.0 permanecem sem altera\u00e7\u00f5es desde 2008, segundo a Ordem. A Rede Nacional de Sa\u00fade Oral \u00e9 apontada pela OMD como positivo, mas o \u00f3rg\u00e3o diz tratar-se de um mapeamento j\u00e1 existente que n\u00e3o est\u00e1 atualizado desde 2018. A ministra da Sa\u00fade afirma que o programa j\u00e1 est\u00e1 a ser implementado e que a rede consolidar-se-\u00e1 em 2027, destacando a necessidade de or\u00e7amento plurianual para estender o acesso, incluindo o alargamento do cheque-dentista a outras \u00e1reas.","og_url":"https:\/\/portaltela.pt\/noticias\/2026\/03\/20\/dentistas-criticam-reducao-do-valor-do-cheque-e-temem-que-programa-nao-saia-do-papel\/","og_site_name":"Portal Tela Portugal","article_published_time":"2026-03-20T15:40:00+00:00","author":"Telinha","twitter_card":"summary_large_image","twitter_misc":{"Escrito por":"Telinha","Tempo estimado de leitura":"2 minutos"},"schema":{"@context":"https:\/\/schema.org","@graph":[{"@type":"Article","@id":"https:\/\/portaltela.pt\/noticias\/2026\/03\/20\/dentistas-criticam-reducao-do-valor-do-cheque-e-temem-que-programa-nao-saia-do-papel\/#article","isPartOf":{"@id":"https:\/\/portaltela.pt\/noticias\/2026\/03\/20\/dentistas-criticam-reducao-do-valor-do-cheque-e-temem-que-programa-nao-saia-do-papel\/"},"author":{"name":"Telinha","@id":"https:\/\/portaltela.pt\/#\/schema\/person\/c4278d4a6028830caff9ee44b42d32ed"},"headline":"Dentistas criticam redu\u00e7\u00e3o do valor do cheque e temem que programa n\u00e3o saia do papel","datePublished":"2026-03-20T15:40:00+00:00","mainEntityOfPage":{"@id":"https:\/\/portaltela.pt\/noticias\/2026\/03\/20\/dentistas-criticam-reducao-do-valor-do-cheque-e-temem-que-programa-nao-saia-do-papel\/"},"wordCount":418,"image":{"@id":"https:\/\/portaltela.pt\/noticias\/2026\/03\/20\/dentistas-criticam-reducao-do-valor-do-cheque-e-temem-que-programa-nao-saia-do-papel\/#primaryimage"},"thumbnailUrl":"https:\/\/portaltela.pt\/s.01k8rhncp4jt1\/2026\/03\/2075826.jpg","keywords":["pol\u00edtica p\u00fablica","Sa\u00fade Oral","sa\u00fade p\u00fablica","tecnologia","transforma\u00e7\u00e3o digital"],"articleSection":["Sa\u00fade"],"inLanguage":"pt-PT"},{"@type":"WebPage","@id":"https:\/\/portaltela.pt\/noticias\/2026\/03\/20\/dentistas-criticam-reducao-do-valor-do-cheque-e-temem-que-programa-nao-saia-do-papel\/","url":"https:\/\/portaltela.pt\/noticias\/2026\/03\/20\/dentistas-criticam-reducao-do-valor-do-cheque-e-temem-que-programa-nao-saia-do-papel\/","name":"Dentistas criticam redu\u00e7\u00e3o do valor do cheque e temem que programa n\u00e3o saia do papel - Portal Tela Portugal","isPartOf":{"@id":"https:\/\/portaltela.pt\/#website"},"primaryImageOfPage":{"@id":"https:\/\/portaltela.pt\/noticias\/2026\/03\/20\/dentistas-criticam-reducao-do-valor-do-cheque-e-temem-que-programa-nao-saia-do-papel\/#primaryimage"},"image":{"@id":"https:\/\/portaltela.pt\/noticias\/2026\/03\/20\/dentistas-criticam-reducao-do-valor-do-cheque-e-temem-que-programa-nao-saia-do-papel\/#primaryimage"},"thumbnailUrl":"https:\/\/portaltela.pt\/s.01k8rhncp4jt1\/2026\/03\/2075826.jpg","datePublished":"2026-03-20T15:40:00+00:00","author":{"@id":"https:\/\/portaltela.pt\/#\/schema\/person\/c4278d4a6028830caff9ee44b42d32ed"},"breadcrumb":{"@id":"https:\/\/portaltela.pt\/noticias\/2026\/03\/20\/dentistas-criticam-reducao-do-valor-do-cheque-e-temem-que-programa-nao-saia-do-papel\/#breadcrumb"},"inLanguage":"pt-PT","potentialAction":[{"@type":"ReadAction","target":["https:\/\/portaltela.pt\/noticias\/2026\/03\/20\/dentistas-criticam-reducao-do-valor-do-cheque-e-temem-que-programa-nao-saia-do-papel\/"]}]},{"@type":"ImageObject","inLanguage":"pt-PT","@id":"https:\/\/portaltela.pt\/noticias\/2026\/03\/20\/dentistas-criticam-reducao-do-valor-do-cheque-e-temem-que-programa-nao-saia-do-papel\/#primaryimage","url":"https:\/\/portaltela.pt\/s.01k8rhncp4jt1\/2026\/03\/2075826.jpg","contentUrl":"https:\/\/portaltela.pt\/s.01k8rhncp4jt1\/2026\/03\/2075826.jpg","width":796,"height":448,"caption":"Segundo a Ordem dos Dentistas, entre 2008 e Julho de 2025, dos mais de 7,5 milh\u00f5es de cheques-dentista emitidos para crian\u00e7as e jovens at\u00e9 aos 18 anos, s\u00f3 5,1 milh\u00f5es foram usados"},{"@type":"BreadcrumbList","@id":"https:\/\/portaltela.pt\/noticias\/2026\/03\/20\/dentistas-criticam-reducao-do-valor-do-cheque-e-temem-que-programa-nao-saia-do-papel\/#breadcrumb","itemListElement":[{"@type":"ListItem","position":1,"name":"In\u00edcio","item":"https:\/\/portaltela.pt\/"},{"@type":"ListItem","position":2,"name":"Dentistas criticam redu\u00e7\u00e3o do valor do cheque e temem que programa n\u00e3o saia do papel"}]},{"@type":"WebSite","@id":"https:\/\/portaltela.pt\/#website","url":"https:\/\/portaltela.pt\/","name":"Portal Tela Portugal","description":"","potentialAction":[{"@type":"SearchAction","target":{"@type":"EntryPoint","urlTemplate":"https:\/\/portaltela.pt\/?s={search_term_string}"},"query-input":{"@type":"PropertyValueSpecification","valueRequired":true,"valueName":"search_term_string"}}],"inLanguage":"pt-PT"},{"@type":"Person","@id":"https:\/\/portaltela.pt\/#\/schema\/person\/c4278d4a6028830caff9ee44b42d32ed","name":"Telinha","image":{"@type":"ImageObject","inLanguage":"pt-PT","@id":"https:\/\/portaltela.pt\/s.01k8rhncp4jt1\/2025\/11\/talking-bot-125x125.png","url":"https:\/\/portaltela.pt\/s.01k8rhncp4jt1\/2025\/11\/talking-bot-125x125.png","contentUrl":"https:\/\/portaltela.pt\/s.01k8rhncp4jt1\/2025\/11\/talking-bot-125x125.png","caption":"Telinha"},"sameAs":["https:\/\/portaltela.pt\/"],"url":"https:\/\/portaltela.pt\/por\/367410592786\/"}]}},"_links":{"self":[{"href":"https:\/\/portaltela.pt\/api\/wp\/v2\/posts\/417572","targetHints":{"allow":["GET"]}}],"collection":[{"href":"https:\/\/portaltela.pt\/api\/wp\/v2\/posts"}],"about":[{"href":"https:\/\/portaltela.pt\/api\/wp\/v2\/types\/post"}],"author":[{"embeddable":true,"href":"https:\/\/portaltela.pt\/api\/wp\/v2\/users\/2"}],"replies":[{"embeddable":true,"href":"https:\/\/portaltela.pt\/api\/wp\/v2\/comments?post=417572"}],"version-history":[{"count":0,"href":"https:\/\/portaltela.pt\/api\/wp\/v2\/posts\/417572\/revisions"}],"wp:featuredmedia":[{"embeddable":true,"href":"https:\/\/portaltela.pt\/api\/wp\/v2\/media\/417578"}],"wp:attachment":[{"href":"https:\/\/portaltela.pt\/api\/wp\/v2\/media?parent=417572"}],"wp:term":[{"taxonomy":"category","embeddable":true,"href":"https:\/\/portaltela.pt\/api\/wp\/v2\/categories?post=417572"},{"taxonomy":"post_tag","embeddable":true,"href":"https:\/\/portaltela.pt\/api\/wp\/v2\/tags?post=417572"}],"curies":[{"name":"wp","href":"https:\/\/api.w.org\/{rel}","templated":true}]}}