{"id":417570,"date":"2026-03-20T12:50:00","date_gmt":"2026-03-20T15:50:00","guid":{"rendered":"https:\/\/portaltela.pt\/noticias\/2026\/03\/20\/martinez-explica-ausencia-de-paulinho-na-convocatoria-por-perfil\/"},"modified":"2026-03-20T12:50:00","modified_gmt":"2026-03-20T15:50:00","slug":"martinez-explica-ausencia-de-paulinho-na-convocatoria-por-perfil","status":"publish","type":"post","link":"https:\/\/portaltela.pt\/desporto\/futebol\/2026\/03\/20\/martinez-explica-ausencia-de-paulinho-na-convocatoria-por-perfil\/","title":{"rendered":"Mart\u00ednez explica aus\u00eancia de Paulinho na convocat\u00f3ria por perfil"},"content":{"rendered":"<p>Roberto Mart\u00ednez explicou as escolhas para o ataque da sele\u00e7\u00e3o nacional, em resposta a perguntas sobre a presen\u00e7a de Gon\u00e7alo Ramos como \u00fanico ponta de refer\u00eancia. O tema ganhou destaque ap\u00f3s a divulga\u00e7\u00e3o da lista de convocados.<\/p>\n<p>O treinador revelou, de forma objetiva, que Paulinho, jogador do Toluca, ficou fora por correspond\u00eancia com o perfil de atacante que pretende utilizar. De acordo com o t\u00e9cnico, \u00e9 uma avalia\u00e7\u00e3o de encaixe t\u00e1tico para o conjunto.<\/p>\n<p>Sobre Gon\u00e7alo Ramos, Mart\u00ednez reiterou que o jogador \u00e9 o \u00fanico ponta de refer\u00eancia na lista, justificando a op\u00e7\u00e3o pela posi\u00e7\u00e3o de ponta de lan\u00e7a face \u00e0s alternativas dispon\u00edveis. A explica\u00e7\u00e3o centrou-se na estrat\u00e9gia de jogo prevista.<\/p>\n<p>A entrevista ocorreu na sequ\u00eancia da divulga\u00e7\u00e3o da convocat\u00f3ria, com foco no planeamento ofensivo da equipa. N\u00e3o foram feitas declara\u00e7\u00f5es adicionais sobre outras escolhas de ataque nem sobre o desempenho de atletas ligados ao Toluca.<\/p>\n","protected":false},"excerpt":{"rendered":"<ul>\n<li>O selecionador Roberto Mart\u00ednez explicou as escolhas para o ataque e porqu\u00ea n\u00e3o chamou Paulinho, do Toluca.<\/li>\n<li>Gon\u00e7alo Ramos \u00e9 apresentado como o \u00fanico ponta de refer\u00eancia na lista.<\/li>\n<li>Mart\u00ednez explicou o perfil que procura para o ataque ao justificar a aus\u00eancia de Paulinho.<\/li>\n<li>A decis\u00e3o foi associada ao encaixe do jogador no sistema e no tipo de ataque desejado.<\/li>\n<li>A explica\u00e7\u00e3o ocorreu durante uma entrevista sobre as op\u00e7\u00f5es ofensivas da equipa.<\/li>\n<\/ul>\n","protected":false},"author":2,"featured_media":417571,"comment_status":"closed","ping_status":"closed","sticky":false,"template":"","format":"standard","meta":{"footnotes":""},"categories":[21,24],"tags":[7343,152,32,2981,1734,2057],"class_list":["post-417570","post","type-post","status-publish","format-standard","has-post-thumbnail","hentry","category-desporto","category-futebol","tag-ataque","tag-desporto","tag-futebol","tag-goncalo-ramos","tag-planeamento-estrategico","tag-selecao-nacional"],"yoast_head":"<!-- This site is optimized with the Yoast SEO plugin v27.2 - https:\/\/yoast.com\/product\/yoast-seo-wordpress\/ -->\n<title>Mart\u00ednez explica aus\u00eancia de Paulinho na convocat\u00f3ria por perfil - Portal Tela Portugal<\/title>\n<meta name=\"robots\" content=\"index, follow, max-snippet:-1, max-image-preview:large, max-video-preview:-1\" \/>\n<meta property=\"og:locale\" content=\"pt_PT\" \/>\n<meta property=\"og:type\" content=\"article\" \/>\n<meta property=\"og:title\" content=\"Mart\u00ednez explica aus\u00eancia de Paulinho na convocat\u00f3ria por perfil - Portal Tela Portugal\" \/>\n<meta property=\"og:description\" content=\"O selecionador Roberto Mart\u00ednez explicou as escolhas para o ataque e porqu\u00ea n\u00e3o chamou Paulinho, do Toluca. Gon\u00e7alo Ramos \u00e9 apresentado como o \u00fanico ponta de refer\u00eancia na lista. Mart\u00ednez explicou o perfil que procura para o ataque ao justificar a aus\u00eancia de Paulinho. A decis\u00e3o foi associada ao encaixe do jogador no sistema e no tipo de ataque desejado. A explica\u00e7\u00e3o ocorreu durante uma entrevista sobre as op\u00e7\u00f5es ofensivas da equipa.\" \/>\n<meta property=\"og:url\" content=\"https:\/\/portaltela.pt\/noticias\/2026\/03\/20\/martinez-explica-ausencia-de-paulinho-na-convocatoria-por-perfil\/\" \/>\n<meta property=\"og:site_name\" content=\"Portal Tela Portugal\" \/>\n<meta property=\"article:published_time\" content=\"2026-03-20T15:50:00+00:00\" \/>\n<meta name=\"author\" content=\"Telinha\" \/>\n<meta name=\"twitter:card\" content=\"summary_large_image\" \/>\n<meta name=\"twitter:label1\" content=\"Escrito por\" \/>\n\t<meta name=\"twitter:data1\" content=\"Telinha\" \/>\n\t<meta name=\"twitter:label2\" content=\"Tempo estimado de leitura\" \/>\n\t<meta name=\"twitter:data2\" content=\"1 minuto\" \/>\n<script type=\"application\/ld+json\" class=\"yoast-schema-graph\">{\"@context\":\"https:\/\/schema.org\",\"@graph\":[{\"@type\":\"Article\",\"@id\":\"https:\/\/portaltela.pt\/noticias\/2026\/03\/20\/martinez-explica-ausencia-de-paulinho-na-convocatoria-por-perfil\/#article\",\"isPartOf\":{\"@id\":\"https:\/\/portaltela.pt\/noticias\/2026\/03\/20\/martinez-explica-ausencia-de-paulinho-na-convocatoria-por-perfil\/\"},\"author\":{\"name\":\"Telinha\",\"@id\":\"https:\/\/portaltela.pt\/#\/schema\/person\/c4278d4a6028830caff9ee44b42d32ed\"},\"headline\":\"Mart\u00ednez explica aus\u00eancia de Paulinho na convocat\u00f3ria por perfil\",\"datePublished\":\"2026-03-20T15:50:00+00:00\",\"mainEntityOfPage\":{\"@id\":\"https:\/\/portaltela.pt\/noticias\/2026\/03\/20\/martinez-explica-ausencia-de-paulinho-na-convocatoria-por-perfil\/\"},\"wordCount\":181,\"image\":{\"@id\":\"https:\/\/portaltela.pt\/noticias\/2026\/03\/20\/martinez-explica-ausencia-de-paulinho-na-convocatoria-por-perfil\/#primaryimage\"},\"thumbnailUrl\":\"https:\/\/portaltela.pt\/s.01k8rhncp4jt1\/2026\/03\/img_1200x721uu2026-03-20-15-48-25-2428344.jpg\",\"keywords\":[\"ataque\",\"desporto\",\"futebol\",\"Gon\u00e7alo Ramos\",\"Planeamento Estrat\u00e9gico\",\"Sele\u00e7\u00e3o Nacional\"],\"articleSection\":[\"Desporto\",\"Futebol\"],\"inLanguage\":\"pt-PT\"},{\"@type\":\"WebPage\",\"@id\":\"https:\/\/portaltela.pt\/noticias\/2026\/03\/20\/martinez-explica-ausencia-de-paulinho-na-convocatoria-por-perfil\/\",\"url\":\"https:\/\/portaltela.pt\/noticias\/2026\/03\/20\/martinez-explica-ausencia-de-paulinho-na-convocatoria-por-perfil\/\",\"name\":\"Mart\u00ednez explica aus\u00eancia de Paulinho na convocat\u00f3ria por perfil - Portal Tela Portugal\",\"isPartOf\":{\"@id\":\"https:\/\/portaltela.pt\/#website\"},\"primaryImageOfPage\":{\"@id\":\"https:\/\/portaltela.pt\/noticias\/2026\/03\/20\/martinez-explica-ausencia-de-paulinho-na-convocatoria-por-perfil\/#primaryimage\"},\"image\":{\"@id\":\"https:\/\/portaltela.pt\/noticias\/2026\/03\/20\/martinez-explica-ausencia-de-paulinho-na-convocatoria-por-perfil\/#primaryimage\"},\"thumbnailUrl\":\"https:\/\/portaltela.pt\/s.01k8rhncp4jt1\/2026\/03\/img_1200x721uu2026-03-20-15-48-25-2428344.jpg\",\"datePublished\":\"2026-03-20T15:50:00+00:00\",\"author\":{\"@id\":\"https:\/\/portaltela.pt\/#\/schema\/person\/c4278d4a6028830caff9ee44b42d32ed\"},\"breadcrumb\":{\"@id\":\"https:\/\/portaltela.pt\/noticias\/2026\/03\/20\/martinez-explica-ausencia-de-paulinho-na-convocatoria-por-perfil\/#breadcrumb\"},\"inLanguage\":\"pt-PT\",\"potentialAction\":[{\"@type\":\"ReadAction\",\"target\":[\"https:\/\/portaltela.pt\/noticias\/2026\/03\/20\/martinez-explica-ausencia-de-paulinho-na-convocatoria-por-perfil\/\"]}]},{\"@type\":\"ImageObject\",\"inLanguage\":\"pt-PT\",\"@id\":\"https:\/\/portaltela.pt\/noticias\/2026\/03\/20\/martinez-explica-ausencia-de-paulinho-na-convocatoria-por-perfil\/#primaryimage\",\"url\":\"https:\/\/portaltela.pt\/s.01k8rhncp4jt1\/2026\/03\/img_1200x721uu2026-03-20-15-48-25-2428344.jpg\",\"contentUrl\":\"https:\/\/portaltela.pt\/s.01k8rhncp4jt1\/2026\/03\/img_1200x721uu2026-03-20-15-48-25-2428344.jpg\",\"width\":796,\"height\":448,\"caption\":\"Selecionador nacional explica porque n\u00e3o chamou o avan\u00e7ado do Toluca\"},{\"@type\":\"BreadcrumbList\",\"@id\":\"https:\/\/portaltela.pt\/noticias\/2026\/03\/20\/martinez-explica-ausencia-de-paulinho-na-convocatoria-por-perfil\/#breadcrumb\",\"itemListElement\":[{\"@type\":\"ListItem\",\"position\":1,\"name\":\"In\u00edcio\",\"item\":\"https:\/\/portaltela.pt\/\"},{\"@type\":\"ListItem\",\"position\":2,\"name\":\"Mart\u00ednez explica aus\u00eancia de Paulinho na convocat\u00f3ria por perfil\"}]},{\"@type\":\"WebSite\",\"@id\":\"https:\/\/portaltela.pt\/#website\",\"url\":\"https:\/\/portaltela.pt\/\",\"name\":\"Portal Tela Portugal\",\"description\":\"\",\"potentialAction\":[{\"@type\":\"SearchAction\",\"target\":{\"@type\":\"EntryPoint\",\"urlTemplate\":\"https:\/\/portaltela.pt\/?s={search_term_string}\"},\"query-input\":{\"@type\":\"PropertyValueSpecification\",\"valueRequired\":true,\"valueName\":\"search_term_string\"}}],\"inLanguage\":\"pt-PT\"},{\"@type\":\"Person\",\"@id\":\"https:\/\/portaltela.pt\/#\/schema\/person\/c4278d4a6028830caff9ee44b42d32ed\",\"name\":\"Telinha\",\"image\":{\"@type\":\"ImageObject\",\"inLanguage\":\"pt-PT\",\"@id\":\"https:\/\/portaltela.pt\/s.01k8rhncp4jt1\/2025\/11\/talking-bot-125x125.png\",\"url\":\"https:\/\/portaltela.pt\/s.01k8rhncp4jt1\/2025\/11\/talking-bot-125x125.png\",\"contentUrl\":\"https:\/\/portaltela.pt\/s.01k8rhncp4jt1\/2025\/11\/talking-bot-125x125.png\",\"caption\":\"Telinha\"},\"sameAs\":[\"https:\/\/portaltela.pt\/\"],\"url\":\"https:\/\/portaltela.pt\/por\/367410592786\/\"}]}<\/script>\n<!-- \/ Yoast SEO plugin. -->","yoast_head_json":{"title":"Mart\u00ednez explica aus\u00eancia de Paulinho na convocat\u00f3ria por perfil - Portal Tela Portugal","robots":{"index":"index","follow":"follow","max-snippet":"max-snippet:-1","max-image-preview":"max-image-preview:large","max-video-preview":"max-video-preview:-1"},"og_locale":"pt_PT","og_type":"article","og_title":"Mart\u00ednez explica aus\u00eancia de Paulinho na convocat\u00f3ria por perfil - Portal Tela Portugal","og_description":"O selecionador Roberto Mart\u00ednez explicou as escolhas para o ataque e porqu\u00ea n\u00e3o chamou Paulinho, do Toluca. Gon\u00e7alo Ramos \u00e9 apresentado como o \u00fanico ponta de refer\u00eancia na lista. Mart\u00ednez explicou o perfil que procura para o ataque ao justificar a aus\u00eancia de Paulinho. A decis\u00e3o foi associada ao encaixe do jogador no sistema e no tipo de ataque desejado. A explica\u00e7\u00e3o ocorreu durante uma entrevista sobre as op\u00e7\u00f5es ofensivas da equipa.","og_url":"https:\/\/portaltela.pt\/noticias\/2026\/03\/20\/martinez-explica-ausencia-de-paulinho-na-convocatoria-por-perfil\/","og_site_name":"Portal Tela Portugal","article_published_time":"2026-03-20T15:50:00+00:00","author":"Telinha","twitter_card":"summary_large_image","twitter_misc":{"Escrito por":"Telinha","Tempo estimado de leitura":"1 minuto"},"schema":{"@context":"https:\/\/schema.org","@graph":[{"@type":"Article","@id":"https:\/\/portaltela.pt\/noticias\/2026\/03\/20\/martinez-explica-ausencia-de-paulinho-na-convocatoria-por-perfil\/#article","isPartOf":{"@id":"https:\/\/portaltela.pt\/noticias\/2026\/03\/20\/martinez-explica-ausencia-de-paulinho-na-convocatoria-por-perfil\/"},"author":{"name":"Telinha","@id":"https:\/\/portaltela.pt\/#\/schema\/person\/c4278d4a6028830caff9ee44b42d32ed"},"headline":"Mart\u00ednez explica aus\u00eancia de Paulinho na convocat\u00f3ria por perfil","datePublished":"2026-03-20T15:50:00+00:00","mainEntityOfPage":{"@id":"https:\/\/portaltela.pt\/noticias\/2026\/03\/20\/martinez-explica-ausencia-de-paulinho-na-convocatoria-por-perfil\/"},"wordCount":181,"image":{"@id":"https:\/\/portaltela.pt\/noticias\/2026\/03\/20\/martinez-explica-ausencia-de-paulinho-na-convocatoria-por-perfil\/#primaryimage"},"thumbnailUrl":"https:\/\/portaltela.pt\/s.01k8rhncp4jt1\/2026\/03\/img_1200x721uu2026-03-20-15-48-25-2428344.jpg","keywords":["ataque","desporto","futebol","Gon\u00e7alo Ramos","Planeamento Estrat\u00e9gico","Sele\u00e7\u00e3o Nacional"],"articleSection":["Desporto","Futebol"],"inLanguage":"pt-PT"},{"@type":"WebPage","@id":"https:\/\/portaltela.pt\/noticias\/2026\/03\/20\/martinez-explica-ausencia-de-paulinho-na-convocatoria-por-perfil\/","url":"https:\/\/portaltela.pt\/noticias\/2026\/03\/20\/martinez-explica-ausencia-de-paulinho-na-convocatoria-por-perfil\/","name":"Mart\u00ednez explica aus\u00eancia de Paulinho na convocat\u00f3ria por perfil - Portal Tela Portugal","isPartOf":{"@id":"https:\/\/portaltela.pt\/#website"},"primaryImageOfPage":{"@id":"https:\/\/portaltela.pt\/noticias\/2026\/03\/20\/martinez-explica-ausencia-de-paulinho-na-convocatoria-por-perfil\/#primaryimage"},"image":{"@id":"https:\/\/portaltela.pt\/noticias\/2026\/03\/20\/martinez-explica-ausencia-de-paulinho-na-convocatoria-por-perfil\/#primaryimage"},"thumbnailUrl":"https:\/\/portaltela.pt\/s.01k8rhncp4jt1\/2026\/03\/img_1200x721uu2026-03-20-15-48-25-2428344.jpg","datePublished":"2026-03-20T15:50:00+00:00","author":{"@id":"https:\/\/portaltela.pt\/#\/schema\/person\/c4278d4a6028830caff9ee44b42d32ed"},"breadcrumb":{"@id":"https:\/\/portaltela.pt\/noticias\/2026\/03\/20\/martinez-explica-ausencia-de-paulinho-na-convocatoria-por-perfil\/#breadcrumb"},"inLanguage":"pt-PT","potentialAction":[{"@type":"ReadAction","target":["https:\/\/portaltela.pt\/noticias\/2026\/03\/20\/martinez-explica-ausencia-de-paulinho-na-convocatoria-por-perfil\/"]}]},{"@type":"ImageObject","inLanguage":"pt-PT","@id":"https:\/\/portaltela.pt\/noticias\/2026\/03\/20\/martinez-explica-ausencia-de-paulinho-na-convocatoria-por-perfil\/#primaryimage","url":"https:\/\/portaltela.pt\/s.01k8rhncp4jt1\/2026\/03\/img_1200x721uu2026-03-20-15-48-25-2428344.jpg","contentUrl":"https:\/\/portaltela.pt\/s.01k8rhncp4jt1\/2026\/03\/img_1200x721uu2026-03-20-15-48-25-2428344.jpg","width":796,"height":448,"caption":"Selecionador nacional explica porque n\u00e3o chamou o avan\u00e7ado do Toluca"},{"@type":"BreadcrumbList","@id":"https:\/\/portaltela.pt\/noticias\/2026\/03\/20\/martinez-explica-ausencia-de-paulinho-na-convocatoria-por-perfil\/#breadcrumb","itemListElement":[{"@type":"ListItem","position":1,"name":"In\u00edcio","item":"https:\/\/portaltela.pt\/"},{"@type":"ListItem","position":2,"name":"Mart\u00ednez explica aus\u00eancia de Paulinho na convocat\u00f3ria por perfil"}]},{"@type":"WebSite","@id":"https:\/\/portaltela.pt\/#website","url":"https:\/\/portaltela.pt\/","name":"Portal Tela Portugal","description":"","potentialAction":[{"@type":"SearchAction","target":{"@type":"EntryPoint","urlTemplate":"https:\/\/portaltela.pt\/?s={search_term_string}"},"query-input":{"@type":"PropertyValueSpecification","valueRequired":true,"valueName":"search_term_string"}}],"inLanguage":"pt-PT"},{"@type":"Person","@id":"https:\/\/portaltela.pt\/#\/schema\/person\/c4278d4a6028830caff9ee44b42d32ed","name":"Telinha","image":{"@type":"ImageObject","inLanguage":"pt-PT","@id":"https:\/\/portaltela.pt\/s.01k8rhncp4jt1\/2025\/11\/talking-bot-125x125.png","url":"https:\/\/portaltela.pt\/s.01k8rhncp4jt1\/2025\/11\/talking-bot-125x125.png","contentUrl":"https:\/\/portaltela.pt\/s.01k8rhncp4jt1\/2025\/11\/talking-bot-125x125.png","caption":"Telinha"},"sameAs":["https:\/\/portaltela.pt\/"],"url":"https:\/\/portaltela.pt\/por\/367410592786\/"}]}},"_links":{"self":[{"href":"https:\/\/portaltela.pt\/api\/wp\/v2\/posts\/417570","targetHints":{"allow":["GET"]}}],"collection":[{"href":"https:\/\/portaltela.pt\/api\/wp\/v2\/posts"}],"about":[{"href":"https:\/\/portaltela.pt\/api\/wp\/v2\/types\/post"}],"author":[{"embeddable":true,"href":"https:\/\/portaltela.pt\/api\/wp\/v2\/users\/2"}],"replies":[{"embeddable":true,"href":"https:\/\/portaltela.pt\/api\/wp\/v2\/comments?post=417570"}],"version-history":[{"count":0,"href":"https:\/\/portaltela.pt\/api\/wp\/v2\/posts\/417570\/revisions"}],"wp:featuredmedia":[{"embeddable":true,"href":"https:\/\/portaltela.pt\/api\/wp\/v2\/media\/417571"}],"wp:attachment":[{"href":"https:\/\/portaltela.pt\/api\/wp\/v2\/media?parent=417570"}],"wp:term":[{"taxonomy":"category","embeddable":true,"href":"https:\/\/portaltela.pt\/api\/wp\/v2\/categories?post=417570"},{"taxonomy":"post_tag","embeddable":true,"href":"https:\/\/portaltela.pt\/api\/wp\/v2\/tags?post=417570"}],"curies":[{"name":"wp","href":"https:\/\/api.w.org\/{rel}","templated":true}]}}