{"id":417540,"date":"2026-03-20T12:32:00","date_gmt":"2026-03-20T15:32:00","guid":{"rendered":"https:\/\/portaltela.pt\/noticias\/2026\/03\/20\/novruz-reune-tradicao-e-celebracao-partilhada\/"},"modified":"2026-03-20T12:32:00","modified_gmt":"2026-03-20T15:32:00","slug":"novruz-reune-tradicao-e-celebracao-partilhada","status":"publish","type":"post","link":"https:\/\/portaltela.pt\/lazer\/2026\/03\/20\/novruz-reune-tradicao-e-celebracao-partilhada\/","title":{"rendered":"Novruz re\u00fane tradi\u00e7\u00e3o e celebra\u00e7\u00e3o partilhada"},"content":{"rendered":"<p>O Novruz \u00e9 celebrado como o an\u00fancio da primavera e do in\u00edcio do ano, reunindo fam\u00edlias e comunidades em tradi\u00e7\u00f5es partilhadas. O festival ocorre em v\u00e1rias regi\u00f5es, incluindo contextos locais e no estrangeiro, com foco na renova\u00e7\u00e3o.<\/p>\n<p>As celebra\u00e7\u00f5es envolvem a prepara\u00e7\u00e3o de comidas tradicionais, a montagem de mesas festivas e momentos de conv\u00edvio entre familiares. Os rituais refor\u00e7am o sentido de comunidade e a passagem de tempo de forma comunit\u00e1ria.<\/p>\n<p>A liga\u00e7\u00e3o com elementos naturais \u2014 fogo, \u00e1gua e terra \u2014 simboliza mudan\u00e7a e renova\u00e7\u00e3o sazonais. Os participantes descrevem o Novruz como uma ocasi\u00e3o de encontro, mem\u00f3ria e continuidade cultural.<\/p>\n<p>Para muitos, a celebra\u00e7\u00e3o combina patrim\u00f3nio cultural com mem\u00f3rias pessoais, destacando o papel das reuni\u00f5es familiares na transi\u00e7\u00e3o para a nova esta\u00e7\u00e3o.<\/p>\n","protected":false},"excerpt":{"rendered":"<ul>\n<li>O Novruz marca a chegada da primavera e o in\u00edcio de um novo ano.<\/li>\n<li>As celebra\u00e7\u00f5es re\u00fanem fam\u00edlias atrav\u00e9s de rituais sazonais, de comida tradicional e de mesas festivas.<\/li>\n<li>Os participantes destacam a liga\u00e7\u00e3o a elementos naturais \u2014 fogo, \u00e1gua e terra \u2014 como s\u00edmbolo de renova\u00e7\u00e3o.<\/li>\n<li>As tradi\u00e7\u00f5es s\u00e3o observadas tanto a n\u00edvel local como no estrangeiro.<\/li>\n<li>O Novruz junta patrim\u00f3nio cultural a mem\u00f3rias pessoais, enfatizando as reuni\u00f5es familiares na transi\u00e7\u00e3o para a nova esta\u00e7\u00e3o.<\/li>\n<\/ul>\n","protected":false},"author":2,"featured_media":417541,"comment_status":"closed","ping_status":"closed","sticky":false,"template":"","format":"standard","meta":{"footnotes":""},"categories":[7375,7381],"tags":[3035,145,64,107,1175,146],"class_list":["post-417540","post","type-post","status-publish","format-standard","has-post-thumbnail","hentry","category-cultura","category-lazer","tag-comunidade","tag-cultura","tag-familia","tag-festivais","tag-patrimonio-cultural","tag-tradicoes"],"yoast_head":"<!-- This site is optimized with the Yoast SEO plugin v27.2 - https:\/\/yoast.com\/product\/yoast-seo-wordpress\/ -->\n<title>Novruz re\u00fane tradi\u00e7\u00e3o e celebra\u00e7\u00e3o partilhada - Portal Tela Portugal<\/title>\n<meta name=\"robots\" content=\"index, follow, max-snippet:-1, max-image-preview:large, max-video-preview:-1\" \/>\n<meta property=\"og:locale\" content=\"pt_PT\" \/>\n<meta property=\"og:type\" content=\"article\" \/>\n<meta property=\"og:title\" content=\"Novruz re\u00fane tradi\u00e7\u00e3o e celebra\u00e7\u00e3o partilhada - Portal Tela Portugal\" \/>\n<meta property=\"og:description\" content=\"O Novruz marca a chegada da primavera e o in\u00edcio de um novo ano. As celebra\u00e7\u00f5es re\u00fanem fam\u00edlias atrav\u00e9s de rituais sazonais, de comida tradicional e de mesas festivas. Os participantes destacam a liga\u00e7\u00e3o a elementos naturais \u2014 fogo, \u00e1gua e terra \u2014 como s\u00edmbolo de renova\u00e7\u00e3o. As tradi\u00e7\u00f5es s\u00e3o observadas tanto a n\u00edvel local como no estrangeiro. O Novruz junta patrim\u00f3nio cultural a mem\u00f3rias pessoais, enfatizando as reuni\u00f5es familiares na transi\u00e7\u00e3o para a nova esta\u00e7\u00e3o.\" \/>\n<meta property=\"og:url\" content=\"https:\/\/portaltela.pt\/noticias\/2026\/03\/20\/novruz-reune-tradicao-e-celebracao-partilhada\/\" \/>\n<meta property=\"og:site_name\" content=\"Portal Tela Portugal\" \/>\n<meta property=\"article:published_time\" content=\"2026-03-20T15:32:00+00:00\" \/>\n<meta name=\"author\" content=\"Telinha\" \/>\n<meta name=\"twitter:card\" content=\"summary_large_image\" \/>\n<meta name=\"twitter:label1\" content=\"Escrito por\" \/>\n\t<meta name=\"twitter:data1\" content=\"Telinha\" \/>\n\t<meta name=\"twitter:label2\" content=\"Tempo estimado de leitura\" \/>\n\t<meta name=\"twitter:data2\" content=\"1 minuto\" \/>\n<script type=\"application\/ld+json\" class=\"yoast-schema-graph\">{\"@context\":\"https:\/\/schema.org\",\"@graph\":[{\"@type\":\"Article\",\"@id\":\"https:\/\/portaltela.pt\/noticias\/2026\/03\/20\/novruz-reune-tradicao-e-celebracao-partilhada\/#article\",\"isPartOf\":{\"@id\":\"https:\/\/portaltela.pt\/noticias\/2026\/03\/20\/novruz-reune-tradicao-e-celebracao-partilhada\/\"},\"author\":{\"name\":\"Telinha\",\"@id\":\"https:\/\/portaltela.pt\/#\/schema\/person\/c4278d4a6028830caff9ee44b42d32ed\"},\"headline\":\"Novruz re\u00fane tradi\u00e7\u00e3o e celebra\u00e7\u00e3o partilhada\",\"datePublished\":\"2026-03-20T15:32:00+00:00\",\"mainEntityOfPage\":{\"@id\":\"https:\/\/portaltela.pt\/noticias\/2026\/03\/20\/novruz-reune-tradicao-e-celebracao-partilhada\/\"},\"wordCount\":152,\"image\":{\"@id\":\"https:\/\/portaltela.pt\/noticias\/2026\/03\/20\/novruz-reune-tradicao-e-celebracao-partilhada\/#primaryimage\"},\"thumbnailUrl\":\"https:\/\/portaltela.pt\/s.01k8rhncp4jt1\/2026\/03\/1536x864_cmsv2_b0f35cdf-82b2-5870-b411-ea575ccb6631-9691594.jpg\",\"keywords\":[\"comunidade\",\"cultura\",\"fam\u00edlia\",\"festivais\",\"Patrim\u00f3nio Cultural\",\"tradi\u00e7\u00f5es\"],\"articleSection\":[\"Cultura\",\"Lazer\"],\"inLanguage\":\"pt-PT\"},{\"@type\":\"WebPage\",\"@id\":\"https:\/\/portaltela.pt\/noticias\/2026\/03\/20\/novruz-reune-tradicao-e-celebracao-partilhada\/\",\"url\":\"https:\/\/portaltela.pt\/noticias\/2026\/03\/20\/novruz-reune-tradicao-e-celebracao-partilhada\/\",\"name\":\"Novruz re\u00fane tradi\u00e7\u00e3o e celebra\u00e7\u00e3o partilhada - Portal Tela Portugal\",\"isPartOf\":{\"@id\":\"https:\/\/portaltela.pt\/#website\"},\"primaryImageOfPage\":{\"@id\":\"https:\/\/portaltela.pt\/noticias\/2026\/03\/20\/novruz-reune-tradicao-e-celebracao-partilhada\/#primaryimage\"},\"image\":{\"@id\":\"https:\/\/portaltela.pt\/noticias\/2026\/03\/20\/novruz-reune-tradicao-e-celebracao-partilhada\/#primaryimage\"},\"thumbnailUrl\":\"https:\/\/portaltela.pt\/s.01k8rhncp4jt1\/2026\/03\/1536x864_cmsv2_b0f35cdf-82b2-5870-b411-ea575ccb6631-9691594.jpg\",\"datePublished\":\"2026-03-20T15:32:00+00:00\",\"author\":{\"@id\":\"https:\/\/portaltela.pt\/#\/schema\/person\/c4278d4a6028830caff9ee44b42d32ed\"},\"breadcrumb\":{\"@id\":\"https:\/\/portaltela.pt\/noticias\/2026\/03\/20\/novruz-reune-tradicao-e-celebracao-partilhada\/#breadcrumb\"},\"inLanguage\":\"pt-PT\",\"potentialAction\":[{\"@type\":\"ReadAction\",\"target\":[\"https:\/\/portaltela.pt\/noticias\/2026\/03\/20\/novruz-reune-tradicao-e-celebracao-partilhada\/\"]}]},{\"@type\":\"ImageObject\",\"inLanguage\":\"pt-PT\",\"@id\":\"https:\/\/portaltela.pt\/noticias\/2026\/03\/20\/novruz-reune-tradicao-e-celebracao-partilhada\/#primaryimage\",\"url\":\"https:\/\/portaltela.pt\/s.01k8rhncp4jt1\/2026\/03\/1536x864_cmsv2_b0f35cdf-82b2-5870-b411-ea575ccb6631-9691594.jpg\",\"contentUrl\":\"https:\/\/portaltela.pt\/s.01k8rhncp4jt1\/2026\/03\/1536x864_cmsv2_b0f35cdf-82b2-5870-b411-ea575ccb6631-9691594.jpg\",\"width\":796,\"height\":448,\"caption\":\"O Novruz re\u00fane tradi\u00e7\u00e3o e celebra\u00e7\u00e3o partilhada\"},{\"@type\":\"BreadcrumbList\",\"@id\":\"https:\/\/portaltela.pt\/noticias\/2026\/03\/20\/novruz-reune-tradicao-e-celebracao-partilhada\/#breadcrumb\",\"itemListElement\":[{\"@type\":\"ListItem\",\"position\":1,\"name\":\"In\u00edcio\",\"item\":\"https:\/\/portaltela.pt\/\"},{\"@type\":\"ListItem\",\"position\":2,\"name\":\"Novruz re\u00fane tradi\u00e7\u00e3o e celebra\u00e7\u00e3o partilhada\"}]},{\"@type\":\"WebSite\",\"@id\":\"https:\/\/portaltela.pt\/#website\",\"url\":\"https:\/\/portaltela.pt\/\",\"name\":\"Portal Tela Portugal\",\"description\":\"\",\"potentialAction\":[{\"@type\":\"SearchAction\",\"target\":{\"@type\":\"EntryPoint\",\"urlTemplate\":\"https:\/\/portaltela.pt\/?s={search_term_string}\"},\"query-input\":{\"@type\":\"PropertyValueSpecification\",\"valueRequired\":true,\"valueName\":\"search_term_string\"}}],\"inLanguage\":\"pt-PT\"},{\"@type\":\"Person\",\"@id\":\"https:\/\/portaltela.pt\/#\/schema\/person\/c4278d4a6028830caff9ee44b42d32ed\",\"name\":\"Telinha\",\"image\":{\"@type\":\"ImageObject\",\"inLanguage\":\"pt-PT\",\"@id\":\"https:\/\/portaltela.pt\/s.01k8rhncp4jt1\/2025\/11\/talking-bot-125x125.png\",\"url\":\"https:\/\/portaltela.pt\/s.01k8rhncp4jt1\/2025\/11\/talking-bot-125x125.png\",\"contentUrl\":\"https:\/\/portaltela.pt\/s.01k8rhncp4jt1\/2025\/11\/talking-bot-125x125.png\",\"caption\":\"Telinha\"},\"sameAs\":[\"https:\/\/portaltela.pt\/\"],\"url\":\"https:\/\/portaltela.pt\/por\/367410592786\/\"}]}<\/script>\n<!-- \/ Yoast SEO plugin. -->","yoast_head_json":{"title":"Novruz re\u00fane tradi\u00e7\u00e3o e celebra\u00e7\u00e3o partilhada - Portal Tela Portugal","robots":{"index":"index","follow":"follow","max-snippet":"max-snippet:-1","max-image-preview":"max-image-preview:large","max-video-preview":"max-video-preview:-1"},"og_locale":"pt_PT","og_type":"article","og_title":"Novruz re\u00fane tradi\u00e7\u00e3o e celebra\u00e7\u00e3o partilhada - Portal Tela Portugal","og_description":"O Novruz marca a chegada da primavera e o in\u00edcio de um novo ano. As celebra\u00e7\u00f5es re\u00fanem fam\u00edlias atrav\u00e9s de rituais sazonais, de comida tradicional e de mesas festivas. Os participantes destacam a liga\u00e7\u00e3o a elementos naturais \u2014 fogo, \u00e1gua e terra \u2014 como s\u00edmbolo de renova\u00e7\u00e3o. As tradi\u00e7\u00f5es s\u00e3o observadas tanto a n\u00edvel local como no estrangeiro. O Novruz junta patrim\u00f3nio cultural a mem\u00f3rias pessoais, enfatizando as reuni\u00f5es familiares na transi\u00e7\u00e3o para a nova esta\u00e7\u00e3o.","og_url":"https:\/\/portaltela.pt\/noticias\/2026\/03\/20\/novruz-reune-tradicao-e-celebracao-partilhada\/","og_site_name":"Portal Tela Portugal","article_published_time":"2026-03-20T15:32:00+00:00","author":"Telinha","twitter_card":"summary_large_image","twitter_misc":{"Escrito por":"Telinha","Tempo estimado de leitura":"1 minuto"},"schema":{"@context":"https:\/\/schema.org","@graph":[{"@type":"Article","@id":"https:\/\/portaltela.pt\/noticias\/2026\/03\/20\/novruz-reune-tradicao-e-celebracao-partilhada\/#article","isPartOf":{"@id":"https:\/\/portaltela.pt\/noticias\/2026\/03\/20\/novruz-reune-tradicao-e-celebracao-partilhada\/"},"author":{"name":"Telinha","@id":"https:\/\/portaltela.pt\/#\/schema\/person\/c4278d4a6028830caff9ee44b42d32ed"},"headline":"Novruz re\u00fane tradi\u00e7\u00e3o e celebra\u00e7\u00e3o partilhada","datePublished":"2026-03-20T15:32:00+00:00","mainEntityOfPage":{"@id":"https:\/\/portaltela.pt\/noticias\/2026\/03\/20\/novruz-reune-tradicao-e-celebracao-partilhada\/"},"wordCount":152,"image":{"@id":"https:\/\/portaltela.pt\/noticias\/2026\/03\/20\/novruz-reune-tradicao-e-celebracao-partilhada\/#primaryimage"},"thumbnailUrl":"https:\/\/portaltela.pt\/s.01k8rhncp4jt1\/2026\/03\/1536x864_cmsv2_b0f35cdf-82b2-5870-b411-ea575ccb6631-9691594.jpg","keywords":["comunidade","cultura","fam\u00edlia","festivais","Patrim\u00f3nio Cultural","tradi\u00e7\u00f5es"],"articleSection":["Cultura","Lazer"],"inLanguage":"pt-PT"},{"@type":"WebPage","@id":"https:\/\/portaltela.pt\/noticias\/2026\/03\/20\/novruz-reune-tradicao-e-celebracao-partilhada\/","url":"https:\/\/portaltela.pt\/noticias\/2026\/03\/20\/novruz-reune-tradicao-e-celebracao-partilhada\/","name":"Novruz re\u00fane tradi\u00e7\u00e3o e celebra\u00e7\u00e3o partilhada - Portal Tela Portugal","isPartOf":{"@id":"https:\/\/portaltela.pt\/#website"},"primaryImageOfPage":{"@id":"https:\/\/portaltela.pt\/noticias\/2026\/03\/20\/novruz-reune-tradicao-e-celebracao-partilhada\/#primaryimage"},"image":{"@id":"https:\/\/portaltela.pt\/noticias\/2026\/03\/20\/novruz-reune-tradicao-e-celebracao-partilhada\/#primaryimage"},"thumbnailUrl":"https:\/\/portaltela.pt\/s.01k8rhncp4jt1\/2026\/03\/1536x864_cmsv2_b0f35cdf-82b2-5870-b411-ea575ccb6631-9691594.jpg","datePublished":"2026-03-20T15:32:00+00:00","author":{"@id":"https:\/\/portaltela.pt\/#\/schema\/person\/c4278d4a6028830caff9ee44b42d32ed"},"breadcrumb":{"@id":"https:\/\/portaltela.pt\/noticias\/2026\/03\/20\/novruz-reune-tradicao-e-celebracao-partilhada\/#breadcrumb"},"inLanguage":"pt-PT","potentialAction":[{"@type":"ReadAction","target":["https:\/\/portaltela.pt\/noticias\/2026\/03\/20\/novruz-reune-tradicao-e-celebracao-partilhada\/"]}]},{"@type":"ImageObject","inLanguage":"pt-PT","@id":"https:\/\/portaltela.pt\/noticias\/2026\/03\/20\/novruz-reune-tradicao-e-celebracao-partilhada\/#primaryimage","url":"https:\/\/portaltela.pt\/s.01k8rhncp4jt1\/2026\/03\/1536x864_cmsv2_b0f35cdf-82b2-5870-b411-ea575ccb6631-9691594.jpg","contentUrl":"https:\/\/portaltela.pt\/s.01k8rhncp4jt1\/2026\/03\/1536x864_cmsv2_b0f35cdf-82b2-5870-b411-ea575ccb6631-9691594.jpg","width":796,"height":448,"caption":"O Novruz re\u00fane tradi\u00e7\u00e3o e celebra\u00e7\u00e3o partilhada"},{"@type":"BreadcrumbList","@id":"https:\/\/portaltela.pt\/noticias\/2026\/03\/20\/novruz-reune-tradicao-e-celebracao-partilhada\/#breadcrumb","itemListElement":[{"@type":"ListItem","position":1,"name":"In\u00edcio","item":"https:\/\/portaltela.pt\/"},{"@type":"ListItem","position":2,"name":"Novruz re\u00fane tradi\u00e7\u00e3o e celebra\u00e7\u00e3o partilhada"}]},{"@type":"WebSite","@id":"https:\/\/portaltela.pt\/#website","url":"https:\/\/portaltela.pt\/","name":"Portal Tela Portugal","description":"","potentialAction":[{"@type":"SearchAction","target":{"@type":"EntryPoint","urlTemplate":"https:\/\/portaltela.pt\/?s={search_term_string}"},"query-input":{"@type":"PropertyValueSpecification","valueRequired":true,"valueName":"search_term_string"}}],"inLanguage":"pt-PT"},{"@type":"Person","@id":"https:\/\/portaltela.pt\/#\/schema\/person\/c4278d4a6028830caff9ee44b42d32ed","name":"Telinha","image":{"@type":"ImageObject","inLanguage":"pt-PT","@id":"https:\/\/portaltela.pt\/s.01k8rhncp4jt1\/2025\/11\/talking-bot-125x125.png","url":"https:\/\/portaltela.pt\/s.01k8rhncp4jt1\/2025\/11\/talking-bot-125x125.png","contentUrl":"https:\/\/portaltela.pt\/s.01k8rhncp4jt1\/2025\/11\/talking-bot-125x125.png","caption":"Telinha"},"sameAs":["https:\/\/portaltela.pt\/"],"url":"https:\/\/portaltela.pt\/por\/367410592786\/"}]}},"_links":{"self":[{"href":"https:\/\/portaltela.pt\/api\/wp\/v2\/posts\/417540","targetHints":{"allow":["GET"]}}],"collection":[{"href":"https:\/\/portaltela.pt\/api\/wp\/v2\/posts"}],"about":[{"href":"https:\/\/portaltela.pt\/api\/wp\/v2\/types\/post"}],"author":[{"embeddable":true,"href":"https:\/\/portaltela.pt\/api\/wp\/v2\/users\/2"}],"replies":[{"embeddable":true,"href":"https:\/\/portaltela.pt\/api\/wp\/v2\/comments?post=417540"}],"version-history":[{"count":0,"href":"https:\/\/portaltela.pt\/api\/wp\/v2\/posts\/417540\/revisions"}],"wp:featuredmedia":[{"embeddable":true,"href":"https:\/\/portaltela.pt\/api\/wp\/v2\/media\/417541"}],"wp:attachment":[{"href":"https:\/\/portaltela.pt\/api\/wp\/v2\/media?parent=417540"}],"wp:term":[{"taxonomy":"category","embeddable":true,"href":"https:\/\/portaltela.pt\/api\/wp\/v2\/categories?post=417540"},{"taxonomy":"post_tag","embeddable":true,"href":"https:\/\/portaltela.pt\/api\/wp\/v2\/tags?post=417540"}],"curies":[{"name":"wp","href":"https:\/\/api.w.org\/{rel}","templated":true}]}}