{"id":417531,"date":"2026-03-20T12:10:35","date_gmt":"2026-03-20T15:10:35","guid":{"rendered":"https:\/\/portaltela.pt\/noticias\/2026\/03\/20\/febre-aftosa-agrava-se-na-europa-e-dgav-apela-a-reforcar-a-prevencao\/"},"modified":"2026-03-20T12:10:35","modified_gmt":"2026-03-20T15:10:35","slug":"febre-aftosa-agrava-se-na-europa-e-dgav-apela-a-reforcar-a-prevencao","status":"publish","type":"post","link":"https:\/\/portaltela.pt\/saude\/2026\/03\/20\/febre-aftosa-agrava-se-na-europa-e-dgav-apela-a-reforcar-a-prevencao\/","title":{"rendered":"Febre aftosa agrava-se na Europa e DGAV apela a refor\u00e7ar a preven\u00e7\u00e3o"},"content":{"rendered":"<p>A febre aftosa voltou a intensificar-se na Europa, com novos focos confirmados na Gr\u00e9cia e no Chipre. A DGAV pediu refor\u00e7o das medidas preventivas para bovinos, ovinos, caprinos e su\u00ednos.<\/p>\n<p>Em 15 de mar\u00e7o, foi detectado um foco na ilha grega de Lesvos, onde 288 animais entre bovinos e ovinos estavam em risco. As medidas de controlo j\u00e1 incluem o abate dos animais afetados.<\/p>\n<p>Na Rep\u00fablica do Chipre, o primeiro foco surgiu na regi\u00e3o de Larnaka. At\u00e9 agora, a situa\u00e7\u00e3o registou 42 focos, com vacina\u00e7\u00e3o de emerg\u00eancia j\u00e1 em curso e medidas de seguran\u00e7a adicionais.<\/p>\n<p>O v\u00edrus circula na Turquia, pa\u00eds fronteira \u00e0 UE, o que aumenta o risco para o espa\u00e7o comunit\u00e1rio. A doen\u00e7a est\u00e1 presente em diversas regi\u00f5es de \u00c1frica, M\u00e9dio Oriente e \u00c1sia.<\/p>\n<p>Desde 2025, foram reportados focos em Ir\u00e3o, Iraque, L\u00edbano e em v\u00e1rios pa\u00edses africanos, o que mant\u00e9m a vigil\u00e2ncia elevada no bloco. A DGAV apela a refor\u00e7ar a higiene de ve\u00edculos e embarca\u00e7\u00f5es.<\/p>\n<p>Entre as medidas recomendadas est\u00e3o a limpeza e desinfe\u00e7\u00e3o de ve\u00edculos, navios e equipamentos que transportam animais, al\u00e9m da proibi\u00e7\u00e3o de alimenta\u00e7\u00e3o com lavaduras, restos de cozinha e mesa. Tamb\u00e9m se exige a destrui\u00e7\u00e3o de subprodutos animais.<\/p>\n<p>N\u00e3o devem ficar restos de comida acess\u00edveis a javalis, para evitar contamina\u00e7\u00e3o indireta. Qualquer ocorr\u00eancia ou suspeita de febre aftosa deve ser comunicada \u00e0 DGAV sem demora.<\/p>\n<p>A doen\u00e7a pode reduzir a produ\u00e7\u00e3o leiteira, causar queda de apetite, abortos ou morte s\u00fabita nos animais. Ves\u00edculas na l\u00edngua, gengivas, l\u00e1bios, tetas e narinas s\u00e3o sinais comuns, tal como estrias no cora\u00e7\u00e3o. N\u00e3o h\u00e1 tratamento espec\u00edfico e a vacina\u00e7\u00e3o \u00e9 proibida na UE, salvo em situa\u00e7\u00f5es de emerg\u00eancia.<\/p>\n","protected":false},"excerpt":{"rendered":"<ul>\n<li>A febre aftosa agravou-se na Europa, com novos focos na Gr\u00e9cia (ilha de Lesvos, 15 de mar\u00e7o, 288 animais abatidos) e no Chipre (regi\u00e3o de Larnaka), totalizando 42 focos confirmados.<\/li>\n<li>A DGAV pediu refor\u00e7o das medidas preventivas entre produtores, veterin\u00e1rios, transportadores e ind\u00fastria, incluindo a limpeza e desinfe\u00e7\u00e3o de ve\u00edculos e navios que transportam animais.<\/li>\n<li>Foram tamb\u00e9m impostas medidas como a proibi\u00e7\u00e3o de alimenta\u00e7\u00e3o de animais com lavaduras e restos de cozinha, destrui\u00e7\u00e3o de subprodutos de animais e n\u00e3o deixar restos de comida acess\u00edveis a javalis.<\/li>\n<li>O v\u00edrus circula na Turquia e est\u00e1 presente em v\u00e1rias regi\u00f5es de \u00c1frica, M\u00e9dio Oriente e \u00c1sia, representando um fator de risco para a Uni\u00e3o Europeia.<\/li>\n<li>N\u00e3o existe tratamento para a doen\u00e7a e a vacina\u00e7\u00e3o \u00e9 proibida na Uni\u00e3o Europeia, exceto em situa\u00e7\u00f5es de emerg\u00eancia.<\/li>\n<\/ul>\n","protected":false},"author":2,"featured_media":417534,"comment_status":"closed","ping_status":"closed","sticky":false,"template":"","format":"standard","meta":{"footnotes":""},"categories":[1,6745],"tags":[179,3091,61,6483,2487,3499],"class_list":["post-417531","post","type-post","status-publish","format-standard","has-post-thumbnail","hentry","category-noticias","category-saude","tag-agricultura","tag-animais","tag-doencas","tag-doencas-infecciosas-e-parasitarias","tag-europa","tag-pecuaria"],"yoast_head":"<!-- This site is optimized with the Yoast SEO plugin v27.2 - https:\/\/yoast.com\/product\/yoast-seo-wordpress\/ -->\n<title>Febre aftosa agrava-se na Europa e DGAV apela a refor\u00e7ar a preven\u00e7\u00e3o - Portal Tela Portugal<\/title>\n<meta name=\"robots\" content=\"index, follow, max-snippet:-1, max-image-preview:large, max-video-preview:-1\" \/>\n<meta property=\"og:locale\" content=\"pt_PT\" \/>\n<meta property=\"og:type\" content=\"article\" \/>\n<meta property=\"og:title\" content=\"Febre aftosa agrava-se na Europa e DGAV apela a refor\u00e7ar a preven\u00e7\u00e3o - Portal Tela Portugal\" \/>\n<meta property=\"og:description\" content=\"A febre aftosa agravou-se na Europa, com novos focos na Gr\u00e9cia (ilha de Lesvos, 15 de mar\u00e7o, 288 animais abatidos) e no Chipre (regi\u00e3o de Larnaka), totalizando 42 focos confirmados. A DGAV pediu refor\u00e7o das medidas preventivas entre produtores, veterin\u00e1rios, transportadores e ind\u00fastria, incluindo a limpeza e desinfe\u00e7\u00e3o de ve\u00edculos e navios que transportam animais. Foram tamb\u00e9m impostas medidas como a proibi\u00e7\u00e3o de alimenta\u00e7\u00e3o de animais com lavaduras e restos de cozinha, destrui\u00e7\u00e3o de subprodutos de animais e n\u00e3o deixar restos de comida acess\u00edveis a javalis. O v\u00edrus circula na Turquia e est\u00e1 presente em v\u00e1rias regi\u00f5es de \u00c1frica, M\u00e9dio Oriente e \u00c1sia, representando um fator de risco para a Uni\u00e3o Europeia. N\u00e3o existe tratamento para a doen\u00e7a e a vacina\u00e7\u00e3o \u00e9 proibida na Uni\u00e3o Europeia, exceto em situa\u00e7\u00f5es de emerg\u00eancia.\" \/>\n<meta property=\"og:url\" content=\"https:\/\/portaltela.pt\/noticias\/2026\/03\/20\/febre-aftosa-agrava-se-na-europa-e-dgav-apela-a-reforcar-a-prevencao\/\" \/>\n<meta property=\"og:site_name\" content=\"Portal Tela Portugal\" \/>\n<meta property=\"article:published_time\" content=\"2026-03-20T15:10:35+00:00\" \/>\n<meta name=\"author\" content=\"Telinha\" \/>\n<meta name=\"twitter:card\" content=\"summary_large_image\" \/>\n<meta name=\"twitter:label1\" content=\"Escrito por\" \/>\n\t<meta name=\"twitter:data1\" content=\"Telinha\" \/>\n\t<meta name=\"twitter:label2\" content=\"Tempo estimado de leitura\" \/>\n\t<meta name=\"twitter:data2\" content=\"2 minutos\" \/>\n<script type=\"application\/ld+json\" class=\"yoast-schema-graph\">{\"@context\":\"https:\/\/schema.org\",\"@graph\":[{\"@type\":\"Article\",\"@id\":\"https:\/\/portaltela.pt\/noticias\/2026\/03\/20\/febre-aftosa-agrava-se-na-europa-e-dgav-apela-a-reforcar-a-prevencao\/#article\",\"isPartOf\":{\"@id\":\"https:\/\/portaltela.pt\/noticias\/2026\/03\/20\/febre-aftosa-agrava-se-na-europa-e-dgav-apela-a-reforcar-a-prevencao\/\"},\"author\":{\"name\":\"Telinha\",\"@id\":\"https:\/\/portaltela.pt\/#\/schema\/person\/c4278d4a6028830caff9ee44b42d32ed\"},\"headline\":\"Febre aftosa agrava-se na Europa e DGAV apela a refor\u00e7ar a preven\u00e7\u00e3o\",\"datePublished\":\"2026-03-20T15:10:35+00:00\",\"mainEntityOfPage\":{\"@id\":\"https:\/\/portaltela.pt\/noticias\/2026\/03\/20\/febre-aftosa-agrava-se-na-europa-e-dgav-apela-a-reforcar-a-prevencao\/\"},\"wordCount\":330,\"image\":{\"@id\":\"https:\/\/portaltela.pt\/noticias\/2026\/03\/20\/febre-aftosa-agrava-se-na-europa-e-dgav-apela-a-reforcar-a-prevencao\/#primaryimage\"},\"thumbnailUrl\":\"https:\/\/portaltela.pt\/s.01k8rhncp4jt1\/2026\/03\/img_1500x1000uu2020-08-20-12-11-18-968932.jpg\",\"keywords\":[\"agricultura\",\"animais\",\"doen\u00e7as\",\"Doen\u00e7as infecciosas e parasit\u00e1rias\",\"Europa\",\"pecu\u00e1ria\"],\"articleSection\":[\"Not\u00edcias\",\"Sa\u00fade\"],\"inLanguage\":\"pt-PT\"},{\"@type\":\"WebPage\",\"@id\":\"https:\/\/portaltela.pt\/noticias\/2026\/03\/20\/febre-aftosa-agrava-se-na-europa-e-dgav-apela-a-reforcar-a-prevencao\/\",\"url\":\"https:\/\/portaltela.pt\/noticias\/2026\/03\/20\/febre-aftosa-agrava-se-na-europa-e-dgav-apela-a-reforcar-a-prevencao\/\",\"name\":\"Febre aftosa agrava-se na Europa e DGAV apela a refor\u00e7ar a preven\u00e7\u00e3o - Portal Tela Portugal\",\"isPartOf\":{\"@id\":\"https:\/\/portaltela.pt\/#website\"},\"primaryImageOfPage\":{\"@id\":\"https:\/\/portaltela.pt\/noticias\/2026\/03\/20\/febre-aftosa-agrava-se-na-europa-e-dgav-apela-a-reforcar-a-prevencao\/#primaryimage\"},\"image\":{\"@id\":\"https:\/\/portaltela.pt\/noticias\/2026\/03\/20\/febre-aftosa-agrava-se-na-europa-e-dgav-apela-a-reforcar-a-prevencao\/#primaryimage\"},\"thumbnailUrl\":\"https:\/\/portaltela.pt\/s.01k8rhncp4jt1\/2026\/03\/img_1500x1000uu2020-08-20-12-11-18-968932.jpg\",\"datePublished\":\"2026-03-20T15:10:35+00:00\",\"author\":{\"@id\":\"https:\/\/portaltela.pt\/#\/schema\/person\/c4278d4a6028830caff9ee44b42d32ed\"},\"breadcrumb\":{\"@id\":\"https:\/\/portaltela.pt\/noticias\/2026\/03\/20\/febre-aftosa-agrava-se-na-europa-e-dgav-apela-a-reforcar-a-prevencao\/#breadcrumb\"},\"inLanguage\":\"pt-PT\",\"potentialAction\":[{\"@type\":\"ReadAction\",\"target\":[\"https:\/\/portaltela.pt\/noticias\/2026\/03\/20\/febre-aftosa-agrava-se-na-europa-e-dgav-apela-a-reforcar-a-prevencao\/\"]}]},{\"@type\":\"ImageObject\",\"inLanguage\":\"pt-PT\",\"@id\":\"https:\/\/portaltela.pt\/noticias\/2026\/03\/20\/febre-aftosa-agrava-se-na-europa-e-dgav-apela-a-reforcar-a-prevencao\/#primaryimage\",\"url\":\"https:\/\/portaltela.pt\/s.01k8rhncp4jt1\/2026\/03\/img_1500x1000uu2020-08-20-12-11-18-968932.jpg\",\"contentUrl\":\"https:\/\/portaltela.pt\/s.01k8rhncp4jt1\/2026\/03\/img_1500x1000uu2020-08-20-12-11-18-968932.jpg\",\"width\":796,\"height\":448,\"caption\":\"Febre aftosa agrava-se na Europa e DGAV pede refor\u00e7o da preven\u00e7\u00e3o\"},{\"@type\":\"BreadcrumbList\",\"@id\":\"https:\/\/portaltela.pt\/noticias\/2026\/03\/20\/febre-aftosa-agrava-se-na-europa-e-dgav-apela-a-reforcar-a-prevencao\/#breadcrumb\",\"itemListElement\":[{\"@type\":\"ListItem\",\"position\":1,\"name\":\"In\u00edcio\",\"item\":\"https:\/\/portaltela.pt\/\"},{\"@type\":\"ListItem\",\"position\":2,\"name\":\"Febre aftosa agrava-se na Europa e DGAV apela a refor\u00e7ar a preven\u00e7\u00e3o\"}]},{\"@type\":\"WebSite\",\"@id\":\"https:\/\/portaltela.pt\/#website\",\"url\":\"https:\/\/portaltela.pt\/\",\"name\":\"Portal Tela Portugal\",\"description\":\"\",\"potentialAction\":[{\"@type\":\"SearchAction\",\"target\":{\"@type\":\"EntryPoint\",\"urlTemplate\":\"https:\/\/portaltela.pt\/?s={search_term_string}\"},\"query-input\":{\"@type\":\"PropertyValueSpecification\",\"valueRequired\":true,\"valueName\":\"search_term_string\"}}],\"inLanguage\":\"pt-PT\"},{\"@type\":\"Person\",\"@id\":\"https:\/\/portaltela.pt\/#\/schema\/person\/c4278d4a6028830caff9ee44b42d32ed\",\"name\":\"Telinha\",\"image\":{\"@type\":\"ImageObject\",\"inLanguage\":\"pt-PT\",\"@id\":\"https:\/\/portaltela.pt\/s.01k8rhncp4jt1\/2025\/11\/talking-bot-125x125.png\",\"url\":\"https:\/\/portaltela.pt\/s.01k8rhncp4jt1\/2025\/11\/talking-bot-125x125.png\",\"contentUrl\":\"https:\/\/portaltela.pt\/s.01k8rhncp4jt1\/2025\/11\/talking-bot-125x125.png\",\"caption\":\"Telinha\"},\"sameAs\":[\"https:\/\/portaltela.pt\/\"],\"url\":\"https:\/\/portaltela.pt\/por\/367410592786\/\"}]}<\/script>\n<!-- \/ Yoast SEO plugin. -->","yoast_head_json":{"title":"Febre aftosa agrava-se na Europa e DGAV apela a refor\u00e7ar a preven\u00e7\u00e3o - Portal Tela Portugal","robots":{"index":"index","follow":"follow","max-snippet":"max-snippet:-1","max-image-preview":"max-image-preview:large","max-video-preview":"max-video-preview:-1"},"og_locale":"pt_PT","og_type":"article","og_title":"Febre aftosa agrava-se na Europa e DGAV apela a refor\u00e7ar a preven\u00e7\u00e3o - Portal Tela Portugal","og_description":"A febre aftosa agravou-se na Europa, com novos focos na Gr\u00e9cia (ilha de Lesvos, 15 de mar\u00e7o, 288 animais abatidos) e no Chipre (regi\u00e3o de Larnaka), totalizando 42 focos confirmados. A DGAV pediu refor\u00e7o das medidas preventivas entre produtores, veterin\u00e1rios, transportadores e ind\u00fastria, incluindo a limpeza e desinfe\u00e7\u00e3o de ve\u00edculos e navios que transportam animais. Foram tamb\u00e9m impostas medidas como a proibi\u00e7\u00e3o de alimenta\u00e7\u00e3o de animais com lavaduras e restos de cozinha, destrui\u00e7\u00e3o de subprodutos de animais e n\u00e3o deixar restos de comida acess\u00edveis a javalis. O v\u00edrus circula na Turquia e est\u00e1 presente em v\u00e1rias regi\u00f5es de \u00c1frica, M\u00e9dio Oriente e \u00c1sia, representando um fator de risco para a Uni\u00e3o Europeia. N\u00e3o existe tratamento para a doen\u00e7a e a vacina\u00e7\u00e3o \u00e9 proibida na Uni\u00e3o Europeia, exceto em situa\u00e7\u00f5es de emerg\u00eancia.","og_url":"https:\/\/portaltela.pt\/noticias\/2026\/03\/20\/febre-aftosa-agrava-se-na-europa-e-dgav-apela-a-reforcar-a-prevencao\/","og_site_name":"Portal Tela Portugal","article_published_time":"2026-03-20T15:10:35+00:00","author":"Telinha","twitter_card":"summary_large_image","twitter_misc":{"Escrito por":"Telinha","Tempo estimado de leitura":"2 minutos"},"schema":{"@context":"https:\/\/schema.org","@graph":[{"@type":"Article","@id":"https:\/\/portaltela.pt\/noticias\/2026\/03\/20\/febre-aftosa-agrava-se-na-europa-e-dgav-apela-a-reforcar-a-prevencao\/#article","isPartOf":{"@id":"https:\/\/portaltela.pt\/noticias\/2026\/03\/20\/febre-aftosa-agrava-se-na-europa-e-dgav-apela-a-reforcar-a-prevencao\/"},"author":{"name":"Telinha","@id":"https:\/\/portaltela.pt\/#\/schema\/person\/c4278d4a6028830caff9ee44b42d32ed"},"headline":"Febre aftosa agrava-se na Europa e DGAV apela a refor\u00e7ar a preven\u00e7\u00e3o","datePublished":"2026-03-20T15:10:35+00:00","mainEntityOfPage":{"@id":"https:\/\/portaltela.pt\/noticias\/2026\/03\/20\/febre-aftosa-agrava-se-na-europa-e-dgav-apela-a-reforcar-a-prevencao\/"},"wordCount":330,"image":{"@id":"https:\/\/portaltela.pt\/noticias\/2026\/03\/20\/febre-aftosa-agrava-se-na-europa-e-dgav-apela-a-reforcar-a-prevencao\/#primaryimage"},"thumbnailUrl":"https:\/\/portaltela.pt\/s.01k8rhncp4jt1\/2026\/03\/img_1500x1000uu2020-08-20-12-11-18-968932.jpg","keywords":["agricultura","animais","doen\u00e7as","Doen\u00e7as infecciosas e parasit\u00e1rias","Europa","pecu\u00e1ria"],"articleSection":["Not\u00edcias","Sa\u00fade"],"inLanguage":"pt-PT"},{"@type":"WebPage","@id":"https:\/\/portaltela.pt\/noticias\/2026\/03\/20\/febre-aftosa-agrava-se-na-europa-e-dgav-apela-a-reforcar-a-prevencao\/","url":"https:\/\/portaltela.pt\/noticias\/2026\/03\/20\/febre-aftosa-agrava-se-na-europa-e-dgav-apela-a-reforcar-a-prevencao\/","name":"Febre aftosa agrava-se na Europa e DGAV apela a refor\u00e7ar a preven\u00e7\u00e3o - Portal Tela Portugal","isPartOf":{"@id":"https:\/\/portaltela.pt\/#website"},"primaryImageOfPage":{"@id":"https:\/\/portaltela.pt\/noticias\/2026\/03\/20\/febre-aftosa-agrava-se-na-europa-e-dgav-apela-a-reforcar-a-prevencao\/#primaryimage"},"image":{"@id":"https:\/\/portaltela.pt\/noticias\/2026\/03\/20\/febre-aftosa-agrava-se-na-europa-e-dgav-apela-a-reforcar-a-prevencao\/#primaryimage"},"thumbnailUrl":"https:\/\/portaltela.pt\/s.01k8rhncp4jt1\/2026\/03\/img_1500x1000uu2020-08-20-12-11-18-968932.jpg","datePublished":"2026-03-20T15:10:35+00:00","author":{"@id":"https:\/\/portaltela.pt\/#\/schema\/person\/c4278d4a6028830caff9ee44b42d32ed"},"breadcrumb":{"@id":"https:\/\/portaltela.pt\/noticias\/2026\/03\/20\/febre-aftosa-agrava-se-na-europa-e-dgav-apela-a-reforcar-a-prevencao\/#breadcrumb"},"inLanguage":"pt-PT","potentialAction":[{"@type":"ReadAction","target":["https:\/\/portaltela.pt\/noticias\/2026\/03\/20\/febre-aftosa-agrava-se-na-europa-e-dgav-apela-a-reforcar-a-prevencao\/"]}]},{"@type":"ImageObject","inLanguage":"pt-PT","@id":"https:\/\/portaltela.pt\/noticias\/2026\/03\/20\/febre-aftosa-agrava-se-na-europa-e-dgav-apela-a-reforcar-a-prevencao\/#primaryimage","url":"https:\/\/portaltela.pt\/s.01k8rhncp4jt1\/2026\/03\/img_1500x1000uu2020-08-20-12-11-18-968932.jpg","contentUrl":"https:\/\/portaltela.pt\/s.01k8rhncp4jt1\/2026\/03\/img_1500x1000uu2020-08-20-12-11-18-968932.jpg","width":796,"height":448,"caption":"Febre aftosa agrava-se na Europa e DGAV pede refor\u00e7o da preven\u00e7\u00e3o"},{"@type":"BreadcrumbList","@id":"https:\/\/portaltela.pt\/noticias\/2026\/03\/20\/febre-aftosa-agrava-se-na-europa-e-dgav-apela-a-reforcar-a-prevencao\/#breadcrumb","itemListElement":[{"@type":"ListItem","position":1,"name":"In\u00edcio","item":"https:\/\/portaltela.pt\/"},{"@type":"ListItem","position":2,"name":"Febre aftosa agrava-se na Europa e DGAV apela a refor\u00e7ar a preven\u00e7\u00e3o"}]},{"@type":"WebSite","@id":"https:\/\/portaltela.pt\/#website","url":"https:\/\/portaltela.pt\/","name":"Portal Tela Portugal","description":"","potentialAction":[{"@type":"SearchAction","target":{"@type":"EntryPoint","urlTemplate":"https:\/\/portaltela.pt\/?s={search_term_string}"},"query-input":{"@type":"PropertyValueSpecification","valueRequired":true,"valueName":"search_term_string"}}],"inLanguage":"pt-PT"},{"@type":"Person","@id":"https:\/\/portaltela.pt\/#\/schema\/person\/c4278d4a6028830caff9ee44b42d32ed","name":"Telinha","image":{"@type":"ImageObject","inLanguage":"pt-PT","@id":"https:\/\/portaltela.pt\/s.01k8rhncp4jt1\/2025\/11\/talking-bot-125x125.png","url":"https:\/\/portaltela.pt\/s.01k8rhncp4jt1\/2025\/11\/talking-bot-125x125.png","contentUrl":"https:\/\/portaltela.pt\/s.01k8rhncp4jt1\/2025\/11\/talking-bot-125x125.png","caption":"Telinha"},"sameAs":["https:\/\/portaltela.pt\/"],"url":"https:\/\/portaltela.pt\/por\/367410592786\/"}]}},"_links":{"self":[{"href":"https:\/\/portaltela.pt\/api\/wp\/v2\/posts\/417531","targetHints":{"allow":["GET"]}}],"collection":[{"href":"https:\/\/portaltela.pt\/api\/wp\/v2\/posts"}],"about":[{"href":"https:\/\/portaltela.pt\/api\/wp\/v2\/types\/post"}],"author":[{"embeddable":true,"href":"https:\/\/portaltela.pt\/api\/wp\/v2\/users\/2"}],"replies":[{"embeddable":true,"href":"https:\/\/portaltela.pt\/api\/wp\/v2\/comments?post=417531"}],"version-history":[{"count":0,"href":"https:\/\/portaltela.pt\/api\/wp\/v2\/posts\/417531\/revisions"}],"wp:featuredmedia":[{"embeddable":true,"href":"https:\/\/portaltela.pt\/api\/wp\/v2\/media\/417534"}],"wp:attachment":[{"href":"https:\/\/portaltela.pt\/api\/wp\/v2\/media?parent=417531"}],"wp:term":[{"taxonomy":"category","embeddable":true,"href":"https:\/\/portaltela.pt\/api\/wp\/v2\/categories?post=417531"},{"taxonomy":"post_tag","embeddable":true,"href":"https:\/\/portaltela.pt\/api\/wp\/v2\/tags?post=417531"}],"curies":[{"name":"wp","href":"https:\/\/api.w.org\/{rel}","templated":true}]}}