{"id":417529,"date":"2026-03-20T12:00:00","date_gmt":"2026-03-20T15:00:00","guid":{"rendered":"https:\/\/portaltela.pt\/noticias\/2026\/03\/20\/erse-avalia-compensacoes-apos-relatorio-que-iliba-portugal-do-apagao\/"},"modified":"2026-03-20T12:00:00","modified_gmt":"2026-03-20T15:00:00","slug":"erse-avalia-compensacoes-apos-relatorio-que-iliba-portugal-do-apagao","status":"publish","type":"post","link":"https:\/\/portaltela.pt\/noticias\/2026\/03\/20\/erse-avalia-compensacoes-apos-relatorio-que-iliba-portugal-do-apagao\/","title":{"rendered":"ERSE avalia compensa\u00e7\u00f5es ap\u00f3s relat\u00f3rio que iliba Portugal do apag\u00e3o"},"content":{"rendered":"<p>O apag\u00e3o el\u00e9trico que afetou Portugal e a Pen\u00ednsula Ib\u00e9rica a 28 de abril de 2025 ter\u00e1, segundo o relat\u00f3rio t\u00e9cnico, origem em Espanha, com consequ\u00eancias ainda por definir em Portugal. A ministra do Ambiente, Maria da Gra\u00e7a Carvalho, informou que o documento, elaborado pela ENTSO-E e validado pela ACER, aponta tr\u00eas eventos geogr\u00e1ficos: Granada, depois Badajoz, seguidos de Sevilha, antes da propaga\u00e7\u00e3o do corte de energia.<\/p>\n<p>A governante sublinhou que o relat\u00f3rio \u00e9 independente e n\u00e3o visa identificar culpados, apenas causas t\u00e9cnicas. A partir da an\u00e1lise, salientou que a responsabilidade principal recai sobre o controlo de tens\u00e3o no lado espanhol. O pr\u00f3ximo passo cabe ao regulador nacional para avaliar impactos e compensa\u00e7\u00f5es potenciais.<\/p>\n<p>A ERSE dever\u00e1 analisar as consequ\u00eancias do incidente e definir o caminho a seguir no que respeita a indemniza\u00e7\u00f5es, caso haja elegibilidade. Especialistas j\u00e1 disseram que, se o evento for classificado como extraordin\u00e1rio, as compensa\u00e7\u00f5es podem n\u00e3o ocorrer.<\/p>\n<h3>Origens t\u00e9cnicas e alcance do relat\u00f3rio<\/h3>\n<p>O relat\u00f3rio final, apresentado hoje, inclui 23 recomenda\u00e7\u00f5es, com 90% j\u00e1 implementadas ou previstas a n\u00edvel nacional, sobretudo em controlo de tens\u00e3o, partilha de dados e resili\u00eancia do sistema. O refor\u00e7o da coordena\u00e7\u00e3o entre produ\u00e7\u00e3o, distribui\u00e7\u00e3o e transporte tamb\u00e9m \u00e9 destacado.<\/p>\n<p>Os peritos europeus que investigaram o apag\u00e3o ib\u00e9rico apuraram que o evento resultou de m\u00faltiplos fatores t\u00e9cnicos e n\u00e3o atribui responsabilidades legais. A avalia\u00e7\u00e3o depende da interpreta\u00e7\u00e3o da lei por cada autoridade competente, afirmou o presidente da ENTSO-E.<\/p>\n<p>O painel, composto por 49 especialistas, descreveu o epis\u00f3dio como o mais grave do seu tipo na Europa em mais de duas d\u00e9cadas e um fen\u00f3meno sem precedentes te\u00f3ricos. O apag\u00e3o de 28 de abril de 2025 deixou milhares de pessoas sem energia, com impactos em transportes, comunica\u00e7\u00f5es e servi\u00e7os b\u00e1sicos. Em Portugal, o corte ocorreu por volta das 11h33.<\/p>\n","protected":false},"excerpt":{"rendered":"<ul>\n<li>Em 28 de abril de 2025, o apag\u00e3o na Pen\u00ednsula Ib\u00e9rica deixou milhares de pessoas \u00e0s escuras por v\u00e1rias horas, com a origem identificada no lado espanhol.<\/li>\n<li>O relat\u00f3rio t\u00e9cnico conclui que a origem esteve em Espanha e que as autoridades portuguesas n\u00e3o s\u00e3o respons\u00e1veis pelo apag\u00e3o.<\/li>\n<li>O documento, elaborado pela Rede Europeia de Gestores de Redes de Transporte de Eletricidade (ENTSO-E) e validado pela Ag\u00eancia de Coopera\u00e7\u00e3o dos Reguladores da Energia (ACER), aponta tr\u00eas eventos em Granada, depois em Badajoz e, por fim, em Sevilha, antes da propaga\u00e7\u00e3o do apag\u00e3o.<\/li>\n<li>Do ponto de vista t\u00e9cnico, a origem principal foi o controlo de tens\u00e3o insuficiente do lado de Espanha; o relat\u00f3rio \u00e9 uma an\u00e1lise t\u00e9cnica, n\u00e3o uma atribui\u00e7\u00e3o de culpas.<\/li>\n<li>Segue-se agora a avalia\u00e7\u00e3o pela Entidade Reguladora dos Servi\u00e7os Energ\u00e9ticos (ERSE) sobre as consequ\u00eancias, incluindo eventuais compensa\u00e7\u00f5es; o relat\u00f3rio apresenta 23 recomenda\u00e7\u00f5es, com cerca de 90% j\u00e1 implementadas ou previstas a n\u00edvel nacional.<\/li>\n<\/ul>\n","protected":false},"author":2,"featured_media":417533,"comment_status":"closed","ping_status":"closed","sticky":false,"template":"","format":"standard","meta":{"footnotes":""},"categories":[6806,1],"tags":[167,5215,174,5307,2745,1014],"class_list":["post-417529","post","type-post","status-publish","format-standard","has-post-thumbnail","hentry","category-energia","category-noticias","tag-ambiente","tag-catastrofes-naturais","tag-energia","tag-erse","tag-indenizacoes","tag-portugal"],"yoast_head":"<!-- This site is optimized with the Yoast SEO plugin v27.2 - https:\/\/yoast.com\/product\/yoast-seo-wordpress\/ -->\n<title>ERSE avalia compensa\u00e7\u00f5es ap\u00f3s relat\u00f3rio que iliba Portugal do apag\u00e3o - Portal Tela Portugal<\/title>\n<meta name=\"robots\" content=\"index, follow, max-snippet:-1, max-image-preview:large, max-video-preview:-1\" \/>\n<meta property=\"og:locale\" content=\"pt_PT\" \/>\n<meta property=\"og:type\" content=\"article\" \/>\n<meta property=\"og:title\" content=\"ERSE avalia compensa\u00e7\u00f5es ap\u00f3s relat\u00f3rio que iliba Portugal do apag\u00e3o - Portal Tela Portugal\" \/>\n<meta property=\"og:description\" content=\"Em 28 de abril de 2025, o apag\u00e3o na Pen\u00ednsula Ib\u00e9rica deixou milhares de pessoas \u00e0s escuras por v\u00e1rias horas, com a origem identificada no lado espanhol. O relat\u00f3rio t\u00e9cnico conclui que a origem esteve em Espanha e que as autoridades portuguesas n\u00e3o s\u00e3o respons\u00e1veis pelo apag\u00e3o. O documento, elaborado pela Rede Europeia de Gestores de Redes de Transporte de Eletricidade (ENTSO-E) e validado pela Ag\u00eancia de Coopera\u00e7\u00e3o dos Reguladores da Energia (ACER), aponta tr\u00eas eventos em Granada, depois em Badajoz e, por fim, em Sevilha, antes da propaga\u00e7\u00e3o do apag\u00e3o. Do ponto de vista t\u00e9cnico, a origem principal foi o controlo de tens\u00e3o insuficiente do lado de Espanha; o relat\u00f3rio \u00e9 uma an\u00e1lise t\u00e9cnica, n\u00e3o uma atribui\u00e7\u00e3o de culpas. Segue-se agora a avalia\u00e7\u00e3o pela Entidade Reguladora dos Servi\u00e7os Energ\u00e9ticos (ERSE) sobre as consequ\u00eancias, incluindo eventuais compensa\u00e7\u00f5es; o relat\u00f3rio apresenta 23 recomenda\u00e7\u00f5es, com cerca de 90% j\u00e1 implementadas ou previstas a n\u00edvel nacional.\" \/>\n<meta property=\"og:url\" content=\"https:\/\/portaltela.pt\/noticias\/2026\/03\/20\/erse-avalia-compensacoes-apos-relatorio-que-iliba-portugal-do-apagao\/\" \/>\n<meta property=\"og:site_name\" content=\"Portal Tela Portugal\" \/>\n<meta property=\"article:published_time\" content=\"2026-03-20T15:00:00+00:00\" \/>\n<meta name=\"author\" content=\"Telinha\" \/>\n<meta name=\"twitter:card\" content=\"summary_large_image\" \/>\n<meta name=\"twitter:label1\" content=\"Escrito por\" \/>\n\t<meta name=\"twitter:data1\" content=\"Telinha\" \/>\n\t<meta name=\"twitter:label2\" content=\"Tempo estimado de leitura\" \/>\n\t<meta name=\"twitter:data2\" content=\"2 minutos\" \/>\n<script type=\"application\/ld+json\" class=\"yoast-schema-graph\">{\"@context\":\"https:\/\/schema.org\",\"@graph\":[{\"@type\":\"Article\",\"@id\":\"https:\/\/portaltela.pt\/noticias\/2026\/03\/20\/erse-avalia-compensacoes-apos-relatorio-que-iliba-portugal-do-apagao\/#article\",\"isPartOf\":{\"@id\":\"https:\/\/portaltela.pt\/noticias\/2026\/03\/20\/erse-avalia-compensacoes-apos-relatorio-que-iliba-portugal-do-apagao\/\"},\"author\":{\"name\":\"Telinha\",\"@id\":\"https:\/\/portaltela.pt\/#\/schema\/person\/c4278d4a6028830caff9ee44b42d32ed\"},\"headline\":\"ERSE avalia compensa\u00e7\u00f5es ap\u00f3s relat\u00f3rio que iliba Portugal do apag\u00e3o\",\"datePublished\":\"2026-03-20T15:00:00+00:00\",\"mainEntityOfPage\":{\"@id\":\"https:\/\/portaltela.pt\/noticias\/2026\/03\/20\/erse-avalia-compensacoes-apos-relatorio-que-iliba-portugal-do-apagao\/\"},\"wordCount\":352,\"image\":{\"@id\":\"https:\/\/portaltela.pt\/noticias\/2026\/03\/20\/erse-avalia-compensacoes-apos-relatorio-que-iliba-portugal-do-apagao\/#primaryimage\"},\"thumbnailUrl\":\"https:\/\/portaltela.pt\/s.01k8rhncp4jt1\/2026\/03\/image-1350.jpg\",\"keywords\":[\"ambiente\",\"cat\u00e1strofes naturais\",\"energia\",\"ERSE\",\"indeniza\u00e7\u00f5es\",\"Portugal\"],\"articleSection\":[\"Energia\",\"Not\u00edcias\"],\"inLanguage\":\"pt-PT\"},{\"@type\":\"WebPage\",\"@id\":\"https:\/\/portaltela.pt\/noticias\/2026\/03\/20\/erse-avalia-compensacoes-apos-relatorio-que-iliba-portugal-do-apagao\/\",\"url\":\"https:\/\/portaltela.pt\/noticias\/2026\/03\/20\/erse-avalia-compensacoes-apos-relatorio-que-iliba-portugal-do-apagao\/\",\"name\":\"ERSE avalia compensa\u00e7\u00f5es ap\u00f3s relat\u00f3rio que iliba Portugal do apag\u00e3o - Portal Tela Portugal\",\"isPartOf\":{\"@id\":\"https:\/\/portaltela.pt\/#website\"},\"primaryImageOfPage\":{\"@id\":\"https:\/\/portaltela.pt\/noticias\/2026\/03\/20\/erse-avalia-compensacoes-apos-relatorio-que-iliba-portugal-do-apagao\/#primaryimage\"},\"image\":{\"@id\":\"https:\/\/portaltela.pt\/noticias\/2026\/03\/20\/erse-avalia-compensacoes-apos-relatorio-que-iliba-portugal-do-apagao\/#primaryimage\"},\"thumbnailUrl\":\"https:\/\/portaltela.pt\/s.01k8rhncp4jt1\/2026\/03\/image-1350.jpg\",\"datePublished\":\"2026-03-20T15:00:00+00:00\",\"author\":{\"@id\":\"https:\/\/portaltela.pt\/#\/schema\/person\/c4278d4a6028830caff9ee44b42d32ed\"},\"breadcrumb\":{\"@id\":\"https:\/\/portaltela.pt\/noticias\/2026\/03\/20\/erse-avalia-compensacoes-apos-relatorio-que-iliba-portugal-do-apagao\/#breadcrumb\"},\"inLanguage\":\"pt-PT\",\"potentialAction\":[{\"@type\":\"ReadAction\",\"target\":[\"https:\/\/portaltela.pt\/noticias\/2026\/03\/20\/erse-avalia-compensacoes-apos-relatorio-que-iliba-portugal-do-apagao\/\"]}]},{\"@type\":\"ImageObject\",\"inLanguage\":\"pt-PT\",\"@id\":\"https:\/\/portaltela.pt\/noticias\/2026\/03\/20\/erse-avalia-compensacoes-apos-relatorio-que-iliba-portugal-do-apagao\/#primaryimage\",\"url\":\"https:\/\/portaltela.pt\/s.01k8rhncp4jt1\/2026\/03\/image-1350.jpg\",\"contentUrl\":\"https:\/\/portaltela.pt\/s.01k8rhncp4jt1\/2026\/03\/image-1350.jpg\",\"width\":796,\"height\":448,\"caption\":\"Apag\u00e3o deixou milhares de pessoas \u00e0s escuras por v\u00e1rias horas\"},{\"@type\":\"BreadcrumbList\",\"@id\":\"https:\/\/portaltela.pt\/noticias\/2026\/03\/20\/erse-avalia-compensacoes-apos-relatorio-que-iliba-portugal-do-apagao\/#breadcrumb\",\"itemListElement\":[{\"@type\":\"ListItem\",\"position\":1,\"name\":\"In\u00edcio\",\"item\":\"https:\/\/portaltela.pt\/\"},{\"@type\":\"ListItem\",\"position\":2,\"name\":\"ERSE avalia compensa\u00e7\u00f5es ap\u00f3s relat\u00f3rio que iliba Portugal do apag\u00e3o\"}]},{\"@type\":\"WebSite\",\"@id\":\"https:\/\/portaltela.pt\/#website\",\"url\":\"https:\/\/portaltela.pt\/\",\"name\":\"Portal Tela Portugal\",\"description\":\"\",\"potentialAction\":[{\"@type\":\"SearchAction\",\"target\":{\"@type\":\"EntryPoint\",\"urlTemplate\":\"https:\/\/portaltela.pt\/?s={search_term_string}\"},\"query-input\":{\"@type\":\"PropertyValueSpecification\",\"valueRequired\":true,\"valueName\":\"search_term_string\"}}],\"inLanguage\":\"pt-PT\"},{\"@type\":\"Person\",\"@id\":\"https:\/\/portaltela.pt\/#\/schema\/person\/c4278d4a6028830caff9ee44b42d32ed\",\"name\":\"Telinha\",\"image\":{\"@type\":\"ImageObject\",\"inLanguage\":\"pt-PT\",\"@id\":\"https:\/\/portaltela.pt\/s.01k8rhncp4jt1\/2025\/11\/talking-bot-125x125.png\",\"url\":\"https:\/\/portaltela.pt\/s.01k8rhncp4jt1\/2025\/11\/talking-bot-125x125.png\",\"contentUrl\":\"https:\/\/portaltela.pt\/s.01k8rhncp4jt1\/2025\/11\/talking-bot-125x125.png\",\"caption\":\"Telinha\"},\"sameAs\":[\"https:\/\/portaltela.pt\/\"],\"url\":\"https:\/\/portaltela.pt\/por\/367410592786\/\"}]}<\/script>\n<!-- \/ Yoast SEO plugin. -->","yoast_head_json":{"title":"ERSE avalia compensa\u00e7\u00f5es ap\u00f3s relat\u00f3rio que iliba Portugal do apag\u00e3o - Portal Tela Portugal","robots":{"index":"index","follow":"follow","max-snippet":"max-snippet:-1","max-image-preview":"max-image-preview:large","max-video-preview":"max-video-preview:-1"},"og_locale":"pt_PT","og_type":"article","og_title":"ERSE avalia compensa\u00e7\u00f5es ap\u00f3s relat\u00f3rio que iliba Portugal do apag\u00e3o - Portal Tela Portugal","og_description":"Em 28 de abril de 2025, o apag\u00e3o na Pen\u00ednsula Ib\u00e9rica deixou milhares de pessoas \u00e0s escuras por v\u00e1rias horas, com a origem identificada no lado espanhol. O relat\u00f3rio t\u00e9cnico conclui que a origem esteve em Espanha e que as autoridades portuguesas n\u00e3o s\u00e3o respons\u00e1veis pelo apag\u00e3o. O documento, elaborado pela Rede Europeia de Gestores de Redes de Transporte de Eletricidade (ENTSO-E) e validado pela Ag\u00eancia de Coopera\u00e7\u00e3o dos Reguladores da Energia (ACER), aponta tr\u00eas eventos em Granada, depois em Badajoz e, por fim, em Sevilha, antes da propaga\u00e7\u00e3o do apag\u00e3o. Do ponto de vista t\u00e9cnico, a origem principal foi o controlo de tens\u00e3o insuficiente do lado de Espanha; o relat\u00f3rio \u00e9 uma an\u00e1lise t\u00e9cnica, n\u00e3o uma atribui\u00e7\u00e3o de culpas. Segue-se agora a avalia\u00e7\u00e3o pela Entidade Reguladora dos Servi\u00e7os Energ\u00e9ticos (ERSE) sobre as consequ\u00eancias, incluindo eventuais compensa\u00e7\u00f5es; o relat\u00f3rio apresenta 23 recomenda\u00e7\u00f5es, com cerca de 90% j\u00e1 implementadas ou previstas a n\u00edvel nacional.","og_url":"https:\/\/portaltela.pt\/noticias\/2026\/03\/20\/erse-avalia-compensacoes-apos-relatorio-que-iliba-portugal-do-apagao\/","og_site_name":"Portal Tela Portugal","article_published_time":"2026-03-20T15:00:00+00:00","author":"Telinha","twitter_card":"summary_large_image","twitter_misc":{"Escrito por":"Telinha","Tempo estimado de leitura":"2 minutos"},"schema":{"@context":"https:\/\/schema.org","@graph":[{"@type":"Article","@id":"https:\/\/portaltela.pt\/noticias\/2026\/03\/20\/erse-avalia-compensacoes-apos-relatorio-que-iliba-portugal-do-apagao\/#article","isPartOf":{"@id":"https:\/\/portaltela.pt\/noticias\/2026\/03\/20\/erse-avalia-compensacoes-apos-relatorio-que-iliba-portugal-do-apagao\/"},"author":{"name":"Telinha","@id":"https:\/\/portaltela.pt\/#\/schema\/person\/c4278d4a6028830caff9ee44b42d32ed"},"headline":"ERSE avalia compensa\u00e7\u00f5es ap\u00f3s relat\u00f3rio que iliba Portugal do apag\u00e3o","datePublished":"2026-03-20T15:00:00+00:00","mainEntityOfPage":{"@id":"https:\/\/portaltela.pt\/noticias\/2026\/03\/20\/erse-avalia-compensacoes-apos-relatorio-que-iliba-portugal-do-apagao\/"},"wordCount":352,"image":{"@id":"https:\/\/portaltela.pt\/noticias\/2026\/03\/20\/erse-avalia-compensacoes-apos-relatorio-que-iliba-portugal-do-apagao\/#primaryimage"},"thumbnailUrl":"https:\/\/portaltela.pt\/s.01k8rhncp4jt1\/2026\/03\/image-1350.jpg","keywords":["ambiente","cat\u00e1strofes naturais","energia","ERSE","indeniza\u00e7\u00f5es","Portugal"],"articleSection":["Energia","Not\u00edcias"],"inLanguage":"pt-PT"},{"@type":"WebPage","@id":"https:\/\/portaltela.pt\/noticias\/2026\/03\/20\/erse-avalia-compensacoes-apos-relatorio-que-iliba-portugal-do-apagao\/","url":"https:\/\/portaltela.pt\/noticias\/2026\/03\/20\/erse-avalia-compensacoes-apos-relatorio-que-iliba-portugal-do-apagao\/","name":"ERSE avalia compensa\u00e7\u00f5es ap\u00f3s relat\u00f3rio que iliba Portugal do apag\u00e3o - Portal Tela Portugal","isPartOf":{"@id":"https:\/\/portaltela.pt\/#website"},"primaryImageOfPage":{"@id":"https:\/\/portaltela.pt\/noticias\/2026\/03\/20\/erse-avalia-compensacoes-apos-relatorio-que-iliba-portugal-do-apagao\/#primaryimage"},"image":{"@id":"https:\/\/portaltela.pt\/noticias\/2026\/03\/20\/erse-avalia-compensacoes-apos-relatorio-que-iliba-portugal-do-apagao\/#primaryimage"},"thumbnailUrl":"https:\/\/portaltela.pt\/s.01k8rhncp4jt1\/2026\/03\/image-1350.jpg","datePublished":"2026-03-20T15:00:00+00:00","author":{"@id":"https:\/\/portaltela.pt\/#\/schema\/person\/c4278d4a6028830caff9ee44b42d32ed"},"breadcrumb":{"@id":"https:\/\/portaltela.pt\/noticias\/2026\/03\/20\/erse-avalia-compensacoes-apos-relatorio-que-iliba-portugal-do-apagao\/#breadcrumb"},"inLanguage":"pt-PT","potentialAction":[{"@type":"ReadAction","target":["https:\/\/portaltela.pt\/noticias\/2026\/03\/20\/erse-avalia-compensacoes-apos-relatorio-que-iliba-portugal-do-apagao\/"]}]},{"@type":"ImageObject","inLanguage":"pt-PT","@id":"https:\/\/portaltela.pt\/noticias\/2026\/03\/20\/erse-avalia-compensacoes-apos-relatorio-que-iliba-portugal-do-apagao\/#primaryimage","url":"https:\/\/portaltela.pt\/s.01k8rhncp4jt1\/2026\/03\/image-1350.jpg","contentUrl":"https:\/\/portaltela.pt\/s.01k8rhncp4jt1\/2026\/03\/image-1350.jpg","width":796,"height":448,"caption":"Apag\u00e3o deixou milhares de pessoas \u00e0s escuras por v\u00e1rias horas"},{"@type":"BreadcrumbList","@id":"https:\/\/portaltela.pt\/noticias\/2026\/03\/20\/erse-avalia-compensacoes-apos-relatorio-que-iliba-portugal-do-apagao\/#breadcrumb","itemListElement":[{"@type":"ListItem","position":1,"name":"In\u00edcio","item":"https:\/\/portaltela.pt\/"},{"@type":"ListItem","position":2,"name":"ERSE avalia compensa\u00e7\u00f5es ap\u00f3s relat\u00f3rio que iliba Portugal do apag\u00e3o"}]},{"@type":"WebSite","@id":"https:\/\/portaltela.pt\/#website","url":"https:\/\/portaltela.pt\/","name":"Portal Tela Portugal","description":"","potentialAction":[{"@type":"SearchAction","target":{"@type":"EntryPoint","urlTemplate":"https:\/\/portaltela.pt\/?s={search_term_string}"},"query-input":{"@type":"PropertyValueSpecification","valueRequired":true,"valueName":"search_term_string"}}],"inLanguage":"pt-PT"},{"@type":"Person","@id":"https:\/\/portaltela.pt\/#\/schema\/person\/c4278d4a6028830caff9ee44b42d32ed","name":"Telinha","image":{"@type":"ImageObject","inLanguage":"pt-PT","@id":"https:\/\/portaltela.pt\/s.01k8rhncp4jt1\/2025\/11\/talking-bot-125x125.png","url":"https:\/\/portaltela.pt\/s.01k8rhncp4jt1\/2025\/11\/talking-bot-125x125.png","contentUrl":"https:\/\/portaltela.pt\/s.01k8rhncp4jt1\/2025\/11\/talking-bot-125x125.png","caption":"Telinha"},"sameAs":["https:\/\/portaltela.pt\/"],"url":"https:\/\/portaltela.pt\/por\/367410592786\/"}]}},"_links":{"self":[{"href":"https:\/\/portaltela.pt\/api\/wp\/v2\/posts\/417529","targetHints":{"allow":["GET"]}}],"collection":[{"href":"https:\/\/portaltela.pt\/api\/wp\/v2\/posts"}],"about":[{"href":"https:\/\/portaltela.pt\/api\/wp\/v2\/types\/post"}],"author":[{"embeddable":true,"href":"https:\/\/portaltela.pt\/api\/wp\/v2\/users\/2"}],"replies":[{"embeddable":true,"href":"https:\/\/portaltela.pt\/api\/wp\/v2\/comments?post=417529"}],"version-history":[{"count":0,"href":"https:\/\/portaltela.pt\/api\/wp\/v2\/posts\/417529\/revisions"}],"wp:featuredmedia":[{"embeddable":true,"href":"https:\/\/portaltela.pt\/api\/wp\/v2\/media\/417533"}],"wp:attachment":[{"href":"https:\/\/portaltela.pt\/api\/wp\/v2\/media?parent=417529"}],"wp:term":[{"taxonomy":"category","embeddable":true,"href":"https:\/\/portaltela.pt\/api\/wp\/v2\/categories?post=417529"},{"taxonomy":"post_tag","embeddable":true,"href":"https:\/\/portaltela.pt\/api\/wp\/v2\/tags?post=417529"}],"curies":[{"name":"wp","href":"https:\/\/api.w.org\/{rel}","templated":true}]}}