{"id":417517,"date":"2026-03-20T12:12:55","date_gmt":"2026-03-20T15:12:55","guid":{"rendered":"https:\/\/portaltela.pt\/noticias\/2026\/03\/20\/incendio-deflagra-em-casa-devoluta-no-centro-do-porto\/"},"modified":"2026-03-20T12:12:55","modified_gmt":"2026-03-20T15:12:55","slug":"incendio-deflagra-em-casa-devoluta-no-centro-do-porto","status":"publish","type":"post","link":"https:\/\/portaltela.pt\/noticias\/2026\/03\/20\/incendio-deflagra-em-casa-devoluta-no-centro-do-porto\/","title":{"rendered":"Inc\u00eandio deflagra em casa devoluta no centro do Porto"},"content":{"rendered":"<p>Um inc\u00eandio deflagrou ao in\u00edcio da tarde desta sexta-feira numa casa devoluta na rua Fernandes Tom\u00e1s, no centro do Porto. O alerta chegou \u00e0s 14h00, por uma testemunha que circulava no local e avistou fumo.<\/p>\n<p>Bombeiros Volunt\u00e1rios do Porto e o Regimento de Sapadores Bombeiros do Porto foram acionados e conseguiram deter o fogo rapidamente. N\u00e3o h\u00e1 registo de feridos.<\/p>\n<p>A circula\u00e7\u00e3o na rua Fernandes Tom\u00e1s esteve interrompida durante o combate \u00e0s chamas, para garantir a seguran\u00e7a do edif\u00edcio e dos transeuntes.<\/p>\n<p>As autoridades policiais, a Pol\u00edcia Municipal e a PSP, foram acionadas para apoiar o dispositivo e assegurar o controle da \u00e1rea.<\/p>\n<p>A causa do inc\u00eandio ainda n\u00e3o foi apurada pelas autoridades competentes. N\u00e3o h\u00e1 informa\u00e7\u00f5es adicionais dispon\u00edveis no momento.<\/p>\n","protected":false},"excerpt":{"rendered":"<ul>\n<li>Um inc\u00eandio deflagrou ao in\u00edcio da tarde desta sexta-feira numa casa devoluta na rua Fernandes Tom\u00e1s, no centro do Porto, por volta das 14h00.<\/li>\n<li>O alerta foi dado por uma pessoa que circulava junto ao local e percebeu o fumo.<\/li>\n<li>Os Bombeiros Volunt\u00e1rios do Porto e o Regimento de Sapadores Bombeiros do Porto chegaram ao local e o fogo foi rapidamente extinto; n\u00e3o h\u00e1 registo de feridos.<\/li>\n<li>A circula\u00e7\u00e3o na rua Fernandes Tom\u00e1s esteve cortada durante as opera\u00e7\u00f5es de combate ao inc\u00eandio.<\/li>\n<li>A Pol\u00edcia Municipal e a PSP foram acionadas.<\/li>\n<\/ul>\n","protected":false},"author":2,"featured_media":417527,"comment_status":"closed","ping_status":"closed","sticky":false,"template":"","format":"standard","meta":{"footnotes":""},"categories":[6849,1],"tags":[4955,285,1309,1438,982],"class_list":["post-417517","post","type-post","status-publish","format-standard","has-post-thumbnail","hentry","category-acidentes","category-noticias","tag-bombeiros-voluntarios-do-porto","tag-casa","tag-centro","tag-incendio","tag-porto"],"yoast_head":"<!-- This site is optimized with the Yoast SEO plugin v27.2 - https:\/\/yoast.com\/product\/yoast-seo-wordpress\/ -->\n<title>Inc\u00eandio deflagra em casa devoluta no centro do Porto - Portal Tela Portugal<\/title>\n<meta name=\"robots\" content=\"index, follow, max-snippet:-1, max-image-preview:large, max-video-preview:-1\" \/>\n<meta property=\"og:locale\" content=\"pt_PT\" \/>\n<meta property=\"og:type\" content=\"article\" \/>\n<meta property=\"og:title\" content=\"Inc\u00eandio deflagra em casa devoluta no centro do Porto - Portal Tela Portugal\" \/>\n<meta property=\"og:description\" content=\"Um inc\u00eandio deflagrou ao in\u00edcio da tarde desta sexta-feira numa casa devoluta na rua Fernandes Tom\u00e1s, no centro do Porto, por volta das 14h00. O alerta foi dado por uma pessoa que circulava junto ao local e percebeu o fumo. Os Bombeiros Volunt\u00e1rios do Porto e o Regimento de Sapadores Bombeiros do Porto chegaram ao local e o fogo foi rapidamente extinto; n\u00e3o h\u00e1 registo de feridos. A circula\u00e7\u00e3o na rua Fernandes Tom\u00e1s esteve cortada durante as opera\u00e7\u00f5es de combate ao inc\u00eandio. A Pol\u00edcia Municipal e a PSP foram acionadas.\" \/>\n<meta property=\"og:url\" content=\"https:\/\/portaltela.pt\/noticias\/2026\/03\/20\/incendio-deflagra-em-casa-devoluta-no-centro-do-porto\/\" \/>\n<meta property=\"og:site_name\" content=\"Portal Tela Portugal\" \/>\n<meta property=\"article:published_time\" content=\"2026-03-20T15:12:55+00:00\" \/>\n<meta name=\"author\" content=\"Telinha\" \/>\n<meta name=\"twitter:card\" content=\"summary_large_image\" \/>\n<meta name=\"twitter:label1\" content=\"Escrito por\" \/>\n\t<meta name=\"twitter:data1\" content=\"Telinha\" \/>\n\t<meta name=\"twitter:label2\" content=\"Tempo estimado de leitura\" \/>\n\t<meta name=\"twitter:data2\" content=\"1 minuto\" \/>\n<script type=\"application\/ld+json\" class=\"yoast-schema-graph\">{\"@context\":\"https:\/\/schema.org\",\"@graph\":[{\"@type\":\"Article\",\"@id\":\"https:\/\/portaltela.pt\/noticias\/2026\/03\/20\/incendio-deflagra-em-casa-devoluta-no-centro-do-porto\/#article\",\"isPartOf\":{\"@id\":\"https:\/\/portaltela.pt\/noticias\/2026\/03\/20\/incendio-deflagra-em-casa-devoluta-no-centro-do-porto\/\"},\"author\":{\"name\":\"Telinha\",\"@id\":\"https:\/\/portaltela.pt\/#\/schema\/person\/c4278d4a6028830caff9ee44b42d32ed\"},\"headline\":\"Inc\u00eandio deflagra em casa devoluta no centro do Porto\",\"datePublished\":\"2026-03-20T15:12:55+00:00\",\"mainEntityOfPage\":{\"@id\":\"https:\/\/portaltela.pt\/noticias\/2026\/03\/20\/incendio-deflagra-em-casa-devoluta-no-centro-do-porto\/\"},\"wordCount\":146,\"image\":{\"@id\":\"https:\/\/portaltela.pt\/noticias\/2026\/03\/20\/incendio-deflagra-em-casa-devoluta-no-centro-do-porto\/#primaryimage\"},\"thumbnailUrl\":\"https:\/\/portaltela.pt\/s.01k8rhncp4jt1\/2026\/03\/img_1280x721uu2016-10-13-17-38-00-569529.jpg\",\"keywords\":[\"Bombeiros Volunt\u00e1rios do Porto\",\"casa\",\"Centro\",\"inc\u00eandio\",\"Porto\"],\"articleSection\":[\"Acidentes\",\"Not\u00edcias\"],\"inLanguage\":\"pt-PT\"},{\"@type\":\"WebPage\",\"@id\":\"https:\/\/portaltela.pt\/noticias\/2026\/03\/20\/incendio-deflagra-em-casa-devoluta-no-centro-do-porto\/\",\"url\":\"https:\/\/portaltela.pt\/noticias\/2026\/03\/20\/incendio-deflagra-em-casa-devoluta-no-centro-do-porto\/\",\"name\":\"Inc\u00eandio deflagra em casa devoluta no centro do Porto - Portal Tela Portugal\",\"isPartOf\":{\"@id\":\"https:\/\/portaltela.pt\/#website\"},\"primaryImageOfPage\":{\"@id\":\"https:\/\/portaltela.pt\/noticias\/2026\/03\/20\/incendio-deflagra-em-casa-devoluta-no-centro-do-porto\/#primaryimage\"},\"image\":{\"@id\":\"https:\/\/portaltela.pt\/noticias\/2026\/03\/20\/incendio-deflagra-em-casa-devoluta-no-centro-do-porto\/#primaryimage\"},\"thumbnailUrl\":\"https:\/\/portaltela.pt\/s.01k8rhncp4jt1\/2026\/03\/img_1280x721uu2016-10-13-17-38-00-569529.jpg\",\"datePublished\":\"2026-03-20T15:12:55+00:00\",\"author\":{\"@id\":\"https:\/\/portaltela.pt\/#\/schema\/person\/c4278d4a6028830caff9ee44b42d32ed\"},\"breadcrumb\":{\"@id\":\"https:\/\/portaltela.pt\/noticias\/2026\/03\/20\/incendio-deflagra-em-casa-devoluta-no-centro-do-porto\/#breadcrumb\"},\"inLanguage\":\"pt-PT\",\"potentialAction\":[{\"@type\":\"ReadAction\",\"target\":[\"https:\/\/portaltela.pt\/noticias\/2026\/03\/20\/incendio-deflagra-em-casa-devoluta-no-centro-do-porto\/\"]}]},{\"@type\":\"ImageObject\",\"inLanguage\":\"pt-PT\",\"@id\":\"https:\/\/portaltela.pt\/noticias\/2026\/03\/20\/incendio-deflagra-em-casa-devoluta-no-centro-do-porto\/#primaryimage\",\"url\":\"https:\/\/portaltela.pt\/s.01k8rhncp4jt1\/2026\/03\/img_1280x721uu2016-10-13-17-38-00-569529.jpg\",\"contentUrl\":\"https:\/\/portaltela.pt\/s.01k8rhncp4jt1\/2026\/03\/img_1280x721uu2016-10-13-17-38-00-569529.jpg\",\"width\":796,\"height\":448,\"caption\":\"Bombeiros\"},{\"@type\":\"BreadcrumbList\",\"@id\":\"https:\/\/portaltela.pt\/noticias\/2026\/03\/20\/incendio-deflagra-em-casa-devoluta-no-centro-do-porto\/#breadcrumb\",\"itemListElement\":[{\"@type\":\"ListItem\",\"position\":1,\"name\":\"In\u00edcio\",\"item\":\"https:\/\/portaltela.pt\/\"},{\"@type\":\"ListItem\",\"position\":2,\"name\":\"Inc\u00eandio deflagra em casa devoluta no centro do Porto\"}]},{\"@type\":\"WebSite\",\"@id\":\"https:\/\/portaltela.pt\/#website\",\"url\":\"https:\/\/portaltela.pt\/\",\"name\":\"Portal Tela Portugal\",\"description\":\"\",\"potentialAction\":[{\"@type\":\"SearchAction\",\"target\":{\"@type\":\"EntryPoint\",\"urlTemplate\":\"https:\/\/portaltela.pt\/?s={search_term_string}\"},\"query-input\":{\"@type\":\"PropertyValueSpecification\",\"valueRequired\":true,\"valueName\":\"search_term_string\"}}],\"inLanguage\":\"pt-PT\"},{\"@type\":\"Person\",\"@id\":\"https:\/\/portaltela.pt\/#\/schema\/person\/c4278d4a6028830caff9ee44b42d32ed\",\"name\":\"Telinha\",\"image\":{\"@type\":\"ImageObject\",\"inLanguage\":\"pt-PT\",\"@id\":\"https:\/\/portaltela.pt\/s.01k8rhncp4jt1\/2025\/11\/talking-bot-125x125.png\",\"url\":\"https:\/\/portaltela.pt\/s.01k8rhncp4jt1\/2025\/11\/talking-bot-125x125.png\",\"contentUrl\":\"https:\/\/portaltela.pt\/s.01k8rhncp4jt1\/2025\/11\/talking-bot-125x125.png\",\"caption\":\"Telinha\"},\"sameAs\":[\"https:\/\/portaltela.pt\/\"],\"url\":\"https:\/\/portaltela.pt\/por\/367410592786\/\"}]}<\/script>\n<!-- \/ Yoast SEO plugin. -->","yoast_head_json":{"title":"Inc\u00eandio deflagra em casa devoluta no centro do Porto - Portal Tela Portugal","robots":{"index":"index","follow":"follow","max-snippet":"max-snippet:-1","max-image-preview":"max-image-preview:large","max-video-preview":"max-video-preview:-1"},"og_locale":"pt_PT","og_type":"article","og_title":"Inc\u00eandio deflagra em casa devoluta no centro do Porto - Portal Tela Portugal","og_description":"Um inc\u00eandio deflagrou ao in\u00edcio da tarde desta sexta-feira numa casa devoluta na rua Fernandes Tom\u00e1s, no centro do Porto, por volta das 14h00. O alerta foi dado por uma pessoa que circulava junto ao local e percebeu o fumo. Os Bombeiros Volunt\u00e1rios do Porto e o Regimento de Sapadores Bombeiros do Porto chegaram ao local e o fogo foi rapidamente extinto; n\u00e3o h\u00e1 registo de feridos. A circula\u00e7\u00e3o na rua Fernandes Tom\u00e1s esteve cortada durante as opera\u00e7\u00f5es de combate ao inc\u00eandio. A Pol\u00edcia Municipal e a PSP foram acionadas.","og_url":"https:\/\/portaltela.pt\/noticias\/2026\/03\/20\/incendio-deflagra-em-casa-devoluta-no-centro-do-porto\/","og_site_name":"Portal Tela Portugal","article_published_time":"2026-03-20T15:12:55+00:00","author":"Telinha","twitter_card":"summary_large_image","twitter_misc":{"Escrito por":"Telinha","Tempo estimado de leitura":"1 minuto"},"schema":{"@context":"https:\/\/schema.org","@graph":[{"@type":"Article","@id":"https:\/\/portaltela.pt\/noticias\/2026\/03\/20\/incendio-deflagra-em-casa-devoluta-no-centro-do-porto\/#article","isPartOf":{"@id":"https:\/\/portaltela.pt\/noticias\/2026\/03\/20\/incendio-deflagra-em-casa-devoluta-no-centro-do-porto\/"},"author":{"name":"Telinha","@id":"https:\/\/portaltela.pt\/#\/schema\/person\/c4278d4a6028830caff9ee44b42d32ed"},"headline":"Inc\u00eandio deflagra em casa devoluta no centro do Porto","datePublished":"2026-03-20T15:12:55+00:00","mainEntityOfPage":{"@id":"https:\/\/portaltela.pt\/noticias\/2026\/03\/20\/incendio-deflagra-em-casa-devoluta-no-centro-do-porto\/"},"wordCount":146,"image":{"@id":"https:\/\/portaltela.pt\/noticias\/2026\/03\/20\/incendio-deflagra-em-casa-devoluta-no-centro-do-porto\/#primaryimage"},"thumbnailUrl":"https:\/\/portaltela.pt\/s.01k8rhncp4jt1\/2026\/03\/img_1280x721uu2016-10-13-17-38-00-569529.jpg","keywords":["Bombeiros Volunt\u00e1rios do Porto","casa","Centro","inc\u00eandio","Porto"],"articleSection":["Acidentes","Not\u00edcias"],"inLanguage":"pt-PT"},{"@type":"WebPage","@id":"https:\/\/portaltela.pt\/noticias\/2026\/03\/20\/incendio-deflagra-em-casa-devoluta-no-centro-do-porto\/","url":"https:\/\/portaltela.pt\/noticias\/2026\/03\/20\/incendio-deflagra-em-casa-devoluta-no-centro-do-porto\/","name":"Inc\u00eandio deflagra em casa devoluta no centro do Porto - Portal Tela Portugal","isPartOf":{"@id":"https:\/\/portaltela.pt\/#website"},"primaryImageOfPage":{"@id":"https:\/\/portaltela.pt\/noticias\/2026\/03\/20\/incendio-deflagra-em-casa-devoluta-no-centro-do-porto\/#primaryimage"},"image":{"@id":"https:\/\/portaltela.pt\/noticias\/2026\/03\/20\/incendio-deflagra-em-casa-devoluta-no-centro-do-porto\/#primaryimage"},"thumbnailUrl":"https:\/\/portaltela.pt\/s.01k8rhncp4jt1\/2026\/03\/img_1280x721uu2016-10-13-17-38-00-569529.jpg","datePublished":"2026-03-20T15:12:55+00:00","author":{"@id":"https:\/\/portaltela.pt\/#\/schema\/person\/c4278d4a6028830caff9ee44b42d32ed"},"breadcrumb":{"@id":"https:\/\/portaltela.pt\/noticias\/2026\/03\/20\/incendio-deflagra-em-casa-devoluta-no-centro-do-porto\/#breadcrumb"},"inLanguage":"pt-PT","potentialAction":[{"@type":"ReadAction","target":["https:\/\/portaltela.pt\/noticias\/2026\/03\/20\/incendio-deflagra-em-casa-devoluta-no-centro-do-porto\/"]}]},{"@type":"ImageObject","inLanguage":"pt-PT","@id":"https:\/\/portaltela.pt\/noticias\/2026\/03\/20\/incendio-deflagra-em-casa-devoluta-no-centro-do-porto\/#primaryimage","url":"https:\/\/portaltela.pt\/s.01k8rhncp4jt1\/2026\/03\/img_1280x721uu2016-10-13-17-38-00-569529.jpg","contentUrl":"https:\/\/portaltela.pt\/s.01k8rhncp4jt1\/2026\/03\/img_1280x721uu2016-10-13-17-38-00-569529.jpg","width":796,"height":448,"caption":"Bombeiros"},{"@type":"BreadcrumbList","@id":"https:\/\/portaltela.pt\/noticias\/2026\/03\/20\/incendio-deflagra-em-casa-devoluta-no-centro-do-porto\/#breadcrumb","itemListElement":[{"@type":"ListItem","position":1,"name":"In\u00edcio","item":"https:\/\/portaltela.pt\/"},{"@type":"ListItem","position":2,"name":"Inc\u00eandio deflagra em casa devoluta no centro do Porto"}]},{"@type":"WebSite","@id":"https:\/\/portaltela.pt\/#website","url":"https:\/\/portaltela.pt\/","name":"Portal Tela Portugal","description":"","potentialAction":[{"@type":"SearchAction","target":{"@type":"EntryPoint","urlTemplate":"https:\/\/portaltela.pt\/?s={search_term_string}"},"query-input":{"@type":"PropertyValueSpecification","valueRequired":true,"valueName":"search_term_string"}}],"inLanguage":"pt-PT"},{"@type":"Person","@id":"https:\/\/portaltela.pt\/#\/schema\/person\/c4278d4a6028830caff9ee44b42d32ed","name":"Telinha","image":{"@type":"ImageObject","inLanguage":"pt-PT","@id":"https:\/\/portaltela.pt\/s.01k8rhncp4jt1\/2025\/11\/talking-bot-125x125.png","url":"https:\/\/portaltela.pt\/s.01k8rhncp4jt1\/2025\/11\/talking-bot-125x125.png","contentUrl":"https:\/\/portaltela.pt\/s.01k8rhncp4jt1\/2025\/11\/talking-bot-125x125.png","caption":"Telinha"},"sameAs":["https:\/\/portaltela.pt\/"],"url":"https:\/\/portaltela.pt\/por\/367410592786\/"}]}},"_links":{"self":[{"href":"https:\/\/portaltela.pt\/api\/wp\/v2\/posts\/417517","targetHints":{"allow":["GET"]}}],"collection":[{"href":"https:\/\/portaltela.pt\/api\/wp\/v2\/posts"}],"about":[{"href":"https:\/\/portaltela.pt\/api\/wp\/v2\/types\/post"}],"author":[{"embeddable":true,"href":"https:\/\/portaltela.pt\/api\/wp\/v2\/users\/2"}],"replies":[{"embeddable":true,"href":"https:\/\/portaltela.pt\/api\/wp\/v2\/comments?post=417517"}],"version-history":[{"count":0,"href":"https:\/\/portaltela.pt\/api\/wp\/v2\/posts\/417517\/revisions"}],"wp:featuredmedia":[{"embeddable":true,"href":"https:\/\/portaltela.pt\/api\/wp\/v2\/media\/417527"}],"wp:attachment":[{"href":"https:\/\/portaltela.pt\/api\/wp\/v2\/media?parent=417517"}],"wp:term":[{"taxonomy":"category","embeddable":true,"href":"https:\/\/portaltela.pt\/api\/wp\/v2\/categories?post=417517"},{"taxonomy":"post_tag","embeddable":true,"href":"https:\/\/portaltela.pt\/api\/wp\/v2\/tags?post=417517"}],"curies":[{"name":"wp","href":"https:\/\/api.w.org\/{rel}","templated":true}]}}