{"id":417501,"date":"2026-03-20T11:51:17","date_gmt":"2026-03-20T14:51:17","guid":{"rendered":"https:\/\/portaltela.pt\/noticias\/2026\/03\/20\/assembleia-aprova-reforco-de-regras-de-corte-de-arvores\/"},"modified":"2026-03-20T11:51:17","modified_gmt":"2026-03-20T14:51:17","slug":"assembleia-aprova-reforco-de-regras-de-corte-de-arvores","status":"publish","type":"post","link":"https:\/\/portaltela.pt\/meio-ambiente\/2026\/03\/20\/assembleia-aprova-reforco-de-regras-de-corte-de-arvores\/","title":{"rendered":"Assembleia aprova refor\u00e7o de regras de corte de \u00e1rvores"},"content":{"rendered":"<p>A Assembleia da Rep\u00fablica aprovou um projeto de lei que refor\u00e7a as regras de corte de \u00e1rvores e harmoniza regimes contraordenacionais na \u00e1rea florestal. A iniciativa foi apresentada pela Comiss\u00e3o de Agricultura e Pescas, na sequ\u00eancia de um projeto do PS.<\/p>\n<p>A vota\u00e7\u00e3o final global contou com o apoio de PS, PSD, Livre, CDS-PP, BE, PAN e JPP. Abstiveram-se Chega e IL, e a PCP votou contra. O diploma surge ap\u00f3s uma peti\u00e7\u00e3o de h\u00e1 dois anos com quase 20 mil assinaturas.<\/p>\n<p>O estopim foi o corte de \u00e1rvores numa \u00e1rea superior a 130 hectares na Serra da Lous\u00e3, incluindo zonas protegidas, que n\u00e3o foi travado pelas autoridades. O objetivo \u00e9 impedir ocorr\u00eancias semelhantes e refor\u00e7ar a fiscaliza\u00e7\u00e3o.<\/p>\n<p>O decreto-lei segue para promulga\u00e7\u00e3o pelo Presidente da Rep\u00fablica, Ant\u00f3nio Jos\u00e9 Seguro. Caso seja confirmado, entrar\u00e1 em vigor no dia seguinte \u00e0 publica\u00e7\u00e3o no Di\u00e1rio da Rep\u00fablica, produzindo efeitos a 1 de janeiro de 2026.<\/p>\n","protected":false},"excerpt":{"rendered":"<ul>\n<li>A Assembleia da Rep\u00fablica aprovou um projeto de lei que refor\u00e7a as regras de corte de \u00e1rvores e harmoniza os regimes contraordenacionais em mat\u00e9ria florestal.<\/li>\n<li>O diploma foi apresentado pela Comiss\u00e3o de Agricultura e Pescas e contou com o apoio de PS, PSD, Livre, CDS-PP, BE, PAN e JPP; Chega e IL abstiveram-se e PCP op\u00f4s-se.<\/li>\n<li>A iniciativa resulta de uma peti\u00e7\u00e3o de h\u00e1 dois anos com quase 20 mil assinaturas, motivada pelo corte de \u00e1rvores de mais de 130 hectares na Serra da Lous\u00e3, incluindo zonas protegidas.<\/li>\n<li>O diploma segue para promulga\u00e7\u00e3o pelo Presidente da Rep\u00fablica, Ant\u00f3nio Jos\u00e9 Seguro.<\/li>\n<li>Caso seja confirmado, entrar\u00e1 em vigor no dia seguinte \u00e0 publica\u00e7\u00e3o em Di\u00e1rio da Rep\u00fablica, produzindo efeitos a 1 de janeiro de 2026.<\/li>\n<\/ul>\n","protected":false},"author":2,"featured_media":417504,"comment_status":"closed","ping_status":"closed","sticky":false,"template":"","format":"standard","meta":{"footnotes":""},"categories":[6725],"tags":[4880,7423,5539,5706,3495,45],"class_list":["post-417501","post","type-post","status-publish","format-standard","has-post-thumbnail","hentry","category-meio-ambiente","tag-conservacao-ambiental","tag-floresta","tag-lei","tag-licenciamentos","tag-lousa","tag-meio-ambiente"],"yoast_head":"<!-- This site is optimized with the Yoast SEO plugin v27.2 - https:\/\/yoast.com\/product\/yoast-seo-wordpress\/ -->\n<title>Assembleia aprova refor\u00e7o de regras de corte de \u00e1rvores - Portal Tela Portugal<\/title>\n<meta name=\"robots\" content=\"index, follow, max-snippet:-1, max-image-preview:large, max-video-preview:-1\" \/>\n<meta property=\"og:locale\" content=\"pt_PT\" \/>\n<meta property=\"og:type\" content=\"article\" \/>\n<meta property=\"og:title\" content=\"Assembleia aprova refor\u00e7o de regras de corte de \u00e1rvores - Portal Tela Portugal\" \/>\n<meta property=\"og:description\" content=\"A Assembleia da Rep\u00fablica aprovou um projeto de lei que refor\u00e7a as regras de corte de \u00e1rvores e harmoniza os regimes contraordenacionais em mat\u00e9ria florestal. O diploma foi apresentado pela Comiss\u00e3o de Agricultura e Pescas e contou com o apoio de PS, PSD, Livre, CDS-PP, BE, PAN e JPP; Chega e IL abstiveram-se e PCP op\u00f4s-se. A iniciativa resulta de uma peti\u00e7\u00e3o de h\u00e1 dois anos com quase 20 mil assinaturas, motivada pelo corte de \u00e1rvores de mais de 130 hectares na Serra da Lous\u00e3, incluindo zonas protegidas. O diploma segue para promulga\u00e7\u00e3o pelo Presidente da Rep\u00fablica, Ant\u00f3nio Jos\u00e9 Seguro. Caso seja confirmado, entrar\u00e1 em vigor no dia seguinte \u00e0 publica\u00e7\u00e3o em Di\u00e1rio da Rep\u00fablica, produzindo efeitos a 1 de janeiro de 2026.\" \/>\n<meta property=\"og:url\" content=\"https:\/\/portaltela.pt\/noticias\/2026\/03\/20\/assembleia-aprova-reforco-de-regras-de-corte-de-arvores\/\" \/>\n<meta property=\"og:site_name\" content=\"Portal Tela Portugal\" \/>\n<meta property=\"article:published_time\" content=\"2026-03-20T14:51:17+00:00\" \/>\n<meta name=\"author\" content=\"Telinha\" \/>\n<meta name=\"twitter:card\" content=\"summary_large_image\" \/>\n<meta name=\"twitter:label1\" content=\"Escrito por\" \/>\n\t<meta name=\"twitter:data1\" content=\"Telinha\" \/>\n\t<meta name=\"twitter:label2\" content=\"Tempo estimado de leitura\" \/>\n\t<meta name=\"twitter:data2\" content=\"1 minuto\" \/>\n<script type=\"application\/ld+json\" class=\"yoast-schema-graph\">{\"@context\":\"https:\/\/schema.org\",\"@graph\":[{\"@type\":\"Article\",\"@id\":\"https:\/\/portaltela.pt\/noticias\/2026\/03\/20\/assembleia-aprova-reforco-de-regras-de-corte-de-arvores\/#article\",\"isPartOf\":{\"@id\":\"https:\/\/portaltela.pt\/noticias\/2026\/03\/20\/assembleia-aprova-reforco-de-regras-de-corte-de-arvores\/\"},\"author\":{\"name\":\"Telinha\",\"@id\":\"https:\/\/portaltela.pt\/#\/schema\/person\/c4278d4a6028830caff9ee44b42d32ed\"},\"headline\":\"Assembleia aprova refor\u00e7o de regras de corte de \u00e1rvores\",\"datePublished\":\"2026-03-20T14:51:17+00:00\",\"mainEntityOfPage\":{\"@id\":\"https:\/\/portaltela.pt\/noticias\/2026\/03\/20\/assembleia-aprova-reforco-de-regras-de-corte-de-arvores\/\"},\"wordCount\":174,\"image\":{\"@id\":\"https:\/\/portaltela.pt\/noticias\/2026\/03\/20\/assembleia-aprova-reforco-de-regras-de-corte-de-arvores\/#primaryimage\"},\"thumbnailUrl\":\"https:\/\/portaltela.pt\/s.01k8rhncp4jt1\/2026\/03\/img_1500x1000uu2019-01-16-17-40-34-813520.jpg\",\"keywords\":[\"conserva\u00e7\u00e3o ambiental\",\"floresta\",\"lei\",\"licenciamentos\",\"Lous\u00e3\",\"meio-ambiente\"],\"articleSection\":[\"Meio Ambiente\"],\"inLanguage\":\"pt-PT\"},{\"@type\":\"WebPage\",\"@id\":\"https:\/\/portaltela.pt\/noticias\/2026\/03\/20\/assembleia-aprova-reforco-de-regras-de-corte-de-arvores\/\",\"url\":\"https:\/\/portaltela.pt\/noticias\/2026\/03\/20\/assembleia-aprova-reforco-de-regras-de-corte-de-arvores\/\",\"name\":\"Assembleia aprova refor\u00e7o de regras de corte de \u00e1rvores - Portal Tela Portugal\",\"isPartOf\":{\"@id\":\"https:\/\/portaltela.pt\/#website\"},\"primaryImageOfPage\":{\"@id\":\"https:\/\/portaltela.pt\/noticias\/2026\/03\/20\/assembleia-aprova-reforco-de-regras-de-corte-de-arvores\/#primaryimage\"},\"image\":{\"@id\":\"https:\/\/portaltela.pt\/noticias\/2026\/03\/20\/assembleia-aprova-reforco-de-regras-de-corte-de-arvores\/#primaryimage\"},\"thumbnailUrl\":\"https:\/\/portaltela.pt\/s.01k8rhncp4jt1\/2026\/03\/img_1500x1000uu2019-01-16-17-40-34-813520.jpg\",\"datePublished\":\"2026-03-20T14:51:17+00:00\",\"author\":{\"@id\":\"https:\/\/portaltela.pt\/#\/schema\/person\/c4278d4a6028830caff9ee44b42d32ed\"},\"breadcrumb\":{\"@id\":\"https:\/\/portaltela.pt\/noticias\/2026\/03\/20\/assembleia-aprova-reforco-de-regras-de-corte-de-arvores\/#breadcrumb\"},\"inLanguage\":\"pt-PT\",\"potentialAction\":[{\"@type\":\"ReadAction\",\"target\":[\"https:\/\/portaltela.pt\/noticias\/2026\/03\/20\/assembleia-aprova-reforco-de-regras-de-corte-de-arvores\/\"]}]},{\"@type\":\"ImageObject\",\"inLanguage\":\"pt-PT\",\"@id\":\"https:\/\/portaltela.pt\/noticias\/2026\/03\/20\/assembleia-aprova-reforco-de-regras-de-corte-de-arvores\/#primaryimage\",\"url\":\"https:\/\/portaltela.pt\/s.01k8rhncp4jt1\/2026\/03\/img_1500x1000uu2019-01-16-17-40-34-813520.jpg\",\"contentUrl\":\"https:\/\/portaltela.pt\/s.01k8rhncp4jt1\/2026\/03\/img_1500x1000uu2019-01-16-17-40-34-813520.jpg\",\"width\":796,\"height\":448,\"caption\":\"\u00c1rvores\"},{\"@type\":\"BreadcrumbList\",\"@id\":\"https:\/\/portaltela.pt\/noticias\/2026\/03\/20\/assembleia-aprova-reforco-de-regras-de-corte-de-arvores\/#breadcrumb\",\"itemListElement\":[{\"@type\":\"ListItem\",\"position\":1,\"name\":\"In\u00edcio\",\"item\":\"https:\/\/portaltela.pt\/\"},{\"@type\":\"ListItem\",\"position\":2,\"name\":\"Assembleia aprova refor\u00e7o de regras de corte de \u00e1rvores\"}]},{\"@type\":\"WebSite\",\"@id\":\"https:\/\/portaltela.pt\/#website\",\"url\":\"https:\/\/portaltela.pt\/\",\"name\":\"Portal Tela Portugal\",\"description\":\"\",\"potentialAction\":[{\"@type\":\"SearchAction\",\"target\":{\"@type\":\"EntryPoint\",\"urlTemplate\":\"https:\/\/portaltela.pt\/?s={search_term_string}\"},\"query-input\":{\"@type\":\"PropertyValueSpecification\",\"valueRequired\":true,\"valueName\":\"search_term_string\"}}],\"inLanguage\":\"pt-PT\"},{\"@type\":\"Person\",\"@id\":\"https:\/\/portaltela.pt\/#\/schema\/person\/c4278d4a6028830caff9ee44b42d32ed\",\"name\":\"Telinha\",\"image\":{\"@type\":\"ImageObject\",\"inLanguage\":\"pt-PT\",\"@id\":\"https:\/\/portaltela.pt\/s.01k8rhncp4jt1\/2025\/11\/talking-bot-125x125.png\",\"url\":\"https:\/\/portaltela.pt\/s.01k8rhncp4jt1\/2025\/11\/talking-bot-125x125.png\",\"contentUrl\":\"https:\/\/portaltela.pt\/s.01k8rhncp4jt1\/2025\/11\/talking-bot-125x125.png\",\"caption\":\"Telinha\"},\"sameAs\":[\"https:\/\/portaltela.pt\/\"],\"url\":\"https:\/\/portaltela.pt\/por\/367410592786\/\"}]}<\/script>\n<!-- \/ Yoast SEO plugin. -->","yoast_head_json":{"title":"Assembleia aprova refor\u00e7o de regras de corte de \u00e1rvores - Portal Tela Portugal","robots":{"index":"index","follow":"follow","max-snippet":"max-snippet:-1","max-image-preview":"max-image-preview:large","max-video-preview":"max-video-preview:-1"},"og_locale":"pt_PT","og_type":"article","og_title":"Assembleia aprova refor\u00e7o de regras de corte de \u00e1rvores - Portal Tela Portugal","og_description":"A Assembleia da Rep\u00fablica aprovou um projeto de lei que refor\u00e7a as regras de corte de \u00e1rvores e harmoniza os regimes contraordenacionais em mat\u00e9ria florestal. O diploma foi apresentado pela Comiss\u00e3o de Agricultura e Pescas e contou com o apoio de PS, PSD, Livre, CDS-PP, BE, PAN e JPP; Chega e IL abstiveram-se e PCP op\u00f4s-se. A iniciativa resulta de uma peti\u00e7\u00e3o de h\u00e1 dois anos com quase 20 mil assinaturas, motivada pelo corte de \u00e1rvores de mais de 130 hectares na Serra da Lous\u00e3, incluindo zonas protegidas. O diploma segue para promulga\u00e7\u00e3o pelo Presidente da Rep\u00fablica, Ant\u00f3nio Jos\u00e9 Seguro. Caso seja confirmado, entrar\u00e1 em vigor no dia seguinte \u00e0 publica\u00e7\u00e3o em Di\u00e1rio da Rep\u00fablica, produzindo efeitos a 1 de janeiro de 2026.","og_url":"https:\/\/portaltela.pt\/noticias\/2026\/03\/20\/assembleia-aprova-reforco-de-regras-de-corte-de-arvores\/","og_site_name":"Portal Tela Portugal","article_published_time":"2026-03-20T14:51:17+00:00","author":"Telinha","twitter_card":"summary_large_image","twitter_misc":{"Escrito por":"Telinha","Tempo estimado de leitura":"1 minuto"},"schema":{"@context":"https:\/\/schema.org","@graph":[{"@type":"Article","@id":"https:\/\/portaltela.pt\/noticias\/2026\/03\/20\/assembleia-aprova-reforco-de-regras-de-corte-de-arvores\/#article","isPartOf":{"@id":"https:\/\/portaltela.pt\/noticias\/2026\/03\/20\/assembleia-aprova-reforco-de-regras-de-corte-de-arvores\/"},"author":{"name":"Telinha","@id":"https:\/\/portaltela.pt\/#\/schema\/person\/c4278d4a6028830caff9ee44b42d32ed"},"headline":"Assembleia aprova refor\u00e7o de regras de corte de \u00e1rvores","datePublished":"2026-03-20T14:51:17+00:00","mainEntityOfPage":{"@id":"https:\/\/portaltela.pt\/noticias\/2026\/03\/20\/assembleia-aprova-reforco-de-regras-de-corte-de-arvores\/"},"wordCount":174,"image":{"@id":"https:\/\/portaltela.pt\/noticias\/2026\/03\/20\/assembleia-aprova-reforco-de-regras-de-corte-de-arvores\/#primaryimage"},"thumbnailUrl":"https:\/\/portaltela.pt\/s.01k8rhncp4jt1\/2026\/03\/img_1500x1000uu2019-01-16-17-40-34-813520.jpg","keywords":["conserva\u00e7\u00e3o ambiental","floresta","lei","licenciamentos","Lous\u00e3","meio-ambiente"],"articleSection":["Meio Ambiente"],"inLanguage":"pt-PT"},{"@type":"WebPage","@id":"https:\/\/portaltela.pt\/noticias\/2026\/03\/20\/assembleia-aprova-reforco-de-regras-de-corte-de-arvores\/","url":"https:\/\/portaltela.pt\/noticias\/2026\/03\/20\/assembleia-aprova-reforco-de-regras-de-corte-de-arvores\/","name":"Assembleia aprova refor\u00e7o de regras de corte de \u00e1rvores - Portal Tela Portugal","isPartOf":{"@id":"https:\/\/portaltela.pt\/#website"},"primaryImageOfPage":{"@id":"https:\/\/portaltela.pt\/noticias\/2026\/03\/20\/assembleia-aprova-reforco-de-regras-de-corte-de-arvores\/#primaryimage"},"image":{"@id":"https:\/\/portaltela.pt\/noticias\/2026\/03\/20\/assembleia-aprova-reforco-de-regras-de-corte-de-arvores\/#primaryimage"},"thumbnailUrl":"https:\/\/portaltela.pt\/s.01k8rhncp4jt1\/2026\/03\/img_1500x1000uu2019-01-16-17-40-34-813520.jpg","datePublished":"2026-03-20T14:51:17+00:00","author":{"@id":"https:\/\/portaltela.pt\/#\/schema\/person\/c4278d4a6028830caff9ee44b42d32ed"},"breadcrumb":{"@id":"https:\/\/portaltela.pt\/noticias\/2026\/03\/20\/assembleia-aprova-reforco-de-regras-de-corte-de-arvores\/#breadcrumb"},"inLanguage":"pt-PT","potentialAction":[{"@type":"ReadAction","target":["https:\/\/portaltela.pt\/noticias\/2026\/03\/20\/assembleia-aprova-reforco-de-regras-de-corte-de-arvores\/"]}]},{"@type":"ImageObject","inLanguage":"pt-PT","@id":"https:\/\/portaltela.pt\/noticias\/2026\/03\/20\/assembleia-aprova-reforco-de-regras-de-corte-de-arvores\/#primaryimage","url":"https:\/\/portaltela.pt\/s.01k8rhncp4jt1\/2026\/03\/img_1500x1000uu2019-01-16-17-40-34-813520.jpg","contentUrl":"https:\/\/portaltela.pt\/s.01k8rhncp4jt1\/2026\/03\/img_1500x1000uu2019-01-16-17-40-34-813520.jpg","width":796,"height":448,"caption":"\u00c1rvores"},{"@type":"BreadcrumbList","@id":"https:\/\/portaltela.pt\/noticias\/2026\/03\/20\/assembleia-aprova-reforco-de-regras-de-corte-de-arvores\/#breadcrumb","itemListElement":[{"@type":"ListItem","position":1,"name":"In\u00edcio","item":"https:\/\/portaltela.pt\/"},{"@type":"ListItem","position":2,"name":"Assembleia aprova refor\u00e7o de regras de corte de \u00e1rvores"}]},{"@type":"WebSite","@id":"https:\/\/portaltela.pt\/#website","url":"https:\/\/portaltela.pt\/","name":"Portal Tela Portugal","description":"","potentialAction":[{"@type":"SearchAction","target":{"@type":"EntryPoint","urlTemplate":"https:\/\/portaltela.pt\/?s={search_term_string}"},"query-input":{"@type":"PropertyValueSpecification","valueRequired":true,"valueName":"search_term_string"}}],"inLanguage":"pt-PT"},{"@type":"Person","@id":"https:\/\/portaltela.pt\/#\/schema\/person\/c4278d4a6028830caff9ee44b42d32ed","name":"Telinha","image":{"@type":"ImageObject","inLanguage":"pt-PT","@id":"https:\/\/portaltela.pt\/s.01k8rhncp4jt1\/2025\/11\/talking-bot-125x125.png","url":"https:\/\/portaltela.pt\/s.01k8rhncp4jt1\/2025\/11\/talking-bot-125x125.png","contentUrl":"https:\/\/portaltela.pt\/s.01k8rhncp4jt1\/2025\/11\/talking-bot-125x125.png","caption":"Telinha"},"sameAs":["https:\/\/portaltela.pt\/"],"url":"https:\/\/portaltela.pt\/por\/367410592786\/"}]}},"_links":{"self":[{"href":"https:\/\/portaltela.pt\/api\/wp\/v2\/posts\/417501","targetHints":{"allow":["GET"]}}],"collection":[{"href":"https:\/\/portaltela.pt\/api\/wp\/v2\/posts"}],"about":[{"href":"https:\/\/portaltela.pt\/api\/wp\/v2\/types\/post"}],"author":[{"embeddable":true,"href":"https:\/\/portaltela.pt\/api\/wp\/v2\/users\/2"}],"replies":[{"embeddable":true,"href":"https:\/\/portaltela.pt\/api\/wp\/v2\/comments?post=417501"}],"version-history":[{"count":0,"href":"https:\/\/portaltela.pt\/api\/wp\/v2\/posts\/417501\/revisions"}],"wp:featuredmedia":[{"embeddable":true,"href":"https:\/\/portaltela.pt\/api\/wp\/v2\/media\/417504"}],"wp:attachment":[{"href":"https:\/\/portaltela.pt\/api\/wp\/v2\/media?parent=417501"}],"wp:term":[{"taxonomy":"category","embeddable":true,"href":"https:\/\/portaltela.pt\/api\/wp\/v2\/categories?post=417501"},{"taxonomy":"post_tag","embeddable":true,"href":"https:\/\/portaltela.pt\/api\/wp\/v2\/tags?post=417501"}],"curies":[{"name":"wp","href":"https:\/\/api.w.org\/{rel}","templated":true}]}}