{"id":417492,"date":"2026-03-20T11:40:00","date_gmt":"2026-03-20T14:40:00","guid":{"rendered":"https:\/\/portaltela.pt\/noticias\/2026\/03\/20\/ministra-lamenta-greve-dos-enfermeiros-blocos-fechados-em-varios-hospitais\/"},"modified":"2026-03-20T11:40:00","modified_gmt":"2026-03-20T14:40:00","slug":"ministra-lamenta-greve-dos-enfermeiros-blocos-fechados-em-varios-hospitais","status":"publish","type":"post","link":"https:\/\/portaltela.pt\/saude\/2026\/03\/20\/ministra-lamenta-greve-dos-enfermeiros-blocos-fechados-em-varios-hospitais\/","title":{"rendered":"Ministra lamenta greve dos enfermeiros; blocos fechados em v\u00e1rios hospitais"},"content":{"rendered":"<p>A greve nacional de enfermagem ocorrida nesta sexta-feira registou ades\u00e3o elevada em v\u00e1rios hospitais do pa\u00eds, levando ao encerramento de blocos operat\u00f3rios e de partos. O Sindicato dos Enfermeiros Portugueses (SEP) informou que, \u00e0s 10h45, algumas unidades tinham ades\u00f5es de 100%, com impactos diretos em servi\u00e7os essenciais.<\/p>\n<p>A Ministra da Sa\u00fade, Ana Paula Martins, afirmou que o Governo lamenta a greve, mantendo o di\u00e1logo e destacando progressos em mat\u00e9rias de valoriza\u00e7\u00e3o salarial e no acordo coletivo de trabalho. A titular da pasta sublinhou que h\u00e1 negocia\u00e7\u00f5es em curso para resolver assuntos pendentes que existem h\u00e1 v\u00e1rios anos, alguns desde 2019.<\/p>\n<p>A paralisa\u00e7\u00e3o foi convocada pelo SEP para protestar contra o que considera atraso na tomada de decis\u00f5es do Minist\u00e9rio da Sa\u00fade sobre progress\u00e3o na carreira, sal\u00e1rios e contabiliza\u00e7\u00e3o de pontos. Os protestos decorreram nos turnos da manh\u00e3 e da tarde em diversas regi\u00f5es, com interrup\u00e7\u00e3o de servi\u00e7os considerados m\u00ednimos onde necess\u00e1rio.<\/p>\n<h3>A ades\u00e3o por hospital e \u00e1reas afetadas<\/h3>\n<p>Na Unidade Local de Sa\u00fade de Viseu D\u00e3o-Laf\u00f5es, a greve provocou o encerramento da cirurgia de ambulat\u00f3rio, de Viseu e de Tondela, e da unidade de AVC, mantendo-se apenas os servi\u00e7os m\u00ednimos. O blocos de parto do Hospital do Barreiro e os blocos operat\u00f3rios dos hospitais de Set\u00fabal e Garcia de Orta, em Almada, registaram ades\u00f5es de 100%. Em Peniche e Rovisco Pais, na Tocha, Cantanhede, tamb\u00e9m houve paralisa\u00e7\u00e3o total dos enfermeiros no turno da manh\u00e3.<\/p>\n<p>Em outros hospitais, a ades\u00e3o manteve-se elevada: Abrantes (92 de 103, 89%), Tomar (76%), Lisboa (Dona Estef\u00e2nia e S\u00e3o Jos\u00e9, 90,83% cada). Lagos (83,33%), Fund\u00e3o (81,82%), Covilh\u00e3 (68%), Castelo Branco (60,84%) e Faro (63%). Alcoba\u00e7a registou 48%, enquanto Aveiro e \u00c1gueda juntas chegaram a 50,23%.<\/p>\n<h3>Contexto e reivindica\u00e7\u00f5es em curso<\/h3>\n<p>O SEP aponta que o Minist\u00e9rio da Sa\u00fade se comprometeu a levantar todas as situa\u00e7\u00f5es resultantes da contabiliza\u00e7\u00e3o dos pontos at\u00e9 ao final de Fevereiro, mas o sindicato considera haver discrimina\u00e7\u00e3o entre enfermeiros e outros grupos profissionais. Entre as reivindica\u00e7\u00f5es est\u00e3o a resolu\u00e7\u00e3o de quest\u00f5es de contabiliza\u00e7\u00e3o de pontos, pagamento de retroativos, admiss\u00e3o de mais profissionais e a melhoria das perspetivas de carreira, incluindo a transi\u00e7\u00e3o para enfermeiro especialista para titulados desde 2019.<\/p>\n<p>Os enfermeiros tamb\u00e9m exigem abertura de concursos para categorias de enfermeiro especialista, enfermeiro gestor e posi\u00e7\u00f5es de dire\u00e7\u00e3o, bem como a negocia\u00e7\u00e3o de um sistema de avalia\u00e7\u00e3o de desempenho alinhado \u00e0s especificidades da pr\u00e1tica de enfermagem, sem quotas. O Governo assegura ter abertura ao di\u00e1logo, reconhecendo que algumas exig\u00eancias n\u00e3o integram o programa governamental, mas mantendo o compromisso de encontrar solu\u00e7\u00f5es.<\/p>\n","protected":false},"excerpt":{"rendered":"<ul>\n<li>A greve dos enfermeiros neste sexta-feira teve ades\u00e3o de 100% em v\u00e1rios servi\u00e7os e hospitais \u00e0s 10h45, incluindo Viseu D\u00e3o-Laf\u00f5es (cirurgia de ambulat\u00f3rio, AVC encerrados) e unidades de Barreiro, Set\u00fabal e Almada (blocos operat\u00f3rios e de partos).<\/li>\n<li>O sector p\u00fablico de Sa\u00fade viu blocos operat\u00f3rios, de parto e servi\u00e7os m\u00ednimos interrompidos ou encerrados em v\u00e1rias unidades, com destaque para os hospitais de Barreiro, Set\u00fabal, Garcia de Orta, Peniche e Rovisco Pais.<\/li>\n<li>A ministra da Sa\u00fade, Ana Paula Martins, disse que o Governo est\u00e1 a trabalhar para responder a algumas reivindica\u00e7\u00f5es dos enfermeiros, reconhecendo que nem todas as exig\u00eancias fazem parte do programa governamental, mas mantendo o di\u00e1logo.<\/li>\n<li>O SEP (Sindicato dos Enfermeiros Portugueses) reivindica, entre outros pontos, a contabiliza\u00e7\u00e3o de pontos, pagamento de retroativos, contrata\u00e7\u00e3o de mais enfermeiros, abertura de concursos para categorias de enfermeiro especialista e melhor sistema de avalia\u00e7\u00e3o de desempenho.<\/li>\n<li>A ministra afirmou que o Governo n\u00e3o resolve tudo de um dia para o outro e que a greve, embora um direito, afeta os cidad\u00e3os; o SEP acusa o Minist\u00e9rio da Sa\u00fade de n\u00e3o cumprir promessas de levantamento de situa\u00e7\u00f5es at\u00e9 ao final de Fevereiro e manter discrimina\u00e7\u00e3o entre grupos profissionais.<\/li>\n<\/ul>\n","protected":false},"author":2,"featured_media":417497,"comment_status":"closed","ping_status":"closed","sticky":false,"template":"","format":"standard","meta":{"footnotes":""},"categories":[1,6745],"tags":[6331,2662,1164,1014,4425,172],"class_list":["post-417492","post","type-post","status-publish","format-standard","has-post-thumbnail","hentry","category-noticias","category-saude","tag-condicoes-de-trabalho","tag-enfermagem","tag-greve","tag-portugal","tag-profissionais-de-saude","tag-saude"],"yoast_head":"<!-- This site is optimized with the Yoast SEO plugin v27.2 - https:\/\/yoast.com\/product\/yoast-seo-wordpress\/ -->\n<title>Ministra lamenta greve dos enfermeiros; blocos fechados em v\u00e1rios hospitais - Portal Tela Portugal<\/title>\n<meta name=\"robots\" content=\"index, follow, max-snippet:-1, max-image-preview:large, max-video-preview:-1\" \/>\n<meta property=\"og:locale\" content=\"pt_PT\" \/>\n<meta property=\"og:type\" content=\"article\" \/>\n<meta property=\"og:title\" content=\"Ministra lamenta greve dos enfermeiros; blocos fechados em v\u00e1rios hospitais - Portal Tela Portugal\" \/>\n<meta property=\"og:description\" content=\"A greve dos enfermeiros neste sexta-feira teve ades\u00e3o de 100% em v\u00e1rios servi\u00e7os e hospitais \u00e0s 10h45, incluindo Viseu D\u00e3o-Laf\u00f5es (cirurgia de ambulat\u00f3rio, AVC encerrados) e unidades de Barreiro, Set\u00fabal e Almada (blocos operat\u00f3rios e de partos). O sector p\u00fablico de Sa\u00fade viu blocos operat\u00f3rios, de parto e servi\u00e7os m\u00ednimos interrompidos ou encerrados em v\u00e1rias unidades, com destaque para os hospitais de Barreiro, Set\u00fabal, Garcia de Orta, Peniche e Rovisco Pais. A ministra da Sa\u00fade, Ana Paula Martins, disse que o Governo est\u00e1 a trabalhar para responder a algumas reivindica\u00e7\u00f5es dos enfermeiros, reconhecendo que nem todas as exig\u00eancias fazem parte do programa governamental, mas mantendo o di\u00e1logo. O SEP (Sindicato dos Enfermeiros Portugueses) reivindica, entre outros pontos, a contabiliza\u00e7\u00e3o de pontos, pagamento de retroativos, contrata\u00e7\u00e3o de mais enfermeiros, abertura de concursos para categorias de enfermeiro especialista e melhor sistema de avalia\u00e7\u00e3o de desempenho. A ministra afirmou que o Governo n\u00e3o resolve tudo de um dia para o outro e que a greve, embora um direito, afeta os cidad\u00e3os; o SEP acusa o Minist\u00e9rio da Sa\u00fade de n\u00e3o cumprir promessas de levantamento de situa\u00e7\u00f5es at\u00e9 ao final de Fevereiro e manter discrimina\u00e7\u00e3o entre grupos profissionais.\" \/>\n<meta property=\"og:url\" content=\"https:\/\/portaltela.pt\/noticias\/2026\/03\/20\/ministra-lamenta-greve-dos-enfermeiros-blocos-fechados-em-varios-hospitais\/\" \/>\n<meta property=\"og:site_name\" content=\"Portal Tela Portugal\" \/>\n<meta property=\"article:published_time\" content=\"2026-03-20T14:40:00+00:00\" \/>\n<meta name=\"author\" content=\"Telinha\" \/>\n<meta name=\"twitter:card\" content=\"summary_large_image\" \/>\n<meta name=\"twitter:label1\" content=\"Escrito por\" \/>\n\t<meta name=\"twitter:data1\" content=\"Telinha\" \/>\n\t<meta name=\"twitter:label2\" content=\"Tempo estimado de leitura\" \/>\n\t<meta name=\"twitter:data2\" content=\"2 minutos\" \/>\n<script type=\"application\/ld+json\" class=\"yoast-schema-graph\">{\"@context\":\"https:\/\/schema.org\",\"@graph\":[{\"@type\":\"Article\",\"@id\":\"https:\/\/portaltela.pt\/noticias\/2026\/03\/20\/ministra-lamenta-greve-dos-enfermeiros-blocos-fechados-em-varios-hospitais\/#article\",\"isPartOf\":{\"@id\":\"https:\/\/portaltela.pt\/noticias\/2026\/03\/20\/ministra-lamenta-greve-dos-enfermeiros-blocos-fechados-em-varios-hospitais\/\"},\"author\":{\"name\":\"Telinha\",\"@id\":\"https:\/\/portaltela.pt\/#\/schema\/person\/c4278d4a6028830caff9ee44b42d32ed\"},\"headline\":\"Ministra lamenta greve dos enfermeiros; blocos fechados em v\u00e1rios hospitais\",\"datePublished\":\"2026-03-20T14:40:00+00:00\",\"mainEntityOfPage\":{\"@id\":\"https:\/\/portaltela.pt\/noticias\/2026\/03\/20\/ministra-lamenta-greve-dos-enfermeiros-blocos-fechados-em-varios-hospitais\/\"},\"wordCount\":477,\"image\":{\"@id\":\"https:\/\/portaltela.pt\/noticias\/2026\/03\/20\/ministra-lamenta-greve-dos-enfermeiros-blocos-fechados-em-varios-hospitais\/#primaryimage\"},\"thumbnailUrl\":\"https:\/\/portaltela.pt\/s.01k8rhncp4jt1\/2026\/03\/2075804.jpg\",\"keywords\":[\"condi\u00e7\u00f5es de trabalho\",\"Enfermagem\",\"greve\",\"Portugal\",\"profissionais de sa\u00fade\",\"sa\u00fade\"],\"articleSection\":[\"Not\u00edcias\",\"Sa\u00fade\"],\"inLanguage\":\"pt-PT\"},{\"@type\":\"WebPage\",\"@id\":\"https:\/\/portaltela.pt\/noticias\/2026\/03\/20\/ministra-lamenta-greve-dos-enfermeiros-blocos-fechados-em-varios-hospitais\/\",\"url\":\"https:\/\/portaltela.pt\/noticias\/2026\/03\/20\/ministra-lamenta-greve-dos-enfermeiros-blocos-fechados-em-varios-hospitais\/\",\"name\":\"Ministra lamenta greve dos enfermeiros; blocos fechados em v\u00e1rios hospitais - Portal Tela Portugal\",\"isPartOf\":{\"@id\":\"https:\/\/portaltela.pt\/#website\"},\"primaryImageOfPage\":{\"@id\":\"https:\/\/portaltela.pt\/noticias\/2026\/03\/20\/ministra-lamenta-greve-dos-enfermeiros-blocos-fechados-em-varios-hospitais\/#primaryimage\"},\"image\":{\"@id\":\"https:\/\/portaltela.pt\/noticias\/2026\/03\/20\/ministra-lamenta-greve-dos-enfermeiros-blocos-fechados-em-varios-hospitais\/#primaryimage\"},\"thumbnailUrl\":\"https:\/\/portaltela.pt\/s.01k8rhncp4jt1\/2026\/03\/2075804.jpg\",\"datePublished\":\"2026-03-20T14:40:00+00:00\",\"author\":{\"@id\":\"https:\/\/portaltela.pt\/#\/schema\/person\/c4278d4a6028830caff9ee44b42d32ed\"},\"breadcrumb\":{\"@id\":\"https:\/\/portaltela.pt\/noticias\/2026\/03\/20\/ministra-lamenta-greve-dos-enfermeiros-blocos-fechados-em-varios-hospitais\/#breadcrumb\"},\"inLanguage\":\"pt-PT\",\"potentialAction\":[{\"@type\":\"ReadAction\",\"target\":[\"https:\/\/portaltela.pt\/noticias\/2026\/03\/20\/ministra-lamenta-greve-dos-enfermeiros-blocos-fechados-em-varios-hospitais\/\"]}]},{\"@type\":\"ImageObject\",\"inLanguage\":\"pt-PT\",\"@id\":\"https:\/\/portaltela.pt\/noticias\/2026\/03\/20\/ministra-lamenta-greve-dos-enfermeiros-blocos-fechados-em-varios-hospitais\/#primaryimage\",\"url\":\"https:\/\/portaltela.pt\/s.01k8rhncp4jt1\/2026\/03\/2075804.jpg\",\"contentUrl\":\"https:\/\/portaltela.pt\/s.01k8rhncp4jt1\/2026\/03\/2075804.jpg\",\"width\":796,\"height\":448,\"caption\":\"Ministra da Sa\u00fade lamentou que greve ocorra numa altura em que Governo \\\"est\u00e1 a trabalhar com enfermeiros\\\"\"},{\"@type\":\"BreadcrumbList\",\"@id\":\"https:\/\/portaltela.pt\/noticias\/2026\/03\/20\/ministra-lamenta-greve-dos-enfermeiros-blocos-fechados-em-varios-hospitais\/#breadcrumb\",\"itemListElement\":[{\"@type\":\"ListItem\",\"position\":1,\"name\":\"In\u00edcio\",\"item\":\"https:\/\/portaltela.pt\/\"},{\"@type\":\"ListItem\",\"position\":2,\"name\":\"Ministra lamenta greve dos enfermeiros; blocos fechados em v\u00e1rios hospitais\"}]},{\"@type\":\"WebSite\",\"@id\":\"https:\/\/portaltela.pt\/#website\",\"url\":\"https:\/\/portaltela.pt\/\",\"name\":\"Portal Tela Portugal\",\"description\":\"\",\"potentialAction\":[{\"@type\":\"SearchAction\",\"target\":{\"@type\":\"EntryPoint\",\"urlTemplate\":\"https:\/\/portaltela.pt\/?s={search_term_string}\"},\"query-input\":{\"@type\":\"PropertyValueSpecification\",\"valueRequired\":true,\"valueName\":\"search_term_string\"}}],\"inLanguage\":\"pt-PT\"},{\"@type\":\"Person\",\"@id\":\"https:\/\/portaltela.pt\/#\/schema\/person\/c4278d4a6028830caff9ee44b42d32ed\",\"name\":\"Telinha\",\"image\":{\"@type\":\"ImageObject\",\"inLanguage\":\"pt-PT\",\"@id\":\"https:\/\/portaltela.pt\/s.01k8rhncp4jt1\/2025\/11\/talking-bot-125x125.png\",\"url\":\"https:\/\/portaltela.pt\/s.01k8rhncp4jt1\/2025\/11\/talking-bot-125x125.png\",\"contentUrl\":\"https:\/\/portaltela.pt\/s.01k8rhncp4jt1\/2025\/11\/talking-bot-125x125.png\",\"caption\":\"Telinha\"},\"sameAs\":[\"https:\/\/portaltela.pt\/\"],\"url\":\"https:\/\/portaltela.pt\/por\/367410592786\/\"}]}<\/script>\n<!-- \/ Yoast SEO plugin. -->","yoast_head_json":{"title":"Ministra lamenta greve dos enfermeiros; blocos fechados em v\u00e1rios hospitais - Portal Tela Portugal","robots":{"index":"index","follow":"follow","max-snippet":"max-snippet:-1","max-image-preview":"max-image-preview:large","max-video-preview":"max-video-preview:-1"},"og_locale":"pt_PT","og_type":"article","og_title":"Ministra lamenta greve dos enfermeiros; blocos fechados em v\u00e1rios hospitais - Portal Tela Portugal","og_description":"A greve dos enfermeiros neste sexta-feira teve ades\u00e3o de 100% em v\u00e1rios servi\u00e7os e hospitais \u00e0s 10h45, incluindo Viseu D\u00e3o-Laf\u00f5es (cirurgia de ambulat\u00f3rio, AVC encerrados) e unidades de Barreiro, Set\u00fabal e Almada (blocos operat\u00f3rios e de partos). O sector p\u00fablico de Sa\u00fade viu blocos operat\u00f3rios, de parto e servi\u00e7os m\u00ednimos interrompidos ou encerrados em v\u00e1rias unidades, com destaque para os hospitais de Barreiro, Set\u00fabal, Garcia de Orta, Peniche e Rovisco Pais. A ministra da Sa\u00fade, Ana Paula Martins, disse que o Governo est\u00e1 a trabalhar para responder a algumas reivindica\u00e7\u00f5es dos enfermeiros, reconhecendo que nem todas as exig\u00eancias fazem parte do programa governamental, mas mantendo o di\u00e1logo. O SEP (Sindicato dos Enfermeiros Portugueses) reivindica, entre outros pontos, a contabiliza\u00e7\u00e3o de pontos, pagamento de retroativos, contrata\u00e7\u00e3o de mais enfermeiros, abertura de concursos para categorias de enfermeiro especialista e melhor sistema de avalia\u00e7\u00e3o de desempenho. A ministra afirmou que o Governo n\u00e3o resolve tudo de um dia para o outro e que a greve, embora um direito, afeta os cidad\u00e3os; o SEP acusa o Minist\u00e9rio da Sa\u00fade de n\u00e3o cumprir promessas de levantamento de situa\u00e7\u00f5es at\u00e9 ao final de Fevereiro e manter discrimina\u00e7\u00e3o entre grupos profissionais.","og_url":"https:\/\/portaltela.pt\/noticias\/2026\/03\/20\/ministra-lamenta-greve-dos-enfermeiros-blocos-fechados-em-varios-hospitais\/","og_site_name":"Portal Tela Portugal","article_published_time":"2026-03-20T14:40:00+00:00","author":"Telinha","twitter_card":"summary_large_image","twitter_misc":{"Escrito por":"Telinha","Tempo estimado de leitura":"2 minutos"},"schema":{"@context":"https:\/\/schema.org","@graph":[{"@type":"Article","@id":"https:\/\/portaltela.pt\/noticias\/2026\/03\/20\/ministra-lamenta-greve-dos-enfermeiros-blocos-fechados-em-varios-hospitais\/#article","isPartOf":{"@id":"https:\/\/portaltela.pt\/noticias\/2026\/03\/20\/ministra-lamenta-greve-dos-enfermeiros-blocos-fechados-em-varios-hospitais\/"},"author":{"name":"Telinha","@id":"https:\/\/portaltela.pt\/#\/schema\/person\/c4278d4a6028830caff9ee44b42d32ed"},"headline":"Ministra lamenta greve dos enfermeiros; blocos fechados em v\u00e1rios hospitais","datePublished":"2026-03-20T14:40:00+00:00","mainEntityOfPage":{"@id":"https:\/\/portaltela.pt\/noticias\/2026\/03\/20\/ministra-lamenta-greve-dos-enfermeiros-blocos-fechados-em-varios-hospitais\/"},"wordCount":477,"image":{"@id":"https:\/\/portaltela.pt\/noticias\/2026\/03\/20\/ministra-lamenta-greve-dos-enfermeiros-blocos-fechados-em-varios-hospitais\/#primaryimage"},"thumbnailUrl":"https:\/\/portaltela.pt\/s.01k8rhncp4jt1\/2026\/03\/2075804.jpg","keywords":["condi\u00e7\u00f5es de trabalho","Enfermagem","greve","Portugal","profissionais de sa\u00fade","sa\u00fade"],"articleSection":["Not\u00edcias","Sa\u00fade"],"inLanguage":"pt-PT"},{"@type":"WebPage","@id":"https:\/\/portaltela.pt\/noticias\/2026\/03\/20\/ministra-lamenta-greve-dos-enfermeiros-blocos-fechados-em-varios-hospitais\/","url":"https:\/\/portaltela.pt\/noticias\/2026\/03\/20\/ministra-lamenta-greve-dos-enfermeiros-blocos-fechados-em-varios-hospitais\/","name":"Ministra lamenta greve dos enfermeiros; blocos fechados em v\u00e1rios hospitais - Portal Tela Portugal","isPartOf":{"@id":"https:\/\/portaltela.pt\/#website"},"primaryImageOfPage":{"@id":"https:\/\/portaltela.pt\/noticias\/2026\/03\/20\/ministra-lamenta-greve-dos-enfermeiros-blocos-fechados-em-varios-hospitais\/#primaryimage"},"image":{"@id":"https:\/\/portaltela.pt\/noticias\/2026\/03\/20\/ministra-lamenta-greve-dos-enfermeiros-blocos-fechados-em-varios-hospitais\/#primaryimage"},"thumbnailUrl":"https:\/\/portaltela.pt\/s.01k8rhncp4jt1\/2026\/03\/2075804.jpg","datePublished":"2026-03-20T14:40:00+00:00","author":{"@id":"https:\/\/portaltela.pt\/#\/schema\/person\/c4278d4a6028830caff9ee44b42d32ed"},"breadcrumb":{"@id":"https:\/\/portaltela.pt\/noticias\/2026\/03\/20\/ministra-lamenta-greve-dos-enfermeiros-blocos-fechados-em-varios-hospitais\/#breadcrumb"},"inLanguage":"pt-PT","potentialAction":[{"@type":"ReadAction","target":["https:\/\/portaltela.pt\/noticias\/2026\/03\/20\/ministra-lamenta-greve-dos-enfermeiros-blocos-fechados-em-varios-hospitais\/"]}]},{"@type":"ImageObject","inLanguage":"pt-PT","@id":"https:\/\/portaltela.pt\/noticias\/2026\/03\/20\/ministra-lamenta-greve-dos-enfermeiros-blocos-fechados-em-varios-hospitais\/#primaryimage","url":"https:\/\/portaltela.pt\/s.01k8rhncp4jt1\/2026\/03\/2075804.jpg","contentUrl":"https:\/\/portaltela.pt\/s.01k8rhncp4jt1\/2026\/03\/2075804.jpg","width":796,"height":448,"caption":"Ministra da Sa\u00fade lamentou que greve ocorra numa altura em que Governo \"est\u00e1 a trabalhar com enfermeiros\""},{"@type":"BreadcrumbList","@id":"https:\/\/portaltela.pt\/noticias\/2026\/03\/20\/ministra-lamenta-greve-dos-enfermeiros-blocos-fechados-em-varios-hospitais\/#breadcrumb","itemListElement":[{"@type":"ListItem","position":1,"name":"In\u00edcio","item":"https:\/\/portaltela.pt\/"},{"@type":"ListItem","position":2,"name":"Ministra lamenta greve dos enfermeiros; blocos fechados em v\u00e1rios hospitais"}]},{"@type":"WebSite","@id":"https:\/\/portaltela.pt\/#website","url":"https:\/\/portaltela.pt\/","name":"Portal Tela Portugal","description":"","potentialAction":[{"@type":"SearchAction","target":{"@type":"EntryPoint","urlTemplate":"https:\/\/portaltela.pt\/?s={search_term_string}"},"query-input":{"@type":"PropertyValueSpecification","valueRequired":true,"valueName":"search_term_string"}}],"inLanguage":"pt-PT"},{"@type":"Person","@id":"https:\/\/portaltela.pt\/#\/schema\/person\/c4278d4a6028830caff9ee44b42d32ed","name":"Telinha","image":{"@type":"ImageObject","inLanguage":"pt-PT","@id":"https:\/\/portaltela.pt\/s.01k8rhncp4jt1\/2025\/11\/talking-bot-125x125.png","url":"https:\/\/portaltela.pt\/s.01k8rhncp4jt1\/2025\/11\/talking-bot-125x125.png","contentUrl":"https:\/\/portaltela.pt\/s.01k8rhncp4jt1\/2025\/11\/talking-bot-125x125.png","caption":"Telinha"},"sameAs":["https:\/\/portaltela.pt\/"],"url":"https:\/\/portaltela.pt\/por\/367410592786\/"}]}},"_links":{"self":[{"href":"https:\/\/portaltela.pt\/api\/wp\/v2\/posts\/417492","targetHints":{"allow":["GET"]}}],"collection":[{"href":"https:\/\/portaltela.pt\/api\/wp\/v2\/posts"}],"about":[{"href":"https:\/\/portaltela.pt\/api\/wp\/v2\/types\/post"}],"author":[{"embeddable":true,"href":"https:\/\/portaltela.pt\/api\/wp\/v2\/users\/2"}],"replies":[{"embeddable":true,"href":"https:\/\/portaltela.pt\/api\/wp\/v2\/comments?post=417492"}],"version-history":[{"count":0,"href":"https:\/\/portaltela.pt\/api\/wp\/v2\/posts\/417492\/revisions"}],"wp:featuredmedia":[{"embeddable":true,"href":"https:\/\/portaltela.pt\/api\/wp\/v2\/media\/417497"}],"wp:attachment":[{"href":"https:\/\/portaltela.pt\/api\/wp\/v2\/media?parent=417492"}],"wp:term":[{"taxonomy":"category","embeddable":true,"href":"https:\/\/portaltela.pt\/api\/wp\/v2\/categories?post=417492"},{"taxonomy":"post_tag","embeddable":true,"href":"https:\/\/portaltela.pt\/api\/wp\/v2\/tags?post=417492"}],"curies":[{"name":"wp","href":"https:\/\/api.w.org\/{rel}","templated":true}]}}