{"id":417491,"date":"2026-03-20T11:45:30","date_gmt":"2026-03-20T14:45:30","guid":{"rendered":"https:\/\/portaltela.pt\/noticias\/2026\/03\/20\/parlamento-cria-comissao-eventual-para-prevencao-e-combate-a-catastrofes\/"},"modified":"2026-03-20T11:45:30","modified_gmt":"2026-03-20T14:45:30","slug":"parlamento-cria-comissao-eventual-para-prevencao-e-combate-a-catastrofes","status":"publish","type":"post","link":"https:\/\/portaltela.pt\/noticias\/politica\/2026\/03\/20\/parlamento-cria-comissao-eventual-para-prevencao-e-combate-a-catastrofes\/","title":{"rendered":"Parlamento cria comiss\u00e3o eventual para preven\u00e7\u00e3o e combate a cat\u00e1strofes"},"content":{"rendered":"<p>A Assembleia da Rep\u00fablica aprovou esta sexta-feira a cria\u00e7\u00e3o de uma comiss\u00e3o eventual de preven\u00e7\u00e3o e combate \u00e0s cat\u00e1strofes naturais em Portugal, proposta pelo PSD. A iniciativa visa aumentara transpar\u00eancia da informa\u00e7\u00e3o partilhada e articular as a\u00e7\u00f5es com a Estrutura de Miss\u00e3o para o PTRR. A comiss\u00e3o ter\u00e1 tamb\u00e9m um papel de acompanhamento aos lesados e de fiscaliza\u00e7\u00e3o da execu\u00e7\u00e3o do Plano Portugal Transforma\u00e7\u00e3o, Recupera\u00e7\u00e3o e Resili\u00eancia.<\/p>\n<p>O texto comum, elaborado pela Comiss\u00e3o de Economia e Coes\u00e3o Territorial, foi aprovado com a absten\u00e7\u00e3o da IL e votos a favor das restantes bancadas. A comiss\u00e3o funcionar\u00e1 at\u00e9 ao final da presente legislatura e dever\u00e1 apresentar um relat\u00f3rio final ao concluir o mandato. A composi\u00e7\u00e3o ser\u00e1 determinada pelo Presidente da Assembleia, respeitando a representatividade parlamentar.<\/p>\n<h3>Composi\u00e7\u00e3o, objetivos e mecanismos<\/h3>\n<p>A comiss\u00e3o poder\u00e1, quando entender conveniente, promover audi\u00e7\u00f5es a membros do Governo, respons\u00e1veis pela execu\u00e7\u00e3o do PTRR, especialistas e outras entidades relevantes, bem como aos representantes dos autarcas. O objetivo \u00e9 assegurar a responsabiliza\u00e7\u00e3o e a monitoriza\u00e7\u00e3o de medidas de preven\u00e7\u00e3o e resposta a cat\u00e1strofes.<\/p>\n<p>Antes, os deputados rejeitaram um projeto do Livre que defendia a cria\u00e7\u00e3o de uma comiss\u00e3o parlamentar eventual para avaliar a prepara\u00e7\u00e3o e resposta a eventos extremos, ap\u00f3s o temporal de janeiro e fevereiro de 2026. O PSD, IL e CDS votaram contra, com empate nas absten\u00e7\u00f5es do PS e do Chega.<\/p>\n<p>Pelo menos 19 pessoas morreram desde 28 de janeiro em Portugal devido \u00e0s depress\u00f5es Kristin, Leonardo e Marta. O conjunto de fen\u00f3menos naturais deixou centenas de feridos, desalojados e deslocados e causou destrui\u00e7\u00e3o generalizada. As regi\u00f5es Centro, Lisboa e Vale do Tejo e Alentejo foram as mais afetadas.<\/p>\n<p>As inunda\u00e7\u00f5es, quedas de \u00e1rvores, cortes de energia e comunica\u00e7\u00f5es e danos a habita\u00e7\u00f5es e empresas levaram a preju\u00edzos significativos, estimados em milhares de milh\u00f5es de euros. A vig\u00eancia da comiss\u00e3o est\u00e1 alinhada com o objetivo de fortalecer a gest\u00e3o de riscos e a resili\u00eancia territorial.<\/p>\n","protected":false},"excerpt":{"rendered":"<ul>\n<li>A Assembleia da Rep\u00fablica aprovou a cria\u00e7\u00e3o de uma comiss\u00e3o eventual de preven\u00e7\u00e3o e combate \u00e0s cat\u00e1strofes naturais em Portugal, proposta pelo PSD, com absten\u00e7\u00e3o da IL.<\/li>\n<li>A comiss\u00e3o tem como objetivos garantir transpar\u00eancia da informa\u00e7\u00e3o partilhada, articular com a Estrutura de Miss\u00e3o, acompanhar os lesados e monitorizar a execu\u00e7\u00e3o do Plano Portugal Transforma\u00e7\u00e3o, Recupera\u00e7\u00e3o e Resili\u00eancia (PTRR) e funcionar\u00e1 at\u00e9 ao final da legislatura.<\/li>\n<li>A composi\u00e7\u00e3o ser\u00e1 determinada pelo Presidente da Assembleia, conforme a representatividade parlamentar, e poder\u00e1 realizar audi\u00e7\u00f5es a membros do Governo, respons\u00e1veis pelo PTRR, especialistas, Estrutura de Miss\u00e3o e representantes aut\u00e1rquicos, entre outros.<\/li>\n<li>Foi chumbado um projeto do Livre que defendia uma comiss\u00e3o sobre prepara\u00e7\u00e3o e resposta a eventos extremos; PSD, IL e CDS votaram contra, enquanto PS e Chega abstiveram-se.<\/li>\n<li>Pelo menos 19 pessoas morreram em Portugal desde 28 de janeiro na sequ\u00eancia das depress\u00f5es Kristin, Leonardo e Marta, com as regi\u00f5es Centro, Lisboa e Vale do Tejo e Alentejo entre as mais afetadas.<\/li>\n<\/ul>\n","protected":false},"author":2,"featured_media":417496,"comment_status":"closed","ping_status":"closed","sticky":false,"template":"","format":"standard","meta":{"footnotes":""},"categories":[5,6871],"tags":[5215,6063,5381,2293,1014,320],"class_list":["post-417491","post","type-post","status-publish","format-standard","has-post-thumbnail","hentry","category-politica","category-sociedade","tag-catastrofes-naturais","tag-desastres","tag-gestao-de-riscos","tag-inundacoes","tag-portugal","tag-protecao-civil"],"yoast_head":"<!-- This site is optimized with the Yoast SEO plugin v27.2 - https:\/\/yoast.com\/product\/yoast-seo-wordpress\/ -->\n<title>Parlamento cria comiss\u00e3o eventual para preven\u00e7\u00e3o e combate a cat\u00e1strofes - Portal Tela Portugal<\/title>\n<meta name=\"robots\" content=\"index, follow, max-snippet:-1, max-image-preview:large, max-video-preview:-1\" \/>\n<meta property=\"og:locale\" content=\"pt_PT\" \/>\n<meta property=\"og:type\" content=\"article\" \/>\n<meta property=\"og:title\" content=\"Parlamento cria comiss\u00e3o eventual para preven\u00e7\u00e3o e combate a cat\u00e1strofes - Portal Tela Portugal\" \/>\n<meta property=\"og:description\" content=\"A Assembleia da Rep\u00fablica aprovou a cria\u00e7\u00e3o de uma comiss\u00e3o eventual de preven\u00e7\u00e3o e combate \u00e0s cat\u00e1strofes naturais em Portugal, proposta pelo PSD, com absten\u00e7\u00e3o da IL. A comiss\u00e3o tem como objetivos garantir transpar\u00eancia da informa\u00e7\u00e3o partilhada, articular com a Estrutura de Miss\u00e3o, acompanhar os lesados e monitorizar a execu\u00e7\u00e3o do Plano Portugal Transforma\u00e7\u00e3o, Recupera\u00e7\u00e3o e Resili\u00eancia (PTRR) e funcionar\u00e1 at\u00e9 ao final da legislatura. A composi\u00e7\u00e3o ser\u00e1 determinada pelo Presidente da Assembleia, conforme a representatividade parlamentar, e poder\u00e1 realizar audi\u00e7\u00f5es a membros do Governo, respons\u00e1veis pelo PTRR, especialistas, Estrutura de Miss\u00e3o e representantes aut\u00e1rquicos, entre outros. Foi chumbado um projeto do Livre que defendia uma comiss\u00e3o sobre prepara\u00e7\u00e3o e resposta a eventos extremos; PSD, IL e CDS votaram contra, enquanto PS e Chega abstiveram-se. Pelo menos 19 pessoas morreram em Portugal desde 28 de janeiro na sequ\u00eancia das depress\u00f5es Kristin, Leonardo e Marta, com as regi\u00f5es Centro, Lisboa e Vale do Tejo e Alentejo entre as mais afetadas.\" \/>\n<meta property=\"og:url\" content=\"https:\/\/portaltela.pt\/noticias\/2026\/03\/20\/parlamento-cria-comissao-eventual-para-prevencao-e-combate-a-catastrofes\/\" \/>\n<meta property=\"og:site_name\" content=\"Portal Tela Portugal\" \/>\n<meta property=\"article:published_time\" content=\"2026-03-20T14:45:30+00:00\" \/>\n<meta name=\"author\" content=\"Telinha\" \/>\n<meta name=\"twitter:card\" content=\"summary_large_image\" \/>\n<meta name=\"twitter:label1\" content=\"Escrito por\" \/>\n\t<meta name=\"twitter:data1\" content=\"Telinha\" \/>\n\t<meta name=\"twitter:label2\" content=\"Tempo estimado de leitura\" \/>\n\t<meta name=\"twitter:data2\" content=\"2 minutos\" \/>\n<script type=\"application\/ld+json\" class=\"yoast-schema-graph\">{\"@context\":\"https:\/\/schema.org\",\"@graph\":[{\"@type\":\"Article\",\"@id\":\"https:\/\/portaltela.pt\/noticias\/2026\/03\/20\/parlamento-cria-comissao-eventual-para-prevencao-e-combate-a-catastrofes\/#article\",\"isPartOf\":{\"@id\":\"https:\/\/portaltela.pt\/noticias\/2026\/03\/20\/parlamento-cria-comissao-eventual-para-prevencao-e-combate-a-catastrofes\/\"},\"author\":{\"name\":\"Telinha\",\"@id\":\"https:\/\/portaltela.pt\/#\/schema\/person\/c4278d4a6028830caff9ee44b42d32ed\"},\"headline\":\"Parlamento cria comiss\u00e3o eventual para preven\u00e7\u00e3o e combate a cat\u00e1strofes\",\"datePublished\":\"2026-03-20T14:45:30+00:00\",\"mainEntityOfPage\":{\"@id\":\"https:\/\/portaltela.pt\/noticias\/2026\/03\/20\/parlamento-cria-comissao-eventual-para-prevencao-e-combate-a-catastrofes\/\"},\"wordCount\":375,\"image\":{\"@id\":\"https:\/\/portaltela.pt\/noticias\/2026\/03\/20\/parlamento-cria-comissao-eventual-para-prevencao-e-combate-a-catastrofes\/#primaryimage\"},\"thumbnailUrl\":\"https:\/\/portaltela.pt\/s.01k8rhncp4jt1\/2026\/03\/img_1500x1000uu2021-04-12-19-59-13-1029047.jpg\",\"keywords\":[\"cat\u00e1strofes naturais\",\"desastres\",\"Gest\u00e3o de Riscos\",\"inunda\u00e7\u00f5es\",\"Portugal\",\"prote\u00e7\u00e3o civil\"],\"articleSection\":[\"Pol\u00edtica\",\"Sociedade\"],\"inLanguage\":\"pt-PT\"},{\"@type\":\"WebPage\",\"@id\":\"https:\/\/portaltela.pt\/noticias\/2026\/03\/20\/parlamento-cria-comissao-eventual-para-prevencao-e-combate-a-catastrofes\/\",\"url\":\"https:\/\/portaltela.pt\/noticias\/2026\/03\/20\/parlamento-cria-comissao-eventual-para-prevencao-e-combate-a-catastrofes\/\",\"name\":\"Parlamento cria comiss\u00e3o eventual para preven\u00e7\u00e3o e combate a cat\u00e1strofes - Portal Tela Portugal\",\"isPartOf\":{\"@id\":\"https:\/\/portaltela.pt\/#website\"},\"primaryImageOfPage\":{\"@id\":\"https:\/\/portaltela.pt\/noticias\/2026\/03\/20\/parlamento-cria-comissao-eventual-para-prevencao-e-combate-a-catastrofes\/#primaryimage\"},\"image\":{\"@id\":\"https:\/\/portaltela.pt\/noticias\/2026\/03\/20\/parlamento-cria-comissao-eventual-para-prevencao-e-combate-a-catastrofes\/#primaryimage\"},\"thumbnailUrl\":\"https:\/\/portaltela.pt\/s.01k8rhncp4jt1\/2026\/03\/img_1500x1000uu2021-04-12-19-59-13-1029047.jpg\",\"datePublished\":\"2026-03-20T14:45:30+00:00\",\"author\":{\"@id\":\"https:\/\/portaltela.pt\/#\/schema\/person\/c4278d4a6028830caff9ee44b42d32ed\"},\"breadcrumb\":{\"@id\":\"https:\/\/portaltela.pt\/noticias\/2026\/03\/20\/parlamento-cria-comissao-eventual-para-prevencao-e-combate-a-catastrofes\/#breadcrumb\"},\"inLanguage\":\"pt-PT\",\"potentialAction\":[{\"@type\":\"ReadAction\",\"target\":[\"https:\/\/portaltela.pt\/noticias\/2026\/03\/20\/parlamento-cria-comissao-eventual-para-prevencao-e-combate-a-catastrofes\/\"]}]},{\"@type\":\"ImageObject\",\"inLanguage\":\"pt-PT\",\"@id\":\"https:\/\/portaltela.pt\/noticias\/2026\/03\/20\/parlamento-cria-comissao-eventual-para-prevencao-e-combate-a-catastrofes\/#primaryimage\",\"url\":\"https:\/\/portaltela.pt\/s.01k8rhncp4jt1\/2026\/03\/img_1500x1000uu2021-04-12-19-59-13-1029047.jpg\",\"contentUrl\":\"https:\/\/portaltela.pt\/s.01k8rhncp4jt1\/2026\/03\/img_1500x1000uu2021-04-12-19-59-13-1029047.jpg\",\"width\":796,\"height\":448,\"caption\":\"Parlamento\"},{\"@type\":\"BreadcrumbList\",\"@id\":\"https:\/\/portaltela.pt\/noticias\/2026\/03\/20\/parlamento-cria-comissao-eventual-para-prevencao-e-combate-a-catastrofes\/#breadcrumb\",\"itemListElement\":[{\"@type\":\"ListItem\",\"position\":1,\"name\":\"In\u00edcio\",\"item\":\"https:\/\/portaltela.pt\/\"},{\"@type\":\"ListItem\",\"position\":2,\"name\":\"Parlamento cria comiss\u00e3o eventual para preven\u00e7\u00e3o e combate a cat\u00e1strofes\"}]},{\"@type\":\"WebSite\",\"@id\":\"https:\/\/portaltela.pt\/#website\",\"url\":\"https:\/\/portaltela.pt\/\",\"name\":\"Portal Tela Portugal\",\"description\":\"\",\"potentialAction\":[{\"@type\":\"SearchAction\",\"target\":{\"@type\":\"EntryPoint\",\"urlTemplate\":\"https:\/\/portaltela.pt\/?s={search_term_string}\"},\"query-input\":{\"@type\":\"PropertyValueSpecification\",\"valueRequired\":true,\"valueName\":\"search_term_string\"}}],\"inLanguage\":\"pt-PT\"},{\"@type\":\"Person\",\"@id\":\"https:\/\/portaltela.pt\/#\/schema\/person\/c4278d4a6028830caff9ee44b42d32ed\",\"name\":\"Telinha\",\"image\":{\"@type\":\"ImageObject\",\"inLanguage\":\"pt-PT\",\"@id\":\"https:\/\/portaltela.pt\/s.01k8rhncp4jt1\/2025\/11\/talking-bot-125x125.png\",\"url\":\"https:\/\/portaltela.pt\/s.01k8rhncp4jt1\/2025\/11\/talking-bot-125x125.png\",\"contentUrl\":\"https:\/\/portaltela.pt\/s.01k8rhncp4jt1\/2025\/11\/talking-bot-125x125.png\",\"caption\":\"Telinha\"},\"sameAs\":[\"https:\/\/portaltela.pt\/\"],\"url\":\"https:\/\/portaltela.pt\/por\/367410592786\/\"}]}<\/script>\n<!-- \/ Yoast SEO plugin. -->","yoast_head_json":{"title":"Parlamento cria comiss\u00e3o eventual para preven\u00e7\u00e3o e combate a cat\u00e1strofes - Portal Tela Portugal","robots":{"index":"index","follow":"follow","max-snippet":"max-snippet:-1","max-image-preview":"max-image-preview:large","max-video-preview":"max-video-preview:-1"},"og_locale":"pt_PT","og_type":"article","og_title":"Parlamento cria comiss\u00e3o eventual para preven\u00e7\u00e3o e combate a cat\u00e1strofes - Portal Tela Portugal","og_description":"A Assembleia da Rep\u00fablica aprovou a cria\u00e7\u00e3o de uma comiss\u00e3o eventual de preven\u00e7\u00e3o e combate \u00e0s cat\u00e1strofes naturais em Portugal, proposta pelo PSD, com absten\u00e7\u00e3o da IL. A comiss\u00e3o tem como objetivos garantir transpar\u00eancia da informa\u00e7\u00e3o partilhada, articular com a Estrutura de Miss\u00e3o, acompanhar os lesados e monitorizar a execu\u00e7\u00e3o do Plano Portugal Transforma\u00e7\u00e3o, Recupera\u00e7\u00e3o e Resili\u00eancia (PTRR) e funcionar\u00e1 at\u00e9 ao final da legislatura. A composi\u00e7\u00e3o ser\u00e1 determinada pelo Presidente da Assembleia, conforme a representatividade parlamentar, e poder\u00e1 realizar audi\u00e7\u00f5es a membros do Governo, respons\u00e1veis pelo PTRR, especialistas, Estrutura de Miss\u00e3o e representantes aut\u00e1rquicos, entre outros. Foi chumbado um projeto do Livre que defendia uma comiss\u00e3o sobre prepara\u00e7\u00e3o e resposta a eventos extremos; PSD, IL e CDS votaram contra, enquanto PS e Chega abstiveram-se. Pelo menos 19 pessoas morreram em Portugal desde 28 de janeiro na sequ\u00eancia das depress\u00f5es Kristin, Leonardo e Marta, com as regi\u00f5es Centro, Lisboa e Vale do Tejo e Alentejo entre as mais afetadas.","og_url":"https:\/\/portaltela.pt\/noticias\/2026\/03\/20\/parlamento-cria-comissao-eventual-para-prevencao-e-combate-a-catastrofes\/","og_site_name":"Portal Tela Portugal","article_published_time":"2026-03-20T14:45:30+00:00","author":"Telinha","twitter_card":"summary_large_image","twitter_misc":{"Escrito por":"Telinha","Tempo estimado de leitura":"2 minutos"},"schema":{"@context":"https:\/\/schema.org","@graph":[{"@type":"Article","@id":"https:\/\/portaltela.pt\/noticias\/2026\/03\/20\/parlamento-cria-comissao-eventual-para-prevencao-e-combate-a-catastrofes\/#article","isPartOf":{"@id":"https:\/\/portaltela.pt\/noticias\/2026\/03\/20\/parlamento-cria-comissao-eventual-para-prevencao-e-combate-a-catastrofes\/"},"author":{"name":"Telinha","@id":"https:\/\/portaltela.pt\/#\/schema\/person\/c4278d4a6028830caff9ee44b42d32ed"},"headline":"Parlamento cria comiss\u00e3o eventual para preven\u00e7\u00e3o e combate a cat\u00e1strofes","datePublished":"2026-03-20T14:45:30+00:00","mainEntityOfPage":{"@id":"https:\/\/portaltela.pt\/noticias\/2026\/03\/20\/parlamento-cria-comissao-eventual-para-prevencao-e-combate-a-catastrofes\/"},"wordCount":375,"image":{"@id":"https:\/\/portaltela.pt\/noticias\/2026\/03\/20\/parlamento-cria-comissao-eventual-para-prevencao-e-combate-a-catastrofes\/#primaryimage"},"thumbnailUrl":"https:\/\/portaltela.pt\/s.01k8rhncp4jt1\/2026\/03\/img_1500x1000uu2021-04-12-19-59-13-1029047.jpg","keywords":["cat\u00e1strofes naturais","desastres","Gest\u00e3o de Riscos","inunda\u00e7\u00f5es","Portugal","prote\u00e7\u00e3o civil"],"articleSection":["Pol\u00edtica","Sociedade"],"inLanguage":"pt-PT"},{"@type":"WebPage","@id":"https:\/\/portaltela.pt\/noticias\/2026\/03\/20\/parlamento-cria-comissao-eventual-para-prevencao-e-combate-a-catastrofes\/","url":"https:\/\/portaltela.pt\/noticias\/2026\/03\/20\/parlamento-cria-comissao-eventual-para-prevencao-e-combate-a-catastrofes\/","name":"Parlamento cria comiss\u00e3o eventual para preven\u00e7\u00e3o e combate a cat\u00e1strofes - Portal Tela Portugal","isPartOf":{"@id":"https:\/\/portaltela.pt\/#website"},"primaryImageOfPage":{"@id":"https:\/\/portaltela.pt\/noticias\/2026\/03\/20\/parlamento-cria-comissao-eventual-para-prevencao-e-combate-a-catastrofes\/#primaryimage"},"image":{"@id":"https:\/\/portaltela.pt\/noticias\/2026\/03\/20\/parlamento-cria-comissao-eventual-para-prevencao-e-combate-a-catastrofes\/#primaryimage"},"thumbnailUrl":"https:\/\/portaltela.pt\/s.01k8rhncp4jt1\/2026\/03\/img_1500x1000uu2021-04-12-19-59-13-1029047.jpg","datePublished":"2026-03-20T14:45:30+00:00","author":{"@id":"https:\/\/portaltela.pt\/#\/schema\/person\/c4278d4a6028830caff9ee44b42d32ed"},"breadcrumb":{"@id":"https:\/\/portaltela.pt\/noticias\/2026\/03\/20\/parlamento-cria-comissao-eventual-para-prevencao-e-combate-a-catastrofes\/#breadcrumb"},"inLanguage":"pt-PT","potentialAction":[{"@type":"ReadAction","target":["https:\/\/portaltela.pt\/noticias\/2026\/03\/20\/parlamento-cria-comissao-eventual-para-prevencao-e-combate-a-catastrofes\/"]}]},{"@type":"ImageObject","inLanguage":"pt-PT","@id":"https:\/\/portaltela.pt\/noticias\/2026\/03\/20\/parlamento-cria-comissao-eventual-para-prevencao-e-combate-a-catastrofes\/#primaryimage","url":"https:\/\/portaltela.pt\/s.01k8rhncp4jt1\/2026\/03\/img_1500x1000uu2021-04-12-19-59-13-1029047.jpg","contentUrl":"https:\/\/portaltela.pt\/s.01k8rhncp4jt1\/2026\/03\/img_1500x1000uu2021-04-12-19-59-13-1029047.jpg","width":796,"height":448,"caption":"Parlamento"},{"@type":"BreadcrumbList","@id":"https:\/\/portaltela.pt\/noticias\/2026\/03\/20\/parlamento-cria-comissao-eventual-para-prevencao-e-combate-a-catastrofes\/#breadcrumb","itemListElement":[{"@type":"ListItem","position":1,"name":"In\u00edcio","item":"https:\/\/portaltela.pt\/"},{"@type":"ListItem","position":2,"name":"Parlamento cria comiss\u00e3o eventual para preven\u00e7\u00e3o e combate a cat\u00e1strofes"}]},{"@type":"WebSite","@id":"https:\/\/portaltela.pt\/#website","url":"https:\/\/portaltela.pt\/","name":"Portal Tela Portugal","description":"","potentialAction":[{"@type":"SearchAction","target":{"@type":"EntryPoint","urlTemplate":"https:\/\/portaltela.pt\/?s={search_term_string}"},"query-input":{"@type":"PropertyValueSpecification","valueRequired":true,"valueName":"search_term_string"}}],"inLanguage":"pt-PT"},{"@type":"Person","@id":"https:\/\/portaltela.pt\/#\/schema\/person\/c4278d4a6028830caff9ee44b42d32ed","name":"Telinha","image":{"@type":"ImageObject","inLanguage":"pt-PT","@id":"https:\/\/portaltela.pt\/s.01k8rhncp4jt1\/2025\/11\/talking-bot-125x125.png","url":"https:\/\/portaltela.pt\/s.01k8rhncp4jt1\/2025\/11\/talking-bot-125x125.png","contentUrl":"https:\/\/portaltela.pt\/s.01k8rhncp4jt1\/2025\/11\/talking-bot-125x125.png","caption":"Telinha"},"sameAs":["https:\/\/portaltela.pt\/"],"url":"https:\/\/portaltela.pt\/por\/367410592786\/"}]}},"_links":{"self":[{"href":"https:\/\/portaltela.pt\/api\/wp\/v2\/posts\/417491","targetHints":{"allow":["GET"]}}],"collection":[{"href":"https:\/\/portaltela.pt\/api\/wp\/v2\/posts"}],"about":[{"href":"https:\/\/portaltela.pt\/api\/wp\/v2\/types\/post"}],"author":[{"embeddable":true,"href":"https:\/\/portaltela.pt\/api\/wp\/v2\/users\/2"}],"replies":[{"embeddable":true,"href":"https:\/\/portaltela.pt\/api\/wp\/v2\/comments?post=417491"}],"version-history":[{"count":0,"href":"https:\/\/portaltela.pt\/api\/wp\/v2\/posts\/417491\/revisions"}],"wp:featuredmedia":[{"embeddable":true,"href":"https:\/\/portaltela.pt\/api\/wp\/v2\/media\/417496"}],"wp:attachment":[{"href":"https:\/\/portaltela.pt\/api\/wp\/v2\/media?parent=417491"}],"wp:term":[{"taxonomy":"category","embeddable":true,"href":"https:\/\/portaltela.pt\/api\/wp\/v2\/categories?post=417491"},{"taxonomy":"post_tag","embeddable":true,"href":"https:\/\/portaltela.pt\/api\/wp\/v2\/tags?post=417491"}],"curies":[{"name":"wp","href":"https:\/\/api.w.org\/{rel}","templated":true}]}}