{"id":417475,"date":"2026-03-20T11:42:00","date_gmt":"2026-03-20T14:42:00","guid":{"rendered":"https:\/\/portaltela.pt\/noticias\/2026\/03\/20\/espanha-reduz-iva-de-combustiveis-luz-e-gas-para-10\/"},"modified":"2026-03-20T11:42:00","modified_gmt":"2026-03-20T14:42:00","slug":"espanha-reduz-iva-de-combustiveis-luz-e-gas-para-10","status":"publish","type":"post","link":"https:\/\/portaltela.pt\/noticias\/economia\/2026\/03\/20\/espanha-reduz-iva-de-combustiveis-luz-e-gas-para-10\/","title":{"rendered":"Espanha reduz IVA de combust\u00edveis, luz e g\u00e1s para 10%"},"content":{"rendered":"<p>O IVA nos combust\u00edveis, na eletricidade e no g\u00e1s natural na Espanha vai baixar de 21% para 10%. A medida faz parte de um pacote de redu\u00e7\u00e3o dr\u00e1stica da fiscalidade energ\u00e9tica, anunciada pelo Governo em Madrid.<\/p>\n<p>O conjunto de a\u00e7\u00f5es integra um Plano Integral de Resposta \u00e0 crise no M\u00e9dio Oriente, aprovado num Conselho de Ministros extraordin\u00e1rio. O primeiro-ministro Pedro S\u00e1nchez revelou que o pacote inclui 80 medidas.<\/p>\n<p>O objetivo \u00e9 responder ao impacto da guerra na regi\u00e3o, com medidas conjunturais de resposta imediata aos pre\u00e7os da energia. O Governo estima que a guerra custe aos espanh\u00f3is v\u00e1rios mil milh\u00f5es de euros.<\/p>\n<p>A redu\u00e7\u00e3o do IVA na luz, combust\u00edveis e g\u00e1s natural \u00e9 acompanhada pela descida ou suspens\u00e3o de outros impostos sobre hidrocarbonetos e eletricidade, bem como descontos para setores espec\u00edficos.<\/p>\n<p>Tamb\u00e9m h\u00e1 apoios para o gas\u00f3leo de transportadores, para a agropecu\u00e1ria e a pesca, al\u00e9m de apoios \u00e0 agricultura para fertilizantes e um teto de pre\u00e7o para o g\u00e1s butano e propano.<\/p>\n<p>No conjunto, o plano pretende mobilizar at\u00e9 cinco mil milh\u00f5es de euros e refor\u00e7ar apoios para fam\u00edlias vulner\u00e1veis no pagamento da luz. O Governo promete manter as medidas pelo tempo necess\u00e1rio.<\/p>\n<h3>Medidas estruturais<\/h3>\n<p>Para al\u00e9m das medidas de resposta imediata, o pacote prev\u00ea incentivos para a descarboniza\u00e7\u00e3o. Dedu\u00e7\u00f5es fiscais existem para instala\u00e7\u00f5es solares, bombas de calor e pontos de recarga el\u00e9ctrica.<\/p>\n<p>Outros apoios incluem melhorias energ\u00e9ticas de edif\u00edcios, aquisi\u00e7\u00e3o de ve\u00edculos el\u00e9tricos e aumento de capacidade de armazenamento com baterias, visando a soberania energ\u00e9tica.<\/p>\n","protected":false},"excerpt":{"rendered":"<ul>\n<li>O IVA nos combust\u00edveis, eletricidade e g\u00e1s natural passa de 21% para 10% em Espanha, como parte de um pacote de resposta \u00e0 crise no M\u00e9dio Oriente.<\/li>\n<li>O Governo aprovou um Plano Integral de Resposta \u00e0 crise, que abrange medidas de curto prazo e a\u00e7\u00f5es estruturais, com uma mobiliza\u00e7\u00e3o de at\u00e9 5 mil milh\u00f5es de euros.<\/li>\n<li>As medidas conjunturais incluem redu\u00e7\u00e3o ou suspens\u00e3o de impostos sobre hidrocarbonetos e eletricidade, bem como descontos para gas\u00f3leo de transportadores e para a agricultura.<\/li>\n<li>As medidas estruturais acrescentam incentivos fiscais para instala\u00e7\u00e3o de pain\u00e9is solares, bombas de calor e pontos de recarga el\u00e9trica, al\u00e9m de apoio \u00e0 melhoria energ\u00e9tica de edif\u00edcios e \u00e0 descarboniza\u00e7\u00e3o.<\/li>\n<li>As medidas entram em vigor de imediato, por\u00e9m precisam de valida\u00e7\u00e3o parlamentar nas pr\u00f3ximas semanas; h\u00e1 tamb\u00e9m um diploma para congelar rendas que n\u00e3o obteve ainda apoio suficiente.<\/li>\n<\/ul>\n","protected":false},"author":2,"featured_media":417479,"comment_status":"closed","ping_status":"closed","sticky":false,"template":"","format":"standard","meta":{"footnotes":""},"categories":[2,6850],"tags":[6115,5072,174,4542,3613,7324],"class_list":["post-417475","post","type-post","status-publish","format-standard","has-post-thumbnail","hentry","category-economia","category-financas","tag-_economia","tag-descarbonizacao","tag-energia","tag-energia-electrica","tag-impostos","tag-soberania-energetica"],"yoast_head":"<!-- This site is optimized with the Yoast SEO plugin v27.2 - https:\/\/yoast.com\/product\/yoast-seo-wordpress\/ -->\n<title>Espanha reduz IVA de combust\u00edveis, luz e g\u00e1s para 10% - Portal Tela Portugal<\/title>\n<meta name=\"robots\" content=\"index, follow, max-snippet:-1, max-image-preview:large, max-video-preview:-1\" \/>\n<meta property=\"og:locale\" content=\"pt_PT\" \/>\n<meta property=\"og:type\" content=\"article\" \/>\n<meta property=\"og:title\" content=\"Espanha reduz IVA de combust\u00edveis, luz e g\u00e1s para 10% - Portal Tela Portugal\" \/>\n<meta property=\"og:description\" content=\"O IVA nos combust\u00edveis, eletricidade e g\u00e1s natural passa de 21% para 10% em Espanha, como parte de um pacote de resposta \u00e0 crise no M\u00e9dio Oriente. O Governo aprovou um Plano Integral de Resposta \u00e0 crise, que abrange medidas de curto prazo e a\u00e7\u00f5es estruturais, com uma mobiliza\u00e7\u00e3o de at\u00e9 5 mil milh\u00f5es de euros. As medidas conjunturais incluem redu\u00e7\u00e3o ou suspens\u00e3o de impostos sobre hidrocarbonetos e eletricidade, bem como descontos para gas\u00f3leo de transportadores e para a agricultura. As medidas estruturais acrescentam incentivos fiscais para instala\u00e7\u00e3o de pain\u00e9is solares, bombas de calor e pontos de recarga el\u00e9trica, al\u00e9m de apoio \u00e0 melhoria energ\u00e9tica de edif\u00edcios e \u00e0 descarboniza\u00e7\u00e3o. As medidas entram em vigor de imediato, por\u00e9m precisam de valida\u00e7\u00e3o parlamentar nas pr\u00f3ximas semanas; h\u00e1 tamb\u00e9m um diploma para congelar rendas que n\u00e3o obteve ainda apoio suficiente.\" \/>\n<meta property=\"og:url\" content=\"https:\/\/portaltela.pt\/noticias\/2026\/03\/20\/espanha-reduz-iva-de-combustiveis-luz-e-gas-para-10\/\" \/>\n<meta property=\"og:site_name\" content=\"Portal Tela Portugal\" \/>\n<meta property=\"article:published_time\" content=\"2026-03-20T14:42:00+00:00\" \/>\n<meta name=\"author\" content=\"Telinha\" \/>\n<meta name=\"twitter:card\" content=\"summary_large_image\" \/>\n<meta name=\"twitter:label1\" content=\"Escrito por\" \/>\n\t<meta name=\"twitter:data1\" content=\"Telinha\" \/>\n\t<meta name=\"twitter:label2\" content=\"Tempo estimado de leitura\" \/>\n\t<meta name=\"twitter:data2\" content=\"1 minuto\" \/>\n<script type=\"application\/ld+json\" class=\"yoast-schema-graph\">{\"@context\":\"https:\/\/schema.org\",\"@graph\":[{\"@type\":\"Article\",\"@id\":\"https:\/\/portaltela.pt\/noticias\/2026\/03\/20\/espanha-reduz-iva-de-combustiveis-luz-e-gas-para-10\/#article\",\"isPartOf\":{\"@id\":\"https:\/\/portaltela.pt\/noticias\/2026\/03\/20\/espanha-reduz-iva-de-combustiveis-luz-e-gas-para-10\/\"},\"author\":{\"name\":\"Telinha\",\"@id\":\"https:\/\/portaltela.pt\/#\/schema\/person\/c4278d4a6028830caff9ee44b42d32ed\"},\"headline\":\"Espanha reduz IVA de combust\u00edveis, luz e g\u00e1s para 10%\",\"datePublished\":\"2026-03-20T14:42:00+00:00\",\"mainEntityOfPage\":{\"@id\":\"https:\/\/portaltela.pt\/noticias\/2026\/03\/20\/espanha-reduz-iva-de-combustiveis-luz-e-gas-para-10\/\"},\"wordCount\":292,\"image\":{\"@id\":\"https:\/\/portaltela.pt\/noticias\/2026\/03\/20\/espanha-reduz-iva-de-combustiveis-luz-e-gas-para-10\/#primaryimage\"},\"thumbnailUrl\":\"https:\/\/portaltela.pt\/s.01k8rhncp4jt1\/2026\/03\/img_1500x1000uu2009-04-15-16-58-00-132992-im-639096144860985522.jpg\",\"keywords\":[\"_economia\",\"descarboniza\u00e7\u00e3o\",\"energia\",\"energia el\u00e9ctrica\",\"impostos\",\"soberania energ\u00e9tica\"],\"articleSection\":[\"Economia\",\"Finan\u00e7as\"],\"inLanguage\":\"pt-PT\"},{\"@type\":\"WebPage\",\"@id\":\"https:\/\/portaltela.pt\/noticias\/2026\/03\/20\/espanha-reduz-iva-de-combustiveis-luz-e-gas-para-10\/\",\"url\":\"https:\/\/portaltela.pt\/noticias\/2026\/03\/20\/espanha-reduz-iva-de-combustiveis-luz-e-gas-para-10\/\",\"name\":\"Espanha reduz IVA de combust\u00edveis, luz e g\u00e1s para 10% - Portal Tela Portugal\",\"isPartOf\":{\"@id\":\"https:\/\/portaltela.pt\/#website\"},\"primaryImageOfPage\":{\"@id\":\"https:\/\/portaltela.pt\/noticias\/2026\/03\/20\/espanha-reduz-iva-de-combustiveis-luz-e-gas-para-10\/#primaryimage\"},\"image\":{\"@id\":\"https:\/\/portaltela.pt\/noticias\/2026\/03\/20\/espanha-reduz-iva-de-combustiveis-luz-e-gas-para-10\/#primaryimage\"},\"thumbnailUrl\":\"https:\/\/portaltela.pt\/s.01k8rhncp4jt1\/2026\/03\/img_1500x1000uu2009-04-15-16-58-00-132992-im-639096144860985522.jpg\",\"datePublished\":\"2026-03-20T14:42:00+00:00\",\"author\":{\"@id\":\"https:\/\/portaltela.pt\/#\/schema\/person\/c4278d4a6028830caff9ee44b42d32ed\"},\"breadcrumb\":{\"@id\":\"https:\/\/portaltela.pt\/noticias\/2026\/03\/20\/espanha-reduz-iva-de-combustiveis-luz-e-gas-para-10\/#breadcrumb\"},\"inLanguage\":\"pt-PT\",\"potentialAction\":[{\"@type\":\"ReadAction\",\"target\":[\"https:\/\/portaltela.pt\/noticias\/2026\/03\/20\/espanha-reduz-iva-de-combustiveis-luz-e-gas-para-10\/\"]}]},{\"@type\":\"ImageObject\",\"inLanguage\":\"pt-PT\",\"@id\":\"https:\/\/portaltela.pt\/noticias\/2026\/03\/20\/espanha-reduz-iva-de-combustiveis-luz-e-gas-para-10\/#primaryimage\",\"url\":\"https:\/\/portaltela.pt\/s.01k8rhncp4jt1\/2026\/03\/img_1500x1000uu2009-04-15-16-58-00-132992-im-639096144860985522.jpg\",\"contentUrl\":\"https:\/\/portaltela.pt\/s.01k8rhncp4jt1\/2026\/03\/img_1500x1000uu2009-04-15-16-58-00-132992-im-639096144860985522.jpg\",\"width\":796,\"height\":448,\"caption\":\"G\u00e1s Natural\"},{\"@type\":\"BreadcrumbList\",\"@id\":\"https:\/\/portaltela.pt\/noticias\/2026\/03\/20\/espanha-reduz-iva-de-combustiveis-luz-e-gas-para-10\/#breadcrumb\",\"itemListElement\":[{\"@type\":\"ListItem\",\"position\":1,\"name\":\"In\u00edcio\",\"item\":\"https:\/\/portaltela.pt\/\"},{\"@type\":\"ListItem\",\"position\":2,\"name\":\"Espanha reduz IVA de combust\u00edveis, luz e g\u00e1s para 10%\"}]},{\"@type\":\"WebSite\",\"@id\":\"https:\/\/portaltela.pt\/#website\",\"url\":\"https:\/\/portaltela.pt\/\",\"name\":\"Portal Tela Portugal\",\"description\":\"\",\"potentialAction\":[{\"@type\":\"SearchAction\",\"target\":{\"@type\":\"EntryPoint\",\"urlTemplate\":\"https:\/\/portaltela.pt\/?s={search_term_string}\"},\"query-input\":{\"@type\":\"PropertyValueSpecification\",\"valueRequired\":true,\"valueName\":\"search_term_string\"}}],\"inLanguage\":\"pt-PT\"},{\"@type\":\"Person\",\"@id\":\"https:\/\/portaltela.pt\/#\/schema\/person\/c4278d4a6028830caff9ee44b42d32ed\",\"name\":\"Telinha\",\"image\":{\"@type\":\"ImageObject\",\"inLanguage\":\"pt-PT\",\"@id\":\"https:\/\/portaltela.pt\/s.01k8rhncp4jt1\/2025\/11\/talking-bot-125x125.png\",\"url\":\"https:\/\/portaltela.pt\/s.01k8rhncp4jt1\/2025\/11\/talking-bot-125x125.png\",\"contentUrl\":\"https:\/\/portaltela.pt\/s.01k8rhncp4jt1\/2025\/11\/talking-bot-125x125.png\",\"caption\":\"Telinha\"},\"sameAs\":[\"https:\/\/portaltela.pt\/\"],\"url\":\"https:\/\/portaltela.pt\/por\/367410592786\/\"}]}<\/script>\n<!-- \/ Yoast SEO plugin. -->","yoast_head_json":{"title":"Espanha reduz IVA de combust\u00edveis, luz e g\u00e1s para 10% - Portal Tela Portugal","robots":{"index":"index","follow":"follow","max-snippet":"max-snippet:-1","max-image-preview":"max-image-preview:large","max-video-preview":"max-video-preview:-1"},"og_locale":"pt_PT","og_type":"article","og_title":"Espanha reduz IVA de combust\u00edveis, luz e g\u00e1s para 10% - Portal Tela Portugal","og_description":"O IVA nos combust\u00edveis, eletricidade e g\u00e1s natural passa de 21% para 10% em Espanha, como parte de um pacote de resposta \u00e0 crise no M\u00e9dio Oriente. O Governo aprovou um Plano Integral de Resposta \u00e0 crise, que abrange medidas de curto prazo e a\u00e7\u00f5es estruturais, com uma mobiliza\u00e7\u00e3o de at\u00e9 5 mil milh\u00f5es de euros. As medidas conjunturais incluem redu\u00e7\u00e3o ou suspens\u00e3o de impostos sobre hidrocarbonetos e eletricidade, bem como descontos para gas\u00f3leo de transportadores e para a agricultura. As medidas estruturais acrescentam incentivos fiscais para instala\u00e7\u00e3o de pain\u00e9is solares, bombas de calor e pontos de recarga el\u00e9trica, al\u00e9m de apoio \u00e0 melhoria energ\u00e9tica de edif\u00edcios e \u00e0 descarboniza\u00e7\u00e3o. As medidas entram em vigor de imediato, por\u00e9m precisam de valida\u00e7\u00e3o parlamentar nas pr\u00f3ximas semanas; h\u00e1 tamb\u00e9m um diploma para congelar rendas que n\u00e3o obteve ainda apoio suficiente.","og_url":"https:\/\/portaltela.pt\/noticias\/2026\/03\/20\/espanha-reduz-iva-de-combustiveis-luz-e-gas-para-10\/","og_site_name":"Portal Tela Portugal","article_published_time":"2026-03-20T14:42:00+00:00","author":"Telinha","twitter_card":"summary_large_image","twitter_misc":{"Escrito por":"Telinha","Tempo estimado de leitura":"1 minuto"},"schema":{"@context":"https:\/\/schema.org","@graph":[{"@type":"Article","@id":"https:\/\/portaltela.pt\/noticias\/2026\/03\/20\/espanha-reduz-iva-de-combustiveis-luz-e-gas-para-10\/#article","isPartOf":{"@id":"https:\/\/portaltela.pt\/noticias\/2026\/03\/20\/espanha-reduz-iva-de-combustiveis-luz-e-gas-para-10\/"},"author":{"name":"Telinha","@id":"https:\/\/portaltela.pt\/#\/schema\/person\/c4278d4a6028830caff9ee44b42d32ed"},"headline":"Espanha reduz IVA de combust\u00edveis, luz e g\u00e1s para 10%","datePublished":"2026-03-20T14:42:00+00:00","mainEntityOfPage":{"@id":"https:\/\/portaltela.pt\/noticias\/2026\/03\/20\/espanha-reduz-iva-de-combustiveis-luz-e-gas-para-10\/"},"wordCount":292,"image":{"@id":"https:\/\/portaltela.pt\/noticias\/2026\/03\/20\/espanha-reduz-iva-de-combustiveis-luz-e-gas-para-10\/#primaryimage"},"thumbnailUrl":"https:\/\/portaltela.pt\/s.01k8rhncp4jt1\/2026\/03\/img_1500x1000uu2009-04-15-16-58-00-132992-im-639096144860985522.jpg","keywords":["_economia","descarboniza\u00e7\u00e3o","energia","energia el\u00e9ctrica","impostos","soberania energ\u00e9tica"],"articleSection":["Economia","Finan\u00e7as"],"inLanguage":"pt-PT"},{"@type":"WebPage","@id":"https:\/\/portaltela.pt\/noticias\/2026\/03\/20\/espanha-reduz-iva-de-combustiveis-luz-e-gas-para-10\/","url":"https:\/\/portaltela.pt\/noticias\/2026\/03\/20\/espanha-reduz-iva-de-combustiveis-luz-e-gas-para-10\/","name":"Espanha reduz IVA de combust\u00edveis, luz e g\u00e1s para 10% - Portal Tela Portugal","isPartOf":{"@id":"https:\/\/portaltela.pt\/#website"},"primaryImageOfPage":{"@id":"https:\/\/portaltela.pt\/noticias\/2026\/03\/20\/espanha-reduz-iva-de-combustiveis-luz-e-gas-para-10\/#primaryimage"},"image":{"@id":"https:\/\/portaltela.pt\/noticias\/2026\/03\/20\/espanha-reduz-iva-de-combustiveis-luz-e-gas-para-10\/#primaryimage"},"thumbnailUrl":"https:\/\/portaltela.pt\/s.01k8rhncp4jt1\/2026\/03\/img_1500x1000uu2009-04-15-16-58-00-132992-im-639096144860985522.jpg","datePublished":"2026-03-20T14:42:00+00:00","author":{"@id":"https:\/\/portaltela.pt\/#\/schema\/person\/c4278d4a6028830caff9ee44b42d32ed"},"breadcrumb":{"@id":"https:\/\/portaltela.pt\/noticias\/2026\/03\/20\/espanha-reduz-iva-de-combustiveis-luz-e-gas-para-10\/#breadcrumb"},"inLanguage":"pt-PT","potentialAction":[{"@type":"ReadAction","target":["https:\/\/portaltela.pt\/noticias\/2026\/03\/20\/espanha-reduz-iva-de-combustiveis-luz-e-gas-para-10\/"]}]},{"@type":"ImageObject","inLanguage":"pt-PT","@id":"https:\/\/portaltela.pt\/noticias\/2026\/03\/20\/espanha-reduz-iva-de-combustiveis-luz-e-gas-para-10\/#primaryimage","url":"https:\/\/portaltela.pt\/s.01k8rhncp4jt1\/2026\/03\/img_1500x1000uu2009-04-15-16-58-00-132992-im-639096144860985522.jpg","contentUrl":"https:\/\/portaltela.pt\/s.01k8rhncp4jt1\/2026\/03\/img_1500x1000uu2009-04-15-16-58-00-132992-im-639096144860985522.jpg","width":796,"height":448,"caption":"G\u00e1s Natural"},{"@type":"BreadcrumbList","@id":"https:\/\/portaltela.pt\/noticias\/2026\/03\/20\/espanha-reduz-iva-de-combustiveis-luz-e-gas-para-10\/#breadcrumb","itemListElement":[{"@type":"ListItem","position":1,"name":"In\u00edcio","item":"https:\/\/portaltela.pt\/"},{"@type":"ListItem","position":2,"name":"Espanha reduz IVA de combust\u00edveis, luz e g\u00e1s para 10%"}]},{"@type":"WebSite","@id":"https:\/\/portaltela.pt\/#website","url":"https:\/\/portaltela.pt\/","name":"Portal Tela Portugal","description":"","potentialAction":[{"@type":"SearchAction","target":{"@type":"EntryPoint","urlTemplate":"https:\/\/portaltela.pt\/?s={search_term_string}"},"query-input":{"@type":"PropertyValueSpecification","valueRequired":true,"valueName":"search_term_string"}}],"inLanguage":"pt-PT"},{"@type":"Person","@id":"https:\/\/portaltela.pt\/#\/schema\/person\/c4278d4a6028830caff9ee44b42d32ed","name":"Telinha","image":{"@type":"ImageObject","inLanguage":"pt-PT","@id":"https:\/\/portaltela.pt\/s.01k8rhncp4jt1\/2025\/11\/talking-bot-125x125.png","url":"https:\/\/portaltela.pt\/s.01k8rhncp4jt1\/2025\/11\/talking-bot-125x125.png","contentUrl":"https:\/\/portaltela.pt\/s.01k8rhncp4jt1\/2025\/11\/talking-bot-125x125.png","caption":"Telinha"},"sameAs":["https:\/\/portaltela.pt\/"],"url":"https:\/\/portaltela.pt\/por\/367410592786\/"}]}},"_links":{"self":[{"href":"https:\/\/portaltela.pt\/api\/wp\/v2\/posts\/417475","targetHints":{"allow":["GET"]}}],"collection":[{"href":"https:\/\/portaltela.pt\/api\/wp\/v2\/posts"}],"about":[{"href":"https:\/\/portaltela.pt\/api\/wp\/v2\/types\/post"}],"author":[{"embeddable":true,"href":"https:\/\/portaltela.pt\/api\/wp\/v2\/users\/2"}],"replies":[{"embeddable":true,"href":"https:\/\/portaltela.pt\/api\/wp\/v2\/comments?post=417475"}],"version-history":[{"count":0,"href":"https:\/\/portaltela.pt\/api\/wp\/v2\/posts\/417475\/revisions"}],"wp:featuredmedia":[{"embeddable":true,"href":"https:\/\/portaltela.pt\/api\/wp\/v2\/media\/417479"}],"wp:attachment":[{"href":"https:\/\/portaltela.pt\/api\/wp\/v2\/media?parent=417475"}],"wp:term":[{"taxonomy":"category","embeddable":true,"href":"https:\/\/portaltela.pt\/api\/wp\/v2\/categories?post=417475"},{"taxonomy":"post_tag","embeddable":true,"href":"https:\/\/portaltela.pt\/api\/wp\/v2\/tags?post=417475"}],"curies":[{"name":"wp","href":"https:\/\/api.w.org\/{rel}","templated":true}]}}