{"id":417468,"date":"2026-03-20T10:49:00","date_gmt":"2026-03-20T13:49:00","guid":{"rendered":"https:\/\/portaltela.pt\/noticias\/2026\/03\/20\/igreja-comeca-a-contactar-vitimas-de-abuso-que-nao-receberao-compensacao\/"},"modified":"2026-03-20T10:49:00","modified_gmt":"2026-03-20T13:49:00","slug":"igreja-comeca-a-contactar-vitimas-de-abuso-que-nao-receberao-compensacao","status":"publish","type":"post","link":"https:\/\/portaltela.pt\/sociedade\/2026\/03\/20\/igreja-comeca-a-contactar-vitimas-de-abuso-que-nao-receberao-compensacao\/","title":{"rendered":"Igreja come\u00e7a a contactar v\u00edtimas de abuso que n\u00e3o receber\u00e3o compensa\u00e7\u00e3o"},"content":{"rendered":"<p>A Igreja Cat\u00f3lica em Portugal come\u00e7ou a contactar v\u00edtimas de abuso sexual para comunicar a rejei\u00e7\u00e3o dos seus pedidos de compensa\u00e7\u00e3o financeira. A afirma\u00e7\u00e3o foi confirmada hoje por uma fonte da Confer\u00eancia Episcopal Portuguesa.<\/p>\n<p>Segundo a mesma fonte, os contactos ocorreram por via telef\u00f3nica, com o objetivo de notificar as v\u00edtimas acerca da decis\u00e3o administrativa que resulta na n\u00e3o atribui\u00e7\u00e3o de compensa\u00e7\u00e3o financeira.<\/p>\n<p>N\u00e3o foram divulgados n\u00fameros de casos nem pormenores adicionais sobre o processo. A Confer\u00eancia Episcopal Portuguesa n\u00e3o disponibilizou mais detalhes sobre o enquadramento legal ou os crit\u00e9rios utilizados.<\/p>\n","protected":false},"excerpt":{"rendered":"<ul>\n<li>A Igreja Cat\u00f3lica em Portugal come\u00e7ou a contactar v\u00edtimas de abuso sexual que n\u00e3o v\u00e3o receber compensa\u00e7\u00e3o financeira.<\/li>\n<li>Algumas v\u00edtimas foram informadas por telefone da rejei\u00e7\u00e3o dos seus pedidos de compensa\u00e7\u00e3o.<\/li>\n<li>A confirma\u00e7\u00e3o foi dada por uma fonte da Confer\u00eancia Episcopal Portuguesa.<\/li>\n<li>O an\u00fancio indica que houve decis\u00f5es de rejei\u00e7\u00e3o em rela\u00e7\u00e3o aos pedidos de compensa\u00e7\u00e3o financeira.<\/li>\n<li>O conte\u00fado completo da not\u00edcia est\u00e1 dispon\u00edvel apenas para subscritores.<\/li>\n<\/ul>\n","protected":false},"author":2,"featured_media":417473,"comment_status":"closed","ping_status":"closed","sticky":false,"template":"","format":"standard","meta":{"footnotes":""},"categories":[6745,6871],"tags":[6090,199,5866,6337,2745,2181],"class_list":["post-417468","post","type-post","status-publish","format-standard","has-post-thumbnail","hentry","category-saude","category-sociedade","tag-a-igreja","tag-abuso-sexual-de-menor-dependente-ou-em-situacao-vulneravel","tag-abusos","tag-direito","tag-indenizacoes","tag-protecao-de-menores"],"yoast_head":"<!-- This site is optimized with the Yoast SEO plugin v27.2 - https:\/\/yoast.com\/product\/yoast-seo-wordpress\/ -->\n<title>Igreja come\u00e7a a contactar v\u00edtimas de abuso que n\u00e3o receber\u00e3o compensa\u00e7\u00e3o - Portal Tela Portugal<\/title>\n<meta name=\"robots\" content=\"index, follow, max-snippet:-1, max-image-preview:large, max-video-preview:-1\" \/>\n<meta property=\"og:locale\" content=\"pt_PT\" \/>\n<meta property=\"og:type\" content=\"article\" \/>\n<meta property=\"og:title\" content=\"Igreja come\u00e7a a contactar v\u00edtimas de abuso que n\u00e3o receber\u00e3o compensa\u00e7\u00e3o - Portal Tela Portugal\" \/>\n<meta property=\"og:description\" content=\"A Igreja Cat\u00f3lica em Portugal come\u00e7ou a contactar v\u00edtimas de abuso sexual que n\u00e3o v\u00e3o receber compensa\u00e7\u00e3o financeira. Algumas v\u00edtimas foram informadas por telefone da rejei\u00e7\u00e3o dos seus pedidos de compensa\u00e7\u00e3o. A confirma\u00e7\u00e3o foi dada por uma fonte da Confer\u00eancia Episcopal Portuguesa. O an\u00fancio indica que houve decis\u00f5es de rejei\u00e7\u00e3o em rela\u00e7\u00e3o aos pedidos de compensa\u00e7\u00e3o financeira. O conte\u00fado completo da not\u00edcia est\u00e1 dispon\u00edvel apenas para subscritores.\" \/>\n<meta property=\"og:url\" content=\"https:\/\/portaltela.pt\/noticias\/2026\/03\/20\/igreja-comeca-a-contactar-vitimas-de-abuso-que-nao-receberao-compensacao\/\" \/>\n<meta property=\"og:site_name\" content=\"Portal Tela Portugal\" \/>\n<meta property=\"article:published_time\" content=\"2026-03-20T13:49:00+00:00\" \/>\n<meta name=\"author\" content=\"Telinha\" \/>\n<meta name=\"twitter:card\" content=\"summary_large_image\" \/>\n<meta name=\"twitter:label1\" content=\"Escrito por\" \/>\n\t<meta name=\"twitter:data1\" content=\"Telinha\" \/>\n\t<meta name=\"twitter:label2\" content=\"Tempo estimado de leitura\" \/>\n\t<meta name=\"twitter:data2\" content=\"1 minuto\" \/>\n<script type=\"application\/ld+json\" class=\"yoast-schema-graph\">{\"@context\":\"https:\/\/schema.org\",\"@graph\":[{\"@type\":\"Article\",\"@id\":\"https:\/\/portaltela.pt\/noticias\/2026\/03\/20\/igreja-comeca-a-contactar-vitimas-de-abuso-que-nao-receberao-compensacao\/#article\",\"isPartOf\":{\"@id\":\"https:\/\/portaltela.pt\/noticias\/2026\/03\/20\/igreja-comeca-a-contactar-vitimas-de-abuso-que-nao-receberao-compensacao\/\"},\"author\":{\"name\":\"Telinha\",\"@id\":\"https:\/\/portaltela.pt\/#\/schema\/person\/c4278d4a6028830caff9ee44b42d32ed\"},\"headline\":\"Igreja come\u00e7a a contactar v\u00edtimas de abuso que n\u00e3o receber\u00e3o compensa\u00e7\u00e3o\",\"datePublished\":\"2026-03-20T13:49:00+00:00\",\"mainEntityOfPage\":{\"@id\":\"https:\/\/portaltela.pt\/noticias\/2026\/03\/20\/igreja-comeca-a-contactar-vitimas-de-abuso-que-nao-receberao-compensacao\/\"},\"wordCount\":125,\"image\":{\"@id\":\"https:\/\/portaltela.pt\/noticias\/2026\/03\/20\/igreja-comeca-a-contactar-vitimas-de-abuso-que-nao-receberao-compensacao\/#primaryimage\"},\"thumbnailUrl\":\"https:\/\/portaltela.pt\/s.01k8rhncp4jt1\/2026\/03\/CACHE_780X1200_ANALOG_WATERMARKED_42647486_2560273_08042024051638.jpg\",\"keywords\":[\"a igreja\",\"abuso sexual de menor dependente ou em situa\u00e7\u00e3o vulner\u00e1vel\",\"abusos\",\"direito\",\"indeniza\u00e7\u00f5es\",\"prote\u00e7\u00e3o de menores\"],\"articleSection\":[\"Sa\u00fade\",\"Sociedade\"],\"inLanguage\":\"pt-PT\"},{\"@type\":\"WebPage\",\"@id\":\"https:\/\/portaltela.pt\/noticias\/2026\/03\/20\/igreja-comeca-a-contactar-vitimas-de-abuso-que-nao-receberao-compensacao\/\",\"url\":\"https:\/\/portaltela.pt\/noticias\/2026\/03\/20\/igreja-comeca-a-contactar-vitimas-de-abuso-que-nao-receberao-compensacao\/\",\"name\":\"Igreja come\u00e7a a contactar v\u00edtimas de abuso que n\u00e3o receber\u00e3o compensa\u00e7\u00e3o - Portal Tela Portugal\",\"isPartOf\":{\"@id\":\"https:\/\/portaltela.pt\/#website\"},\"primaryImageOfPage\":{\"@id\":\"https:\/\/portaltela.pt\/noticias\/2026\/03\/20\/igreja-comeca-a-contactar-vitimas-de-abuso-que-nao-receberao-compensacao\/#primaryimage\"},\"image\":{\"@id\":\"https:\/\/portaltela.pt\/noticias\/2026\/03\/20\/igreja-comeca-a-contactar-vitimas-de-abuso-que-nao-receberao-compensacao\/#primaryimage\"},\"thumbnailUrl\":\"https:\/\/portaltela.pt\/s.01k8rhncp4jt1\/2026\/03\/CACHE_780X1200_ANALOG_WATERMARKED_42647486_2560273_08042024051638.jpg\",\"datePublished\":\"2026-03-20T13:49:00+00:00\",\"author\":{\"@id\":\"https:\/\/portaltela.pt\/#\/schema\/person\/c4278d4a6028830caff9ee44b42d32ed\"},\"breadcrumb\":{\"@id\":\"https:\/\/portaltela.pt\/noticias\/2026\/03\/20\/igreja-comeca-a-contactar-vitimas-de-abuso-que-nao-receberao-compensacao\/#breadcrumb\"},\"inLanguage\":\"pt-PT\",\"potentialAction\":[{\"@type\":\"ReadAction\",\"target\":[\"https:\/\/portaltela.pt\/noticias\/2026\/03\/20\/igreja-comeca-a-contactar-vitimas-de-abuso-que-nao-receberao-compensacao\/\"]}]},{\"@type\":\"ImageObject\",\"inLanguage\":\"pt-PT\",\"@id\":\"https:\/\/portaltela.pt\/noticias\/2026\/03\/20\/igreja-comeca-a-contactar-vitimas-de-abuso-que-nao-receberao-compensacao\/#primaryimage\",\"url\":\"https:\/\/portaltela.pt\/s.01k8rhncp4jt1\/2026\/03\/CACHE_780X1200_ANALOG_WATERMARKED_42647486_2560273_08042024051638.jpg\",\"contentUrl\":\"https:\/\/portaltela.pt\/s.01k8rhncp4jt1\/2026\/03\/CACHE_780X1200_ANALOG_WATERMARKED_42647486_2560273_08042024051638.jpg\",\"width\":796,\"height\":448,\"caption\":\"Igreja come\u00e7ou a contactar v\u00edtimas de abuso sexual que n\u00e3o v\u00e3o receber compensa\u00e7\u00e3o\"},{\"@type\":\"BreadcrumbList\",\"@id\":\"https:\/\/portaltela.pt\/noticias\/2026\/03\/20\/igreja-comeca-a-contactar-vitimas-de-abuso-que-nao-receberao-compensacao\/#breadcrumb\",\"itemListElement\":[{\"@type\":\"ListItem\",\"position\":1,\"name\":\"In\u00edcio\",\"item\":\"https:\/\/portaltela.pt\/\"},{\"@type\":\"ListItem\",\"position\":2,\"name\":\"Igreja come\u00e7a a contactar v\u00edtimas de abuso que n\u00e3o receber\u00e3o compensa\u00e7\u00e3o\"}]},{\"@type\":\"WebSite\",\"@id\":\"https:\/\/portaltela.pt\/#website\",\"url\":\"https:\/\/portaltela.pt\/\",\"name\":\"Portal Tela Portugal\",\"description\":\"\",\"potentialAction\":[{\"@type\":\"SearchAction\",\"target\":{\"@type\":\"EntryPoint\",\"urlTemplate\":\"https:\/\/portaltela.pt\/?s={search_term_string}\"},\"query-input\":{\"@type\":\"PropertyValueSpecification\",\"valueRequired\":true,\"valueName\":\"search_term_string\"}}],\"inLanguage\":\"pt-PT\"},{\"@type\":\"Person\",\"@id\":\"https:\/\/portaltela.pt\/#\/schema\/person\/c4278d4a6028830caff9ee44b42d32ed\",\"name\":\"Telinha\",\"image\":{\"@type\":\"ImageObject\",\"inLanguage\":\"pt-PT\",\"@id\":\"https:\/\/portaltela.pt\/s.01k8rhncp4jt1\/2025\/11\/talking-bot-125x125.png\",\"url\":\"https:\/\/portaltela.pt\/s.01k8rhncp4jt1\/2025\/11\/talking-bot-125x125.png\",\"contentUrl\":\"https:\/\/portaltela.pt\/s.01k8rhncp4jt1\/2025\/11\/talking-bot-125x125.png\",\"caption\":\"Telinha\"},\"sameAs\":[\"https:\/\/portaltela.pt\/\"],\"url\":\"https:\/\/portaltela.pt\/por\/367410592786\/\"}]}<\/script>\n<!-- \/ Yoast SEO plugin. -->","yoast_head_json":{"title":"Igreja come\u00e7a a contactar v\u00edtimas de abuso que n\u00e3o receber\u00e3o compensa\u00e7\u00e3o - Portal Tela Portugal","robots":{"index":"index","follow":"follow","max-snippet":"max-snippet:-1","max-image-preview":"max-image-preview:large","max-video-preview":"max-video-preview:-1"},"og_locale":"pt_PT","og_type":"article","og_title":"Igreja come\u00e7a a contactar v\u00edtimas de abuso que n\u00e3o receber\u00e3o compensa\u00e7\u00e3o - Portal Tela Portugal","og_description":"A Igreja Cat\u00f3lica em Portugal come\u00e7ou a contactar v\u00edtimas de abuso sexual que n\u00e3o v\u00e3o receber compensa\u00e7\u00e3o financeira. Algumas v\u00edtimas foram informadas por telefone da rejei\u00e7\u00e3o dos seus pedidos de compensa\u00e7\u00e3o. A confirma\u00e7\u00e3o foi dada por uma fonte da Confer\u00eancia Episcopal Portuguesa. O an\u00fancio indica que houve decis\u00f5es de rejei\u00e7\u00e3o em rela\u00e7\u00e3o aos pedidos de compensa\u00e7\u00e3o financeira. O conte\u00fado completo da not\u00edcia est\u00e1 dispon\u00edvel apenas para subscritores.","og_url":"https:\/\/portaltela.pt\/noticias\/2026\/03\/20\/igreja-comeca-a-contactar-vitimas-de-abuso-que-nao-receberao-compensacao\/","og_site_name":"Portal Tela Portugal","article_published_time":"2026-03-20T13:49:00+00:00","author":"Telinha","twitter_card":"summary_large_image","twitter_misc":{"Escrito por":"Telinha","Tempo estimado de leitura":"1 minuto"},"schema":{"@context":"https:\/\/schema.org","@graph":[{"@type":"Article","@id":"https:\/\/portaltela.pt\/noticias\/2026\/03\/20\/igreja-comeca-a-contactar-vitimas-de-abuso-que-nao-receberao-compensacao\/#article","isPartOf":{"@id":"https:\/\/portaltela.pt\/noticias\/2026\/03\/20\/igreja-comeca-a-contactar-vitimas-de-abuso-que-nao-receberao-compensacao\/"},"author":{"name":"Telinha","@id":"https:\/\/portaltela.pt\/#\/schema\/person\/c4278d4a6028830caff9ee44b42d32ed"},"headline":"Igreja come\u00e7a a contactar v\u00edtimas de abuso que n\u00e3o receber\u00e3o compensa\u00e7\u00e3o","datePublished":"2026-03-20T13:49:00+00:00","mainEntityOfPage":{"@id":"https:\/\/portaltela.pt\/noticias\/2026\/03\/20\/igreja-comeca-a-contactar-vitimas-de-abuso-que-nao-receberao-compensacao\/"},"wordCount":125,"image":{"@id":"https:\/\/portaltela.pt\/noticias\/2026\/03\/20\/igreja-comeca-a-contactar-vitimas-de-abuso-que-nao-receberao-compensacao\/#primaryimage"},"thumbnailUrl":"https:\/\/portaltela.pt\/s.01k8rhncp4jt1\/2026\/03\/CACHE_780X1200_ANALOG_WATERMARKED_42647486_2560273_08042024051638.jpg","keywords":["a igreja","abuso sexual de menor dependente ou em situa\u00e7\u00e3o vulner\u00e1vel","abusos","direito","indeniza\u00e7\u00f5es","prote\u00e7\u00e3o de menores"],"articleSection":["Sa\u00fade","Sociedade"],"inLanguage":"pt-PT"},{"@type":"WebPage","@id":"https:\/\/portaltela.pt\/noticias\/2026\/03\/20\/igreja-comeca-a-contactar-vitimas-de-abuso-que-nao-receberao-compensacao\/","url":"https:\/\/portaltela.pt\/noticias\/2026\/03\/20\/igreja-comeca-a-contactar-vitimas-de-abuso-que-nao-receberao-compensacao\/","name":"Igreja come\u00e7a a contactar v\u00edtimas de abuso que n\u00e3o receber\u00e3o compensa\u00e7\u00e3o - Portal Tela Portugal","isPartOf":{"@id":"https:\/\/portaltela.pt\/#website"},"primaryImageOfPage":{"@id":"https:\/\/portaltela.pt\/noticias\/2026\/03\/20\/igreja-comeca-a-contactar-vitimas-de-abuso-que-nao-receberao-compensacao\/#primaryimage"},"image":{"@id":"https:\/\/portaltela.pt\/noticias\/2026\/03\/20\/igreja-comeca-a-contactar-vitimas-de-abuso-que-nao-receberao-compensacao\/#primaryimage"},"thumbnailUrl":"https:\/\/portaltela.pt\/s.01k8rhncp4jt1\/2026\/03\/CACHE_780X1200_ANALOG_WATERMARKED_42647486_2560273_08042024051638.jpg","datePublished":"2026-03-20T13:49:00+00:00","author":{"@id":"https:\/\/portaltela.pt\/#\/schema\/person\/c4278d4a6028830caff9ee44b42d32ed"},"breadcrumb":{"@id":"https:\/\/portaltela.pt\/noticias\/2026\/03\/20\/igreja-comeca-a-contactar-vitimas-de-abuso-que-nao-receberao-compensacao\/#breadcrumb"},"inLanguage":"pt-PT","potentialAction":[{"@type":"ReadAction","target":["https:\/\/portaltela.pt\/noticias\/2026\/03\/20\/igreja-comeca-a-contactar-vitimas-de-abuso-que-nao-receberao-compensacao\/"]}]},{"@type":"ImageObject","inLanguage":"pt-PT","@id":"https:\/\/portaltela.pt\/noticias\/2026\/03\/20\/igreja-comeca-a-contactar-vitimas-de-abuso-que-nao-receberao-compensacao\/#primaryimage","url":"https:\/\/portaltela.pt\/s.01k8rhncp4jt1\/2026\/03\/CACHE_780X1200_ANALOG_WATERMARKED_42647486_2560273_08042024051638.jpg","contentUrl":"https:\/\/portaltela.pt\/s.01k8rhncp4jt1\/2026\/03\/CACHE_780X1200_ANALOG_WATERMARKED_42647486_2560273_08042024051638.jpg","width":796,"height":448,"caption":"Igreja come\u00e7ou a contactar v\u00edtimas de abuso sexual que n\u00e3o v\u00e3o receber compensa\u00e7\u00e3o"},{"@type":"BreadcrumbList","@id":"https:\/\/portaltela.pt\/noticias\/2026\/03\/20\/igreja-comeca-a-contactar-vitimas-de-abuso-que-nao-receberao-compensacao\/#breadcrumb","itemListElement":[{"@type":"ListItem","position":1,"name":"In\u00edcio","item":"https:\/\/portaltela.pt\/"},{"@type":"ListItem","position":2,"name":"Igreja come\u00e7a a contactar v\u00edtimas de abuso que n\u00e3o receber\u00e3o compensa\u00e7\u00e3o"}]},{"@type":"WebSite","@id":"https:\/\/portaltela.pt\/#website","url":"https:\/\/portaltela.pt\/","name":"Portal Tela Portugal","description":"","potentialAction":[{"@type":"SearchAction","target":{"@type":"EntryPoint","urlTemplate":"https:\/\/portaltela.pt\/?s={search_term_string}"},"query-input":{"@type":"PropertyValueSpecification","valueRequired":true,"valueName":"search_term_string"}}],"inLanguage":"pt-PT"},{"@type":"Person","@id":"https:\/\/portaltela.pt\/#\/schema\/person\/c4278d4a6028830caff9ee44b42d32ed","name":"Telinha","image":{"@type":"ImageObject","inLanguage":"pt-PT","@id":"https:\/\/portaltela.pt\/s.01k8rhncp4jt1\/2025\/11\/talking-bot-125x125.png","url":"https:\/\/portaltela.pt\/s.01k8rhncp4jt1\/2025\/11\/talking-bot-125x125.png","contentUrl":"https:\/\/portaltela.pt\/s.01k8rhncp4jt1\/2025\/11\/talking-bot-125x125.png","caption":"Telinha"},"sameAs":["https:\/\/portaltela.pt\/"],"url":"https:\/\/portaltela.pt\/por\/367410592786\/"}]}},"_links":{"self":[{"href":"https:\/\/portaltela.pt\/api\/wp\/v2\/posts\/417468","targetHints":{"allow":["GET"]}}],"collection":[{"href":"https:\/\/portaltela.pt\/api\/wp\/v2\/posts"}],"about":[{"href":"https:\/\/portaltela.pt\/api\/wp\/v2\/types\/post"}],"author":[{"embeddable":true,"href":"https:\/\/portaltela.pt\/api\/wp\/v2\/users\/2"}],"replies":[{"embeddable":true,"href":"https:\/\/portaltela.pt\/api\/wp\/v2\/comments?post=417468"}],"version-history":[{"count":0,"href":"https:\/\/portaltela.pt\/api\/wp\/v2\/posts\/417468\/revisions"}],"wp:featuredmedia":[{"embeddable":true,"href":"https:\/\/portaltela.pt\/api\/wp\/v2\/media\/417473"}],"wp:attachment":[{"href":"https:\/\/portaltela.pt\/api\/wp\/v2\/media?parent=417468"}],"wp:term":[{"taxonomy":"category","embeddable":true,"href":"https:\/\/portaltela.pt\/api\/wp\/v2\/categories?post=417468"},{"taxonomy":"post_tag","embeddable":true,"href":"https:\/\/portaltela.pt\/api\/wp\/v2\/tags?post=417468"}],"curies":[{"name":"wp","href":"https:\/\/api.w.org\/{rel}","templated":true}]}}