{"id":417466,"date":"2026-03-20T11:16:00","date_gmt":"2026-03-20T14:16:00","guid":{"rendered":"https:\/\/portaltela.pt\/noticias\/2026\/03\/20\/iata-afirma-que-o-aumento-dos-bilhetes-de-aviao-e-inevitavel\/"},"modified":"2026-03-20T11:16:00","modified_gmt":"2026-03-20T14:16:00","slug":"iata-afirma-que-o-aumento-dos-bilhetes-de-aviao-e-inevitavel","status":"publish","type":"post","link":"https:\/\/portaltela.pt\/noticias\/economia\/2026\/03\/20\/iata-afirma-que-o-aumento-dos-bilhetes-de-aviao-e-inevitavel\/","title":{"rendered":"IATA afirma que o aumento dos bilhetes de avi\u00e3o \u00e9 inevit\u00e1vel"},"content":{"rendered":"<p>O diretor-geral da IATA, a principal associa\u00e7\u00e3o mundial de companhias a\u00e9reas, afirmou hoje que o aumento dos pre\u00e7os dos bilhetes de avi\u00e3o \u00e9 inevit\u00e1vel. A justifica\u00e7\u00e3o \u00e9 a subida dos custos com hidrocarbonetos, motivada pela guerra no M\u00e9dio Oriente.<\/p>\n<p>A IATA explica que a volatilidade dos pre\u00e7os da energia impacta diretamente as despesas operacionais das transportadoras. Este cen\u00e1rio tende a refletir-se nos pre\u00e7os ao consumidor, sobretudo em viagens internacionais.<\/p>\n<p>O apelo da IATA junta-se a sinais de reajustes tarif\u00e1rios j\u00e1 observados no setor. A organiza\u00e7\u00e3o mant\u00e9m a monitoriza\u00e7\u00e3o das tend\u00eancias de mercado e das decis\u00f5es de pol\u00edticas p\u00fablicas que afetem a avia\u00e7\u00e3o.<\/p>\n<p>A declara\u00e7\u00e3o refor\u00e7a a posi\u00e7\u00e3o da IATA sobre a necessidade de resposta das companhias \u00e0s mudan\u00e7as nos custos, sem detalhar cronogramas ou percentuais espec\u00edficos de subida de tarifas.<\/p>\n","protected":false},"excerpt":{"rendered":"<ul>\n<li>O diretor-geral da IATA disse que o aumento dos pre\u00e7os dos bilhetes de avi\u00e3o \u00e9 inevit\u00e1vel.<\/li>\n<li>A afirma\u00e7\u00e3o surge em face da subida dos pre\u00e7os dos hidrocarbonetos devido \u00e0 guerra no M\u00e9dio Oriente.<\/li>\n<li>A IATA \u00e9 a principal associa\u00e7\u00e3o mundial de companhias a\u00e9reas.<\/li>\n<li>A not\u00edcia foi divulgada pela ag\u00eancia Lusa.<\/li>\n<\/ul>\n","protected":false},"author":2,"featured_media":417472,"comment_status":"closed","ping_status":"closed","sticky":false,"template":"","format":"standard","meta":{"footnotes":""},"categories":[2,7385],"tags":[6115,7183,2198,174,2551,7296],"class_list":["post-417466","post","type-post","status-publish","format-standard","has-post-thumbnail","hentry","category-economia","category-precos","tag-_economia","tag-aviacao","tag-conflitos-internacionais","tag-energia","tag-hidrocarbonetos","tag-precos"],"yoast_head":"<!-- This site is optimized with the Yoast SEO plugin v27.2 - https:\/\/yoast.com\/product\/yoast-seo-wordpress\/ -->\n<title>IATA afirma que o aumento dos bilhetes de avi\u00e3o \u00e9 inevit\u00e1vel - Portal Tela Portugal<\/title>\n<meta name=\"robots\" content=\"index, follow, max-snippet:-1, max-image-preview:large, max-video-preview:-1\" \/>\n<meta property=\"og:locale\" content=\"pt_PT\" \/>\n<meta property=\"og:type\" content=\"article\" \/>\n<meta property=\"og:title\" content=\"IATA afirma que o aumento dos bilhetes de avi\u00e3o \u00e9 inevit\u00e1vel - Portal Tela Portugal\" \/>\n<meta property=\"og:description\" content=\"O diretor-geral da IATA disse que o aumento dos pre\u00e7os dos bilhetes de avi\u00e3o \u00e9 inevit\u00e1vel. A afirma\u00e7\u00e3o surge em face da subida dos pre\u00e7os dos hidrocarbonetos devido \u00e0 guerra no M\u00e9dio Oriente. A IATA \u00e9 a principal associa\u00e7\u00e3o mundial de companhias a\u00e9reas. A not\u00edcia foi divulgada pela ag\u00eancia Lusa.\" \/>\n<meta property=\"og:url\" content=\"https:\/\/portaltela.pt\/noticias\/2026\/03\/20\/iata-afirma-que-o-aumento-dos-bilhetes-de-aviao-e-inevitavel\/\" \/>\n<meta property=\"og:site_name\" content=\"Portal Tela Portugal\" \/>\n<meta property=\"article:published_time\" content=\"2026-03-20T14:16:00+00:00\" \/>\n<meta name=\"author\" content=\"Telinha\" \/>\n<meta name=\"twitter:card\" content=\"summary_large_image\" \/>\n<meta name=\"twitter:label1\" content=\"Escrito por\" \/>\n\t<meta name=\"twitter:data1\" content=\"Telinha\" \/>\n\t<meta name=\"twitter:label2\" content=\"Tempo estimado de leitura\" \/>\n\t<meta name=\"twitter:data2\" content=\"1 minuto\" \/>\n<script type=\"application\/ld+json\" class=\"yoast-schema-graph\">{\"@context\":\"https:\/\/schema.org\",\"@graph\":[{\"@type\":\"Article\",\"@id\":\"https:\/\/portaltela.pt\/noticias\/2026\/03\/20\/iata-afirma-que-o-aumento-dos-bilhetes-de-aviao-e-inevitavel\/#article\",\"isPartOf\":{\"@id\":\"https:\/\/portaltela.pt\/noticias\/2026\/03\/20\/iata-afirma-que-o-aumento-dos-bilhetes-de-aviao-e-inevitavel\/\"},\"author\":{\"name\":\"Telinha\",\"@id\":\"https:\/\/portaltela.pt\/#\/schema\/person\/c4278d4a6028830caff9ee44b42d32ed\"},\"headline\":\"IATA afirma que o aumento dos bilhetes de avi\u00e3o \u00e9 inevit\u00e1vel\",\"datePublished\":\"2026-03-20T14:16:00+00:00\",\"mainEntityOfPage\":{\"@id\":\"https:\/\/portaltela.pt\/noticias\/2026\/03\/20\/iata-afirma-que-o-aumento-dos-bilhetes-de-aviao-e-inevitavel\/\"},\"wordCount\":164,\"image\":{\"@id\":\"https:\/\/portaltela.pt\/noticias\/2026\/03\/20\/iata-afirma-que-o-aumento-dos-bilhetes-de-aviao-e-inevitavel\/#primaryimage\"},\"thumbnailUrl\":\"https:\/\/portaltela.pt\/s.01k8rhncp4jt1\/2026\/03\/CACHE_780X1200_ANALOG_WATERMARKED_14909176_685521_11042019090607.jpg\",\"keywords\":[\"_economia\",\"avia\u00e7\u00e3o\",\"conflitos internacionais\",\"energia\",\"hidrocarbonetos\",\"pre\u00e7os\"],\"articleSection\":[\"Economia\",\"Pre\u00e7os\"],\"inLanguage\":\"pt-PT\"},{\"@type\":\"WebPage\",\"@id\":\"https:\/\/portaltela.pt\/noticias\/2026\/03\/20\/iata-afirma-que-o-aumento-dos-bilhetes-de-aviao-e-inevitavel\/\",\"url\":\"https:\/\/portaltela.pt\/noticias\/2026\/03\/20\/iata-afirma-que-o-aumento-dos-bilhetes-de-aviao-e-inevitavel\/\",\"name\":\"IATA afirma que o aumento dos bilhetes de avi\u00e3o \u00e9 inevit\u00e1vel - Portal Tela Portugal\",\"isPartOf\":{\"@id\":\"https:\/\/portaltela.pt\/#website\"},\"primaryImageOfPage\":{\"@id\":\"https:\/\/portaltela.pt\/noticias\/2026\/03\/20\/iata-afirma-que-o-aumento-dos-bilhetes-de-aviao-e-inevitavel\/#primaryimage\"},\"image\":{\"@id\":\"https:\/\/portaltela.pt\/noticias\/2026\/03\/20\/iata-afirma-que-o-aumento-dos-bilhetes-de-aviao-e-inevitavel\/#primaryimage\"},\"thumbnailUrl\":\"https:\/\/portaltela.pt\/s.01k8rhncp4jt1\/2026\/03\/CACHE_780X1200_ANALOG_WATERMARKED_14909176_685521_11042019090607.jpg\",\"datePublished\":\"2026-03-20T14:16:00+00:00\",\"author\":{\"@id\":\"https:\/\/portaltela.pt\/#\/schema\/person\/c4278d4a6028830caff9ee44b42d32ed\"},\"breadcrumb\":{\"@id\":\"https:\/\/portaltela.pt\/noticias\/2026\/03\/20\/iata-afirma-que-o-aumento-dos-bilhetes-de-aviao-e-inevitavel\/#breadcrumb\"},\"inLanguage\":\"pt-PT\",\"potentialAction\":[{\"@type\":\"ReadAction\",\"target\":[\"https:\/\/portaltela.pt\/noticias\/2026\/03\/20\/iata-afirma-que-o-aumento-dos-bilhetes-de-aviao-e-inevitavel\/\"]}]},{\"@type\":\"ImageObject\",\"inLanguage\":\"pt-PT\",\"@id\":\"https:\/\/portaltela.pt\/noticias\/2026\/03\/20\/iata-afirma-que-o-aumento-dos-bilhetes-de-aviao-e-inevitavel\/#primaryimage\",\"url\":\"https:\/\/portaltela.pt\/s.01k8rhncp4jt1\/2026\/03\/CACHE_780X1200_ANALOG_WATERMARKED_14909176_685521_11042019090607.jpg\",\"contentUrl\":\"https:\/\/portaltela.pt\/s.01k8rhncp4jt1\/2026\/03\/CACHE_780X1200_ANALOG_WATERMARKED_14909176_685521_11042019090607.jpg\",\"width\":796,\"height\":448,\"caption\":\"Aumento dos pre\u00e7os dos bilhetes de avi\u00e3o \u00e9 inevit\u00e1vel - IATA\"},{\"@type\":\"BreadcrumbList\",\"@id\":\"https:\/\/portaltela.pt\/noticias\/2026\/03\/20\/iata-afirma-que-o-aumento-dos-bilhetes-de-aviao-e-inevitavel\/#breadcrumb\",\"itemListElement\":[{\"@type\":\"ListItem\",\"position\":1,\"name\":\"In\u00edcio\",\"item\":\"https:\/\/portaltela.pt\/\"},{\"@type\":\"ListItem\",\"position\":2,\"name\":\"IATA afirma que o aumento dos bilhetes de avi\u00e3o \u00e9 inevit\u00e1vel\"}]},{\"@type\":\"WebSite\",\"@id\":\"https:\/\/portaltela.pt\/#website\",\"url\":\"https:\/\/portaltela.pt\/\",\"name\":\"Portal Tela Portugal\",\"description\":\"\",\"potentialAction\":[{\"@type\":\"SearchAction\",\"target\":{\"@type\":\"EntryPoint\",\"urlTemplate\":\"https:\/\/portaltela.pt\/?s={search_term_string}\"},\"query-input\":{\"@type\":\"PropertyValueSpecification\",\"valueRequired\":true,\"valueName\":\"search_term_string\"}}],\"inLanguage\":\"pt-PT\"},{\"@type\":\"Person\",\"@id\":\"https:\/\/portaltela.pt\/#\/schema\/person\/c4278d4a6028830caff9ee44b42d32ed\",\"name\":\"Telinha\",\"image\":{\"@type\":\"ImageObject\",\"inLanguage\":\"pt-PT\",\"@id\":\"https:\/\/portaltela.pt\/s.01k8rhncp4jt1\/2025\/11\/talking-bot-125x125.png\",\"url\":\"https:\/\/portaltela.pt\/s.01k8rhncp4jt1\/2025\/11\/talking-bot-125x125.png\",\"contentUrl\":\"https:\/\/portaltela.pt\/s.01k8rhncp4jt1\/2025\/11\/talking-bot-125x125.png\",\"caption\":\"Telinha\"},\"sameAs\":[\"https:\/\/portaltela.pt\/\"],\"url\":\"https:\/\/portaltela.pt\/por\/367410592786\/\"}]}<\/script>\n<!-- \/ Yoast SEO plugin. -->","yoast_head_json":{"title":"IATA afirma que o aumento dos bilhetes de avi\u00e3o \u00e9 inevit\u00e1vel - Portal Tela Portugal","robots":{"index":"index","follow":"follow","max-snippet":"max-snippet:-1","max-image-preview":"max-image-preview:large","max-video-preview":"max-video-preview:-1"},"og_locale":"pt_PT","og_type":"article","og_title":"IATA afirma que o aumento dos bilhetes de avi\u00e3o \u00e9 inevit\u00e1vel - Portal Tela Portugal","og_description":"O diretor-geral da IATA disse que o aumento dos pre\u00e7os dos bilhetes de avi\u00e3o \u00e9 inevit\u00e1vel. A afirma\u00e7\u00e3o surge em face da subida dos pre\u00e7os dos hidrocarbonetos devido \u00e0 guerra no M\u00e9dio Oriente. A IATA \u00e9 a principal associa\u00e7\u00e3o mundial de companhias a\u00e9reas. A not\u00edcia foi divulgada pela ag\u00eancia Lusa.","og_url":"https:\/\/portaltela.pt\/noticias\/2026\/03\/20\/iata-afirma-que-o-aumento-dos-bilhetes-de-aviao-e-inevitavel\/","og_site_name":"Portal Tela Portugal","article_published_time":"2026-03-20T14:16:00+00:00","author":"Telinha","twitter_card":"summary_large_image","twitter_misc":{"Escrito por":"Telinha","Tempo estimado de leitura":"1 minuto"},"schema":{"@context":"https:\/\/schema.org","@graph":[{"@type":"Article","@id":"https:\/\/portaltela.pt\/noticias\/2026\/03\/20\/iata-afirma-que-o-aumento-dos-bilhetes-de-aviao-e-inevitavel\/#article","isPartOf":{"@id":"https:\/\/portaltela.pt\/noticias\/2026\/03\/20\/iata-afirma-que-o-aumento-dos-bilhetes-de-aviao-e-inevitavel\/"},"author":{"name":"Telinha","@id":"https:\/\/portaltela.pt\/#\/schema\/person\/c4278d4a6028830caff9ee44b42d32ed"},"headline":"IATA afirma que o aumento dos bilhetes de avi\u00e3o \u00e9 inevit\u00e1vel","datePublished":"2026-03-20T14:16:00+00:00","mainEntityOfPage":{"@id":"https:\/\/portaltela.pt\/noticias\/2026\/03\/20\/iata-afirma-que-o-aumento-dos-bilhetes-de-aviao-e-inevitavel\/"},"wordCount":164,"image":{"@id":"https:\/\/portaltela.pt\/noticias\/2026\/03\/20\/iata-afirma-que-o-aumento-dos-bilhetes-de-aviao-e-inevitavel\/#primaryimage"},"thumbnailUrl":"https:\/\/portaltela.pt\/s.01k8rhncp4jt1\/2026\/03\/CACHE_780X1200_ANALOG_WATERMARKED_14909176_685521_11042019090607.jpg","keywords":["_economia","avia\u00e7\u00e3o","conflitos internacionais","energia","hidrocarbonetos","pre\u00e7os"],"articleSection":["Economia","Pre\u00e7os"],"inLanguage":"pt-PT"},{"@type":"WebPage","@id":"https:\/\/portaltela.pt\/noticias\/2026\/03\/20\/iata-afirma-que-o-aumento-dos-bilhetes-de-aviao-e-inevitavel\/","url":"https:\/\/portaltela.pt\/noticias\/2026\/03\/20\/iata-afirma-que-o-aumento-dos-bilhetes-de-aviao-e-inevitavel\/","name":"IATA afirma que o aumento dos bilhetes de avi\u00e3o \u00e9 inevit\u00e1vel - Portal Tela Portugal","isPartOf":{"@id":"https:\/\/portaltela.pt\/#website"},"primaryImageOfPage":{"@id":"https:\/\/portaltela.pt\/noticias\/2026\/03\/20\/iata-afirma-que-o-aumento-dos-bilhetes-de-aviao-e-inevitavel\/#primaryimage"},"image":{"@id":"https:\/\/portaltela.pt\/noticias\/2026\/03\/20\/iata-afirma-que-o-aumento-dos-bilhetes-de-aviao-e-inevitavel\/#primaryimage"},"thumbnailUrl":"https:\/\/portaltela.pt\/s.01k8rhncp4jt1\/2026\/03\/CACHE_780X1200_ANALOG_WATERMARKED_14909176_685521_11042019090607.jpg","datePublished":"2026-03-20T14:16:00+00:00","author":{"@id":"https:\/\/portaltela.pt\/#\/schema\/person\/c4278d4a6028830caff9ee44b42d32ed"},"breadcrumb":{"@id":"https:\/\/portaltela.pt\/noticias\/2026\/03\/20\/iata-afirma-que-o-aumento-dos-bilhetes-de-aviao-e-inevitavel\/#breadcrumb"},"inLanguage":"pt-PT","potentialAction":[{"@type":"ReadAction","target":["https:\/\/portaltela.pt\/noticias\/2026\/03\/20\/iata-afirma-que-o-aumento-dos-bilhetes-de-aviao-e-inevitavel\/"]}]},{"@type":"ImageObject","inLanguage":"pt-PT","@id":"https:\/\/portaltela.pt\/noticias\/2026\/03\/20\/iata-afirma-que-o-aumento-dos-bilhetes-de-aviao-e-inevitavel\/#primaryimage","url":"https:\/\/portaltela.pt\/s.01k8rhncp4jt1\/2026\/03\/CACHE_780X1200_ANALOG_WATERMARKED_14909176_685521_11042019090607.jpg","contentUrl":"https:\/\/portaltela.pt\/s.01k8rhncp4jt1\/2026\/03\/CACHE_780X1200_ANALOG_WATERMARKED_14909176_685521_11042019090607.jpg","width":796,"height":448,"caption":"Aumento dos pre\u00e7os dos bilhetes de avi\u00e3o \u00e9 inevit\u00e1vel - IATA"},{"@type":"BreadcrumbList","@id":"https:\/\/portaltela.pt\/noticias\/2026\/03\/20\/iata-afirma-que-o-aumento-dos-bilhetes-de-aviao-e-inevitavel\/#breadcrumb","itemListElement":[{"@type":"ListItem","position":1,"name":"In\u00edcio","item":"https:\/\/portaltela.pt\/"},{"@type":"ListItem","position":2,"name":"IATA afirma que o aumento dos bilhetes de avi\u00e3o \u00e9 inevit\u00e1vel"}]},{"@type":"WebSite","@id":"https:\/\/portaltela.pt\/#website","url":"https:\/\/portaltela.pt\/","name":"Portal Tela Portugal","description":"","potentialAction":[{"@type":"SearchAction","target":{"@type":"EntryPoint","urlTemplate":"https:\/\/portaltela.pt\/?s={search_term_string}"},"query-input":{"@type":"PropertyValueSpecification","valueRequired":true,"valueName":"search_term_string"}}],"inLanguage":"pt-PT"},{"@type":"Person","@id":"https:\/\/portaltela.pt\/#\/schema\/person\/c4278d4a6028830caff9ee44b42d32ed","name":"Telinha","image":{"@type":"ImageObject","inLanguage":"pt-PT","@id":"https:\/\/portaltela.pt\/s.01k8rhncp4jt1\/2025\/11\/talking-bot-125x125.png","url":"https:\/\/portaltela.pt\/s.01k8rhncp4jt1\/2025\/11\/talking-bot-125x125.png","contentUrl":"https:\/\/portaltela.pt\/s.01k8rhncp4jt1\/2025\/11\/talking-bot-125x125.png","caption":"Telinha"},"sameAs":["https:\/\/portaltela.pt\/"],"url":"https:\/\/portaltela.pt\/por\/367410592786\/"}]}},"_links":{"self":[{"href":"https:\/\/portaltela.pt\/api\/wp\/v2\/posts\/417466","targetHints":{"allow":["GET"]}}],"collection":[{"href":"https:\/\/portaltela.pt\/api\/wp\/v2\/posts"}],"about":[{"href":"https:\/\/portaltela.pt\/api\/wp\/v2\/types\/post"}],"author":[{"embeddable":true,"href":"https:\/\/portaltela.pt\/api\/wp\/v2\/users\/2"}],"replies":[{"embeddable":true,"href":"https:\/\/portaltela.pt\/api\/wp\/v2\/comments?post=417466"}],"version-history":[{"count":0,"href":"https:\/\/portaltela.pt\/api\/wp\/v2\/posts\/417466\/revisions"}],"wp:featuredmedia":[{"embeddable":true,"href":"https:\/\/portaltela.pt\/api\/wp\/v2\/media\/417472"}],"wp:attachment":[{"href":"https:\/\/portaltela.pt\/api\/wp\/v2\/media?parent=417466"}],"wp:term":[{"taxonomy":"category","embeddable":true,"href":"https:\/\/portaltela.pt\/api\/wp\/v2\/categories?post=417466"},{"taxonomy":"post_tag","embeddable":true,"href":"https:\/\/portaltela.pt\/api\/wp\/v2\/tags?post=417466"}],"curies":[{"name":"wp","href":"https:\/\/api.w.org\/{rel}","templated":true}]}}